{"id":995,"date":"2021-04-20T18:36:00","date_gmt":"2021-04-20T18:36:00","guid":{"rendered":"https:\/\/www.worldrally.eu\/?p=995"},"modified":"2023-04-11T18:42:24","modified_gmt":"2023-04-11T18:42:24","slug":"baruffa-czekam-z-niecierpliwoscia","status":"publish","type":"post","link":"https:\/\/www.worldrally.eu\/index.php\/2021\/04\/20\/baruffa-czekam-z-niecierpliwoscia\/","title":{"rendered":"Baruffa czekam z niecierpliwo\u015bci\u0105"},"content":{"rendered":"\n<p class=\"wp-block-paragraph\">Giovanni Benvenuto Baruffa przygotowuje si\u0119 do planowanego debiutu w Mistrzostwach Europy w kategorii ERC3 Junior\u00f3w na ORLEN 77. Rajdzie Polski , kt\u00f3ry zgodnie z tradycj\u0105 odb\u0119dzie si\u0119 na malowniczych Mazurach z g\u0142\u00f3wn\u0105 baz\u0105 w Miko\u0142ajkach.<\/p>\n\n\n\n<p class=\"wp-block-paragraph\">Pilotowany przez Simone Brachi, Baruffa przesiada si\u0119 z Baldona Rally Peugeota 208 Rally4, kt\u00f3rego b\u0119dzie u\u017cywa\u0142 w wspieranej przez Pirelli kategorii ERC3 Junior w tym sezonie, na startuj\u0105c\u0105 w Delta Rally \u0160kod\u0119 Fabia Rally2 Evo na Rally Adriatico w ten weekend.<\/p>\n\n\n\n<blockquote class=\"wp-block-quote is-layout-flow wp-block-quote-is-layout-flow\">\n<p class=\"wp-block-paragraph\">Od \u017calu z powodu przesuni\u0119cia debiutu w mistrzostwach Europy w Rajdzie Azor\u00f3w po niezwyk\u0142\u0105 wiadomo\u015b\u0107 o powrocie za k\u00f3\u0142ko samochodu z nap\u0119dem na cztery ko\u0142a o mocy ponad 300 KM. Musz\u0119 podzi\u0119kowa\u0107 wszystkim, kt\u00f3rzy pozwolili nam w ostatniej chwili wsi\u0105\u015b\u0107 do niesamowitego samochodu, takiego jak \u0160koda Fabia Evo z Delta Rally, kt\u00f3rym zwykle je\u017adzi by\u0142y mistrz W\u0142och i Europy Giandomenico Basso. Nie trzeba dodawa\u0107, \u017ce do\u015bwiadczam mieszanki euforii i umiarkowanego niepokoju przed bardzo wymagaj\u0105cym wyzwaniem, ale jest to cz\u0119\u015b\u0107 \u015bcie\u017cki, kt\u00f3r\u0105 postanowili\u015bmy ponownie podj\u0105\u0107 dwa lata temu, aby rozwija\u0107 si\u0119 w \u015bwiecie rajd\u00f3w. <\/p>\n\n\n\n<p class=\"wp-block-paragraph\">Chcia\u0142bym zbli\u017cy\u0107 si\u0119 do najlepszych, cho\u0107 wiem, \u017ce nie b\u0119dzie to \u0142atwe. Na pewno po do\u015bwiadczeniu na takim poziomie b\u0119dziemy r\u00f3wnie\u017c szybsi w 208 Rally4, kt\u00f3rego ponownie spotkamy w dniach 18-20 czerwca na Rajdzie Polski w ERC.<\/p>\n<cite>powiedzia\u0142 Baruffa<\/cite><\/blockquote>\n\n\n\n<p class=\"wp-block-paragraph\">Baruffa jest jednym z wielu kierowc\u00f3w ERC startuj\u0105cych w rajdzie Italiano Rally Terra. W stawce znajduj\u0105 sie tacy kierowcy jak Alberto Battistolli, Simone Campedelli, Umberto Scandola czy te\u017c Rachele Somaschini.<\/p>\n","protected":false},"excerpt":{"rendered":"<p>Giovanni Benvenuto Baruffa przygotowuje si\u0119 do planowanego debiutu w Mistrzostwach Europy w kategorii ERC3 Junior\u00f3w na ORLEN 77. Rajdzie Polski , kt\u00f3ry zgodnie z tradycj\u0105 odb\u0119dzie si\u0119 na malowniczych Mazurach z g\u0142\u00f3wn\u0105 baz\u0105 w Miko\u0142ajkach. Pilotowany przez Simone Brachi, Baruffa przesiada si\u0119 z Baldona Rally Peugeota 208 Rally4, kt\u00f3rego b\u0119dzie u\u017cywa\u0142 w wspieranej przez Pirelli [&hellip;]<\/p>\n","protected":false},"author":2,"featured_media":997,"comment_status":"closed","ping_status":"closed","sticky":false,"template":"","format":"standard","meta":{"_monsterinsights_skip_tracking":false,"_monsterinsights_sitenote_active":false,"_monsterinsights_sitenote_note":"","_monsterinsights_sitenote_category":0,"footnotes":""},"categories":[4],"tags":[],"class_list":["post-995","post","type-post","status-publish","format-standard","has-post-thumbnail","hentry","category-erc"],"aioseo_notices":[],"aioseo_head":"\n\t\t<!-- All in One SEO 4.9.9 - aioseo.com -->\n\t<meta name=\"description\" content=\"Giovanni Benvenuto Baruffa przygotowuje si\u0119 do planowanego debiutu w Mistrzostwach Europy w kategorii ERC3 Junior\u00f3w na ORLEN 77. Rajdzie Polski , kt\u00f3ry zgodnie z tradycj\u0105 odb\u0119dzie si\u0119 na malowniczych Mazurach z g\u0142\u00f3wn\u0105 baz\u0105 w Miko\u0142ajkach. Pilotowany przez Simone Brachi, Baruffa przesiada si\u0119 z Baldona Rally Peugeota 208 Rally4, kt\u00f3rego b\u0119dzie u\u017cywa\u0142 w wspieranej przez Pirelli\" \/>\n\t<meta name=\"robots\" content=\"max-image-preview:large\" \/>\n\t<meta name=\"author\" content=\"Magdalena\"\/>\n\t<link rel=\"canonical\" href=\"https:\/\/www.worldrally.eu\/index.php\/2021\/04\/20\/baruffa-czekam-z-niecierpliwoscia\/\" \/>\n\t<meta name=\"generator\" content=\"All in One SEO (AIOSEO) 4.9.9\" \/>\n\t\t<meta property=\"og:locale\" content=\"en_GB\" \/>\n\t\t<meta property=\"og:site_name\" content=\"WorldRally.eu \u00bb\" \/>\n\t\t<meta property=\"og:type\" content=\"article\" \/>\n\t\t<meta property=\"og:title\" content=\"Baruffa czekam z niecierpliwo\u015bci\u0105 \u00bb WorldRally.eu\" \/>\n\t\t<meta property=\"og:description\" content=\"Giovanni Benvenuto Baruffa przygotowuje si\u0119 do planowanego debiutu w Mistrzostwach Europy w kategorii ERC3 Junior\u00f3w na ORLEN 77. Rajdzie Polski , kt\u00f3ry zgodnie z tradycj\u0105 odb\u0119dzie si\u0119 na malowniczych Mazurach z g\u0142\u00f3wn\u0105 baz\u0105 w Miko\u0142ajkach. Pilotowany przez Simone Brachi, Baruffa przesiada si\u0119 z Baldona Rally Peugeota 208 Rally4, kt\u00f3rego b\u0119dzie u\u017cywa\u0142 w wspieranej przez Pirelli\" \/>\n\t\t<meta property=\"og:url\" content=\"https:\/\/www.worldrally.eu\/index.php\/2021\/04\/20\/baruffa-czekam-z-niecierpliwoscia\/\" \/>\n\t\t<meta property=\"og:image\" content=\"https:\/\/www.worldrally.eu\/wp-content\/uploads\/2021\/04\/eb9b9Baruffa-Brachi-Skoda-Valli-Ossolane-b-2021_f41b8_f_1400x788.jpg\" \/>\n\t\t<meta property=\"og:image:secure_url\" content=\"https:\/\/www.worldrally.eu\/wp-content\/uploads\/2021\/04\/eb9b9Baruffa-Brachi-Skoda-Valli-Ossolane-b-2021_f41b8_f_1400x788.jpg\" \/>\n\t\t<meta property=\"og:image:width\" content=\"1216\" \/>\n\t\t<meta property=\"og:image:height\" content=\"788\" \/>\n\t\t<meta property=\"article:published_time\" content=\"2021-04-20T18:36:00+00:00\" \/>\n\t\t<meta property=\"article:modified_time\" content=\"2023-04-11T18:42:24+00:00\" \/>\n\t\t<meta name=\"twitter:card\" content=\"summary_large_image\" \/>\n\t\t<meta name=\"twitter:title\" content=\"Baruffa czekam z niecierpliwo\u015bci\u0105 \u00bb WorldRally.eu\" \/>\n\t\t<meta name=\"twitter:description\" content=\"Giovanni Benvenuto Baruffa przygotowuje si\u0119 do planowanego debiutu w Mistrzostwach Europy w kategorii ERC3 Junior\u00f3w na ORLEN 77. Rajdzie Polski , kt\u00f3ry zgodnie z tradycj\u0105 odb\u0119dzie si\u0119 na malowniczych Mazurach z g\u0142\u00f3wn\u0105 baz\u0105 w Miko\u0142ajkach. Pilotowany przez Simone Brachi, Baruffa przesiada si\u0119 z Baldona Rally Peugeota 208 Rally4, kt\u00f3rego b\u0119dzie u\u017cywa\u0142 w wspieranej przez Pirelli\" \/>\n\t\t<meta name=\"twitter:image\" content=\"https:\/\/www.worldrally.eu\/wp-content\/uploads\/2021\/04\/eb9b9Baruffa-Brachi-Skoda-Valli-Ossolane-b-2021_f41b8_f_1400x788.jpg\" \/>\n\t\t<script type=\"application\/ld+json\" class=\"aioseo-schema\">\n\t\t\t{\"@context\":\"https:\\\/\\\/schema.org\",\"@graph\":[{\"@type\":\"BlogPosting\",\"@id\":\"https:\\\/\\\/www.worldrally.eu\\\/index.php\\\/2021\\\/04\\\/20\\\/baruffa-czekam-z-niecierpliwoscia\\\/#blogposting\",\"name\":\"Baruffa czekam z niecierpliwo\\u015bci\\u0105 \\u00bb WorldRally.eu\",\"headline\":\"Baruffa czekam z niecierpliwo\\u015bci\\u0105\",\"author\":{\"@id\":\"https:\\\/\\\/www.worldrally.eu\\\/index.php\\\/author\\\/magdalena\\\/#author\"},\"publisher\":{\"@id\":\"https:\\\/\\\/www.worldrally.eu\\\/#organization\"},\"image\":{\"@type\":\"ImageObject\",\"url\":\"https:\\\/\\\/www.worldrally.eu\\\/wp-content\\\/uploads\\\/2021\\\/04\\\/eb9b9Baruffa-Brachi-Skoda-Valli-Ossolane-b-2021_f41b8_f_1400x788.jpg\",\"width\":1216,\"height\":788},\"datePublished\":\"2021-04-20T18:36:00+00:00\",\"dateModified\":\"2023-04-11T18:42:24+00:00\",\"inLanguage\":\"en-GB\",\"mainEntityOfPage\":{\"@id\":\"https:\\\/\\\/www.worldrally.eu\\\/index.php\\\/2021\\\/04\\\/20\\\/baruffa-czekam-z-niecierpliwoscia\\\/#webpage\"},\"isPartOf\":{\"@id\":\"https:\\\/\\\/www.worldrally.eu\\\/index.php\\\/2021\\\/04\\\/20\\\/baruffa-czekam-z-niecierpliwoscia\\\/#webpage\"},\"articleSection\":\"ERC\"},{\"@type\":\"BreadcrumbList\",\"@id\":\"https:\\\/\\\/www.worldrally.eu\\\/index.php\\\/2021\\\/04\\\/20\\\/baruffa-czekam-z-niecierpliwoscia\\\/#breadcrumblist\",\"itemListElement\":[{\"@type\":\"ListItem\",\"@id\":\"https:\\\/\\\/www.worldrally.eu#listItem\",\"position\":1,\"name\":\"Home\",\"item\":\"https:\\\/\\\/www.worldrally.eu\",\"nextItem\":{\"@type\":\"ListItem\",\"@id\":\"https:\\\/\\\/www.worldrally.eu\\\/index.php\\\/category\\\/erc\\\/#listItem\",\"name\":\"ERC\"}},{\"@type\":\"ListItem\",\"@id\":\"https:\\\/\\\/www.worldrally.eu\\\/index.php\\\/category\\\/erc\\\/#listItem\",\"position\":2,\"name\":\"ERC\",\"item\":\"https:\\\/\\\/www.worldrally.eu\\\/index.php\\\/category\\\/erc\\\/\",\"nextItem\":{\"@type\":\"ListItem\",\"@id\":\"https:\\\/\\\/www.worldrally.eu\\\/index.php\\\/2021\\\/04\\\/20\\\/baruffa-czekam-z-niecierpliwoscia\\\/#listItem\",\"name\":\"Baruffa czekam z niecierpliwo\\u015bci\\u0105\"},\"previousItem\":{\"@type\":\"ListItem\",\"@id\":\"https:\\\/\\\/www.worldrally.eu#listItem\",\"name\":\"Home\"}},{\"@type\":\"ListItem\",\"@id\":\"https:\\\/\\\/www.worldrally.eu\\\/index.php\\\/2021\\\/04\\\/20\\\/baruffa-czekam-z-niecierpliwoscia\\\/#listItem\",\"position\":3,\"name\":\"Baruffa czekam z niecierpliwo\\u015bci\\u0105\",\"previousItem\":{\"@type\":\"ListItem\",\"@id\":\"https:\\\/\\\/www.worldrally.eu\\\/index.php\\\/category\\\/erc\\\/#listItem\",\"name\":\"ERC\"}}]},{\"@type\":\"Organization\",\"@id\":\"https:\\\/\\\/www.worldrally.eu\\\/#organization\",\"name\":\"WorldRally.eu\",\"url\":\"https:\\\/\\\/www.worldrally.eu\\\/\",\"logo\":{\"@type\":\"ImageObject\",\"url\":\"https:\\\/\\\/www.worldrally.eu\\\/wp-content\\\/uploads\\\/2026\\\/01\\\/cropped-logo-3.png\",\"@id\":\"https:\\\/\\\/www.worldrally.eu\\\/index.php\\\/2021\\\/04\\\/20\\\/baruffa-czekam-z-niecierpliwoscia\\\/#organizationLogo\",\"width\":2039,\"height\":756},\"image\":{\"@id\":\"https:\\\/\\\/www.worldrally.eu\\\/index.php\\\/2021\\\/04\\\/20\\\/baruffa-czekam-z-niecierpliwoscia\\\/#organizationLogo\"}},{\"@type\":\"Person\",\"@id\":\"https:\\\/\\\/www.worldrally.eu\\\/index.php\\\/author\\\/magdalena\\\/#author\",\"url\":\"https:\\\/\\\/www.worldrally.eu\\\/index.php\\\/author\\\/magdalena\\\/\",\"name\":\"Magdalena\",\"image\":{\"@type\":\"ImageObject\",\"@id\":\"https:\\\/\\\/www.worldrally.eu\\\/index.php\\\/2021\\\/04\\\/20\\\/baruffa-czekam-z-niecierpliwoscia\\\/#authorImage\",\"url\":\"https:\\\/\\\/secure.gravatar.com\\\/avatar\\\/853239b46cec38ba30b48d2b091f5538817cc78bdc0944c9ef7408579307e2ea?s=96&d=mm&r=g\",\"width\":96,\"height\":96,\"caption\":\"Magdalena\"}},{\"@type\":\"WebPage\",\"@id\":\"https:\\\/\\\/www.worldrally.eu\\\/index.php\\\/2021\\\/04\\\/20\\\/baruffa-czekam-z-niecierpliwoscia\\\/#webpage\",\"url\":\"https:\\\/\\\/www.worldrally.eu\\\/index.php\\\/2021\\\/04\\\/20\\\/baruffa-czekam-z-niecierpliwoscia\\\/\",\"name\":\"Baruffa czekam z niecierpliwo\\u015bci\\u0105 \\u00bb WorldRally.eu\",\"description\":\"Giovanni Benvenuto Baruffa przygotowuje si\\u0119 do planowanego debiutu w Mistrzostwach Europy w kategorii ERC3 Junior\\u00f3w na ORLEN 77. Rajdzie Polski , kt\\u00f3ry zgodnie z tradycj\\u0105 odb\\u0119dzie si\\u0119 na malowniczych Mazurach z g\\u0142\\u00f3wn\\u0105 baz\\u0105 w Miko\\u0142ajkach. Pilotowany przez Simone Brachi, Baruffa przesiada si\\u0119 z Baldona Rally Peugeota 208 Rally4, kt\\u00f3rego b\\u0119dzie u\\u017cywa\\u0142 w wspieranej przez Pirelli\",\"inLanguage\":\"en-GB\",\"isPartOf\":{\"@id\":\"https:\\\/\\\/www.worldrally.eu\\\/#website\"},\"breadcrumb\":{\"@id\":\"https:\\\/\\\/www.worldrally.eu\\\/index.php\\\/2021\\\/04\\\/20\\\/baruffa-czekam-z-niecierpliwoscia\\\/#breadcrumblist\"},\"author\":{\"@id\":\"https:\\\/\\\/www.worldrally.eu\\\/index.php\\\/author\\\/magdalena\\\/#author\"},\"creator\":{\"@id\":\"https:\\\/\\\/www.worldrally.eu\\\/index.php\\\/author\\\/magdalena\\\/#author\"},\"image\":{\"@type\":\"ImageObject\",\"url\":\"https:\\\/\\\/www.worldrally.eu\\\/wp-content\\\/uploads\\\/2021\\\/04\\\/eb9b9Baruffa-Brachi-Skoda-Valli-Ossolane-b-2021_f41b8_f_1400x788.jpg\",\"@id\":\"https:\\\/\\\/www.worldrally.eu\\\/index.php\\\/2021\\\/04\\\/20\\\/baruffa-czekam-z-niecierpliwoscia\\\/#mainImage\",\"width\":1216,\"height\":788},\"primaryImageOfPage\":{\"@id\":\"https:\\\/\\\/www.worldrally.eu\\\/index.php\\\/2021\\\/04\\\/20\\\/baruffa-czekam-z-niecierpliwoscia\\\/#mainImage\"},\"datePublished\":\"2021-04-20T18:36:00+00:00\",\"dateModified\":\"2023-04-11T18:42:24+00:00\"},{\"@type\":\"WebSite\",\"@id\":\"https:\\\/\\\/www.worldrally.eu\\\/#website\",\"url\":\"https:\\\/\\\/www.worldrally.eu\\\/\",\"name\":\"WorldRally.eu\",\"inLanguage\":\"en-GB\",\"publisher\":{\"@id\":\"https:\\\/\\\/www.worldrally.eu\\\/#organization\"}}]}\n\t\t<\/script>\n\t\t<!-- All in One SEO -->\n\n","aioseo_head_json":{"title":"Baruffa czekam z niecierpliwo\u015bci\u0105 \u00bb WorldRally.eu","description":"Giovanni Benvenuto Baruffa przygotowuje si\u0119 do planowanego debiutu w Mistrzostwach Europy w kategorii ERC3 Junior\u00f3w na ORLEN 77. Rajdzie Polski , kt\u00f3ry zgodnie z tradycj\u0105 odb\u0119dzie si\u0119 na malowniczych Mazurach z g\u0142\u00f3wn\u0105 baz\u0105 w Miko\u0142ajkach. Pilotowany przez Simone Brachi, Baruffa przesiada si\u0119 z Baldona Rally Peugeota 208 Rally4, kt\u00f3rego b\u0119dzie u\u017cywa\u0142 w wspieranej przez Pirelli","canonical_url":"https:\/\/www.worldrally.eu\/index.php\/2021\/04\/20\/baruffa-czekam-z-niecierpliwoscia\/","robots":"max-image-preview:large","keywords":"","webmasterTools":{"miscellaneous":""},"schema":{"@context":"https:\/\/schema.org","@graph":[{"@type":"BlogPosting","@id":"https:\/\/www.worldrally.eu\/index.php\/2021\/04\/20\/baruffa-czekam-z-niecierpliwoscia\/#blogposting","name":"Baruffa czekam z niecierpliwo\u015bci\u0105 \u00bb WorldRally.eu","headline":"Baruffa czekam z niecierpliwo\u015bci\u0105","author":{"@id":"https:\/\/www.worldrally.eu\/index.php\/author\/magdalena\/#author"},"publisher":{"@id":"https:\/\/www.worldrally.eu\/#organization"},"image":{"@type":"ImageObject","url":"https:\/\/www.worldrally.eu\/wp-content\/uploads\/2021\/04\/eb9b9Baruffa-Brachi-Skoda-Valli-Ossolane-b-2021_f41b8_f_1400x788.jpg","width":1216,"height":788},"datePublished":"2021-04-20T18:36:00+00:00","dateModified":"2023-04-11T18:42:24+00:00","inLanguage":"en-GB","mainEntityOfPage":{"@id":"https:\/\/www.worldrally.eu\/index.php\/2021\/04\/20\/baruffa-czekam-z-niecierpliwoscia\/#webpage"},"isPartOf":{"@id":"https:\/\/www.worldrally.eu\/index.php\/2021\/04\/20\/baruffa-czekam-z-niecierpliwoscia\/#webpage"},"articleSection":"ERC"},{"@type":"BreadcrumbList","@id":"https:\/\/www.worldrally.eu\/index.php\/2021\/04\/20\/baruffa-czekam-z-niecierpliwoscia\/#breadcrumblist","itemListElement":[{"@type":"ListItem","@id":"https:\/\/www.worldrally.eu#listItem","position":1,"name":"Home","item":"https:\/\/www.worldrally.eu","nextItem":{"@type":"ListItem","@id":"https:\/\/www.worldrally.eu\/index.php\/category\/erc\/#listItem","name":"ERC"}},{"@type":"ListItem","@id":"https:\/\/www.worldrally.eu\/index.php\/category\/erc\/#listItem","position":2,"name":"ERC","item":"https:\/\/www.worldrally.eu\/index.php\/category\/erc\/","nextItem":{"@type":"ListItem","@id":"https:\/\/www.worldrally.eu\/index.php\/2021\/04\/20\/baruffa-czekam-z-niecierpliwoscia\/#listItem","name":"Baruffa czekam z niecierpliwo\u015bci\u0105"},"previousItem":{"@type":"ListItem","@id":"https:\/\/www.worldrally.eu#listItem","name":"Home"}},{"@type":"ListItem","@id":"https:\/\/www.worldrally.eu\/index.php\/2021\/04\/20\/baruffa-czekam-z-niecierpliwoscia\/#listItem","position":3,"name":"Baruffa czekam z niecierpliwo\u015bci\u0105","previousItem":{"@type":"ListItem","@id":"https:\/\/www.worldrally.eu\/index.php\/category\/erc\/#listItem","name":"ERC"}}]},{"@type":"Organization","@id":"https:\/\/www.worldrally.eu\/#organization","name":"WorldRally.eu","url":"https:\/\/www.worldrally.eu\/","logo":{"@type":"ImageObject","url":"https:\/\/www.worldrally.eu\/wp-content\/uploads\/2026\/01\/cropped-logo-3.png","@id":"https:\/\/www.worldrally.eu\/index.php\/2021\/04\/20\/baruffa-czekam-z-niecierpliwoscia\/#organizationLogo","width":2039,"height":756},"image":{"@id":"https:\/\/www.worldrally.eu\/index.php\/2021\/04\/20\/baruffa-czekam-z-niecierpliwoscia\/#organizationLogo"}},{"@type":"Person","@id":"https:\/\/www.worldrally.eu\/index.php\/author\/magdalena\/#author","url":"https:\/\/www.worldrally.eu\/index.php\/author\/magdalena\/","name":"Magdalena","image":{"@type":"ImageObject","@id":"https:\/\/www.worldrally.eu\/index.php\/2021\/04\/20\/baruffa-czekam-z-niecierpliwoscia\/#authorImage","url":"https:\/\/secure.gravatar.com\/avatar\/853239b46cec38ba30b48d2b091f5538817cc78bdc0944c9ef7408579307e2ea?s=96&d=mm&r=g","width":96,"height":96,"caption":"Magdalena"}},{"@type":"WebPage","@id":"https:\/\/www.worldrally.eu\/index.php\/2021\/04\/20\/baruffa-czekam-z-niecierpliwoscia\/#webpage","url":"https:\/\/www.worldrally.eu\/index.php\/2021\/04\/20\/baruffa-czekam-z-niecierpliwoscia\/","name":"Baruffa czekam z niecierpliwo\u015bci\u0105 \u00bb WorldRally.eu","description":"Giovanni Benvenuto Baruffa przygotowuje si\u0119 do planowanego debiutu w Mistrzostwach Europy w kategorii ERC3 Junior\u00f3w na ORLEN 77. Rajdzie Polski , kt\u00f3ry zgodnie z tradycj\u0105 odb\u0119dzie si\u0119 na malowniczych Mazurach z g\u0142\u00f3wn\u0105 baz\u0105 w Miko\u0142ajkach. Pilotowany przez Simone Brachi, Baruffa przesiada si\u0119 z Baldona Rally Peugeota 208 Rally4, kt\u00f3rego b\u0119dzie u\u017cywa\u0142 w wspieranej przez Pirelli","inLanguage":"en-GB","isPartOf":{"@id":"https:\/\/www.worldrally.eu\/#website"},"breadcrumb":{"@id":"https:\/\/www.worldrally.eu\/index.php\/2021\/04\/20\/baruffa-czekam-z-niecierpliwoscia\/#breadcrumblist"},"author":{"@id":"https:\/\/www.worldrally.eu\/index.php\/author\/magdalena\/#author"},"creator":{"@id":"https:\/\/www.worldrally.eu\/index.php\/author\/magdalena\/#author"},"image":{"@type":"ImageObject","url":"https:\/\/www.worldrally.eu\/wp-content\/uploads\/2021\/04\/eb9b9Baruffa-Brachi-Skoda-Valli-Ossolane-b-2021_f41b8_f_1400x788.jpg","@id":"https:\/\/www.worldrally.eu\/index.php\/2021\/04\/20\/baruffa-czekam-z-niecierpliwoscia\/#mainImage","width":1216,"height":788},"primaryImageOfPage":{"@id":"https:\/\/www.worldrally.eu\/index.php\/2021\/04\/20\/baruffa-czekam-z-niecierpliwoscia\/#mainImage"},"datePublished":"2021-04-20T18:36:00+00:00","dateModified":"2023-04-11T18:42:24+00:00"},{"@type":"WebSite","@id":"https:\/\/www.worldrally.eu\/#website","url":"https:\/\/www.worldrally.eu\/","name":"WorldRally.eu","inLanguage":"en-GB","publisher":{"@id":"https:\/\/www.worldrally.eu\/#organization"}}]},"og:locale":"en_GB","og:site_name":"WorldRally.eu \u00bb","og:type":"article","og:title":"Baruffa czekam z niecierpliwo\u015bci\u0105 \u00bb WorldRally.eu","og:description":"Giovanni Benvenuto Baruffa przygotowuje si\u0119 do planowanego debiutu w Mistrzostwach Europy w kategorii ERC3 Junior\u00f3w na ORLEN 77. Rajdzie Polski , kt\u00f3ry zgodnie z tradycj\u0105 odb\u0119dzie si\u0119 na malowniczych Mazurach z g\u0142\u00f3wn\u0105 baz\u0105 w Miko\u0142ajkach. Pilotowany przez Simone Brachi, Baruffa przesiada si\u0119 z Baldona Rally Peugeota 208 Rally4, kt\u00f3rego b\u0119dzie u\u017cywa\u0142 w wspieranej przez Pirelli","og:url":"https:\/\/www.worldrally.eu\/index.php\/2021\/04\/20\/baruffa-czekam-z-niecierpliwoscia\/","og:image":"https:\/\/www.worldrally.eu\/wp-content\/uploads\/2021\/04\/eb9b9Baruffa-Brachi-Skoda-Valli-Ossolane-b-2021_f41b8_f_1400x788.jpg","og:image:secure_url":"https:\/\/www.worldrally.eu\/wp-content\/uploads\/2021\/04\/eb9b9Baruffa-Brachi-Skoda-Valli-Ossolane-b-2021_f41b8_f_1400x788.jpg","og:image:width":1216,"og:image:height":788,"article:published_time":"2021-04-20T18:36:00+00:00","article:modified_time":"2023-04-11T18:42:24+00:00","twitter:card":"summary_large_image","twitter:title":"Baruffa czekam z niecierpliwo\u015bci\u0105 \u00bb WorldRally.eu","twitter:description":"Giovanni Benvenuto Baruffa przygotowuje si\u0119 do planowanego debiutu w Mistrzostwach Europy w kategorii ERC3 Junior\u00f3w na ORLEN 77. Rajdzie Polski , kt\u00f3ry zgodnie z tradycj\u0105 odb\u0119dzie si\u0119 na malowniczych Mazurach z g\u0142\u00f3wn\u0105 baz\u0105 w Miko\u0142ajkach. Pilotowany przez Simone Brachi, Baruffa przesiada si\u0119 z Baldona Rally Peugeota 208 Rally4, kt\u00f3rego b\u0119dzie u\u017cywa\u0142 w wspieranej przez Pirelli","twitter:image":"https:\/\/www.worldrally.eu\/wp-content\/uploads\/2021\/04\/eb9b9Baruffa-Brachi-Skoda-Valli-Ossolane-b-2021_f41b8_f_1400x788.jpg"},"aioseo_meta_data":{"post_id":"995","title":null,"description":null,"keywords":null,"keyphrases":null,"primary_term":null,"canonical_url":null,"og_title":null,"og_description":null,"og_object_type":"default","og_image_type":"default","og_image_url":null,"og_image_width":null,"og_image_height":null,"og_image_custom_url":null,"og_image_custom_fields":null,"og_video":null,"og_custom_url":null,"og_article_section":null,"og_article_tags":null,"twitter_use_og":false,"twitter_card":"default","twitter_image_type":"default","twitter_image_url":null,"twitter_image_custom_url":null,"twitter_image_custom_fields":null,"twitter_title":null,"twitter_description":null,"schema":{"blockGraphs":[],"customGraphs":[],"default":{"data":{"Article":[],"Course":[],"Dataset":[],"FAQPage":[],"Movie":[],"Person":[],"Product":[],"ProductReview":[],"Car":[],"Recipe":[],"Service":[],"SoftwareApplication":[],"WebPage":[]},"graphName":"","isEnabled":true},"graphs":[]},"schema_type":"default","schema_type_options":null,"pillar_content":false,"robots_default":true,"robots_noindex":false,"robots_noarchive":false,"robots_nosnippet":false,"robots_nofollow":false,"robots_noimageindex":false,"robots_noodp":false,"robots_notranslate":false,"robots_max_snippet":null,"robots_max_videopreview":null,"robots_max_imagepreview":"large","priority":null,"frequency":null,"local_seo":null,"breadcrumb_settings":null,"limit_modified_date":false,"ai":null,"created":"2025-03-22 05:42:25","updated":"2025-10-26 07:46:07","seo_analyzer_scan_date":null},"aioseo_breadcrumb":"<div class=\"aioseo-breadcrumbs\"><span class=\"aioseo-breadcrumb\">\n\t\t\t<a href=\"https:\/\/www.worldrally.eu\" title=\"Home\">Home<\/a>\n\t\t<\/span><span class=\"aioseo-breadcrumb-separator\">&raquo;<\/span><span class=\"aioseo-breadcrumb\">\n\t\t\t<a href=\"https:\/\/www.worldrally.eu\/index.php\/category\/erc\/\" title=\"ERC\">ERC<\/a>\n\t\t<\/span><span class=\"aioseo-breadcrumb-separator\">&raquo;<\/span><span class=\"aioseo-breadcrumb\">\n\t\t\tBaruffa czekam z niecierpliwo\u015bci\u0105\n\t\t<\/span><\/div>","aioseo_breadcrumb_json":[{"label":"Home","link":"https:\/\/www.worldrally.eu"},{"label":"ERC","link":"https:\/\/www.worldrally.eu\/index.php\/category\/erc\/"},{"label":"Baruffa czekam z niecierpliwo\u015bci\u0105","link":"https:\/\/www.worldrally.eu\/index.php\/2021\/04\/20\/baruffa-czekam-z-niecierpliwoscia\/"}],"cc_featured_image_caption":{"caption_text":"Foto - FIAerc","source_text":"","source_url":""},"_links":{"self":[{"href":"https:\/\/www.worldrally.eu\/index.php\/wp-json\/wp\/v2\/posts\/995","targetHints":{"allow":["GET"]}}],"collection":[{"href":"https:\/\/www.worldrally.eu\/index.php\/wp-json\/wp\/v2\/posts"}],"about":[{"href":"https:\/\/www.worldrally.eu\/index.php\/wp-json\/wp\/v2\/types\/post"}],"author":[{"embeddable":true,"href":"https:\/\/www.worldrally.eu\/index.php\/wp-json\/wp\/v2\/users\/2"}],"replies":[{"embeddable":true,"href":"https:\/\/www.worldrally.eu\/index.php\/wp-json\/wp\/v2\/comments?post=995"}],"version-history":[{"count":1,"href":"https:\/\/www.worldrally.eu\/index.php\/wp-json\/wp\/v2\/posts\/995\/revisions"}],"predecessor-version":[{"id":996,"href":"https:\/\/www.worldrally.eu\/index.php\/wp-json\/wp\/v2\/posts\/995\/revisions\/996"}],"wp:featuredmedia":[{"embeddable":true,"href":"https:\/\/www.worldrally.eu\/index.php\/wp-json\/wp\/v2\/media\/997"}],"wp:attachment":[{"href":"https:\/\/www.worldrally.eu\/index.php\/wp-json\/wp\/v2\/media?parent=995"}],"wp:term":[{"taxonomy":"category","embeddable":true,"href":"https:\/\/www.worldrally.eu\/index.php\/wp-json\/wp\/v2\/categories?post=995"},{"taxonomy":"post_tag","embeddable":true,"href":"https:\/\/www.worldrally.eu\/index.php\/wp-json\/wp\/v2\/tags?post=995"}],"curies":[{"name":"wp","href":"https:\/\/api.w.org\/{rel}","templated":true}]}}