{"id":980,"date":"2023-04-07T15:08:05","date_gmt":"2023-04-07T15:08:05","guid":{"rendered":"https:\/\/www.worldrally.eu\/?p=980"},"modified":"2023-04-07T15:08:05","modified_gmt":"2023-04-07T15:08:05","slug":"ostberg-liczy-wysoko","status":"publish","type":"post","link":"https:\/\/www.worldrally.eu\/index.php\/2023\/04\/07\/ostberg-liczy-wysoko\/","title":{"rendered":"\u00d8stberg liczy wysoko"},"content":{"rendered":"\n<p class=\"wp-block-paragraph\">Mads \u00d8stberg w jednej ze swoich wypowiedzi podkre\u015bla\u0142, \u017ce nie mo\u017ce si\u0119 doczeka\u0107 wznowienia rywalizacji w Rajdowych Mistrzostwach Europy z Haydenem Paddonem, kiedy to ponownie spotkaj\u0105 si\u0119 na odcinkach specjalnych w Rajdzie Wysp Kanaryjskich drugiej rundy walki o tytu\u0142 mistrzowski w dniach 4-6 maja.<\/p>\n\n\n\n<p class=\"wp-block-paragraph\">Paddon wyprzedzi\u0142 \u00d8stberga w walce o zwyci\u0119stwo w Rally Serras de Fafe, Felgueiras, Boticas, Vieira do Minho e Cabeceiras de Basto w zesz\u0142ym miesi\u0105cu dos\u0142ownie na ostatnich odcinkach specjalnych i ostatecznie uzyska\u0142 troch\u0119 ponad dziesi\u0119\u0107 sekund przewagi.<\/p>\n\n\n\n<p class=\"wp-block-paragraph\">Paddon wraz z zespo\u0142em BRC nie planowa\u0142 tego startu, jednak\u017ce po takim sukcesie i naradzie w zespole postanowili zmieni\u0107 plany i ca\u0142y harmonogram na sezon 2023. Norweg po zatwierdzeniu tej informacji nie ukrywa\u0142 zadowolenia, \u017ce ponownie b\u0119dzie m\u00f3g\u0142 rywalizowa\u0107 z Nowozelandczykiem.<\/p>\n\n\n\n<blockquote class=\"wp-block-quote is-layout-flow wp-block-quote-is-layout-flow\">\n<p class=\"wp-block-paragraph\">Wspaniale jest widzie\u0107, \u017ce Hayden te\u017c tam b\u0119dzie. Jak w ka\u017cdym rajdzie b\u0119dzie pi\u0119ciu lub sze\u015bciu facet\u00f3w zdolnych do wygrania i jestem pewien, \u017ce Hayden jest jednym z nich. Jestem pewien, \u017ce to b\u0119dzie wielka walka, ale naprawd\u0119 ciesz\u0119 si\u0119, \u017ce wr\u00f3ci\u0142em na Wyspy Kanaryjskie. Jak w ka\u017cdym rajdzie, jeste\u015bmy tam, aby wygra\u0107, wi\u0119c na Wyspach Kanaryjskich jest to r\u00f3wnie\u017c cel<\/p>\n<cite><em>Powiedzia\u0142 \u00d8stberg<\/em><\/cite><\/blockquote>\n\n\n\n<p class=\"wp-block-paragraph\">\u00d8stberg i Paddon b\u0119d\u0105 mieli okazje na rozgrzewk\u0119 przed jazd\u0105 po asfalcie \u2013 i kolejn\u0105 szans\u0119 na rywalizacj\u0119 \u2013 kiedy wezm\u0105 udzia\u0142 w  mistrzostwach W\u0142och Sparco RAlly Regione Piemonte (dawniej Rally di Alba) w dniach 13-15 kwietnia<\/p>\n\n\n\n<blockquote class=\"wp-block-quote is-layout-flow wp-block-quote-is-layout-flow\">\n<p class=\"wp-block-paragraph\">Mam nadziej\u0119, \u017ce nasze przygotowania b\u0119d\u0105 dobre, a czucie samochodu i opon na asfalcie b\u0119dzie dobre.<\/p>\n<cite><em>Doda\u0142 Norweg<\/em><\/cite><\/blockquote>\n\n\n\n<figure class=\"wp-block-image size-large\"><img fetchpriority=\"high\" decoding=\"async\" width=\"1024\" height=\"683\" src=\"https:\/\/www.worldrally.eu\/wp-content\/uploads\/2023\/04\/O1-1024x683.jpg\" alt=\"\" class=\"wp-image-981\" srcset=\"https:\/\/www.worldrally.eu\/wp-content\/uploads\/2023\/04\/O1-1024x683.jpg 1024w, https:\/\/www.worldrally.eu\/wp-content\/uploads\/2023\/04\/O1-300x200.jpg 300w, https:\/\/www.worldrally.eu\/wp-content\/uploads\/2023\/04\/O1-768x512.jpg 768w, https:\/\/www.worldrally.eu\/wp-content\/uploads\/2023\/04\/O1-1536x1024.jpg 1536w, https:\/\/www.worldrally.eu\/wp-content\/uploads\/2023\/04\/O1-446x297.jpg 446w, https:\/\/www.worldrally.eu\/wp-content\/uploads\/2023\/04\/O1.jpg 2048w\" sizes=\"(max-width: 1024px) 100vw, 1024px\" \/><figcaption class=\"wp-element-caption\">Foto &#8211; FIAerc<\/figcaption><\/figure>\n\n\n\n<p class=\"wp-block-paragraph\"><\/p>\n","protected":false},"excerpt":{"rendered":"<p>Mads \u00d8stberg w jednej ze swoich wypowiedzi podkre\u015bla\u0142, \u017ce nie mo\u017ce si\u0119 doczeka\u0107 wznowienia rywalizacji w Rajdowych Mistrzostwach Europy z Haydenem Paddonem, kiedy to ponownie spotkaj\u0105 si\u0119 na odcinkach specjalnych w Rajdzie Wysp Kanaryjskich drugiej rundy walki o tytu\u0142 mistrzowski w dniach 4-6 maja. Paddon wyprzedzi\u0142 \u00d8stberga w walce o zwyci\u0119stwo w Rally Serras de [&hellip;]<\/p>\n","protected":false},"author":2,"featured_media":890,"comment_status":"closed","ping_status":"closed","sticky":false,"template":"","format":"standard","meta":{"_monsterinsights_skip_tracking":false,"_monsterinsights_sitenote_active":false,"_monsterinsights_sitenote_note":"","_monsterinsights_sitenote_category":0,"footnotes":""},"categories":[4],"tags":[],"class_list":["post-980","post","type-post","status-publish","format-standard","has-post-thumbnail","hentry","category-erc"],"aioseo_notices":[],"aioseo_head":"\n\t\t<!-- All in One SEO 4.9.9 - aioseo.com -->\n\t<meta name=\"description\" content=\"Mads \u00d8stberg w jednej ze swoich wypowiedzi podkre\u015bla\u0142, \u017ce nie mo\u017ce si\u0119 doczeka\u0107 wznowienia rywalizacji w Rajdowych Mistrzostwach Europy z Haydenem Paddonem, kiedy to ponownie spotkaj\u0105 si\u0119 na odcinkach specjalnych w Rajdzie Wysp Kanaryjskich drugiej rundy walki o tytu\u0142 mistrzowski w dniach 4-6 maja. Paddon wyprzedzi\u0142 \u00d8stberga w walce o zwyci\u0119stwo w Rally Serras de\" \/>\n\t<meta name=\"robots\" content=\"max-image-preview:large\" \/>\n\t<meta name=\"author\" content=\"Magdalena\"\/>\n\t<link rel=\"canonical\" href=\"https:\/\/www.worldrally.eu\/index.php\/2023\/04\/07\/ostberg-liczy-wysoko\/\" \/>\n\t<meta name=\"generator\" content=\"All in One SEO (AIOSEO) 4.9.9\" \/>\n\t\t<meta property=\"og:locale\" content=\"en_GB\" \/>\n\t\t<meta property=\"og:site_name\" content=\"WorldRally.eu \u00bb\" \/>\n\t\t<meta property=\"og:type\" content=\"article\" \/>\n\t\t<meta property=\"og:title\" content=\"\u00d8stberg liczy wysoko \u00bb WorldRally.eu\" \/>\n\t\t<meta property=\"og:description\" content=\"Mads \u00d8stberg w jednej ze swoich wypowiedzi podkre\u015bla\u0142, \u017ce nie mo\u017ce si\u0119 doczeka\u0107 wznowienia rywalizacji w Rajdowych Mistrzostwach Europy z Haydenem Paddonem, kiedy to ponownie spotkaj\u0105 si\u0119 na odcinkach specjalnych w Rajdzie Wysp Kanaryjskich drugiej rundy walki o tytu\u0142 mistrzowski w dniach 4-6 maja. Paddon wyprzedzi\u0142 \u00d8stberga w walce o zwyci\u0119stwo w Rally Serras de\" \/>\n\t\t<meta property=\"og:url\" content=\"https:\/\/www.worldrally.eu\/index.php\/2023\/04\/07\/ostberg-liczy-wysoko\/\" \/>\n\t\t<meta property=\"og:image\" content=\"https:\/\/www.worldrally.eu\/wp-content\/uploads\/2023\/03\/M3-1.jpg\" \/>\n\t\t<meta property=\"og:image:secure_url\" content=\"https:\/\/www.worldrally.eu\/wp-content\/uploads\/2023\/03\/M3-1.jpg\" \/>\n\t\t<meta property=\"og:image:width\" content=\"1236\" \/>\n\t\t<meta property=\"og:image:height\" content=\"824\" \/>\n\t\t<meta property=\"article:published_time\" content=\"2023-04-07T15:08:05+00:00\" \/>\n\t\t<meta property=\"article:modified_time\" content=\"2023-04-07T15:08:05+00:00\" \/>\n\t\t<meta name=\"twitter:card\" content=\"summary_large_image\" \/>\n\t\t<meta name=\"twitter:title\" content=\"\u00d8stberg liczy wysoko \u00bb WorldRally.eu\" \/>\n\t\t<meta name=\"twitter:description\" content=\"Mads \u00d8stberg w jednej ze swoich wypowiedzi podkre\u015bla\u0142, \u017ce nie mo\u017ce si\u0119 doczeka\u0107 wznowienia rywalizacji w Rajdowych Mistrzostwach Europy z Haydenem Paddonem, kiedy to ponownie spotkaj\u0105 si\u0119 na odcinkach specjalnych w Rajdzie Wysp Kanaryjskich drugiej rundy walki o tytu\u0142 mistrzowski w dniach 4-6 maja. Paddon wyprzedzi\u0142 \u00d8stberga w walce o zwyci\u0119stwo w Rally Serras de\" \/>\n\t\t<meta name=\"twitter:image\" content=\"https:\/\/www.worldrally.eu\/wp-content\/uploads\/2023\/03\/M3-1.jpg\" \/>\n\t\t<script type=\"application\/ld+json\" class=\"aioseo-schema\">\n\t\t\t{\"@context\":\"https:\\\/\\\/schema.org\",\"@graph\":[{\"@type\":\"BlogPosting\",\"@id\":\"https:\\\/\\\/www.worldrally.eu\\\/index.php\\\/2023\\\/04\\\/07\\\/ostberg-liczy-wysoko\\\/#blogposting\",\"name\":\"\\u00d8stberg liczy wysoko \\u00bb WorldRally.eu\",\"headline\":\"\\u00d8stberg liczy wysoko\",\"author\":{\"@id\":\"https:\\\/\\\/www.worldrally.eu\\\/index.php\\\/author\\\/magdalena\\\/#author\"},\"publisher\":{\"@id\":\"https:\\\/\\\/www.worldrally.eu\\\/#organization\"},\"image\":{\"@type\":\"ImageObject\",\"url\":\"https:\\\/\\\/www.worldrally.eu\\\/wp-content\\\/uploads\\\/2023\\\/03\\\/M3-1.jpg\",\"width\":1236,\"height\":824},\"datePublished\":\"2023-04-07T15:08:05+00:00\",\"dateModified\":\"2023-04-07T15:08:05+00:00\",\"inLanguage\":\"en-GB\",\"mainEntityOfPage\":{\"@id\":\"https:\\\/\\\/www.worldrally.eu\\\/index.php\\\/2023\\\/04\\\/07\\\/ostberg-liczy-wysoko\\\/#webpage\"},\"isPartOf\":{\"@id\":\"https:\\\/\\\/www.worldrally.eu\\\/index.php\\\/2023\\\/04\\\/07\\\/ostberg-liczy-wysoko\\\/#webpage\"},\"articleSection\":\"ERC\"},{\"@type\":\"BreadcrumbList\",\"@id\":\"https:\\\/\\\/www.worldrally.eu\\\/index.php\\\/2023\\\/04\\\/07\\\/ostberg-liczy-wysoko\\\/#breadcrumblist\",\"itemListElement\":[{\"@type\":\"ListItem\",\"@id\":\"https:\\\/\\\/www.worldrally.eu#listItem\",\"position\":1,\"name\":\"Home\",\"item\":\"https:\\\/\\\/www.worldrally.eu\",\"nextItem\":{\"@type\":\"ListItem\",\"@id\":\"https:\\\/\\\/www.worldrally.eu\\\/index.php\\\/category\\\/erc\\\/#listItem\",\"name\":\"ERC\"}},{\"@type\":\"ListItem\",\"@id\":\"https:\\\/\\\/www.worldrally.eu\\\/index.php\\\/category\\\/erc\\\/#listItem\",\"position\":2,\"name\":\"ERC\",\"item\":\"https:\\\/\\\/www.worldrally.eu\\\/index.php\\\/category\\\/erc\\\/\",\"nextItem\":{\"@type\":\"ListItem\",\"@id\":\"https:\\\/\\\/www.worldrally.eu\\\/index.php\\\/2023\\\/04\\\/07\\\/ostberg-liczy-wysoko\\\/#listItem\",\"name\":\"\\u00d8stberg liczy wysoko\"},\"previousItem\":{\"@type\":\"ListItem\",\"@id\":\"https:\\\/\\\/www.worldrally.eu#listItem\",\"name\":\"Home\"}},{\"@type\":\"ListItem\",\"@id\":\"https:\\\/\\\/www.worldrally.eu\\\/index.php\\\/2023\\\/04\\\/07\\\/ostberg-liczy-wysoko\\\/#listItem\",\"position\":3,\"name\":\"\\u00d8stberg liczy wysoko\",\"previousItem\":{\"@type\":\"ListItem\",\"@id\":\"https:\\\/\\\/www.worldrally.eu\\\/index.php\\\/category\\\/erc\\\/#listItem\",\"name\":\"ERC\"}}]},{\"@type\":\"Organization\",\"@id\":\"https:\\\/\\\/www.worldrally.eu\\\/#organization\",\"name\":\"WorldRally.eu\",\"url\":\"https:\\\/\\\/www.worldrally.eu\\\/\",\"logo\":{\"@type\":\"ImageObject\",\"url\":\"https:\\\/\\\/www.worldrally.eu\\\/wp-content\\\/uploads\\\/2026\\\/01\\\/cropped-logo-3.png\",\"@id\":\"https:\\\/\\\/www.worldrally.eu\\\/index.php\\\/2023\\\/04\\\/07\\\/ostberg-liczy-wysoko\\\/#organizationLogo\",\"width\":2039,\"height\":756},\"image\":{\"@id\":\"https:\\\/\\\/www.worldrally.eu\\\/index.php\\\/2023\\\/04\\\/07\\\/ostberg-liczy-wysoko\\\/#organizationLogo\"}},{\"@type\":\"Person\",\"@id\":\"https:\\\/\\\/www.worldrally.eu\\\/index.php\\\/author\\\/magdalena\\\/#author\",\"url\":\"https:\\\/\\\/www.worldrally.eu\\\/index.php\\\/author\\\/magdalena\\\/\",\"name\":\"Magdalena\",\"image\":{\"@type\":\"ImageObject\",\"@id\":\"https:\\\/\\\/www.worldrally.eu\\\/index.php\\\/2023\\\/04\\\/07\\\/ostberg-liczy-wysoko\\\/#authorImage\",\"url\":\"https:\\\/\\\/secure.gravatar.com\\\/avatar\\\/853239b46cec38ba30b48d2b091f5538817cc78bdc0944c9ef7408579307e2ea?s=96&d=mm&r=g\",\"width\":96,\"height\":96,\"caption\":\"Magdalena\"}},{\"@type\":\"WebPage\",\"@id\":\"https:\\\/\\\/www.worldrally.eu\\\/index.php\\\/2023\\\/04\\\/07\\\/ostberg-liczy-wysoko\\\/#webpage\",\"url\":\"https:\\\/\\\/www.worldrally.eu\\\/index.php\\\/2023\\\/04\\\/07\\\/ostberg-liczy-wysoko\\\/\",\"name\":\"\\u00d8stberg liczy wysoko \\u00bb WorldRally.eu\",\"description\":\"Mads \\u00d8stberg w jednej ze swoich wypowiedzi podkre\\u015bla\\u0142, \\u017ce nie mo\\u017ce si\\u0119 doczeka\\u0107 wznowienia rywalizacji w Rajdowych Mistrzostwach Europy z Haydenem Paddonem, kiedy to ponownie spotkaj\\u0105 si\\u0119 na odcinkach specjalnych w Rajdzie Wysp Kanaryjskich drugiej rundy walki o tytu\\u0142 mistrzowski w dniach 4-6 maja. Paddon wyprzedzi\\u0142 \\u00d8stberga w walce o zwyci\\u0119stwo w Rally Serras de\",\"inLanguage\":\"en-GB\",\"isPartOf\":{\"@id\":\"https:\\\/\\\/www.worldrally.eu\\\/#website\"},\"breadcrumb\":{\"@id\":\"https:\\\/\\\/www.worldrally.eu\\\/index.php\\\/2023\\\/04\\\/07\\\/ostberg-liczy-wysoko\\\/#breadcrumblist\"},\"author\":{\"@id\":\"https:\\\/\\\/www.worldrally.eu\\\/index.php\\\/author\\\/magdalena\\\/#author\"},\"creator\":{\"@id\":\"https:\\\/\\\/www.worldrally.eu\\\/index.php\\\/author\\\/magdalena\\\/#author\"},\"image\":{\"@type\":\"ImageObject\",\"url\":\"https:\\\/\\\/www.worldrally.eu\\\/wp-content\\\/uploads\\\/2023\\\/03\\\/M3-1.jpg\",\"@id\":\"https:\\\/\\\/www.worldrally.eu\\\/index.php\\\/2023\\\/04\\\/07\\\/ostberg-liczy-wysoko\\\/#mainImage\",\"width\":1236,\"height\":824},\"primaryImageOfPage\":{\"@id\":\"https:\\\/\\\/www.worldrally.eu\\\/index.php\\\/2023\\\/04\\\/07\\\/ostberg-liczy-wysoko\\\/#mainImage\"},\"datePublished\":\"2023-04-07T15:08:05+00:00\",\"dateModified\":\"2023-04-07T15:08:05+00:00\"},{\"@type\":\"WebSite\",\"@id\":\"https:\\\/\\\/www.worldrally.eu\\\/#website\",\"url\":\"https:\\\/\\\/www.worldrally.eu\\\/\",\"name\":\"WorldRally.eu\",\"inLanguage\":\"en-GB\",\"publisher\":{\"@id\":\"https:\\\/\\\/www.worldrally.eu\\\/#organization\"}}]}\n\t\t<\/script>\n\t\t<!-- All in One SEO -->\n\n","aioseo_head_json":{"title":"\u00d8stberg liczy wysoko \u00bb WorldRally.eu","description":"Mads \u00d8stberg w jednej ze swoich wypowiedzi podkre\u015bla\u0142, \u017ce nie mo\u017ce si\u0119 doczeka\u0107 wznowienia rywalizacji w Rajdowych Mistrzostwach Europy z Haydenem Paddonem, kiedy to ponownie spotkaj\u0105 si\u0119 na odcinkach specjalnych w Rajdzie Wysp Kanaryjskich drugiej rundy walki o tytu\u0142 mistrzowski w dniach 4-6 maja. Paddon wyprzedzi\u0142 \u00d8stberga w walce o zwyci\u0119stwo w Rally Serras de","canonical_url":"https:\/\/www.worldrally.eu\/index.php\/2023\/04\/07\/ostberg-liczy-wysoko\/","robots":"max-image-preview:large","keywords":"","webmasterTools":{"miscellaneous":""},"schema":{"@context":"https:\/\/schema.org","@graph":[{"@type":"BlogPosting","@id":"https:\/\/www.worldrally.eu\/index.php\/2023\/04\/07\/ostberg-liczy-wysoko\/#blogposting","name":"\u00d8stberg liczy wysoko \u00bb WorldRally.eu","headline":"\u00d8stberg liczy wysoko","author":{"@id":"https:\/\/www.worldrally.eu\/index.php\/author\/magdalena\/#author"},"publisher":{"@id":"https:\/\/www.worldrally.eu\/#organization"},"image":{"@type":"ImageObject","url":"https:\/\/www.worldrally.eu\/wp-content\/uploads\/2023\/03\/M3-1.jpg","width":1236,"height":824},"datePublished":"2023-04-07T15:08:05+00:00","dateModified":"2023-04-07T15:08:05+00:00","inLanguage":"en-GB","mainEntityOfPage":{"@id":"https:\/\/www.worldrally.eu\/index.php\/2023\/04\/07\/ostberg-liczy-wysoko\/#webpage"},"isPartOf":{"@id":"https:\/\/www.worldrally.eu\/index.php\/2023\/04\/07\/ostberg-liczy-wysoko\/#webpage"},"articleSection":"ERC"},{"@type":"BreadcrumbList","@id":"https:\/\/www.worldrally.eu\/index.php\/2023\/04\/07\/ostberg-liczy-wysoko\/#breadcrumblist","itemListElement":[{"@type":"ListItem","@id":"https:\/\/www.worldrally.eu#listItem","position":1,"name":"Home","item":"https:\/\/www.worldrally.eu","nextItem":{"@type":"ListItem","@id":"https:\/\/www.worldrally.eu\/index.php\/category\/erc\/#listItem","name":"ERC"}},{"@type":"ListItem","@id":"https:\/\/www.worldrally.eu\/index.php\/category\/erc\/#listItem","position":2,"name":"ERC","item":"https:\/\/www.worldrally.eu\/index.php\/category\/erc\/","nextItem":{"@type":"ListItem","@id":"https:\/\/www.worldrally.eu\/index.php\/2023\/04\/07\/ostberg-liczy-wysoko\/#listItem","name":"\u00d8stberg liczy wysoko"},"previousItem":{"@type":"ListItem","@id":"https:\/\/www.worldrally.eu#listItem","name":"Home"}},{"@type":"ListItem","@id":"https:\/\/www.worldrally.eu\/index.php\/2023\/04\/07\/ostberg-liczy-wysoko\/#listItem","position":3,"name":"\u00d8stberg liczy wysoko","previousItem":{"@type":"ListItem","@id":"https:\/\/www.worldrally.eu\/index.php\/category\/erc\/#listItem","name":"ERC"}}]},{"@type":"Organization","@id":"https:\/\/www.worldrally.eu\/#organization","name":"WorldRally.eu","url":"https:\/\/www.worldrally.eu\/","logo":{"@type":"ImageObject","url":"https:\/\/www.worldrally.eu\/wp-content\/uploads\/2026\/01\/cropped-logo-3.png","@id":"https:\/\/www.worldrally.eu\/index.php\/2023\/04\/07\/ostberg-liczy-wysoko\/#organizationLogo","width":2039,"height":756},"image":{"@id":"https:\/\/www.worldrally.eu\/index.php\/2023\/04\/07\/ostberg-liczy-wysoko\/#organizationLogo"}},{"@type":"Person","@id":"https:\/\/www.worldrally.eu\/index.php\/author\/magdalena\/#author","url":"https:\/\/www.worldrally.eu\/index.php\/author\/magdalena\/","name":"Magdalena","image":{"@type":"ImageObject","@id":"https:\/\/www.worldrally.eu\/index.php\/2023\/04\/07\/ostberg-liczy-wysoko\/#authorImage","url":"https:\/\/secure.gravatar.com\/avatar\/853239b46cec38ba30b48d2b091f5538817cc78bdc0944c9ef7408579307e2ea?s=96&d=mm&r=g","width":96,"height":96,"caption":"Magdalena"}},{"@type":"WebPage","@id":"https:\/\/www.worldrally.eu\/index.php\/2023\/04\/07\/ostberg-liczy-wysoko\/#webpage","url":"https:\/\/www.worldrally.eu\/index.php\/2023\/04\/07\/ostberg-liczy-wysoko\/","name":"\u00d8stberg liczy wysoko \u00bb WorldRally.eu","description":"Mads \u00d8stberg w jednej ze swoich wypowiedzi podkre\u015bla\u0142, \u017ce nie mo\u017ce si\u0119 doczeka\u0107 wznowienia rywalizacji w Rajdowych Mistrzostwach Europy z Haydenem Paddonem, kiedy to ponownie spotkaj\u0105 si\u0119 na odcinkach specjalnych w Rajdzie Wysp Kanaryjskich drugiej rundy walki o tytu\u0142 mistrzowski w dniach 4-6 maja. Paddon wyprzedzi\u0142 \u00d8stberga w walce o zwyci\u0119stwo w Rally Serras de","inLanguage":"en-GB","isPartOf":{"@id":"https:\/\/www.worldrally.eu\/#website"},"breadcrumb":{"@id":"https:\/\/www.worldrally.eu\/index.php\/2023\/04\/07\/ostberg-liczy-wysoko\/#breadcrumblist"},"author":{"@id":"https:\/\/www.worldrally.eu\/index.php\/author\/magdalena\/#author"},"creator":{"@id":"https:\/\/www.worldrally.eu\/index.php\/author\/magdalena\/#author"},"image":{"@type":"ImageObject","url":"https:\/\/www.worldrally.eu\/wp-content\/uploads\/2023\/03\/M3-1.jpg","@id":"https:\/\/www.worldrally.eu\/index.php\/2023\/04\/07\/ostberg-liczy-wysoko\/#mainImage","width":1236,"height":824},"primaryImageOfPage":{"@id":"https:\/\/www.worldrally.eu\/index.php\/2023\/04\/07\/ostberg-liczy-wysoko\/#mainImage"},"datePublished":"2023-04-07T15:08:05+00:00","dateModified":"2023-04-07T15:08:05+00:00"},{"@type":"WebSite","@id":"https:\/\/www.worldrally.eu\/#website","url":"https:\/\/www.worldrally.eu\/","name":"WorldRally.eu","inLanguage":"en-GB","publisher":{"@id":"https:\/\/www.worldrally.eu\/#organization"}}]},"og:locale":"en_GB","og:site_name":"WorldRally.eu \u00bb","og:type":"article","og:title":"\u00d8stberg liczy wysoko \u00bb WorldRally.eu","og:description":"Mads \u00d8stberg w jednej ze swoich wypowiedzi podkre\u015bla\u0142, \u017ce nie mo\u017ce si\u0119 doczeka\u0107 wznowienia rywalizacji w Rajdowych Mistrzostwach Europy z Haydenem Paddonem, kiedy to ponownie spotkaj\u0105 si\u0119 na odcinkach specjalnych w Rajdzie Wysp Kanaryjskich drugiej rundy walki o tytu\u0142 mistrzowski w dniach 4-6 maja. Paddon wyprzedzi\u0142 \u00d8stberga w walce o zwyci\u0119stwo w Rally Serras de","og:url":"https:\/\/www.worldrally.eu\/index.php\/2023\/04\/07\/ostberg-liczy-wysoko\/","og:image":"https:\/\/www.worldrally.eu\/wp-content\/uploads\/2023\/03\/M3-1.jpg","og:image:secure_url":"https:\/\/www.worldrally.eu\/wp-content\/uploads\/2023\/03\/M3-1.jpg","og:image:width":1236,"og:image:height":824,"article:published_time":"2023-04-07T15:08:05+00:00","article:modified_time":"2023-04-07T15:08:05+00:00","twitter:card":"summary_large_image","twitter:title":"\u00d8stberg liczy wysoko \u00bb WorldRally.eu","twitter:description":"Mads \u00d8stberg w jednej ze swoich wypowiedzi podkre\u015bla\u0142, \u017ce nie mo\u017ce si\u0119 doczeka\u0107 wznowienia rywalizacji w Rajdowych Mistrzostwach Europy z Haydenem Paddonem, kiedy to ponownie spotkaj\u0105 si\u0119 na odcinkach specjalnych w Rajdzie Wysp Kanaryjskich drugiej rundy walki o tytu\u0142 mistrzowski w dniach 4-6 maja. Paddon wyprzedzi\u0142 \u00d8stberga w walce o zwyci\u0119stwo w Rally Serras de","twitter:image":"https:\/\/www.worldrally.eu\/wp-content\/uploads\/2023\/03\/M3-1.jpg"},"aioseo_meta_data":{"post_id":"980","title":null,"description":null,"keywords":null,"keyphrases":null,"primary_term":null,"canonical_url":null,"og_title":null,"og_description":null,"og_object_type":"default","og_image_type":"default","og_image_url":null,"og_image_width":null,"og_image_height":null,"og_image_custom_url":null,"og_image_custom_fields":null,"og_video":null,"og_custom_url":null,"og_article_section":null,"og_article_tags":null,"twitter_use_og":false,"twitter_card":"default","twitter_image_type":"default","twitter_image_url":null,"twitter_image_custom_url":null,"twitter_image_custom_fields":null,"twitter_title":null,"twitter_description":null,"schema":{"blockGraphs":[],"customGraphs":[],"default":{"data":{"Article":[],"Course":[],"Dataset":[],"FAQPage":[],"Movie":[],"Person":[],"Product":[],"ProductReview":[],"Car":[],"Recipe":[],"Service":[],"SoftwareApplication":[],"WebPage":[]},"graphName":"","isEnabled":true},"graphs":[]},"schema_type":"default","schema_type_options":null,"pillar_content":false,"robots_default":true,"robots_noindex":false,"robots_noarchive":false,"robots_nosnippet":false,"robots_nofollow":false,"robots_noimageindex":false,"robots_noodp":false,"robots_notranslate":false,"robots_max_snippet":null,"robots_max_videopreview":null,"robots_max_imagepreview":"large","priority":null,"frequency":null,"local_seo":null,"breadcrumb_settings":null,"limit_modified_date":false,"ai":null,"created":"2025-03-22 06:06:26","updated":"2025-10-26 09:55:52","seo_analyzer_scan_date":null},"aioseo_breadcrumb":"<div class=\"aioseo-breadcrumbs\"><span class=\"aioseo-breadcrumb\">\n\t\t\t<a href=\"https:\/\/www.worldrally.eu\" title=\"Home\">Home<\/a>\n\t\t<\/span><span class=\"aioseo-breadcrumb-separator\">&raquo;<\/span><span class=\"aioseo-breadcrumb\">\n\t\t\t<a href=\"https:\/\/www.worldrally.eu\/index.php\/category\/erc\/\" title=\"ERC\">ERC<\/a>\n\t\t<\/span><span class=\"aioseo-breadcrumb-separator\">&raquo;<\/span><span class=\"aioseo-breadcrumb\">\n\t\t\t\u00d8stberg liczy wysoko\n\t\t<\/span><\/div>","aioseo_breadcrumb_json":[{"label":"Home","link":"https:\/\/www.worldrally.eu"},{"label":"ERC","link":"https:\/\/www.worldrally.eu\/index.php\/category\/erc\/"},{"label":"\u00d8stberg liczy wysoko","link":"https:\/\/www.worldrally.eu\/index.php\/2023\/04\/07\/ostberg-liczy-wysoko\/"}],"cc_featured_image_caption":{"caption_text":"Foto - FIAerc","source_text":"","source_url":""},"_links":{"self":[{"href":"https:\/\/www.worldrally.eu\/index.php\/wp-json\/wp\/v2\/posts\/980","targetHints":{"allow":["GET"]}}],"collection":[{"href":"https:\/\/www.worldrally.eu\/index.php\/wp-json\/wp\/v2\/posts"}],"about":[{"href":"https:\/\/www.worldrally.eu\/index.php\/wp-json\/wp\/v2\/types\/post"}],"author":[{"embeddable":true,"href":"https:\/\/www.worldrally.eu\/index.php\/wp-json\/wp\/v2\/users\/2"}],"replies":[{"embeddable":true,"href":"https:\/\/www.worldrally.eu\/index.php\/wp-json\/wp\/v2\/comments?post=980"}],"version-history":[{"count":1,"href":"https:\/\/www.worldrally.eu\/index.php\/wp-json\/wp\/v2\/posts\/980\/revisions"}],"predecessor-version":[{"id":982,"href":"https:\/\/www.worldrally.eu\/index.php\/wp-json\/wp\/v2\/posts\/980\/revisions\/982"}],"wp:featuredmedia":[{"embeddable":true,"href":"https:\/\/www.worldrally.eu\/index.php\/wp-json\/wp\/v2\/media\/890"}],"wp:attachment":[{"href":"https:\/\/www.worldrally.eu\/index.php\/wp-json\/wp\/v2\/media?parent=980"}],"wp:term":[{"taxonomy":"category","embeddable":true,"href":"https:\/\/www.worldrally.eu\/index.php\/wp-json\/wp\/v2\/categories?post=980"},{"taxonomy":"post_tag","embeddable":true,"href":"https:\/\/www.worldrally.eu\/index.php\/wp-json\/wp\/v2\/tags?post=980"}],"curies":[{"name":"wp","href":"https:\/\/api.w.org\/{rel}","templated":true}]}}