{"id":950,"date":"2023-03-30T21:00:00","date_gmt":"2023-03-30T21:00:00","guid":{"rendered":"https:\/\/www.worldrally.eu\/?p=950"},"modified":"2023-04-01T21:08:22","modified_gmt":"2023-04-01T21:08:22","slug":"loubet-puma-to-swietne-auto","status":"publish","type":"post","link":"https:\/\/www.worldrally.eu\/index.php\/2023\/03\/30\/loubet-puma-to-swietne-auto\/","title":{"rendered":"Loubet &#8211; Puma to \u015bwietne auto"},"content":{"rendered":"\n<p class=\"wp-block-paragraph\">Pierre-Louis Loubet wyrazi\u0142 zaufanie do swojego M-Sport Forda Pumy, mimo \u017ce jego kolega z zespo\u0142u, Ott T\u00e4nak, przyzna\u0142, \u017ce nie czuje si\u0119 zsynchronizowany z samochodem na szutrze i jazda nie do ko\u0144ca sprawia mu satysfakcj\u0119.<\/p>\n\n\n\n<p class=\"wp-block-paragraph\">T\u00e4nak wygra\u0142 drug\u0105 rund\u0119 tegorocznych mistrzostw w Szwecji na \u015bniegu, jednak\u017ce po pierwszej rundzie szutrowej w Guanajuato Rally M\u00e9xico na pocz\u0105tku tego miesi\u0105ca okre\u015bli\u0142 siebie jako \u201eniedopasowanego\u201d dla swojego auta Forda Puma Rally1<\/p>\n\n\n\n<p class=\"wp-block-paragraph\">Francuski kierowca opisa\u0142 swoj\u0105 sytuacj\u0119 jako troch\u0119 inn\u0105 od sytuacji T\u00e4naka, dodaj\u0105c, \u017ce czuje si\u0119 komfortowo w samochodzie a jazda sprawia mu du\u017co rado\u015bci.<\/p>\n\n\n\n<blockquote class=\"wp-block-quote is-layout-flow wp-block-quote-is-layout-flow\">\n<p class=\"wp-block-paragraph\">Z mojej strony jest troch\u0119 inaczej, poniewa\u017c zawsze dobrze czu\u0142em si\u0119 w samochodzie. Rzecz w tym, \u017ce od pocz\u0105tku sezonu nie byli\u015bmy w stanie z\u0142o\u017cy\u0107 wszystkiego w ca\u0142o\u015b\u0107, aby osi\u0105gn\u0105\u0107 dobry wynik.<\/p>\n\n\n\n<p class=\"wp-block-paragraph\">Je\u015bli spojrzysz na odcinek testowy lub nasz\u0105 pr\u0119dko\u015b\u0107 w czwartek w Meksyku przed wycofaniem si\u0119, pr\u0119dko\u015b\u0107 by\u0142a naprawd\u0119 dobra. Z mojej strony, czucie w samochodzie jest nadal bardzo dobre \u2013 musimy po prostu rozegra\u0107 czysty rajd bez \u017cadnych problem\u00f3w<\/p>\n<\/blockquote>\n\n\n\n<p class=\"wp-block-paragraph\">Loubet ju\u017c wcze\u015bniej deklarowa\u0142, \u017ce chce walczy\u0107 o miejsca na podium na nier\u00f3wnych rajdach szutrowych, takich jak W\u0142ochy i Grecja. Jednak 26-latek wierzy, \u017ce mo\u017ce r\u00f3wnie\u017c wystartowa\u0107 i powalczy\u0107 o dobre miejsce w Rajdzie Chorwacji w przysz\u0142ym miesi\u0105cu, kt\u00f3ry odb\u0119dzie si\u0119 na asfalcie w dniach 20-23 kwietnia.<\/p>\n\n\n\n<p class=\"wp-block-paragraph\"><\/p>\n\n\n\n<blockquote class=\"wp-block-quote is-layout-flow wp-block-quote-is-layout-flow\">\n<p class=\"wp-block-paragraph\">Wiemy, \u017ce samoch\u00f3d jest mocny na asfalcie, wi\u0119c mam nadziej\u0119, \u017ce Chorwacja b\u0119dzie dobra. Ale na pewno pojedziemy do Portugalii i Sardynii \u2013 dwa rajdy, kt\u00f3re znam bardzo dobrze i mam nadziej\u0119, \u017ce uda mi si\u0119 tam osi\u0105gn\u0105\u0107 dobre wynik.<\/p>\n\n\n\n<p class=\"wp-block-paragraph\"><\/p>\n<\/blockquote>\n\n\n\n<p class=\"wp-block-paragraph\"><\/p>\n","protected":false},"excerpt":{"rendered":"<p>Pierre-Louis Loubet wyrazi\u0142 zaufanie do swojego M-Sport Forda Pumy, mimo \u017ce jego kolega z zespo\u0142u, Ott T\u00e4nak, przyzna\u0142, \u017ce nie czuje si\u0119 zsynchronizowany z samochodem na szutrze i jazda nie do ko\u0144ca sprawia mu satysfakcj\u0119. T\u00e4nak wygra\u0142 drug\u0105 rund\u0119 tegorocznych mistrzostw w Szwecji na \u015bniegu, jednak\u017ce po pierwszej rundzie szutrowej w Guanajuato Rally M\u00e9xico na [&hellip;]<\/p>\n","protected":false},"author":1,"featured_media":951,"comment_status":"closed","ping_status":"closed","sticky":false,"template":"","format":"standard","meta":{"_monsterinsights_skip_tracking":false,"_monsterinsights_sitenote_active":false,"_monsterinsights_sitenote_note":"","_monsterinsights_sitenote_category":0,"footnotes":""},"categories":[3],"tags":[],"class_list":["post-950","post","type-post","status-publish","format-standard","has-post-thumbnail","hentry","category-wrc"],"aioseo_notices":[],"aioseo_head":"\n\t\t<!-- All in One SEO 4.9.9 - aioseo.com -->\n\t<meta name=\"description\" content=\"Pierre-Louis Loubet wyrazi\u0142 zaufanie do swojego M-Sport Forda Pumy, mimo \u017ce jego kolega z zespo\u0142u, Ott T\u00e4nak, przyzna\u0142, \u017ce nie czuje si\u0119 zsynchronizowany z samochodem na szutrze i jazda nie do ko\u0144ca sprawia mu satysfakcj\u0119. T\u00e4nak wygra\u0142 drug\u0105 rund\u0119 tegorocznych mistrzostw w Szwecji na \u015bniegu, jednak\u017ce po pierwszej rundzie szutrowej w Guanajuato Rally M\u00e9xico na\" \/>\n\t<meta name=\"robots\" content=\"max-image-preview:large\" \/>\n\t<meta name=\"author\" content=\"Junior\"\/>\n\t<link rel=\"canonical\" href=\"https:\/\/www.worldrally.eu\/index.php\/2023\/03\/30\/loubet-puma-to-swietne-auto\/\" \/>\n\t<meta name=\"generator\" content=\"All in One SEO (AIOSEO) 4.9.9\" \/>\n\t\t<meta property=\"og:locale\" content=\"en_GB\" \/>\n\t\t<meta property=\"og:site_name\" content=\"WorldRally.eu \u00bb\" \/>\n\t\t<meta property=\"og:type\" content=\"article\" \/>\n\t\t<meta property=\"og:title\" content=\"Loubet \u2013 Puma to \u015bwietne auto \u00bb WorldRally.eu\" \/>\n\t\t<meta property=\"og:description\" content=\"Pierre-Louis Loubet wyrazi\u0142 zaufanie do swojego M-Sport Forda Pumy, mimo \u017ce jego kolega z zespo\u0142u, Ott T\u00e4nak, przyzna\u0142, \u017ce nie czuje si\u0119 zsynchronizowany z samochodem na szutrze i jazda nie do ko\u0144ca sprawia mu satysfakcj\u0119. T\u00e4nak wygra\u0142 drug\u0105 rund\u0119 tegorocznych mistrzostw w Szwecji na \u015bniegu, jednak\u017ce po pierwszej rundzie szutrowej w Guanajuato Rally M\u00e9xico na\" \/>\n\t\t<meta property=\"og:url\" content=\"https:\/\/www.worldrally.eu\/index.php\/2023\/03\/30\/loubet-puma-to-swietne-auto\/\" \/>\n\t\t<meta property=\"og:image\" content=\"https:\/\/www.worldrally.eu\/wp-content\/uploads\/2023\/04\/300323_RB_Loubet1_7dcf0_f_1400x788.jpg\" \/>\n\t\t<meta property=\"og:image:secure_url\" content=\"https:\/\/www.worldrally.eu\/wp-content\/uploads\/2023\/04\/300323_RB_Loubet1_7dcf0_f_1400x788.jpg\" \/>\n\t\t<meta property=\"og:image:width\" content=\"1400\" \/>\n\t\t<meta property=\"og:image:height\" content=\"788\" \/>\n\t\t<meta property=\"article:published_time\" content=\"2023-03-30T21:00:00+00:00\" \/>\n\t\t<meta property=\"article:modified_time\" content=\"2023-04-01T21:08:22+00:00\" \/>\n\t\t<meta name=\"twitter:card\" content=\"summary_large_image\" \/>\n\t\t<meta name=\"twitter:title\" content=\"Loubet \u2013 Puma to \u015bwietne auto \u00bb WorldRally.eu\" \/>\n\t\t<meta name=\"twitter:description\" content=\"Pierre-Louis Loubet wyrazi\u0142 zaufanie do swojego M-Sport Forda Pumy, mimo \u017ce jego kolega z zespo\u0142u, Ott T\u00e4nak, przyzna\u0142, \u017ce nie czuje si\u0119 zsynchronizowany z samochodem na szutrze i jazda nie do ko\u0144ca sprawia mu satysfakcj\u0119. T\u00e4nak wygra\u0142 drug\u0105 rund\u0119 tegorocznych mistrzostw w Szwecji na \u015bniegu, jednak\u017ce po pierwszej rundzie szutrowej w Guanajuato Rally M\u00e9xico na\" \/>\n\t\t<meta name=\"twitter:image\" content=\"https:\/\/www.worldrally.eu\/wp-content\/uploads\/2023\/04\/300323_RB_Loubet1_7dcf0_f_1400x788.jpg\" \/>\n\t\t<script type=\"application\/ld+json\" class=\"aioseo-schema\">\n\t\t\t{\"@context\":\"https:\\\/\\\/schema.org\",\"@graph\":[{\"@type\":\"BlogPosting\",\"@id\":\"https:\\\/\\\/www.worldrally.eu\\\/index.php\\\/2023\\\/03\\\/30\\\/loubet-puma-to-swietne-auto\\\/#blogposting\",\"name\":\"Loubet \\u2013 Puma to \\u015bwietne auto \\u00bb WorldRally.eu\",\"headline\":\"Loubet &#8211; Puma to \\u015bwietne auto\",\"author\":{\"@id\":\"https:\\\/\\\/www.worldrally.eu\\\/index.php\\\/author\\\/admin\\\/#author\"},\"publisher\":{\"@id\":\"https:\\\/\\\/www.worldrally.eu\\\/#organization\"},\"image\":{\"@type\":\"ImageObject\",\"url\":\"https:\\\/\\\/www.worldrally.eu\\\/wp-content\\\/uploads\\\/2023\\\/04\\\/300323_RB_Loubet1_7dcf0_f_1400x788.jpg\",\"width\":1400,\"height\":788},\"datePublished\":\"2023-03-30T21:00:00+00:00\",\"dateModified\":\"2023-04-01T21:08:22+00:00\",\"inLanguage\":\"en-GB\",\"mainEntityOfPage\":{\"@id\":\"https:\\\/\\\/www.worldrally.eu\\\/index.php\\\/2023\\\/03\\\/30\\\/loubet-puma-to-swietne-auto\\\/#webpage\"},\"isPartOf\":{\"@id\":\"https:\\\/\\\/www.worldrally.eu\\\/index.php\\\/2023\\\/03\\\/30\\\/loubet-puma-to-swietne-auto\\\/#webpage\"},\"articleSection\":\"WRC\"},{\"@type\":\"BreadcrumbList\",\"@id\":\"https:\\\/\\\/www.worldrally.eu\\\/index.php\\\/2023\\\/03\\\/30\\\/loubet-puma-to-swietne-auto\\\/#breadcrumblist\",\"itemListElement\":[{\"@type\":\"ListItem\",\"@id\":\"https:\\\/\\\/www.worldrally.eu#listItem\",\"position\":1,\"name\":\"Home\",\"item\":\"https:\\\/\\\/www.worldrally.eu\",\"nextItem\":{\"@type\":\"ListItem\",\"@id\":\"https:\\\/\\\/www.worldrally.eu\\\/index.php\\\/category\\\/wrc\\\/#listItem\",\"name\":\"WRC\"}},{\"@type\":\"ListItem\",\"@id\":\"https:\\\/\\\/www.worldrally.eu\\\/index.php\\\/category\\\/wrc\\\/#listItem\",\"position\":2,\"name\":\"WRC\",\"item\":\"https:\\\/\\\/www.worldrally.eu\\\/index.php\\\/category\\\/wrc\\\/\",\"nextItem\":{\"@type\":\"ListItem\",\"@id\":\"https:\\\/\\\/www.worldrally.eu\\\/index.php\\\/2023\\\/03\\\/30\\\/loubet-puma-to-swietne-auto\\\/#listItem\",\"name\":\"Loubet &#8211; Puma to \\u015bwietne auto\"},\"previousItem\":{\"@type\":\"ListItem\",\"@id\":\"https:\\\/\\\/www.worldrally.eu#listItem\",\"name\":\"Home\"}},{\"@type\":\"ListItem\",\"@id\":\"https:\\\/\\\/www.worldrally.eu\\\/index.php\\\/2023\\\/03\\\/30\\\/loubet-puma-to-swietne-auto\\\/#listItem\",\"position\":3,\"name\":\"Loubet &#8211; Puma to \\u015bwietne auto\",\"previousItem\":{\"@type\":\"ListItem\",\"@id\":\"https:\\\/\\\/www.worldrally.eu\\\/index.php\\\/category\\\/wrc\\\/#listItem\",\"name\":\"WRC\"}}]},{\"@type\":\"Organization\",\"@id\":\"https:\\\/\\\/www.worldrally.eu\\\/#organization\",\"name\":\"WorldRally.eu\",\"url\":\"https:\\\/\\\/www.worldrally.eu\\\/\",\"logo\":{\"@type\":\"ImageObject\",\"url\":\"https:\\\/\\\/www.worldrally.eu\\\/wp-content\\\/uploads\\\/2026\\\/01\\\/cropped-logo-3.png\",\"@id\":\"https:\\\/\\\/www.worldrally.eu\\\/index.php\\\/2023\\\/03\\\/30\\\/loubet-puma-to-swietne-auto\\\/#organizationLogo\",\"width\":2039,\"height\":756},\"image\":{\"@id\":\"https:\\\/\\\/www.worldrally.eu\\\/index.php\\\/2023\\\/03\\\/30\\\/loubet-puma-to-swietne-auto\\\/#organizationLogo\"}},{\"@type\":\"Person\",\"@id\":\"https:\\\/\\\/www.worldrally.eu\\\/index.php\\\/author\\\/admin\\\/#author\",\"url\":\"https:\\\/\\\/www.worldrally.eu\\\/index.php\\\/author\\\/admin\\\/\",\"name\":\"Junior\",\"image\":{\"@type\":\"ImageObject\",\"@id\":\"https:\\\/\\\/www.worldrally.eu\\\/index.php\\\/2023\\\/03\\\/30\\\/loubet-puma-to-swietne-auto\\\/#authorImage\",\"url\":\"https:\\\/\\\/secure.gravatar.com\\\/avatar\\\/5bd369ac0447285dc20b588693ca1756d0179a7f957258050a42a968bf3b9d0a?s=96&d=mm&r=g\",\"width\":96,\"height\":96,\"caption\":\"Junior\"}},{\"@type\":\"WebPage\",\"@id\":\"https:\\\/\\\/www.worldrally.eu\\\/index.php\\\/2023\\\/03\\\/30\\\/loubet-puma-to-swietne-auto\\\/#webpage\",\"url\":\"https:\\\/\\\/www.worldrally.eu\\\/index.php\\\/2023\\\/03\\\/30\\\/loubet-puma-to-swietne-auto\\\/\",\"name\":\"Loubet \\u2013 Puma to \\u015bwietne auto \\u00bb WorldRally.eu\",\"description\":\"Pierre-Louis Loubet wyrazi\\u0142 zaufanie do swojego M-Sport Forda Pumy, mimo \\u017ce jego kolega z zespo\\u0142u, Ott T\\u00e4nak, przyzna\\u0142, \\u017ce nie czuje si\\u0119 zsynchronizowany z samochodem na szutrze i jazda nie do ko\\u0144ca sprawia mu satysfakcj\\u0119. T\\u00e4nak wygra\\u0142 drug\\u0105 rund\\u0119 tegorocznych mistrzostw w Szwecji na \\u015bniegu, jednak\\u017ce po pierwszej rundzie szutrowej w Guanajuato Rally M\\u00e9xico na\",\"inLanguage\":\"en-GB\",\"isPartOf\":{\"@id\":\"https:\\\/\\\/www.worldrally.eu\\\/#website\"},\"breadcrumb\":{\"@id\":\"https:\\\/\\\/www.worldrally.eu\\\/index.php\\\/2023\\\/03\\\/30\\\/loubet-puma-to-swietne-auto\\\/#breadcrumblist\"},\"author\":{\"@id\":\"https:\\\/\\\/www.worldrally.eu\\\/index.php\\\/author\\\/admin\\\/#author\"},\"creator\":{\"@id\":\"https:\\\/\\\/www.worldrally.eu\\\/index.php\\\/author\\\/admin\\\/#author\"},\"image\":{\"@type\":\"ImageObject\",\"url\":\"https:\\\/\\\/www.worldrally.eu\\\/wp-content\\\/uploads\\\/2023\\\/04\\\/300323_RB_Loubet1_7dcf0_f_1400x788.jpg\",\"@id\":\"https:\\\/\\\/www.worldrally.eu\\\/index.php\\\/2023\\\/03\\\/30\\\/loubet-puma-to-swietne-auto\\\/#mainImage\",\"width\":1400,\"height\":788},\"primaryImageOfPage\":{\"@id\":\"https:\\\/\\\/www.worldrally.eu\\\/index.php\\\/2023\\\/03\\\/30\\\/loubet-puma-to-swietne-auto\\\/#mainImage\"},\"datePublished\":\"2023-03-30T21:00:00+00:00\",\"dateModified\":\"2023-04-01T21:08:22+00:00\"},{\"@type\":\"WebSite\",\"@id\":\"https:\\\/\\\/www.worldrally.eu\\\/#website\",\"url\":\"https:\\\/\\\/www.worldrally.eu\\\/\",\"name\":\"WorldRally.eu\",\"inLanguage\":\"en-GB\",\"publisher\":{\"@id\":\"https:\\\/\\\/www.worldrally.eu\\\/#organization\"}}]}\n\t\t<\/script>\n\t\t<!-- All in One SEO -->\n\n","aioseo_head_json":{"title":"Loubet \u2013 Puma to \u015bwietne auto \u00bb WorldRally.eu","description":"Pierre-Louis Loubet wyrazi\u0142 zaufanie do swojego M-Sport Forda Pumy, mimo \u017ce jego kolega z zespo\u0142u, Ott T\u00e4nak, przyzna\u0142, \u017ce nie czuje si\u0119 zsynchronizowany z samochodem na szutrze i jazda nie do ko\u0144ca sprawia mu satysfakcj\u0119. T\u00e4nak wygra\u0142 drug\u0105 rund\u0119 tegorocznych mistrzostw w Szwecji na \u015bniegu, jednak\u017ce po pierwszej rundzie szutrowej w Guanajuato Rally M\u00e9xico na","canonical_url":"https:\/\/www.worldrally.eu\/index.php\/2023\/03\/30\/loubet-puma-to-swietne-auto\/","robots":"max-image-preview:large","keywords":"","webmasterTools":{"miscellaneous":""},"schema":{"@context":"https:\/\/schema.org","@graph":[{"@type":"BlogPosting","@id":"https:\/\/www.worldrally.eu\/index.php\/2023\/03\/30\/loubet-puma-to-swietne-auto\/#blogposting","name":"Loubet \u2013 Puma to \u015bwietne auto \u00bb WorldRally.eu","headline":"Loubet &#8211; Puma to \u015bwietne auto","author":{"@id":"https:\/\/www.worldrally.eu\/index.php\/author\/admin\/#author"},"publisher":{"@id":"https:\/\/www.worldrally.eu\/#organization"},"image":{"@type":"ImageObject","url":"https:\/\/www.worldrally.eu\/wp-content\/uploads\/2023\/04\/300323_RB_Loubet1_7dcf0_f_1400x788.jpg","width":1400,"height":788},"datePublished":"2023-03-30T21:00:00+00:00","dateModified":"2023-04-01T21:08:22+00:00","inLanguage":"en-GB","mainEntityOfPage":{"@id":"https:\/\/www.worldrally.eu\/index.php\/2023\/03\/30\/loubet-puma-to-swietne-auto\/#webpage"},"isPartOf":{"@id":"https:\/\/www.worldrally.eu\/index.php\/2023\/03\/30\/loubet-puma-to-swietne-auto\/#webpage"},"articleSection":"WRC"},{"@type":"BreadcrumbList","@id":"https:\/\/www.worldrally.eu\/index.php\/2023\/03\/30\/loubet-puma-to-swietne-auto\/#breadcrumblist","itemListElement":[{"@type":"ListItem","@id":"https:\/\/www.worldrally.eu#listItem","position":1,"name":"Home","item":"https:\/\/www.worldrally.eu","nextItem":{"@type":"ListItem","@id":"https:\/\/www.worldrally.eu\/index.php\/category\/wrc\/#listItem","name":"WRC"}},{"@type":"ListItem","@id":"https:\/\/www.worldrally.eu\/index.php\/category\/wrc\/#listItem","position":2,"name":"WRC","item":"https:\/\/www.worldrally.eu\/index.php\/category\/wrc\/","nextItem":{"@type":"ListItem","@id":"https:\/\/www.worldrally.eu\/index.php\/2023\/03\/30\/loubet-puma-to-swietne-auto\/#listItem","name":"Loubet &#8211; Puma to \u015bwietne auto"},"previousItem":{"@type":"ListItem","@id":"https:\/\/www.worldrally.eu#listItem","name":"Home"}},{"@type":"ListItem","@id":"https:\/\/www.worldrally.eu\/index.php\/2023\/03\/30\/loubet-puma-to-swietne-auto\/#listItem","position":3,"name":"Loubet &#8211; Puma to \u015bwietne auto","previousItem":{"@type":"ListItem","@id":"https:\/\/www.worldrally.eu\/index.php\/category\/wrc\/#listItem","name":"WRC"}}]},{"@type":"Organization","@id":"https:\/\/www.worldrally.eu\/#organization","name":"WorldRally.eu","url":"https:\/\/www.worldrally.eu\/","logo":{"@type":"ImageObject","url":"https:\/\/www.worldrally.eu\/wp-content\/uploads\/2026\/01\/cropped-logo-3.png","@id":"https:\/\/www.worldrally.eu\/index.php\/2023\/03\/30\/loubet-puma-to-swietne-auto\/#organizationLogo","width":2039,"height":756},"image":{"@id":"https:\/\/www.worldrally.eu\/index.php\/2023\/03\/30\/loubet-puma-to-swietne-auto\/#organizationLogo"}},{"@type":"Person","@id":"https:\/\/www.worldrally.eu\/index.php\/author\/admin\/#author","url":"https:\/\/www.worldrally.eu\/index.php\/author\/admin\/","name":"Junior","image":{"@type":"ImageObject","@id":"https:\/\/www.worldrally.eu\/index.php\/2023\/03\/30\/loubet-puma-to-swietne-auto\/#authorImage","url":"https:\/\/secure.gravatar.com\/avatar\/5bd369ac0447285dc20b588693ca1756d0179a7f957258050a42a968bf3b9d0a?s=96&d=mm&r=g","width":96,"height":96,"caption":"Junior"}},{"@type":"WebPage","@id":"https:\/\/www.worldrally.eu\/index.php\/2023\/03\/30\/loubet-puma-to-swietne-auto\/#webpage","url":"https:\/\/www.worldrally.eu\/index.php\/2023\/03\/30\/loubet-puma-to-swietne-auto\/","name":"Loubet \u2013 Puma to \u015bwietne auto \u00bb WorldRally.eu","description":"Pierre-Louis Loubet wyrazi\u0142 zaufanie do swojego M-Sport Forda Pumy, mimo \u017ce jego kolega z zespo\u0142u, Ott T\u00e4nak, przyzna\u0142, \u017ce nie czuje si\u0119 zsynchronizowany z samochodem na szutrze i jazda nie do ko\u0144ca sprawia mu satysfakcj\u0119. T\u00e4nak wygra\u0142 drug\u0105 rund\u0119 tegorocznych mistrzostw w Szwecji na \u015bniegu, jednak\u017ce po pierwszej rundzie szutrowej w Guanajuato Rally M\u00e9xico na","inLanguage":"en-GB","isPartOf":{"@id":"https:\/\/www.worldrally.eu\/#website"},"breadcrumb":{"@id":"https:\/\/www.worldrally.eu\/index.php\/2023\/03\/30\/loubet-puma-to-swietne-auto\/#breadcrumblist"},"author":{"@id":"https:\/\/www.worldrally.eu\/index.php\/author\/admin\/#author"},"creator":{"@id":"https:\/\/www.worldrally.eu\/index.php\/author\/admin\/#author"},"image":{"@type":"ImageObject","url":"https:\/\/www.worldrally.eu\/wp-content\/uploads\/2023\/04\/300323_RB_Loubet1_7dcf0_f_1400x788.jpg","@id":"https:\/\/www.worldrally.eu\/index.php\/2023\/03\/30\/loubet-puma-to-swietne-auto\/#mainImage","width":1400,"height":788},"primaryImageOfPage":{"@id":"https:\/\/www.worldrally.eu\/index.php\/2023\/03\/30\/loubet-puma-to-swietne-auto\/#mainImage"},"datePublished":"2023-03-30T21:00:00+00:00","dateModified":"2023-04-01T21:08:22+00:00"},{"@type":"WebSite","@id":"https:\/\/www.worldrally.eu\/#website","url":"https:\/\/www.worldrally.eu\/","name":"WorldRally.eu","inLanguage":"en-GB","publisher":{"@id":"https:\/\/www.worldrally.eu\/#organization"}}]},"og:locale":"en_GB","og:site_name":"WorldRally.eu \u00bb","og:type":"article","og:title":"Loubet \u2013 Puma to \u015bwietne auto \u00bb WorldRally.eu","og:description":"Pierre-Louis Loubet wyrazi\u0142 zaufanie do swojego M-Sport Forda Pumy, mimo \u017ce jego kolega z zespo\u0142u, Ott T\u00e4nak, przyzna\u0142, \u017ce nie czuje si\u0119 zsynchronizowany z samochodem na szutrze i jazda nie do ko\u0144ca sprawia mu satysfakcj\u0119. T\u00e4nak wygra\u0142 drug\u0105 rund\u0119 tegorocznych mistrzostw w Szwecji na \u015bniegu, jednak\u017ce po pierwszej rundzie szutrowej w Guanajuato Rally M\u00e9xico na","og:url":"https:\/\/www.worldrally.eu\/index.php\/2023\/03\/30\/loubet-puma-to-swietne-auto\/","og:image":"https:\/\/www.worldrally.eu\/wp-content\/uploads\/2023\/04\/300323_RB_Loubet1_7dcf0_f_1400x788.jpg","og:image:secure_url":"https:\/\/www.worldrally.eu\/wp-content\/uploads\/2023\/04\/300323_RB_Loubet1_7dcf0_f_1400x788.jpg","og:image:width":1400,"og:image:height":788,"article:published_time":"2023-03-30T21:00:00+00:00","article:modified_time":"2023-04-01T21:08:22+00:00","twitter:card":"summary_large_image","twitter:title":"Loubet \u2013 Puma to \u015bwietne auto \u00bb WorldRally.eu","twitter:description":"Pierre-Louis Loubet wyrazi\u0142 zaufanie do swojego M-Sport Forda Pumy, mimo \u017ce jego kolega z zespo\u0142u, Ott T\u00e4nak, przyzna\u0142, \u017ce nie czuje si\u0119 zsynchronizowany z samochodem na szutrze i jazda nie do ko\u0144ca sprawia mu satysfakcj\u0119. T\u00e4nak wygra\u0142 drug\u0105 rund\u0119 tegorocznych mistrzostw w Szwecji na \u015bniegu, jednak\u017ce po pierwszej rundzie szutrowej w Guanajuato Rally M\u00e9xico na","twitter:image":"https:\/\/www.worldrally.eu\/wp-content\/uploads\/2023\/04\/300323_RB_Loubet1_7dcf0_f_1400x788.jpg"},"aioseo_meta_data":{"post_id":"950","title":null,"description":null,"keywords":null,"keyphrases":null,"primary_term":null,"canonical_url":null,"og_title":null,"og_description":null,"og_object_type":"default","og_image_type":"default","og_image_url":null,"og_image_width":null,"og_image_height":null,"og_image_custom_url":null,"og_image_custom_fields":null,"og_video":null,"og_custom_url":null,"og_article_section":null,"og_article_tags":null,"twitter_use_og":false,"twitter_card":"default","twitter_image_type":"default","twitter_image_url":null,"twitter_image_custom_url":null,"twitter_image_custom_fields":null,"twitter_title":null,"twitter_description":null,"schema":{"blockGraphs":[],"customGraphs":[],"default":{"data":{"Article":[],"Course":[],"Dataset":[],"FAQPage":[],"Movie":[],"Person":[],"Product":[],"ProductReview":[],"Car":[],"Recipe":[],"Service":[],"SoftwareApplication":[],"WebPage":[]},"graphName":"","isEnabled":true},"graphs":[]},"schema_type":"default","schema_type_options":null,"pillar_content":false,"robots_default":true,"robots_noindex":false,"robots_noarchive":false,"robots_nosnippet":false,"robots_nofollow":false,"robots_noimageindex":false,"robots_noodp":false,"robots_notranslate":false,"robots_max_snippet":null,"robots_max_videopreview":null,"robots_max_imagepreview":"large","priority":null,"frequency":null,"local_seo":null,"breadcrumb_settings":null,"limit_modified_date":false,"ai":null,"created":"2025-03-22 06:05:09","updated":"2025-10-26 09:45:23","seo_analyzer_scan_date":null},"aioseo_breadcrumb":"<div class=\"aioseo-breadcrumbs\"><span class=\"aioseo-breadcrumb\">\n\t\t\t<a href=\"https:\/\/www.worldrally.eu\" title=\"Home\">Home<\/a>\n\t\t<\/span><span class=\"aioseo-breadcrumb-separator\">&raquo;<\/span><span class=\"aioseo-breadcrumb\">\n\t\t\t<a href=\"https:\/\/www.worldrally.eu\/index.php\/category\/wrc\/\" title=\"WRC\">WRC<\/a>\n\t\t<\/span><span class=\"aioseo-breadcrumb-separator\">&raquo;<\/span><span class=\"aioseo-breadcrumb\">\n\t\t\tLoubet \u2013 Puma to \u015bwietne auto\n\t\t<\/span><\/div>","aioseo_breadcrumb_json":[{"label":"Home","link":"https:\/\/www.worldrally.eu"},{"label":"WRC","link":"https:\/\/www.worldrally.eu\/index.php\/category\/wrc\/"},{"label":"Loubet &#8211; Puma to \u015bwietne auto","link":"https:\/\/www.worldrally.eu\/index.php\/2023\/03\/30\/loubet-puma-to-swietne-auto\/"}],"cc_featured_image_caption":{"caption_text":"Foto - WRC.com","source_text":"","source_url":""},"_links":{"self":[{"href":"https:\/\/www.worldrally.eu\/index.php\/wp-json\/wp\/v2\/posts\/950","targetHints":{"allow":["GET"]}}],"collection":[{"href":"https:\/\/www.worldrally.eu\/index.php\/wp-json\/wp\/v2\/posts"}],"about":[{"href":"https:\/\/www.worldrally.eu\/index.php\/wp-json\/wp\/v2\/types\/post"}],"author":[{"embeddable":true,"href":"https:\/\/www.worldrally.eu\/index.php\/wp-json\/wp\/v2\/users\/1"}],"replies":[{"embeddable":true,"href":"https:\/\/www.worldrally.eu\/index.php\/wp-json\/wp\/v2\/comments?post=950"}],"version-history":[{"count":1,"href":"https:\/\/www.worldrally.eu\/index.php\/wp-json\/wp\/v2\/posts\/950\/revisions"}],"predecessor-version":[{"id":952,"href":"https:\/\/www.worldrally.eu\/index.php\/wp-json\/wp\/v2\/posts\/950\/revisions\/952"}],"wp:featuredmedia":[{"embeddable":true,"href":"https:\/\/www.worldrally.eu\/index.php\/wp-json\/wp\/v2\/media\/951"}],"wp:attachment":[{"href":"https:\/\/www.worldrally.eu\/index.php\/wp-json\/wp\/v2\/media?parent=950"}],"wp:term":[{"taxonomy":"category","embeddable":true,"href":"https:\/\/www.worldrally.eu\/index.php\/wp-json\/wp\/v2\/categories?post=950"},{"taxonomy":"post_tag","embeddable":true,"href":"https:\/\/www.worldrally.eu\/index.php\/wp-json\/wp\/v2\/tags?post=950"}],"curies":[{"name":"wp","href":"https:\/\/api.w.org\/{rel}","templated":true}]}}