{"id":944,"date":"2023-03-31T22:35:33","date_gmt":"2023-03-31T22:35:33","guid":{"rendered":"https:\/\/www.worldrally.eu\/?p=944"},"modified":"2023-03-31T22:35:34","modified_gmt":"2023-03-31T22:35:34","slug":"loeb-liderem-rally-azores","status":"publish","type":"post","link":"https:\/\/www.worldrally.eu\/index.php\/2023\/03\/31\/loeb-liderem-rally-azores\/","title":{"rendered":"Loeb liderem Rally Azores"},"content":{"rendered":"\n<p class=\"wp-block-paragraph\">S\u00e9bastien Loeb &amp; Laurene Godey jadcy autem Skoda Fabia RS Rally 2 zdominowali pierwszy dzie\u0144 57. Rajdu Azor\u00f3w, wy\u015bcigu \u0142\u0105cz\u0105cego Tour European Rally Series i Rajdowe Mistrzostwa Azor\u00f3w, kt\u00f3ry odbywa si\u0119 na wyspie S\u00e3o Miguel. Francuski duet wygra\u0142 cztery z pi\u0119ciu spornych dzisiaj test\u00f3w specjalnych odcink\u00f3w specjalnych, jedynie ostatni pad \u0142upem Norwega Andreasa Mikkelsena<\/p>\n\n\n\n<p class=\"wp-block-paragraph\">Rajd Azor\u00f3w rozpocz\u0105\u0142 si\u0119 dzisiaj pi\u0119cioma wy\u015bcigami specjalnymi , dwoma przejazdami przez Feteiras, dwoma przejazdami przez Sete Cidades i jednym przejazdem przez Grupo Marques.<\/p>\n\n\n\n<p class=\"wp-block-paragraph\">Na czele rajdu stoi duet S\u00e9bastien Loeb- Laurene Godey. Dziewi\u0119ciokrotny mistrz \u015bwiata po prostu nie wygra\u0142 przejazdu przez Grup\u0119 Marques, ko\u0144cz\u0105c dzie\u0144 z przewag\u0105 15,1 sekundy dla Andreasa Mikkelsena &amp; Torsteina Eriksena  jad\u0105cy autem Skoda Fabia RS Rally2. Norweskiemu duetowi uda\u0142o si\u0119 pokona\u0107 Loeba na odcinku specjalnym Marques Group. Dalej wirtualne podium uzupe\u0142ni\u0142 kolejny Norweski  duet Ole Christian Veiby &amp; Stig Rune Skjaermoen tak\u017ce maj\u0105cy do dyspozycji auto Skoda Fabia RS Rally2, kt\u00f3ry ma ju\u017c 36,1 sekundy straty do pierwszej pozycji.<\/p>\n\n\n\n<p class=\"wp-block-paragraph\"><\/p>\n\n\n\n<figure class=\"wp-block-table\"><table><tbody><tr><td>1.<\/td><td><img decoding=\"async\" src=\"https:\/\/www.ewrc-results.com\/images\/flags2\/france.png\" alt=\"flag\"><br>#1<\/td><td><img decoding=\"async\" src=\"https:\/\/www.ewrc-results.com\/images\/icon\/skoda2023b.png\" alt=\"logo\"> <a href=\"https:\/\/www.ewrc-results.com\/entryinfo\/81018-azores-rallye-2023\/3668006\/\">Loeb S\u00e9bastien &#8211; Godey Laur\u00e8ne<\/a><br>\u0160koda Fabia RS Rally2 <img decoding=\"async\" src=\"https:\/\/www.ewrc-results.com\/images\/tyres\/michelin_red.png\" alt=\"tyre\"><\/td><td>RC2<\/td><td>24:51.8<br><\/td><td><\/td><td>95.1<\/td><\/tr><tr><td>2.<\/td><td><img decoding=\"async\" src=\"https:\/\/www.ewrc-results.com\/images\/flags2\/norway.png\" alt=\"flag\"><br>#2<\/td><td><img decoding=\"async\" src=\"https:\/\/www.ewrc-results.com\/images\/icon\/skoda2023b.png\" alt=\"logo\"> <a href=\"https:\/\/www.ewrc-results.com\/entryinfo\/81018-azores-rallye-2023\/3666171\/\">Mikkelsen Andreas &#8211; Eriksen T.<\/a><br>\u0160koda Fabia RS Rally2 <img decoding=\"async\" src=\"https:\/\/www.ewrc-results.com\/images\/tyres\/pirelli_red.png\" alt=\"tyre\"><\/td><td>RC2<\/td><td>25:06.9<br><\/td><td>+15.1<br>+15.1<\/td><td>94.2<br>0.38<\/td><\/tr><tr><td>3.<\/td><td><img decoding=\"async\" src=\"https:\/\/www.ewrc-results.com\/images\/flags2\/norway.png\" alt=\"flag\"><br>#6<\/td><td><img decoding=\"async\" src=\"https:\/\/www.ewrc-results.com\/images\/icon\/skoda2023b.png\" alt=\"logo\"> <a href=\"https:\/\/www.ewrc-results.com\/entryinfo\/81018-azores-rallye-2023\/3667188\/\">Veiby O. &#8211; Skj\u00e6rmoen S.<\/a><br>\u0160koda Fabia RS Rally2 <img decoding=\"async\" src=\"https:\/\/www.ewrc-results.com\/images\/tyres\/pirelli_red.png\" alt=\"tyre\"><\/td><td>RC2<\/td><td>25:27.9<br><\/td><td>+36.1<br>+21.0<\/td><td>92.9<br>0.92<\/td><\/tr><tr><td>4.<\/td><td><img decoding=\"async\" src=\"https:\/\/www.ewrc-results.com\/images\/flags2\/portugal.png\" alt=\"flag\"><br>#4<\/td><td><img decoding=\"async\" src=\"https:\/\/www.ewrc-results.com\/images\/icon\/skoda.png\" alt=\"logo\"> <a href=\"https:\/\/www.ewrc-results.com\/entryinfo\/81018-azores-rallye-2023\/3675703\/\">Moura Ricardo &#8211; Costa Ant\u00f3nio<\/a><br>\u0160koda Fabia Rally2 evo <img decoding=\"async\" src=\"https:\/\/www.ewrc-results.com\/images\/tyres\/michelin_red.png\" alt=\"tyre\"><\/td><td>RC2<\/td><td>25:43.3<br><\/td><td>+51.5<br>+15.4<\/td><td>92.0<br>1.31<\/td><\/tr><tr><td>5.<\/td><td><img decoding=\"async\" src=\"https:\/\/www.ewrc-results.com\/images\/flags2\/czech.png\" alt=\"flag\"><br>#5<\/td><td><img decoding=\"async\" src=\"https:\/\/www.ewrc-results.com\/images\/icon\/skoda2023b.png\" alt=\"logo\"> <a href=\"https:\/\/www.ewrc-results.com\/entryinfo\/81018-azores-rallye-2023\/3669087\/\">Cais Erik &#8211; T\u011b\u0161\u00ednsk\u00fd Petr<\/a><br>\u0160koda Fabia RS Rally2 <img decoding=\"async\" src=\"https:\/\/www.ewrc-results.com\/images\/tyres\/michelin_red.png\" alt=\"tyre\"><\/td><td>RC2<\/td><td>25:43.6<br><\/td><td>+51.8<br>+0.3<\/td><td>91.9<br>1.31<\/td><\/tr><tr><td>6.<\/td><td><img decoding=\"async\" src=\"https:\/\/www.ewrc-results.com\/images\/flags2\/spain.png\" alt=\"flag\"><br>#7<\/td><td><img decoding=\"async\" src=\"https:\/\/www.ewrc-results.com\/images\/icon\/skoda.png\" alt=\"logo\"> <a href=\"https:\/\/www.ewrc-results.com\/entryinfo\/81018-azores-rallye-2023\/3670944\/\">Solans Nil &#8211; Mart\u00ed Marc<\/a><br>\u0160koda Fabia Rally2 evo <img decoding=\"async\" src=\"https:\/\/www.ewrc-results.com\/images\/tyres\/pirelli_red.png\" alt=\"tyre\"><\/td><td>RC2<\/td><td>25:48.4<br><\/td><td>+56.6<br>+4.8<\/td><td>91.7<br>1.44<\/td><\/tr><tr><td>7.<br>+1<\/td><td><img decoding=\"async\" src=\"https:\/\/www.ewrc-results.com\/images\/flags2\/portugal.png\" alt=\"flag\"><br>#3<\/td><td><img decoding=\"async\" src=\"https:\/\/www.ewrc-results.com\/images\/icon\/skoda.png\" alt=\"logo\"> <a href=\"https:\/\/www.ewrc-results.com\/entryinfo\/81018-azores-rallye-2023\/3668206\/\">Rego Jr. Lu\u00eds &#8211; Henriques Jorge<\/a><br>\u0160koda Fabia Rally2 evo <img decoding=\"async\" src=\"https:\/\/www.ewrc-results.com\/images\/tyres\/michelin_red.png\" alt=\"tyre\"><\/td><td>RC2<\/td><td>26:24.5<br><\/td><td>+1:32.7<br>+36.1<\/td><td>89.6<br>2.35<\/td><\/tr><tr><td>8.<br>+1<\/td><td><img decoding=\"async\" src=\"https:\/\/www.ewrc-results.com\/images\/flags2\/portugal.png\" alt=\"flag\"><br>#9<\/td><td><img decoding=\"async\" src=\"https:\/\/www.ewrc-results.com\/images\/icon\/skoda.png\" alt=\"logo\"> <a href=\"https:\/\/www.ewrc-results.com\/entryinfo\/81018-azores-rallye-2023\/3668208\/\">Rodrigues R\u00faben &#8211; Rodrigues E.<\/a><br>\u0160koda Fabia Rally2 evo <img decoding=\"async\" src=\"https:\/\/www.ewrc-results.com\/images\/tyres\/michelin_red.png\" alt=\"tyre\"><\/td><td>RC2<\/td><td>26:30.3<br><\/td><td>+1:38.5<br>+5.8<\/td><td>89.2<br>2.50<\/td><\/tr><tr><td>9.<br>\u22122<\/td><td><img decoding=\"async\" src=\"https:\/\/www.ewrc-results.com\/images\/flags2\/portugal.png\" alt=\"flag\"><br>#11<\/td><td><img decoding=\"async\" src=\"https:\/\/www.ewrc-results.com\/images\/icon\/citroen2009.png\" alt=\"logo\"> <a href=\"https:\/\/www.ewrc-results.com\/entryinfo\/81018-azores-rallye-2023\/3668207\/\">C\u00e2mara Pedro &#8211; C\u00e2mara Jo\u00e3o<\/a><br>Citro\u00ebn C3 Rally2 <img decoding=\"async\" src=\"https:\/\/www.ewrc-results.com\/images\/tyres\/pirelli_red.png\" alt=\"tyre\"><\/td><td>RC2<\/td><td>26:40.4<br><\/td><td>+1:48.6<br>+10.1<\/td><td>88.7<br>2.75<\/td><\/tr><tr><td>10.<\/td><td><img decoding=\"async\" src=\"https:\/\/www.ewrc-results.com\/images\/flags2\/portugal.png\" alt=\"flag\"><br>#8<\/td><td><img decoding=\"async\" src=\"https:\/\/www.ewrc-results.com\/images\/icon\/ford.png\" alt=\"logo\"> <a href=\"https:\/\/www.ewrc-results.com\/entryinfo\/81018-azores-rallye-2023\/3675704\/\">Amaral Bruno &#8211; Eir\u00f3 Sancho<\/a><br>Ford Fiesta R5 <img decoding=\"async\" src=\"https:\/\/www.ewrc-results.com\/images\/tyres\/pirelli_red.png\" alt=\"tyre\"><\/td><td>RC2<\/td><td>27:22.9<br><\/td><td>+2:31.1<br>+42.5<\/td><td>86.4<br>3.83<\/td><\/tr><\/tbody><\/table><\/figure>\n","protected":false},"excerpt":{"rendered":"<p>S\u00e9bastien Loeb &amp; Laurene Godey jadcy autem Skoda Fabia RS Rally 2 zdominowali pierwszy dzie\u0144 57. Rajdu Azor\u00f3w, wy\u015bcigu \u0142\u0105cz\u0105cego Tour European Rally Series i Rajdowe Mistrzostwa Azor\u00f3w, kt\u00f3ry odbywa si\u0119 na wyspie S\u00e3o Miguel. Francuski duet wygra\u0142 cztery z pi\u0119ciu spornych dzisiaj test\u00f3w specjalnych odcink\u00f3w specjalnych, jedynie ostatni pad \u0142upem Norwega Andreasa Mikkelsena Rajd [&hellip;]<\/p>\n","protected":false},"author":1,"featured_media":945,"comment_status":"closed","ping_status":"closed","sticky":false,"template":"","format":"standard","meta":{"_monsterinsights_skip_tracking":false,"_monsterinsights_sitenote_active":false,"_monsterinsights_sitenote_note":"","_monsterinsights_sitenote_category":0,"footnotes":""},"categories":[11,9],"tags":[],"class_list":["post-944","post","type-post","status-publish","format-standard","has-post-thumbnail","hentry","category-azores-rally","category-rajdy"],"aioseo_notices":[],"aioseo_head":"\n\t\t<!-- All in One SEO 4.9.9 - aioseo.com -->\n\t<meta name=\"description\" content=\"S\u00e9bastien Loeb &amp; Laurene Godey jadcy autem Skoda Fabia RS Rally 2 zdominowali pierwszy dzie\u0144 57. Rajdu Azor\u00f3w, wy\u015bcigu \u0142\u0105cz\u0105cego Tour European Rally Series i Rajdowe Mistrzostwa Azor\u00f3w, kt\u00f3ry odbywa si\u0119 na wyspie S\u00e3o Miguel. Francuski duet wygra\u0142 cztery z pi\u0119ciu spornych dzisiaj test\u00f3w specjalnych odcink\u00f3w specjalnych, jedynie ostatni pad \u0142upem Norwega Andreasa Mikkelsena Rajd\" \/>\n\t<meta name=\"robots\" content=\"max-image-preview:large\" \/>\n\t<meta name=\"author\" content=\"Junior\"\/>\n\t<link rel=\"canonical\" href=\"https:\/\/www.worldrally.eu\/index.php\/2023\/03\/31\/loeb-liderem-rally-azores\/\" \/>\n\t<meta name=\"generator\" content=\"All in One SEO (AIOSEO) 4.9.9\" \/>\n\t\t<meta property=\"og:locale\" content=\"en_GB\" \/>\n\t\t<meta property=\"og:site_name\" content=\"WorldRally.eu \u00bb\" \/>\n\t\t<meta property=\"og:type\" content=\"article\" \/>\n\t\t<meta property=\"og:title\" content=\"Loeb liderem Rally Azores \u00bb WorldRally.eu\" \/>\n\t\t<meta property=\"og:description\" content=\"S\u00e9bastien Loeb &amp; Laurene Godey jadcy autem Skoda Fabia RS Rally 2 zdominowali pierwszy dzie\u0144 57. Rajdu Azor\u00f3w, wy\u015bcigu \u0142\u0105cz\u0105cego Tour European Rally Series i Rajdowe Mistrzostwa Azor\u00f3w, kt\u00f3ry odbywa si\u0119 na wyspie S\u00e3o Miguel. Francuski duet wygra\u0142 cztery z pi\u0119ciu spornych dzisiaj test\u00f3w specjalnych odcink\u00f3w specjalnych, jedynie ostatni pad \u0142upem Norwega Andreasa Mikkelsena Rajd\" \/>\n\t\t<meta property=\"og:url\" content=\"https:\/\/www.worldrally.eu\/index.php\/2023\/03\/31\/loeb-liderem-rally-azores\/\" \/>\n\t\t<meta property=\"og:image\" content=\"https:\/\/www.worldrally.eu\/wp-content\/uploads\/2023\/03\/thumbs.web_.sapo_.jpg\" \/>\n\t\t<meta property=\"og:image:secure_url\" content=\"https:\/\/www.worldrally.eu\/wp-content\/uploads\/2023\/03\/thumbs.web_.sapo_.jpg\" \/>\n\t\t<meta property=\"og:image:width\" content=\"1620\" \/>\n\t\t<meta property=\"og:image:height\" content=\"1080\" \/>\n\t\t<meta property=\"article:published_time\" content=\"2023-03-31T22:35:33+00:00\" \/>\n\t\t<meta property=\"article:modified_time\" content=\"2023-03-31T22:35:34+00:00\" \/>\n\t\t<meta name=\"twitter:card\" content=\"summary_large_image\" \/>\n\t\t<meta name=\"twitter:title\" content=\"Loeb liderem Rally Azores \u00bb WorldRally.eu\" \/>\n\t\t<meta name=\"twitter:description\" content=\"S\u00e9bastien Loeb &amp; Laurene Godey jadcy autem Skoda Fabia RS Rally 2 zdominowali pierwszy dzie\u0144 57. Rajdu Azor\u00f3w, wy\u015bcigu \u0142\u0105cz\u0105cego Tour European Rally Series i Rajdowe Mistrzostwa Azor\u00f3w, kt\u00f3ry odbywa si\u0119 na wyspie S\u00e3o Miguel. Francuski duet wygra\u0142 cztery z pi\u0119ciu spornych dzisiaj test\u00f3w specjalnych odcink\u00f3w specjalnych, jedynie ostatni pad \u0142upem Norwega Andreasa Mikkelsena Rajd\" \/>\n\t\t<meta name=\"twitter:image\" content=\"https:\/\/www.worldrally.eu\/wp-content\/uploads\/2023\/03\/thumbs.web_.sapo_.jpg\" \/>\n\t\t<script type=\"application\/ld+json\" class=\"aioseo-schema\">\n\t\t\t{\"@context\":\"https:\\\/\\\/schema.org\",\"@graph\":[{\"@type\":\"BlogPosting\",\"@id\":\"https:\\\/\\\/www.worldrally.eu\\\/index.php\\\/2023\\\/03\\\/31\\\/loeb-liderem-rally-azores\\\/#blogposting\",\"name\":\"Loeb liderem Rally Azores \\u00bb WorldRally.eu\",\"headline\":\"Loeb liderem Rally Azores\",\"author\":{\"@id\":\"https:\\\/\\\/www.worldrally.eu\\\/index.php\\\/author\\\/admin\\\/#author\"},\"publisher\":{\"@id\":\"https:\\\/\\\/www.worldrally.eu\\\/#organization\"},\"image\":{\"@type\":\"ImageObject\",\"url\":\"https:\\\/\\\/www.worldrally.eu\\\/wp-content\\\/uploads\\\/2023\\\/03\\\/thumbs.web_.sapo_.jpg\",\"width\":1620,\"height\":1080},\"datePublished\":\"2023-03-31T22:35:33+00:00\",\"dateModified\":\"2023-03-31T22:35:34+00:00\",\"inLanguage\":\"en-GB\",\"mainEntityOfPage\":{\"@id\":\"https:\\\/\\\/www.worldrally.eu\\\/index.php\\\/2023\\\/03\\\/31\\\/loeb-liderem-rally-azores\\\/#webpage\"},\"isPartOf\":{\"@id\":\"https:\\\/\\\/www.worldrally.eu\\\/index.php\\\/2023\\\/03\\\/31\\\/loeb-liderem-rally-azores\\\/#webpage\"},\"articleSection\":\"Azores Rally, Rajdy\"},{\"@type\":\"BreadcrumbList\",\"@id\":\"https:\\\/\\\/www.worldrally.eu\\\/index.php\\\/2023\\\/03\\\/31\\\/loeb-liderem-rally-azores\\\/#breadcrumblist\",\"itemListElement\":[{\"@type\":\"ListItem\",\"@id\":\"https:\\\/\\\/www.worldrally.eu#listItem\",\"position\":1,\"name\":\"Home\",\"item\":\"https:\\\/\\\/www.worldrally.eu\",\"nextItem\":{\"@type\":\"ListItem\",\"@id\":\"https:\\\/\\\/www.worldrally.eu\\\/index.php\\\/category\\\/rajdy\\\/#listItem\",\"name\":\"Rajdy\"}},{\"@type\":\"ListItem\",\"@id\":\"https:\\\/\\\/www.worldrally.eu\\\/index.php\\\/category\\\/rajdy\\\/#listItem\",\"position\":2,\"name\":\"Rajdy\",\"item\":\"https:\\\/\\\/www.worldrally.eu\\\/index.php\\\/category\\\/rajdy\\\/\",\"nextItem\":{\"@type\":\"ListItem\",\"@id\":\"https:\\\/\\\/www.worldrally.eu\\\/index.php\\\/2023\\\/03\\\/31\\\/loeb-liderem-rally-azores\\\/#listItem\",\"name\":\"Loeb liderem Rally Azores\"},\"previousItem\":{\"@type\":\"ListItem\",\"@id\":\"https:\\\/\\\/www.worldrally.eu#listItem\",\"name\":\"Home\"}},{\"@type\":\"ListItem\",\"@id\":\"https:\\\/\\\/www.worldrally.eu\\\/index.php\\\/2023\\\/03\\\/31\\\/loeb-liderem-rally-azores\\\/#listItem\",\"position\":3,\"name\":\"Loeb liderem Rally Azores\",\"previousItem\":{\"@type\":\"ListItem\",\"@id\":\"https:\\\/\\\/www.worldrally.eu\\\/index.php\\\/category\\\/rajdy\\\/#listItem\",\"name\":\"Rajdy\"}}]},{\"@type\":\"Organization\",\"@id\":\"https:\\\/\\\/www.worldrally.eu\\\/#organization\",\"name\":\"WorldRally.eu\",\"url\":\"https:\\\/\\\/www.worldrally.eu\\\/\",\"logo\":{\"@type\":\"ImageObject\",\"url\":\"https:\\\/\\\/www.worldrally.eu\\\/wp-content\\\/uploads\\\/2026\\\/01\\\/cropped-logo-3.png\",\"@id\":\"https:\\\/\\\/www.worldrally.eu\\\/index.php\\\/2023\\\/03\\\/31\\\/loeb-liderem-rally-azores\\\/#organizationLogo\",\"width\":2039,\"height\":756},\"image\":{\"@id\":\"https:\\\/\\\/www.worldrally.eu\\\/index.php\\\/2023\\\/03\\\/31\\\/loeb-liderem-rally-azores\\\/#organizationLogo\"}},{\"@type\":\"Person\",\"@id\":\"https:\\\/\\\/www.worldrally.eu\\\/index.php\\\/author\\\/admin\\\/#author\",\"url\":\"https:\\\/\\\/www.worldrally.eu\\\/index.php\\\/author\\\/admin\\\/\",\"name\":\"Junior\",\"image\":{\"@type\":\"ImageObject\",\"@id\":\"https:\\\/\\\/www.worldrally.eu\\\/index.php\\\/2023\\\/03\\\/31\\\/loeb-liderem-rally-azores\\\/#authorImage\",\"url\":\"https:\\\/\\\/secure.gravatar.com\\\/avatar\\\/5bd369ac0447285dc20b588693ca1756d0179a7f957258050a42a968bf3b9d0a?s=96&d=mm&r=g\",\"width\":96,\"height\":96,\"caption\":\"Junior\"}},{\"@type\":\"WebPage\",\"@id\":\"https:\\\/\\\/www.worldrally.eu\\\/index.php\\\/2023\\\/03\\\/31\\\/loeb-liderem-rally-azores\\\/#webpage\",\"url\":\"https:\\\/\\\/www.worldrally.eu\\\/index.php\\\/2023\\\/03\\\/31\\\/loeb-liderem-rally-azores\\\/\",\"name\":\"Loeb liderem Rally Azores \\u00bb WorldRally.eu\",\"description\":\"S\\u00e9bastien Loeb & Laurene Godey jadcy autem Skoda Fabia RS Rally 2 zdominowali pierwszy dzie\\u0144 57. Rajdu Azor\\u00f3w, wy\\u015bcigu \\u0142\\u0105cz\\u0105cego Tour European Rally Series i Rajdowe Mistrzostwa Azor\\u00f3w, kt\\u00f3ry odbywa si\\u0119 na wyspie S\\u00e3o Miguel. Francuski duet wygra\\u0142 cztery z pi\\u0119ciu spornych dzisiaj test\\u00f3w specjalnych odcink\\u00f3w specjalnych, jedynie ostatni pad \\u0142upem Norwega Andreasa Mikkelsena Rajd\",\"inLanguage\":\"en-GB\",\"isPartOf\":{\"@id\":\"https:\\\/\\\/www.worldrally.eu\\\/#website\"},\"breadcrumb\":{\"@id\":\"https:\\\/\\\/www.worldrally.eu\\\/index.php\\\/2023\\\/03\\\/31\\\/loeb-liderem-rally-azores\\\/#breadcrumblist\"},\"author\":{\"@id\":\"https:\\\/\\\/www.worldrally.eu\\\/index.php\\\/author\\\/admin\\\/#author\"},\"creator\":{\"@id\":\"https:\\\/\\\/www.worldrally.eu\\\/index.php\\\/author\\\/admin\\\/#author\"},\"image\":{\"@type\":\"ImageObject\",\"url\":\"https:\\\/\\\/www.worldrally.eu\\\/wp-content\\\/uploads\\\/2023\\\/03\\\/thumbs.web_.sapo_.jpg\",\"@id\":\"https:\\\/\\\/www.worldrally.eu\\\/index.php\\\/2023\\\/03\\\/31\\\/loeb-liderem-rally-azores\\\/#mainImage\",\"width\":1620,\"height\":1080},\"primaryImageOfPage\":{\"@id\":\"https:\\\/\\\/www.worldrally.eu\\\/index.php\\\/2023\\\/03\\\/31\\\/loeb-liderem-rally-azores\\\/#mainImage\"},\"datePublished\":\"2023-03-31T22:35:33+00:00\",\"dateModified\":\"2023-03-31T22:35:34+00:00\"},{\"@type\":\"WebSite\",\"@id\":\"https:\\\/\\\/www.worldrally.eu\\\/#website\",\"url\":\"https:\\\/\\\/www.worldrally.eu\\\/\",\"name\":\"WorldRally.eu\",\"inLanguage\":\"en-GB\",\"publisher\":{\"@id\":\"https:\\\/\\\/www.worldrally.eu\\\/#organization\"}}]}\n\t\t<\/script>\n\t\t<!-- All in One SEO -->\n\n","aioseo_head_json":{"title":"Loeb liderem Rally Azores \u00bb WorldRally.eu","description":"S\u00e9bastien Loeb & Laurene Godey jadcy autem Skoda Fabia RS Rally 2 zdominowali pierwszy dzie\u0144 57. Rajdu Azor\u00f3w, wy\u015bcigu \u0142\u0105cz\u0105cego Tour European Rally Series i Rajdowe Mistrzostwa Azor\u00f3w, kt\u00f3ry odbywa si\u0119 na wyspie S\u00e3o Miguel. Francuski duet wygra\u0142 cztery z pi\u0119ciu spornych dzisiaj test\u00f3w specjalnych odcink\u00f3w specjalnych, jedynie ostatni pad \u0142upem Norwega Andreasa Mikkelsena Rajd","canonical_url":"https:\/\/www.worldrally.eu\/index.php\/2023\/03\/31\/loeb-liderem-rally-azores\/","robots":"max-image-preview:large","keywords":"","webmasterTools":{"miscellaneous":""},"schema":{"@context":"https:\/\/schema.org","@graph":[{"@type":"BlogPosting","@id":"https:\/\/www.worldrally.eu\/index.php\/2023\/03\/31\/loeb-liderem-rally-azores\/#blogposting","name":"Loeb liderem Rally Azores \u00bb WorldRally.eu","headline":"Loeb liderem Rally Azores","author":{"@id":"https:\/\/www.worldrally.eu\/index.php\/author\/admin\/#author"},"publisher":{"@id":"https:\/\/www.worldrally.eu\/#organization"},"image":{"@type":"ImageObject","url":"https:\/\/www.worldrally.eu\/wp-content\/uploads\/2023\/03\/thumbs.web_.sapo_.jpg","width":1620,"height":1080},"datePublished":"2023-03-31T22:35:33+00:00","dateModified":"2023-03-31T22:35:34+00:00","inLanguage":"en-GB","mainEntityOfPage":{"@id":"https:\/\/www.worldrally.eu\/index.php\/2023\/03\/31\/loeb-liderem-rally-azores\/#webpage"},"isPartOf":{"@id":"https:\/\/www.worldrally.eu\/index.php\/2023\/03\/31\/loeb-liderem-rally-azores\/#webpage"},"articleSection":"Azores Rally, Rajdy"},{"@type":"BreadcrumbList","@id":"https:\/\/www.worldrally.eu\/index.php\/2023\/03\/31\/loeb-liderem-rally-azores\/#breadcrumblist","itemListElement":[{"@type":"ListItem","@id":"https:\/\/www.worldrally.eu#listItem","position":1,"name":"Home","item":"https:\/\/www.worldrally.eu","nextItem":{"@type":"ListItem","@id":"https:\/\/www.worldrally.eu\/index.php\/category\/rajdy\/#listItem","name":"Rajdy"}},{"@type":"ListItem","@id":"https:\/\/www.worldrally.eu\/index.php\/category\/rajdy\/#listItem","position":2,"name":"Rajdy","item":"https:\/\/www.worldrally.eu\/index.php\/category\/rajdy\/","nextItem":{"@type":"ListItem","@id":"https:\/\/www.worldrally.eu\/index.php\/2023\/03\/31\/loeb-liderem-rally-azores\/#listItem","name":"Loeb liderem Rally Azores"},"previousItem":{"@type":"ListItem","@id":"https:\/\/www.worldrally.eu#listItem","name":"Home"}},{"@type":"ListItem","@id":"https:\/\/www.worldrally.eu\/index.php\/2023\/03\/31\/loeb-liderem-rally-azores\/#listItem","position":3,"name":"Loeb liderem Rally Azores","previousItem":{"@type":"ListItem","@id":"https:\/\/www.worldrally.eu\/index.php\/category\/rajdy\/#listItem","name":"Rajdy"}}]},{"@type":"Organization","@id":"https:\/\/www.worldrally.eu\/#organization","name":"WorldRally.eu","url":"https:\/\/www.worldrally.eu\/","logo":{"@type":"ImageObject","url":"https:\/\/www.worldrally.eu\/wp-content\/uploads\/2026\/01\/cropped-logo-3.png","@id":"https:\/\/www.worldrally.eu\/index.php\/2023\/03\/31\/loeb-liderem-rally-azores\/#organizationLogo","width":2039,"height":756},"image":{"@id":"https:\/\/www.worldrally.eu\/index.php\/2023\/03\/31\/loeb-liderem-rally-azores\/#organizationLogo"}},{"@type":"Person","@id":"https:\/\/www.worldrally.eu\/index.php\/author\/admin\/#author","url":"https:\/\/www.worldrally.eu\/index.php\/author\/admin\/","name":"Junior","image":{"@type":"ImageObject","@id":"https:\/\/www.worldrally.eu\/index.php\/2023\/03\/31\/loeb-liderem-rally-azores\/#authorImage","url":"https:\/\/secure.gravatar.com\/avatar\/5bd369ac0447285dc20b588693ca1756d0179a7f957258050a42a968bf3b9d0a?s=96&d=mm&r=g","width":96,"height":96,"caption":"Junior"}},{"@type":"WebPage","@id":"https:\/\/www.worldrally.eu\/index.php\/2023\/03\/31\/loeb-liderem-rally-azores\/#webpage","url":"https:\/\/www.worldrally.eu\/index.php\/2023\/03\/31\/loeb-liderem-rally-azores\/","name":"Loeb liderem Rally Azores \u00bb WorldRally.eu","description":"S\u00e9bastien Loeb & Laurene Godey jadcy autem Skoda Fabia RS Rally 2 zdominowali pierwszy dzie\u0144 57. Rajdu Azor\u00f3w, wy\u015bcigu \u0142\u0105cz\u0105cego Tour European Rally Series i Rajdowe Mistrzostwa Azor\u00f3w, kt\u00f3ry odbywa si\u0119 na wyspie S\u00e3o Miguel. Francuski duet wygra\u0142 cztery z pi\u0119ciu spornych dzisiaj test\u00f3w specjalnych odcink\u00f3w specjalnych, jedynie ostatni pad \u0142upem Norwega Andreasa Mikkelsena Rajd","inLanguage":"en-GB","isPartOf":{"@id":"https:\/\/www.worldrally.eu\/#website"},"breadcrumb":{"@id":"https:\/\/www.worldrally.eu\/index.php\/2023\/03\/31\/loeb-liderem-rally-azores\/#breadcrumblist"},"author":{"@id":"https:\/\/www.worldrally.eu\/index.php\/author\/admin\/#author"},"creator":{"@id":"https:\/\/www.worldrally.eu\/index.php\/author\/admin\/#author"},"image":{"@type":"ImageObject","url":"https:\/\/www.worldrally.eu\/wp-content\/uploads\/2023\/03\/thumbs.web_.sapo_.jpg","@id":"https:\/\/www.worldrally.eu\/index.php\/2023\/03\/31\/loeb-liderem-rally-azores\/#mainImage","width":1620,"height":1080},"primaryImageOfPage":{"@id":"https:\/\/www.worldrally.eu\/index.php\/2023\/03\/31\/loeb-liderem-rally-azores\/#mainImage"},"datePublished":"2023-03-31T22:35:33+00:00","dateModified":"2023-03-31T22:35:34+00:00"},{"@type":"WebSite","@id":"https:\/\/www.worldrally.eu\/#website","url":"https:\/\/www.worldrally.eu\/","name":"WorldRally.eu","inLanguage":"en-GB","publisher":{"@id":"https:\/\/www.worldrally.eu\/#organization"}}]},"og:locale":"en_GB","og:site_name":"WorldRally.eu \u00bb","og:type":"article","og:title":"Loeb liderem Rally Azores \u00bb WorldRally.eu","og:description":"S\u00e9bastien Loeb &amp; Laurene Godey jadcy autem Skoda Fabia RS Rally 2 zdominowali pierwszy dzie\u0144 57. Rajdu Azor\u00f3w, wy\u015bcigu \u0142\u0105cz\u0105cego Tour European Rally Series i Rajdowe Mistrzostwa Azor\u00f3w, kt\u00f3ry odbywa si\u0119 na wyspie S\u00e3o Miguel. Francuski duet wygra\u0142 cztery z pi\u0119ciu spornych dzisiaj test\u00f3w specjalnych odcink\u00f3w specjalnych, jedynie ostatni pad \u0142upem Norwega Andreasa Mikkelsena Rajd","og:url":"https:\/\/www.worldrally.eu\/index.php\/2023\/03\/31\/loeb-liderem-rally-azores\/","og:image":"https:\/\/www.worldrally.eu\/wp-content\/uploads\/2023\/03\/thumbs.web_.sapo_.jpg","og:image:secure_url":"https:\/\/www.worldrally.eu\/wp-content\/uploads\/2023\/03\/thumbs.web_.sapo_.jpg","og:image:width":1620,"og:image:height":1080,"article:published_time":"2023-03-31T22:35:33+00:00","article:modified_time":"2023-03-31T22:35:34+00:00","twitter:card":"summary_large_image","twitter:title":"Loeb liderem Rally Azores \u00bb WorldRally.eu","twitter:description":"S\u00e9bastien Loeb &amp; Laurene Godey jadcy autem Skoda Fabia RS Rally 2 zdominowali pierwszy dzie\u0144 57. Rajdu Azor\u00f3w, wy\u015bcigu \u0142\u0105cz\u0105cego Tour European Rally Series i Rajdowe Mistrzostwa Azor\u00f3w, kt\u00f3ry odbywa si\u0119 na wyspie S\u00e3o Miguel. Francuski duet wygra\u0142 cztery z pi\u0119ciu spornych dzisiaj test\u00f3w specjalnych odcink\u00f3w specjalnych, jedynie ostatni pad \u0142upem Norwega Andreasa Mikkelsena Rajd","twitter:image":"https:\/\/www.worldrally.eu\/wp-content\/uploads\/2023\/03\/thumbs.web_.sapo_.jpg"},"aioseo_meta_data":{"post_id":"944","title":null,"description":null,"keywords":null,"keyphrases":null,"primary_term":null,"canonical_url":null,"og_title":null,"og_description":null,"og_object_type":"default","og_image_type":"default","og_image_url":null,"og_image_width":null,"og_image_height":null,"og_image_custom_url":null,"og_image_custom_fields":null,"og_video":null,"og_custom_url":null,"og_article_section":null,"og_article_tags":null,"twitter_use_og":false,"twitter_card":"default","twitter_image_type":"default","twitter_image_url":null,"twitter_image_custom_url":null,"twitter_image_custom_fields":null,"twitter_title":null,"twitter_description":null,"schema":{"blockGraphs":[],"customGraphs":[],"default":{"data":{"Article":[],"Course":[],"Dataset":[],"FAQPage":[],"Movie":[],"Person":[],"Product":[],"ProductReview":[],"Car":[],"Recipe":[],"Service":[],"SoftwareApplication":[],"WebPage":[]},"graphName":"","isEnabled":true},"graphs":[]},"schema_type":"default","schema_type_options":null,"pillar_content":false,"robots_default":true,"robots_noindex":false,"robots_noarchive":false,"robots_nosnippet":false,"robots_nofollow":false,"robots_noimageindex":false,"robots_noodp":false,"robots_notranslate":false,"robots_max_snippet":null,"robots_max_videopreview":null,"robots_max_imagepreview":"large","priority":null,"frequency":null,"local_seo":null,"breadcrumb_settings":null,"limit_modified_date":false,"ai":null,"created":"2025-03-22 06:05:09","updated":"2025-10-26 09:45:23","seo_analyzer_scan_date":null},"aioseo_breadcrumb":"<div class=\"aioseo-breadcrumbs\"><span class=\"aioseo-breadcrumb\">\n\t\t\t<a href=\"https:\/\/www.worldrally.eu\" title=\"Home\">Home<\/a>\n\t\t<\/span><span class=\"aioseo-breadcrumb-separator\">&raquo;<\/span><span class=\"aioseo-breadcrumb\">\n\t\t\t<a href=\"https:\/\/www.worldrally.eu\/index.php\/category\/rajdy\/\" title=\"Rajdy\">Rajdy<\/a>\n\t\t<\/span><span class=\"aioseo-breadcrumb-separator\">&raquo;<\/span><span class=\"aioseo-breadcrumb\">\n\t\t\tLoeb liderem Rally Azores\n\t\t<\/span><\/div>","aioseo_breadcrumb_json":[{"label":"Home","link":"https:\/\/www.worldrally.eu"},{"label":"Rajdy","link":"https:\/\/www.worldrally.eu\/index.php\/category\/rajdy\/"},{"label":"Loeb liderem Rally Azores","link":"https:\/\/www.worldrally.eu\/index.php\/2023\/03\/31\/loeb-liderem-rally-azores\/"}],"cc_featured_image_caption":{"caption_text":"Foto - Azores Rally","source_text":"","source_url":""},"_links":{"self":[{"href":"https:\/\/www.worldrally.eu\/index.php\/wp-json\/wp\/v2\/posts\/944","targetHints":{"allow":["GET"]}}],"collection":[{"href":"https:\/\/www.worldrally.eu\/index.php\/wp-json\/wp\/v2\/posts"}],"about":[{"href":"https:\/\/www.worldrally.eu\/index.php\/wp-json\/wp\/v2\/types\/post"}],"author":[{"embeddable":true,"href":"https:\/\/www.worldrally.eu\/index.php\/wp-json\/wp\/v2\/users\/1"}],"replies":[{"embeddable":true,"href":"https:\/\/www.worldrally.eu\/index.php\/wp-json\/wp\/v2\/comments?post=944"}],"version-history":[{"count":1,"href":"https:\/\/www.worldrally.eu\/index.php\/wp-json\/wp\/v2\/posts\/944\/revisions"}],"predecessor-version":[{"id":946,"href":"https:\/\/www.worldrally.eu\/index.php\/wp-json\/wp\/v2\/posts\/944\/revisions\/946"}],"wp:featuredmedia":[{"embeddable":true,"href":"https:\/\/www.worldrally.eu\/index.php\/wp-json\/wp\/v2\/media\/945"}],"wp:attachment":[{"href":"https:\/\/www.worldrally.eu\/index.php\/wp-json\/wp\/v2\/media?parent=944"}],"wp:term":[{"taxonomy":"category","embeddable":true,"href":"https:\/\/www.worldrally.eu\/index.php\/wp-json\/wp\/v2\/categories?post=944"},{"taxonomy":"post_tag","embeddable":true,"href":"https:\/\/www.worldrally.eu\/index.php\/wp-json\/wp\/v2\/tags?post=944"}],"curies":[{"name":"wp","href":"https:\/\/api.w.org\/{rel}","templated":true}]}}