{"id":929,"date":"2023-01-05T20:23:00","date_gmt":"2023-01-05T20:23:00","guid":{"rendered":"https:\/\/www.worldrally.eu\/?p=929"},"modified":"2023-03-29T20:28:11","modified_gmt":"2023-03-29T20:28:11","slug":"loeb-i-m-sport-rozwazaja-opcje","status":"publish","type":"post","link":"https:\/\/www.worldrally.eu\/index.php\/2023\/01\/05\/loeb-i-m-sport-rozwazaja-opcje\/","title":{"rendered":"Loeb i M-Sport rozwa\u017caj\u0105 opcje"},"content":{"rendered":"\n<p>Legenda rajd\u00f3w dziewi\u0119ciokrotny mistrz \u015bwiata S\u00e9bastien Loeb porozmawia z M-Sport Ford o potencjale wi\u0119kszej liczby start\u00f3w w WRC 2023 roku. Francuz je\u017adzi\u0142 Fordem Puma Rally1 w trakcie czterech rund w zesz\u0142ym roku, prowadz\u0105c w trzech z nich i wygrywaj\u0105c otwieraj\u0105cy sezon Rajd Monte Carlo. Jego nadzieje na obron\u0119 zesz\u0142orocznego zwyci\u0119stwa w Monte zosta\u0142y zniweczone, poniewa\u017c Rajd Dakar zako\u0144czy\u0142 si\u0119 dwa dni p\u00f3\u017aniej ni\u017c w 2022 roku.<\/p>\n\n\n\n<blockquote class=\"wp-block-quote is-layout-flow wp-block-quote-is-layout-flow\">\n<p>Tym razem przyjazd z Dakaru by\u0142by bardziej skomplikowany. To naprawd\u0119 nie pasuje tak dobrze tym razem. Z pewno\u015bci\u0105 m\u00f3g\u0142bym wzi\u0105\u0107 udzia\u0142 w kilku imprezach, m\u00f3g\u0142bym zrobi\u0107 kilka, jak w zesz\u0142ym roku. Porozmawiamy o tym i zobaczymy, co jest mo\u017cliwe, mo\u017ce by\u0107 ciekawie. Na razie nic nie ma, bo jestem skupiony na imprezie, kt\u00f3r\u0105 robi\u0119.<\/p>\n<\/blockquote>\n\n\n\n<p>Poniewa\u017c Ott T\u00e4nak ju\u017c w tym roku potwierdzi\u0142 obecno\u015b\u0107 fabrycznej Pumy, powr\u00f3t Loeba oznacza\u0142by, \u017ce M-Sport Ford b\u0119dzie mia\u0142 dw\u00f3ch mistrz\u00f3w \u015bwiata w swoim zespole po raz pierwszy od 21 lat \u2013 ostatnim razem byli to Colin McRae i Carlos Sainz w 2002 roku<\/p>\n","protected":false},"excerpt":{"rendered":"<p>Legenda rajd\u00f3w dziewi\u0119ciokrotny mistrz \u015bwiata S\u00e9bastien Loeb porozmawia z M-Sport Ford o potencjale wi\u0119kszej liczby start\u00f3w w WRC 2023 roku. Francuz je\u017adzi\u0142 Fordem Puma Rally1 w trakcie czterech rund w zesz\u0142ym roku, prowadz\u0105c w trzech z nich i wygrywaj\u0105c otwieraj\u0105cy sezon Rajd Monte Carlo. Jego nadzieje na obron\u0119 zesz\u0142orocznego zwyci\u0119stwa w Monte zosta\u0142y zniweczone, poniewa\u017c [&hellip;]<\/p>\n","protected":false},"author":4,"featured_media":930,"comment_status":"closed","ping_status":"closed","sticky":false,"template":"","format":"standard","meta":{"footnotes":""},"categories":[3],"tags":[],"class_list":["post-929","post","type-post","status-publish","format-standard","has-post-thumbnail","hentry","category-wrc"],"aioseo_notices":[],"cc_featured_image_caption":{"caption_text":"Foto - WRC.com","source_text":"","source_url":""},"_links":{"self":[{"href":"https:\/\/www.worldrally.eu\/index.php\/wp-json\/wp\/v2\/posts\/929","targetHints":{"allow":["GET"]}}],"collection":[{"href":"https:\/\/www.worldrally.eu\/index.php\/wp-json\/wp\/v2\/posts"}],"about":[{"href":"https:\/\/www.worldrally.eu\/index.php\/wp-json\/wp\/v2\/types\/post"}],"author":[{"embeddable":true,"href":"https:\/\/www.worldrally.eu\/index.php\/wp-json\/wp\/v2\/users\/4"}],"replies":[{"embeddable":true,"href":"https:\/\/www.worldrally.eu\/index.php\/wp-json\/wp\/v2\/comments?post=929"}],"version-history":[{"count":1,"href":"https:\/\/www.worldrally.eu\/index.php\/wp-json\/wp\/v2\/posts\/929\/revisions"}],"predecessor-version":[{"id":931,"href":"https:\/\/www.worldrally.eu\/index.php\/wp-json\/wp\/v2\/posts\/929\/revisions\/931"}],"wp:featuredmedia":[{"embeddable":true,"href":"https:\/\/www.worldrally.eu\/index.php\/wp-json\/wp\/v2\/media\/930"}],"wp:attachment":[{"href":"https:\/\/www.worldrally.eu\/index.php\/wp-json\/wp\/v2\/media?parent=929"}],"wp:term":[{"taxonomy":"category","embeddable":true,"href":"https:\/\/www.worldrally.eu\/index.php\/wp-json\/wp\/v2\/categories?post=929"},{"taxonomy":"post_tag","embeddable":true,"href":"https:\/\/www.worldrally.eu\/index.php\/wp-json\/wp\/v2\/tags?post=929"}],"curies":[{"name":"wp","href":"https:\/\/api.w.org\/{rel}","templated":true}]}}