{"id":926,"date":"2023-03-27T15:23:00","date_gmt":"2023-03-27T15:23:00","guid":{"rendered":"https:\/\/www.worldrally.eu\/?p=926"},"modified":"2023-03-29T15:30:24","modified_gmt":"2023-03-29T15:30:24","slug":"mikkelsen-nie-moge-sie-doczekac","status":"publish","type":"post","link":"https:\/\/www.worldrally.eu\/index.php\/2023\/03\/27\/mikkelsen-nie-moge-sie-doczekac\/","title":{"rendered":"Mikkelsen &#8211; nie mog\u0119 si\u0119 doczeka\u0107"},"content":{"rendered":"\n<p class=\"wp-block-paragraph\">Andreas Mikkelsen to bardzo do\u015bwiadczony kierowca, kt\u00f3ry po raz kolejny zapowiedzia\u0142 start w Rajdzie Azores maj\u0105c nadzieje na kolejna trzeci\u0105 wygran\u0105.<\/p>\n\n\n\n<blockquote class=\"wp-block-quote is-layout-flow wp-block-quote-is-layout-flow\">\n<p class=\"wp-block-paragraph\">Rajd, w kt\u00f3rym nie mog\u0119 si\u0119 doczeka\u0107 startu. Ten rajd jest jednym z moich ulubionych od pierwszego razu, kiedy tu by\u0142em i by\u0142o to wspania\u0142e prze\u017cycie. Fantastyczne rankingi na tak pi\u0119knej wyspie i z fajnymi lud\u017ami te\u017c. Przyjazd na Azory to zawsze wielka przyjemno\u015b\u0107. W tym wydaniu rozszerzenie jest kr\u00f3tsze. Oznacza to, \u017ce kto chce osi\u0105gn\u0105\u0107 dobry wynik, b\u0119dzie musia\u0142 da\u0107 z siebie wszystko ju\u017c od pierwszego kilometra. Rankingi znam dobrze. By\u0142em tu dwa lata temu i wygrali\u015bmy po \u015bwietnej walce z Sordo. Na pewno tym razem b\u0119dzie intensywnie z tak wieloma dobrymi je\u017ad\u017acami i musz\u0119 pogratulowa\u0107 organizatorom. Takie rzeczy b\u0119d\u0105 naprawd\u0119 ekscytuj\u0105ce dla fan\u00f3w, dla kierowc\u00f3w. Zr\u00f3bmy wielkie wydarzenie. Mam nadziej\u0119, \u017ce pogoda dopisze i wszyscy b\u0119d\u0105 mogli si\u0119 ni\u0105 w pe\u0142ni cieszy\u0107, oby na odcinkach nie by\u0142o kr\u00f3w.<\/p>\n<\/blockquote>\n\n\n\n<p class=\"wp-block-paragraph\">33-letni kierowca z Norwegii ju\u017c dwukrotnie wygra\u0142 Rajd Azor\u00f3w, w 2012 i 2021 roku, i b\u0119dzie je\u017adzi\u0142 Skod\u0105 Fabia RS Rally2. Mikkelsen zadebiutowa\u0142 w rajdach w wieku 16 lat za kierownic\u0105 Forda Fiesty S2000 i wkr\u00f3tce potem odni\u00f3s\u0142 pierwsze bezpo\u015brednie zwyci\u0119stwa. Reprezentowa\u0142 ju\u017c kilka marek w WRC, by\u0142 jednym z kierowc\u00f3w odpowiedzialnych za rozw\u00f3j modelu, kt\u00f3rym b\u0119dzie je\u017adzi\u0142, a jego program obejmuje tytu\u0142y mistrza Europy i WRC2 w 2021 roku.<\/p>\n","protected":false},"excerpt":{"rendered":"<p>Andreas Mikkelsen to bardzo do\u015bwiadczony kierowca, kt\u00f3ry po raz kolejny zapowiedzia\u0142 start w Rajdzie Azores maj\u0105c nadzieje na kolejna trzeci\u0105 wygran\u0105. Rajd, w kt\u00f3rym nie mog\u0119 si\u0119 doczeka\u0107 startu. Ten rajd jest jednym z moich ulubionych od pierwszego razu, kiedy tu by\u0142em i by\u0142o to wspania\u0142e prze\u017cycie. Fantastyczne rankingi na tak pi\u0119knej wyspie i z [&hellip;]<\/p>\n","protected":false},"author":2,"featured_media":927,"comment_status":"closed","ping_status":"closed","sticky":false,"template":"","format":"standard","meta":{"_monsterinsights_skip_tracking":false,"_monsterinsights_sitenote_active":false,"_monsterinsights_sitenote_note":"","_monsterinsights_sitenote_category":0,"footnotes":""},"categories":[11,9],"tags":[],"class_list":["post-926","post","type-post","status-publish","format-standard","has-post-thumbnail","hentry","category-azores-rally","category-rajdy"],"aioseo_notices":[],"aioseo_head":"\n\t\t<!-- All in One SEO 4.9.9 - aioseo.com -->\n\t<meta name=\"description\" content=\"Andreas Mikkelsen to bardzo do\u015bwiadczony kierowca, kt\u00f3ry po raz kolejny zapowiedzia\u0142 start w Rajdzie Azores maj\u0105c nadzieje na kolejna trzeci\u0105 wygran\u0105. Rajd, w kt\u00f3rym nie mog\u0119 si\u0119 doczeka\u0107 startu. Ten rajd jest jednym z moich ulubionych od pierwszego razu, kiedy tu by\u0142em i by\u0142o to wspania\u0142e prze\u017cycie. Fantastyczne rankingi na tak pi\u0119knej wyspie i z\" \/>\n\t<meta name=\"robots\" content=\"max-image-preview:large\" \/>\n\t<meta name=\"author\" content=\"Magdalena\"\/>\n\t<link rel=\"canonical\" href=\"https:\/\/www.worldrally.eu\/index.php\/2023\/03\/27\/mikkelsen-nie-moge-sie-doczekac\/\" \/>\n\t<meta name=\"generator\" content=\"All in One SEO (AIOSEO) 4.9.9\" \/>\n\t\t<meta property=\"og:locale\" content=\"en_GB\" \/>\n\t\t<meta property=\"og:site_name\" content=\"WorldRally.eu \u00bb\" \/>\n\t\t<meta property=\"og:type\" content=\"article\" \/>\n\t\t<meta property=\"og:title\" content=\"Mikkelsen \u2013 nie mog\u0119 si\u0119 doczeka\u0107 \u00bb WorldRally.eu\" \/>\n\t\t<meta property=\"og:description\" content=\"Andreas Mikkelsen to bardzo do\u015bwiadczony kierowca, kt\u00f3ry po raz kolejny zapowiedzia\u0142 start w Rajdzie Azores maj\u0105c nadzieje na kolejna trzeci\u0105 wygran\u0105. Rajd, w kt\u00f3rym nie mog\u0119 si\u0119 doczeka\u0107 startu. Ten rajd jest jednym z moich ulubionych od pierwszego razu, kiedy tu by\u0142em i by\u0142o to wspania\u0142e prze\u017cycie. Fantastyczne rankingi na tak pi\u0119knej wyspie i z\" \/>\n\t\t<meta property=\"og:url\" content=\"https:\/\/www.worldrally.eu\/index.php\/2023\/03\/27\/mikkelsen-nie-moge-sie-doczekac\/\" \/>\n\t\t<meta property=\"og:image\" content=\"https:\/\/www.worldrally.eu\/wp-content\/uploads\/2023\/03\/Andreas-1.jpg\" \/>\n\t\t<meta property=\"og:image:secure_url\" content=\"https:\/\/www.worldrally.eu\/wp-content\/uploads\/2023\/03\/Andreas-1.jpg\" \/>\n\t\t<meta property=\"og:image:width\" content=\"1349\" \/>\n\t\t<meta property=\"og:image:height\" content=\"899\" \/>\n\t\t<meta property=\"article:published_time\" content=\"2023-03-27T15:23:00+00:00\" \/>\n\t\t<meta property=\"article:modified_time\" content=\"2023-03-29T15:30:24+00:00\" \/>\n\t\t<meta name=\"twitter:card\" content=\"summary_large_image\" \/>\n\t\t<meta name=\"twitter:title\" content=\"Mikkelsen \u2013 nie mog\u0119 si\u0119 doczeka\u0107 \u00bb WorldRally.eu\" \/>\n\t\t<meta name=\"twitter:description\" content=\"Andreas Mikkelsen to bardzo do\u015bwiadczony kierowca, kt\u00f3ry po raz kolejny zapowiedzia\u0142 start w Rajdzie Azores maj\u0105c nadzieje na kolejna trzeci\u0105 wygran\u0105. Rajd, w kt\u00f3rym nie mog\u0119 si\u0119 doczeka\u0107 startu. Ten rajd jest jednym z moich ulubionych od pierwszego razu, kiedy tu by\u0142em i by\u0142o to wspania\u0142e prze\u017cycie. Fantastyczne rankingi na tak pi\u0119knej wyspie i z\" \/>\n\t\t<meta name=\"twitter:image\" content=\"https:\/\/www.worldrally.eu\/wp-content\/uploads\/2023\/03\/Andreas-1.jpg\" \/>\n\t\t<script type=\"application\/ld+json\" class=\"aioseo-schema\">\n\t\t\t{\"@context\":\"https:\\\/\\\/schema.org\",\"@graph\":[{\"@type\":\"BlogPosting\",\"@id\":\"https:\\\/\\\/www.worldrally.eu\\\/index.php\\\/2023\\\/03\\\/27\\\/mikkelsen-nie-moge-sie-doczekac\\\/#blogposting\",\"name\":\"Mikkelsen \\u2013 nie mog\\u0119 si\\u0119 doczeka\\u0107 \\u00bb WorldRally.eu\",\"headline\":\"Mikkelsen &#8211; nie mog\\u0119 si\\u0119 doczeka\\u0107\",\"author\":{\"@id\":\"https:\\\/\\\/www.worldrally.eu\\\/index.php\\\/author\\\/magdalena\\\/#author\"},\"publisher\":{\"@id\":\"https:\\\/\\\/www.worldrally.eu\\\/#organization\"},\"image\":{\"@type\":\"ImageObject\",\"url\":\"https:\\\/\\\/www.worldrally.eu\\\/wp-content\\\/uploads\\\/2023\\\/03\\\/Andreas-1.jpg\",\"width\":1349,\"height\":899},\"datePublished\":\"2023-03-27T15:23:00+00:00\",\"dateModified\":\"2023-03-29T15:30:24+00:00\",\"inLanguage\":\"en-GB\",\"mainEntityOfPage\":{\"@id\":\"https:\\\/\\\/www.worldrally.eu\\\/index.php\\\/2023\\\/03\\\/27\\\/mikkelsen-nie-moge-sie-doczekac\\\/#webpage\"},\"isPartOf\":{\"@id\":\"https:\\\/\\\/www.worldrally.eu\\\/index.php\\\/2023\\\/03\\\/27\\\/mikkelsen-nie-moge-sie-doczekac\\\/#webpage\"},\"articleSection\":\"Azores Rally, Rajdy\"},{\"@type\":\"BreadcrumbList\",\"@id\":\"https:\\\/\\\/www.worldrally.eu\\\/index.php\\\/2023\\\/03\\\/27\\\/mikkelsen-nie-moge-sie-doczekac\\\/#breadcrumblist\",\"itemListElement\":[{\"@type\":\"ListItem\",\"@id\":\"https:\\\/\\\/www.worldrally.eu#listItem\",\"position\":1,\"name\":\"Home\",\"item\":\"https:\\\/\\\/www.worldrally.eu\",\"nextItem\":{\"@type\":\"ListItem\",\"@id\":\"https:\\\/\\\/www.worldrally.eu\\\/index.php\\\/category\\\/rajdy\\\/#listItem\",\"name\":\"Rajdy\"}},{\"@type\":\"ListItem\",\"@id\":\"https:\\\/\\\/www.worldrally.eu\\\/index.php\\\/category\\\/rajdy\\\/#listItem\",\"position\":2,\"name\":\"Rajdy\",\"item\":\"https:\\\/\\\/www.worldrally.eu\\\/index.php\\\/category\\\/rajdy\\\/\",\"nextItem\":{\"@type\":\"ListItem\",\"@id\":\"https:\\\/\\\/www.worldrally.eu\\\/index.php\\\/2023\\\/03\\\/27\\\/mikkelsen-nie-moge-sie-doczekac\\\/#listItem\",\"name\":\"Mikkelsen &#8211; nie mog\\u0119 si\\u0119 doczeka\\u0107\"},\"previousItem\":{\"@type\":\"ListItem\",\"@id\":\"https:\\\/\\\/www.worldrally.eu#listItem\",\"name\":\"Home\"}},{\"@type\":\"ListItem\",\"@id\":\"https:\\\/\\\/www.worldrally.eu\\\/index.php\\\/2023\\\/03\\\/27\\\/mikkelsen-nie-moge-sie-doczekac\\\/#listItem\",\"position\":3,\"name\":\"Mikkelsen &#8211; nie mog\\u0119 si\\u0119 doczeka\\u0107\",\"previousItem\":{\"@type\":\"ListItem\",\"@id\":\"https:\\\/\\\/www.worldrally.eu\\\/index.php\\\/category\\\/rajdy\\\/#listItem\",\"name\":\"Rajdy\"}}]},{\"@type\":\"Organization\",\"@id\":\"https:\\\/\\\/www.worldrally.eu\\\/#organization\",\"name\":\"WorldRally.eu\",\"url\":\"https:\\\/\\\/www.worldrally.eu\\\/\",\"logo\":{\"@type\":\"ImageObject\",\"url\":\"https:\\\/\\\/www.worldrally.eu\\\/wp-content\\\/uploads\\\/2026\\\/01\\\/cropped-logo-3.png\",\"@id\":\"https:\\\/\\\/www.worldrally.eu\\\/index.php\\\/2023\\\/03\\\/27\\\/mikkelsen-nie-moge-sie-doczekac\\\/#organizationLogo\",\"width\":2039,\"height\":756},\"image\":{\"@id\":\"https:\\\/\\\/www.worldrally.eu\\\/index.php\\\/2023\\\/03\\\/27\\\/mikkelsen-nie-moge-sie-doczekac\\\/#organizationLogo\"}},{\"@type\":\"Person\",\"@id\":\"https:\\\/\\\/www.worldrally.eu\\\/index.php\\\/author\\\/magdalena\\\/#author\",\"url\":\"https:\\\/\\\/www.worldrally.eu\\\/index.php\\\/author\\\/magdalena\\\/\",\"name\":\"Magdalena\",\"image\":{\"@type\":\"ImageObject\",\"@id\":\"https:\\\/\\\/www.worldrally.eu\\\/index.php\\\/2023\\\/03\\\/27\\\/mikkelsen-nie-moge-sie-doczekac\\\/#authorImage\",\"url\":\"https:\\\/\\\/secure.gravatar.com\\\/avatar\\\/853239b46cec38ba30b48d2b091f5538817cc78bdc0944c9ef7408579307e2ea?s=96&d=mm&r=g\",\"width\":96,\"height\":96,\"caption\":\"Magdalena\"}},{\"@type\":\"WebPage\",\"@id\":\"https:\\\/\\\/www.worldrally.eu\\\/index.php\\\/2023\\\/03\\\/27\\\/mikkelsen-nie-moge-sie-doczekac\\\/#webpage\",\"url\":\"https:\\\/\\\/www.worldrally.eu\\\/index.php\\\/2023\\\/03\\\/27\\\/mikkelsen-nie-moge-sie-doczekac\\\/\",\"name\":\"Mikkelsen \\u2013 nie mog\\u0119 si\\u0119 doczeka\\u0107 \\u00bb WorldRally.eu\",\"description\":\"Andreas Mikkelsen to bardzo do\\u015bwiadczony kierowca, kt\\u00f3ry po raz kolejny zapowiedzia\\u0142 start w Rajdzie Azores maj\\u0105c nadzieje na kolejna trzeci\\u0105 wygran\\u0105. Rajd, w kt\\u00f3rym nie mog\\u0119 si\\u0119 doczeka\\u0107 startu. Ten rajd jest jednym z moich ulubionych od pierwszego razu, kiedy tu by\\u0142em i by\\u0142o to wspania\\u0142e prze\\u017cycie. Fantastyczne rankingi na tak pi\\u0119knej wyspie i z\",\"inLanguage\":\"en-GB\",\"isPartOf\":{\"@id\":\"https:\\\/\\\/www.worldrally.eu\\\/#website\"},\"breadcrumb\":{\"@id\":\"https:\\\/\\\/www.worldrally.eu\\\/index.php\\\/2023\\\/03\\\/27\\\/mikkelsen-nie-moge-sie-doczekac\\\/#breadcrumblist\"},\"author\":{\"@id\":\"https:\\\/\\\/www.worldrally.eu\\\/index.php\\\/author\\\/magdalena\\\/#author\"},\"creator\":{\"@id\":\"https:\\\/\\\/www.worldrally.eu\\\/index.php\\\/author\\\/magdalena\\\/#author\"},\"image\":{\"@type\":\"ImageObject\",\"url\":\"https:\\\/\\\/www.worldrally.eu\\\/wp-content\\\/uploads\\\/2023\\\/03\\\/Andreas-1.jpg\",\"@id\":\"https:\\\/\\\/www.worldrally.eu\\\/index.php\\\/2023\\\/03\\\/27\\\/mikkelsen-nie-moge-sie-doczekac\\\/#mainImage\",\"width\":1349,\"height\":899},\"primaryImageOfPage\":{\"@id\":\"https:\\\/\\\/www.worldrally.eu\\\/index.php\\\/2023\\\/03\\\/27\\\/mikkelsen-nie-moge-sie-doczekac\\\/#mainImage\"},\"datePublished\":\"2023-03-27T15:23:00+00:00\",\"dateModified\":\"2023-03-29T15:30:24+00:00\"},{\"@type\":\"WebSite\",\"@id\":\"https:\\\/\\\/www.worldrally.eu\\\/#website\",\"url\":\"https:\\\/\\\/www.worldrally.eu\\\/\",\"name\":\"WorldRally.eu\",\"inLanguage\":\"en-GB\",\"publisher\":{\"@id\":\"https:\\\/\\\/www.worldrally.eu\\\/#organization\"}}]}\n\t\t<\/script>\n\t\t<!-- All in One SEO -->\n\n","aioseo_head_json":{"title":"Mikkelsen \u2013 nie mog\u0119 si\u0119 doczeka\u0107 \u00bb WorldRally.eu","description":"Andreas Mikkelsen to bardzo do\u015bwiadczony kierowca, kt\u00f3ry po raz kolejny zapowiedzia\u0142 start w Rajdzie Azores maj\u0105c nadzieje na kolejna trzeci\u0105 wygran\u0105. Rajd, w kt\u00f3rym nie mog\u0119 si\u0119 doczeka\u0107 startu. Ten rajd jest jednym z moich ulubionych od pierwszego razu, kiedy tu by\u0142em i by\u0142o to wspania\u0142e prze\u017cycie. Fantastyczne rankingi na tak pi\u0119knej wyspie i z","canonical_url":"https:\/\/www.worldrally.eu\/index.php\/2023\/03\/27\/mikkelsen-nie-moge-sie-doczekac\/","robots":"max-image-preview:large","keywords":"","webmasterTools":{"miscellaneous":""},"schema":{"@context":"https:\/\/schema.org","@graph":[{"@type":"BlogPosting","@id":"https:\/\/www.worldrally.eu\/index.php\/2023\/03\/27\/mikkelsen-nie-moge-sie-doczekac\/#blogposting","name":"Mikkelsen \u2013 nie mog\u0119 si\u0119 doczeka\u0107 \u00bb WorldRally.eu","headline":"Mikkelsen &#8211; nie mog\u0119 si\u0119 doczeka\u0107","author":{"@id":"https:\/\/www.worldrally.eu\/index.php\/author\/magdalena\/#author"},"publisher":{"@id":"https:\/\/www.worldrally.eu\/#organization"},"image":{"@type":"ImageObject","url":"https:\/\/www.worldrally.eu\/wp-content\/uploads\/2023\/03\/Andreas-1.jpg","width":1349,"height":899},"datePublished":"2023-03-27T15:23:00+00:00","dateModified":"2023-03-29T15:30:24+00:00","inLanguage":"en-GB","mainEntityOfPage":{"@id":"https:\/\/www.worldrally.eu\/index.php\/2023\/03\/27\/mikkelsen-nie-moge-sie-doczekac\/#webpage"},"isPartOf":{"@id":"https:\/\/www.worldrally.eu\/index.php\/2023\/03\/27\/mikkelsen-nie-moge-sie-doczekac\/#webpage"},"articleSection":"Azores Rally, Rajdy"},{"@type":"BreadcrumbList","@id":"https:\/\/www.worldrally.eu\/index.php\/2023\/03\/27\/mikkelsen-nie-moge-sie-doczekac\/#breadcrumblist","itemListElement":[{"@type":"ListItem","@id":"https:\/\/www.worldrally.eu#listItem","position":1,"name":"Home","item":"https:\/\/www.worldrally.eu","nextItem":{"@type":"ListItem","@id":"https:\/\/www.worldrally.eu\/index.php\/category\/rajdy\/#listItem","name":"Rajdy"}},{"@type":"ListItem","@id":"https:\/\/www.worldrally.eu\/index.php\/category\/rajdy\/#listItem","position":2,"name":"Rajdy","item":"https:\/\/www.worldrally.eu\/index.php\/category\/rajdy\/","nextItem":{"@type":"ListItem","@id":"https:\/\/www.worldrally.eu\/index.php\/2023\/03\/27\/mikkelsen-nie-moge-sie-doczekac\/#listItem","name":"Mikkelsen &#8211; nie mog\u0119 si\u0119 doczeka\u0107"},"previousItem":{"@type":"ListItem","@id":"https:\/\/www.worldrally.eu#listItem","name":"Home"}},{"@type":"ListItem","@id":"https:\/\/www.worldrally.eu\/index.php\/2023\/03\/27\/mikkelsen-nie-moge-sie-doczekac\/#listItem","position":3,"name":"Mikkelsen &#8211; nie mog\u0119 si\u0119 doczeka\u0107","previousItem":{"@type":"ListItem","@id":"https:\/\/www.worldrally.eu\/index.php\/category\/rajdy\/#listItem","name":"Rajdy"}}]},{"@type":"Organization","@id":"https:\/\/www.worldrally.eu\/#organization","name":"WorldRally.eu","url":"https:\/\/www.worldrally.eu\/","logo":{"@type":"ImageObject","url":"https:\/\/www.worldrally.eu\/wp-content\/uploads\/2026\/01\/cropped-logo-3.png","@id":"https:\/\/www.worldrally.eu\/index.php\/2023\/03\/27\/mikkelsen-nie-moge-sie-doczekac\/#organizationLogo","width":2039,"height":756},"image":{"@id":"https:\/\/www.worldrally.eu\/index.php\/2023\/03\/27\/mikkelsen-nie-moge-sie-doczekac\/#organizationLogo"}},{"@type":"Person","@id":"https:\/\/www.worldrally.eu\/index.php\/author\/magdalena\/#author","url":"https:\/\/www.worldrally.eu\/index.php\/author\/magdalena\/","name":"Magdalena","image":{"@type":"ImageObject","@id":"https:\/\/www.worldrally.eu\/index.php\/2023\/03\/27\/mikkelsen-nie-moge-sie-doczekac\/#authorImage","url":"https:\/\/secure.gravatar.com\/avatar\/853239b46cec38ba30b48d2b091f5538817cc78bdc0944c9ef7408579307e2ea?s=96&d=mm&r=g","width":96,"height":96,"caption":"Magdalena"}},{"@type":"WebPage","@id":"https:\/\/www.worldrally.eu\/index.php\/2023\/03\/27\/mikkelsen-nie-moge-sie-doczekac\/#webpage","url":"https:\/\/www.worldrally.eu\/index.php\/2023\/03\/27\/mikkelsen-nie-moge-sie-doczekac\/","name":"Mikkelsen \u2013 nie mog\u0119 si\u0119 doczeka\u0107 \u00bb WorldRally.eu","description":"Andreas Mikkelsen to bardzo do\u015bwiadczony kierowca, kt\u00f3ry po raz kolejny zapowiedzia\u0142 start w Rajdzie Azores maj\u0105c nadzieje na kolejna trzeci\u0105 wygran\u0105. Rajd, w kt\u00f3rym nie mog\u0119 si\u0119 doczeka\u0107 startu. Ten rajd jest jednym z moich ulubionych od pierwszego razu, kiedy tu by\u0142em i by\u0142o to wspania\u0142e prze\u017cycie. Fantastyczne rankingi na tak pi\u0119knej wyspie i z","inLanguage":"en-GB","isPartOf":{"@id":"https:\/\/www.worldrally.eu\/#website"},"breadcrumb":{"@id":"https:\/\/www.worldrally.eu\/index.php\/2023\/03\/27\/mikkelsen-nie-moge-sie-doczekac\/#breadcrumblist"},"author":{"@id":"https:\/\/www.worldrally.eu\/index.php\/author\/magdalena\/#author"},"creator":{"@id":"https:\/\/www.worldrally.eu\/index.php\/author\/magdalena\/#author"},"image":{"@type":"ImageObject","url":"https:\/\/www.worldrally.eu\/wp-content\/uploads\/2023\/03\/Andreas-1.jpg","@id":"https:\/\/www.worldrally.eu\/index.php\/2023\/03\/27\/mikkelsen-nie-moge-sie-doczekac\/#mainImage","width":1349,"height":899},"primaryImageOfPage":{"@id":"https:\/\/www.worldrally.eu\/index.php\/2023\/03\/27\/mikkelsen-nie-moge-sie-doczekac\/#mainImage"},"datePublished":"2023-03-27T15:23:00+00:00","dateModified":"2023-03-29T15:30:24+00:00"},{"@type":"WebSite","@id":"https:\/\/www.worldrally.eu\/#website","url":"https:\/\/www.worldrally.eu\/","name":"WorldRally.eu","inLanguage":"en-GB","publisher":{"@id":"https:\/\/www.worldrally.eu\/#organization"}}]},"og:locale":"en_GB","og:site_name":"WorldRally.eu \u00bb","og:type":"article","og:title":"Mikkelsen \u2013 nie mog\u0119 si\u0119 doczeka\u0107 \u00bb WorldRally.eu","og:description":"Andreas Mikkelsen to bardzo do\u015bwiadczony kierowca, kt\u00f3ry po raz kolejny zapowiedzia\u0142 start w Rajdzie Azores maj\u0105c nadzieje na kolejna trzeci\u0105 wygran\u0105. Rajd, w kt\u00f3rym nie mog\u0119 si\u0119 doczeka\u0107 startu. Ten rajd jest jednym z moich ulubionych od pierwszego razu, kiedy tu by\u0142em i by\u0142o to wspania\u0142e prze\u017cycie. Fantastyczne rankingi na tak pi\u0119knej wyspie i z","og:url":"https:\/\/www.worldrally.eu\/index.php\/2023\/03\/27\/mikkelsen-nie-moge-sie-doczekac\/","og:image":"https:\/\/www.worldrally.eu\/wp-content\/uploads\/2023\/03\/Andreas-1.jpg","og:image:secure_url":"https:\/\/www.worldrally.eu\/wp-content\/uploads\/2023\/03\/Andreas-1.jpg","og:image:width":1349,"og:image:height":899,"article:published_time":"2023-03-27T15:23:00+00:00","article:modified_time":"2023-03-29T15:30:24+00:00","twitter:card":"summary_large_image","twitter:title":"Mikkelsen \u2013 nie mog\u0119 si\u0119 doczeka\u0107 \u00bb WorldRally.eu","twitter:description":"Andreas Mikkelsen to bardzo do\u015bwiadczony kierowca, kt\u00f3ry po raz kolejny zapowiedzia\u0142 start w Rajdzie Azores maj\u0105c nadzieje na kolejna trzeci\u0105 wygran\u0105. Rajd, w kt\u00f3rym nie mog\u0119 si\u0119 doczeka\u0107 startu. Ten rajd jest jednym z moich ulubionych od pierwszego razu, kiedy tu by\u0142em i by\u0142o to wspania\u0142e prze\u017cycie. Fantastyczne rankingi na tak pi\u0119knej wyspie i z","twitter:image":"https:\/\/www.worldrally.eu\/wp-content\/uploads\/2023\/03\/Andreas-1.jpg"},"aioseo_meta_data":{"post_id":"926","title":null,"description":null,"keywords":null,"keyphrases":null,"primary_term":null,"canonical_url":null,"og_title":null,"og_description":null,"og_object_type":"default","og_image_type":"default","og_image_url":null,"og_image_width":null,"og_image_height":null,"og_image_custom_url":null,"og_image_custom_fields":null,"og_video":null,"og_custom_url":null,"og_article_section":null,"og_article_tags":null,"twitter_use_og":false,"twitter_card":"default","twitter_image_type":"default","twitter_image_url":null,"twitter_image_custom_url":null,"twitter_image_custom_fields":null,"twitter_title":null,"twitter_description":null,"schema":{"blockGraphs":[],"customGraphs":[],"default":{"data":{"Article":[],"Course":[],"Dataset":[],"FAQPage":[],"Movie":[],"Person":[],"Product":[],"ProductReview":[],"Car":[],"Recipe":[],"Service":[],"SoftwareApplication":[],"WebPage":[]},"graphName":"","isEnabled":true},"graphs":[]},"schema_type":"default","schema_type_options":null,"pillar_content":false,"robots_default":true,"robots_noindex":false,"robots_noarchive":false,"robots_nosnippet":false,"robots_nofollow":false,"robots_noimageindex":false,"robots_noodp":false,"robots_notranslate":false,"robots_max_snippet":null,"robots_max_videopreview":null,"robots_max_imagepreview":"large","priority":null,"frequency":null,"local_seo":null,"breadcrumb_settings":null,"limit_modified_date":false,"ai":null,"created":"2025-03-22 06:04:31","updated":"2025-10-26 09:43:23","seo_analyzer_scan_date":null},"aioseo_breadcrumb":"<div class=\"aioseo-breadcrumbs\"><span class=\"aioseo-breadcrumb\">\n\t\t\t<a href=\"https:\/\/www.worldrally.eu\" title=\"Home\">Home<\/a>\n\t\t<\/span><span class=\"aioseo-breadcrumb-separator\">&raquo;<\/span><span class=\"aioseo-breadcrumb\">\n\t\t\t<a href=\"https:\/\/www.worldrally.eu\/index.php\/category\/rajdy\/\" title=\"Rajdy\">Rajdy<\/a>\n\t\t<\/span><span class=\"aioseo-breadcrumb-separator\">&raquo;<\/span><span class=\"aioseo-breadcrumb\">\n\t\t\tMikkelsen \u2013 nie mog\u0119 si\u0119 doczeka\u0107\n\t\t<\/span><\/div>","aioseo_breadcrumb_json":[{"label":"Home","link":"https:\/\/www.worldrally.eu"},{"label":"Rajdy","link":"https:\/\/www.worldrally.eu\/index.php\/category\/rajdy\/"},{"label":"Mikkelsen &#8211; nie mog\u0119 si\u0119 doczeka\u0107","link":"https:\/\/www.worldrally.eu\/index.php\/2023\/03\/27\/mikkelsen-nie-moge-sie-doczekac\/"}],"cc_featured_image_caption":{"caption_text":"Foto - Azoresrally","source_text":"","source_url":""},"_links":{"self":[{"href":"https:\/\/www.worldrally.eu\/index.php\/wp-json\/wp\/v2\/posts\/926","targetHints":{"allow":["GET"]}}],"collection":[{"href":"https:\/\/www.worldrally.eu\/index.php\/wp-json\/wp\/v2\/posts"}],"about":[{"href":"https:\/\/www.worldrally.eu\/index.php\/wp-json\/wp\/v2\/types\/post"}],"author":[{"embeddable":true,"href":"https:\/\/www.worldrally.eu\/index.php\/wp-json\/wp\/v2\/users\/2"}],"replies":[{"embeddable":true,"href":"https:\/\/www.worldrally.eu\/index.php\/wp-json\/wp\/v2\/comments?post=926"}],"version-history":[{"count":1,"href":"https:\/\/www.worldrally.eu\/index.php\/wp-json\/wp\/v2\/posts\/926\/revisions"}],"predecessor-version":[{"id":928,"href":"https:\/\/www.worldrally.eu\/index.php\/wp-json\/wp\/v2\/posts\/926\/revisions\/928"}],"wp:featuredmedia":[{"embeddable":true,"href":"https:\/\/www.worldrally.eu\/index.php\/wp-json\/wp\/v2\/media\/927"}],"wp:attachment":[{"href":"https:\/\/www.worldrally.eu\/index.php\/wp-json\/wp\/v2\/media?parent=926"}],"wp:term":[{"taxonomy":"category","embeddable":true,"href":"https:\/\/www.worldrally.eu\/index.php\/wp-json\/wp\/v2\/categories?post=926"},{"taxonomy":"post_tag","embeddable":true,"href":"https:\/\/www.worldrally.eu\/index.php\/wp-json\/wp\/v2\/tags?post=926"}],"curies":[{"name":"wp","href":"https:\/\/api.w.org\/{rel}","templated":true}]}}