{"id":871,"date":"2023-03-27T19:13:00","date_gmt":"2023-03-27T19:13:00","guid":{"rendered":"https:\/\/www.worldrally.eu\/?p=871"},"modified":"2023-03-28T19:20:27","modified_gmt":"2023-03-28T19:20:27","slug":"rajd-chorwacji-lista-zgloszen","status":"publish","type":"post","link":"https:\/\/www.worldrally.eu\/index.php\/2023\/03\/27\/rajd-chorwacji-lista-zgloszen\/","title":{"rendered":"Rajd Chorwacji &#8211; lista zg\u0142osze\u0144"},"content":{"rendered":"\n<p class=\"wp-block-paragraph\">\u0141\u0105cznie 57 samochod\u00f3w wystartuje w wymagaj\u0105cym asfalcie, kt\u00f3ry pojawia si\u0119 po raz trzeci w kalendarzu WRC. Na szczycie listy znajduje si\u0119 Ogier, zwyci\u0119zca imprezy, kt\u00f3ra zadebiutowa\u0142a w 2021 roku<\/p>\n\n\n\n<p class=\"wp-block-paragraph\">Ogier prowadzi w mistrzostwach z trzema punktami po zwyci\u0119stwie na pocz\u0105tku tego miesi\u0105ca w Guanajuato Rally M\u00e9xico. Pozycja Francuza oznacza, \u017ce wystartuje jako pierwszy w kolejno\u015bci w Zagrzebiu, korzystaj\u0105c z czystszych, mniej zanieczyszczonych dr\u00f3g. Francuz nie startuje we wszystkich rundach, jednak\u017ce wci\u0105\u017c prezentuje wysok\u0105 form\u0119 i doskonale si\u0119 czuje w Toyocie.<\/p>\n\n\n\n<p class=\"wp-block-paragraph\">Thierry Neuville, drugi w punktacji, jedzie jednym z trzech aut Hyundai i20 N wraz z Esapekk\u0105 Lappi, i Craig Breen, kt\u00f3ry zast\u0119puje Daniego Sordo w trzecim samochodzie.<\/p>\n\n\n\n<p class=\"wp-block-paragraph\">M-Sport Ford wystawia dwa samochody Puma dla Otta T\u00e4naka i Pierre-Louisa Loubeta<\/p>\n\n\n\n<p class=\"wp-block-paragraph\">Pe\u0142na lista <a href=\"https:\/\/www.wrc.com\/?proxy=redaktion\/Season-2023-NEWS\/WRC\/March\/Croatia-Rally-Entry-List.pdf\" data-type=\"URL\" data-id=\"https:\/\/www.wrc.com\/?proxy=redaktion\/Season-2023-NEWS\/WRC\/March\/Croatia-Rally-Entry-List.pdf\"> >>> Tutaj &lt;&lt;&lt;<\/a><\/p>\n","protected":false},"excerpt":{"rendered":"<p>\u0141\u0105cznie 57 samochod\u00f3w wystartuje w wymagaj\u0105cym asfalcie, kt\u00f3ry pojawia si\u0119 po raz trzeci w kalendarzu WRC. Na szczycie listy znajduje si\u0119 Ogier, zwyci\u0119zca imprezy, kt\u00f3ra zadebiutowa\u0142a w 2021 roku Ogier prowadzi w mistrzostwach z trzema punktami po zwyci\u0119stwie na pocz\u0105tku tego miesi\u0105ca w Guanajuato Rally M\u00e9xico. Pozycja Francuza oznacza, \u017ce wystartuje jako pierwszy w kolejno\u015bci [&hellip;]<\/p>\n","protected":false},"author":2,"featured_media":872,"comment_status":"closed","ping_status":"closed","sticky":false,"template":"","format":"standard","meta":{"_monsterinsights_skip_tracking":false,"_monsterinsights_sitenote_active":false,"_monsterinsights_sitenote_note":"","_monsterinsights_sitenote_category":0,"footnotes":""},"categories":[3],"tags":[],"class_list":["post-871","post","type-post","status-publish","format-standard","has-post-thumbnail","hentry","category-wrc"],"aioseo_notices":[],"aioseo_head":"\n\t\t<!-- All in One SEO 4.9.9 - aioseo.com -->\n\t<meta name=\"description\" content=\"\u0141\u0105cznie 57 samochod\u00f3w wystartuje w wymagaj\u0105cym asfalcie, kt\u00f3ry pojawia si\u0119 po raz trzeci w kalendarzu WRC. Na szczycie listy znajduje si\u0119 Ogier, zwyci\u0119zca imprezy, kt\u00f3ra zadebiutowa\u0142a w 2021 roku Ogier prowadzi w mistrzostwach z trzema punktami po zwyci\u0119stwie na pocz\u0105tku tego miesi\u0105ca w Guanajuato Rally M\u00e9xico. Pozycja Francuza oznacza, \u017ce wystartuje jako pierwszy w kolejno\u015bci\" \/>\n\t<meta name=\"robots\" content=\"max-image-preview:large\" \/>\n\t<meta name=\"author\" content=\"Magdalena\"\/>\n\t<link rel=\"canonical\" href=\"https:\/\/www.worldrally.eu\/index.php\/2023\/03\/27\/rajd-chorwacji-lista-zgloszen\/\" \/>\n\t<meta name=\"generator\" content=\"All in One SEO (AIOSEO) 4.9.9\" \/>\n\t\t<meta property=\"og:locale\" content=\"en_GB\" \/>\n\t\t<meta property=\"og:site_name\" content=\"WorldRally.eu \u00bb\" \/>\n\t\t<meta property=\"og:type\" content=\"article\" \/>\n\t\t<meta property=\"og:title\" content=\"Rajd Chorwacji \u2013 lista zg\u0142osze\u0144 \u00bb WorldRally.eu\" \/>\n\t\t<meta property=\"og:description\" content=\"\u0141\u0105cznie 57 samochod\u00f3w wystartuje w wymagaj\u0105cym asfalcie, kt\u00f3ry pojawia si\u0119 po raz trzeci w kalendarzu WRC. Na szczycie listy znajduje si\u0119 Ogier, zwyci\u0119zca imprezy, kt\u00f3ra zadebiutowa\u0142a w 2021 roku Ogier prowadzi w mistrzostwach z trzema punktami po zwyci\u0119stwie na pocz\u0105tku tego miesi\u0105ca w Guanajuato Rally M\u00e9xico. Pozycja Francuza oznacza, \u017ce wystartuje jako pierwszy w kolejno\u015bci\" \/>\n\t\t<meta property=\"og:url\" content=\"https:\/\/www.worldrally.eu\/index.php\/2023\/03\/27\/rajd-chorwacji-lista-zgloszen\/\" \/>\n\t\t<meta property=\"og:image\" content=\"https:\/\/www.worldrally.eu\/wp-content\/uploads\/2023\/03\/R2-1.jpg\" \/>\n\t\t<meta property=\"og:image:secure_url\" content=\"https:\/\/www.worldrally.eu\/wp-content\/uploads\/2023\/03\/R2-1.jpg\" \/>\n\t\t<meta property=\"og:image:width\" content=\"1400\" \/>\n\t\t<meta property=\"og:image:height\" content=\"788\" \/>\n\t\t<meta property=\"article:published_time\" content=\"2023-03-27T19:13:00+00:00\" \/>\n\t\t<meta property=\"article:modified_time\" content=\"2023-03-28T19:20:27+00:00\" \/>\n\t\t<meta name=\"twitter:card\" content=\"summary_large_image\" \/>\n\t\t<meta name=\"twitter:title\" content=\"Rajd Chorwacji \u2013 lista zg\u0142osze\u0144 \u00bb WorldRally.eu\" \/>\n\t\t<meta name=\"twitter:description\" content=\"\u0141\u0105cznie 57 samochod\u00f3w wystartuje w wymagaj\u0105cym asfalcie, kt\u00f3ry pojawia si\u0119 po raz trzeci w kalendarzu WRC. Na szczycie listy znajduje si\u0119 Ogier, zwyci\u0119zca imprezy, kt\u00f3ra zadebiutowa\u0142a w 2021 roku Ogier prowadzi w mistrzostwach z trzema punktami po zwyci\u0119stwie na pocz\u0105tku tego miesi\u0105ca w Guanajuato Rally M\u00e9xico. Pozycja Francuza oznacza, \u017ce wystartuje jako pierwszy w kolejno\u015bci\" \/>\n\t\t<meta name=\"twitter:image\" content=\"https:\/\/www.worldrally.eu\/wp-content\/uploads\/2023\/03\/R2-1.jpg\" \/>\n\t\t<script type=\"application\/ld+json\" class=\"aioseo-schema\">\n\t\t\t{\"@context\":\"https:\\\/\\\/schema.org\",\"@graph\":[{\"@type\":\"BlogPosting\",\"@id\":\"https:\\\/\\\/www.worldrally.eu\\\/index.php\\\/2023\\\/03\\\/27\\\/rajd-chorwacji-lista-zgloszen\\\/#blogposting\",\"name\":\"Rajd Chorwacji \\u2013 lista zg\\u0142osze\\u0144 \\u00bb WorldRally.eu\",\"headline\":\"Rajd Chorwacji &#8211; lista zg\\u0142osze\\u0144\",\"author\":{\"@id\":\"https:\\\/\\\/www.worldrally.eu\\\/index.php\\\/author\\\/magdalena\\\/#author\"},\"publisher\":{\"@id\":\"https:\\\/\\\/www.worldrally.eu\\\/#organization\"},\"image\":{\"@type\":\"ImageObject\",\"url\":\"https:\\\/\\\/www.worldrally.eu\\\/wp-content\\\/uploads\\\/2023\\\/03\\\/R2-1.jpg\",\"width\":1400,\"height\":788},\"datePublished\":\"2023-03-27T19:13:00+00:00\",\"dateModified\":\"2023-03-28T19:20:27+00:00\",\"inLanguage\":\"en-GB\",\"mainEntityOfPage\":{\"@id\":\"https:\\\/\\\/www.worldrally.eu\\\/index.php\\\/2023\\\/03\\\/27\\\/rajd-chorwacji-lista-zgloszen\\\/#webpage\"},\"isPartOf\":{\"@id\":\"https:\\\/\\\/www.worldrally.eu\\\/index.php\\\/2023\\\/03\\\/27\\\/rajd-chorwacji-lista-zgloszen\\\/#webpage\"},\"articleSection\":\"WRC\"},{\"@type\":\"BreadcrumbList\",\"@id\":\"https:\\\/\\\/www.worldrally.eu\\\/index.php\\\/2023\\\/03\\\/27\\\/rajd-chorwacji-lista-zgloszen\\\/#breadcrumblist\",\"itemListElement\":[{\"@type\":\"ListItem\",\"@id\":\"https:\\\/\\\/www.worldrally.eu#listItem\",\"position\":1,\"name\":\"Home\",\"item\":\"https:\\\/\\\/www.worldrally.eu\",\"nextItem\":{\"@type\":\"ListItem\",\"@id\":\"https:\\\/\\\/www.worldrally.eu\\\/index.php\\\/category\\\/wrc\\\/#listItem\",\"name\":\"WRC\"}},{\"@type\":\"ListItem\",\"@id\":\"https:\\\/\\\/www.worldrally.eu\\\/index.php\\\/category\\\/wrc\\\/#listItem\",\"position\":2,\"name\":\"WRC\",\"item\":\"https:\\\/\\\/www.worldrally.eu\\\/index.php\\\/category\\\/wrc\\\/\",\"nextItem\":{\"@type\":\"ListItem\",\"@id\":\"https:\\\/\\\/www.worldrally.eu\\\/index.php\\\/2023\\\/03\\\/27\\\/rajd-chorwacji-lista-zgloszen\\\/#listItem\",\"name\":\"Rajd Chorwacji &#8211; lista zg\\u0142osze\\u0144\"},\"previousItem\":{\"@type\":\"ListItem\",\"@id\":\"https:\\\/\\\/www.worldrally.eu#listItem\",\"name\":\"Home\"}},{\"@type\":\"ListItem\",\"@id\":\"https:\\\/\\\/www.worldrally.eu\\\/index.php\\\/2023\\\/03\\\/27\\\/rajd-chorwacji-lista-zgloszen\\\/#listItem\",\"position\":3,\"name\":\"Rajd Chorwacji &#8211; lista zg\\u0142osze\\u0144\",\"previousItem\":{\"@type\":\"ListItem\",\"@id\":\"https:\\\/\\\/www.worldrally.eu\\\/index.php\\\/category\\\/wrc\\\/#listItem\",\"name\":\"WRC\"}}]},{\"@type\":\"Organization\",\"@id\":\"https:\\\/\\\/www.worldrally.eu\\\/#organization\",\"name\":\"WorldRally.eu\",\"url\":\"https:\\\/\\\/www.worldrally.eu\\\/\",\"logo\":{\"@type\":\"ImageObject\",\"url\":\"https:\\\/\\\/www.worldrally.eu\\\/wp-content\\\/uploads\\\/2026\\\/01\\\/cropped-logo-3.png\",\"@id\":\"https:\\\/\\\/www.worldrally.eu\\\/index.php\\\/2023\\\/03\\\/27\\\/rajd-chorwacji-lista-zgloszen\\\/#organizationLogo\",\"width\":2039,\"height\":756},\"image\":{\"@id\":\"https:\\\/\\\/www.worldrally.eu\\\/index.php\\\/2023\\\/03\\\/27\\\/rajd-chorwacji-lista-zgloszen\\\/#organizationLogo\"}},{\"@type\":\"Person\",\"@id\":\"https:\\\/\\\/www.worldrally.eu\\\/index.php\\\/author\\\/magdalena\\\/#author\",\"url\":\"https:\\\/\\\/www.worldrally.eu\\\/index.php\\\/author\\\/magdalena\\\/\",\"name\":\"Magdalena\",\"image\":{\"@type\":\"ImageObject\",\"@id\":\"https:\\\/\\\/www.worldrally.eu\\\/index.php\\\/2023\\\/03\\\/27\\\/rajd-chorwacji-lista-zgloszen\\\/#authorImage\",\"url\":\"https:\\\/\\\/secure.gravatar.com\\\/avatar\\\/853239b46cec38ba30b48d2b091f5538817cc78bdc0944c9ef7408579307e2ea?s=96&d=mm&r=g\",\"width\":96,\"height\":96,\"caption\":\"Magdalena\"}},{\"@type\":\"WebPage\",\"@id\":\"https:\\\/\\\/www.worldrally.eu\\\/index.php\\\/2023\\\/03\\\/27\\\/rajd-chorwacji-lista-zgloszen\\\/#webpage\",\"url\":\"https:\\\/\\\/www.worldrally.eu\\\/index.php\\\/2023\\\/03\\\/27\\\/rajd-chorwacji-lista-zgloszen\\\/\",\"name\":\"Rajd Chorwacji \\u2013 lista zg\\u0142osze\\u0144 \\u00bb WorldRally.eu\",\"description\":\"\\u0141\\u0105cznie 57 samochod\\u00f3w wystartuje w wymagaj\\u0105cym asfalcie, kt\\u00f3ry pojawia si\\u0119 po raz trzeci w kalendarzu WRC. Na szczycie listy znajduje si\\u0119 Ogier, zwyci\\u0119zca imprezy, kt\\u00f3ra zadebiutowa\\u0142a w 2021 roku Ogier prowadzi w mistrzostwach z trzema punktami po zwyci\\u0119stwie na pocz\\u0105tku tego miesi\\u0105ca w Guanajuato Rally M\\u00e9xico. Pozycja Francuza oznacza, \\u017ce wystartuje jako pierwszy w kolejno\\u015bci\",\"inLanguage\":\"en-GB\",\"isPartOf\":{\"@id\":\"https:\\\/\\\/www.worldrally.eu\\\/#website\"},\"breadcrumb\":{\"@id\":\"https:\\\/\\\/www.worldrally.eu\\\/index.php\\\/2023\\\/03\\\/27\\\/rajd-chorwacji-lista-zgloszen\\\/#breadcrumblist\"},\"author\":{\"@id\":\"https:\\\/\\\/www.worldrally.eu\\\/index.php\\\/author\\\/magdalena\\\/#author\"},\"creator\":{\"@id\":\"https:\\\/\\\/www.worldrally.eu\\\/index.php\\\/author\\\/magdalena\\\/#author\"},\"image\":{\"@type\":\"ImageObject\",\"url\":\"https:\\\/\\\/www.worldrally.eu\\\/wp-content\\\/uploads\\\/2023\\\/03\\\/R2-1.jpg\",\"@id\":\"https:\\\/\\\/www.worldrally.eu\\\/index.php\\\/2023\\\/03\\\/27\\\/rajd-chorwacji-lista-zgloszen\\\/#mainImage\",\"width\":1400,\"height\":788},\"primaryImageOfPage\":{\"@id\":\"https:\\\/\\\/www.worldrally.eu\\\/index.php\\\/2023\\\/03\\\/27\\\/rajd-chorwacji-lista-zgloszen\\\/#mainImage\"},\"datePublished\":\"2023-03-27T19:13:00+00:00\",\"dateModified\":\"2023-03-28T19:20:27+00:00\"},{\"@type\":\"WebSite\",\"@id\":\"https:\\\/\\\/www.worldrally.eu\\\/#website\",\"url\":\"https:\\\/\\\/www.worldrally.eu\\\/\",\"name\":\"WorldRally.eu\",\"inLanguage\":\"en-GB\",\"publisher\":{\"@id\":\"https:\\\/\\\/www.worldrally.eu\\\/#organization\"}}]}\n\t\t<\/script>\n\t\t<!-- All in One SEO -->\n\n","aioseo_head_json":{"title":"Rajd Chorwacji \u2013 lista zg\u0142osze\u0144 \u00bb WorldRally.eu","description":"\u0141\u0105cznie 57 samochod\u00f3w wystartuje w wymagaj\u0105cym asfalcie, kt\u00f3ry pojawia si\u0119 po raz trzeci w kalendarzu WRC. Na szczycie listy znajduje si\u0119 Ogier, zwyci\u0119zca imprezy, kt\u00f3ra zadebiutowa\u0142a w 2021 roku Ogier prowadzi w mistrzostwach z trzema punktami po zwyci\u0119stwie na pocz\u0105tku tego miesi\u0105ca w Guanajuato Rally M\u00e9xico. Pozycja Francuza oznacza, \u017ce wystartuje jako pierwszy w kolejno\u015bci","canonical_url":"https:\/\/www.worldrally.eu\/index.php\/2023\/03\/27\/rajd-chorwacji-lista-zgloszen\/","robots":"max-image-preview:large","keywords":"","webmasterTools":{"miscellaneous":""},"schema":{"@context":"https:\/\/schema.org","@graph":[{"@type":"BlogPosting","@id":"https:\/\/www.worldrally.eu\/index.php\/2023\/03\/27\/rajd-chorwacji-lista-zgloszen\/#blogposting","name":"Rajd Chorwacji \u2013 lista zg\u0142osze\u0144 \u00bb WorldRally.eu","headline":"Rajd Chorwacji &#8211; lista zg\u0142osze\u0144","author":{"@id":"https:\/\/www.worldrally.eu\/index.php\/author\/magdalena\/#author"},"publisher":{"@id":"https:\/\/www.worldrally.eu\/#organization"},"image":{"@type":"ImageObject","url":"https:\/\/www.worldrally.eu\/wp-content\/uploads\/2023\/03\/R2-1.jpg","width":1400,"height":788},"datePublished":"2023-03-27T19:13:00+00:00","dateModified":"2023-03-28T19:20:27+00:00","inLanguage":"en-GB","mainEntityOfPage":{"@id":"https:\/\/www.worldrally.eu\/index.php\/2023\/03\/27\/rajd-chorwacji-lista-zgloszen\/#webpage"},"isPartOf":{"@id":"https:\/\/www.worldrally.eu\/index.php\/2023\/03\/27\/rajd-chorwacji-lista-zgloszen\/#webpage"},"articleSection":"WRC"},{"@type":"BreadcrumbList","@id":"https:\/\/www.worldrally.eu\/index.php\/2023\/03\/27\/rajd-chorwacji-lista-zgloszen\/#breadcrumblist","itemListElement":[{"@type":"ListItem","@id":"https:\/\/www.worldrally.eu#listItem","position":1,"name":"Home","item":"https:\/\/www.worldrally.eu","nextItem":{"@type":"ListItem","@id":"https:\/\/www.worldrally.eu\/index.php\/category\/wrc\/#listItem","name":"WRC"}},{"@type":"ListItem","@id":"https:\/\/www.worldrally.eu\/index.php\/category\/wrc\/#listItem","position":2,"name":"WRC","item":"https:\/\/www.worldrally.eu\/index.php\/category\/wrc\/","nextItem":{"@type":"ListItem","@id":"https:\/\/www.worldrally.eu\/index.php\/2023\/03\/27\/rajd-chorwacji-lista-zgloszen\/#listItem","name":"Rajd Chorwacji &#8211; lista zg\u0142osze\u0144"},"previousItem":{"@type":"ListItem","@id":"https:\/\/www.worldrally.eu#listItem","name":"Home"}},{"@type":"ListItem","@id":"https:\/\/www.worldrally.eu\/index.php\/2023\/03\/27\/rajd-chorwacji-lista-zgloszen\/#listItem","position":3,"name":"Rajd Chorwacji &#8211; lista zg\u0142osze\u0144","previousItem":{"@type":"ListItem","@id":"https:\/\/www.worldrally.eu\/index.php\/category\/wrc\/#listItem","name":"WRC"}}]},{"@type":"Organization","@id":"https:\/\/www.worldrally.eu\/#organization","name":"WorldRally.eu","url":"https:\/\/www.worldrally.eu\/","logo":{"@type":"ImageObject","url":"https:\/\/www.worldrally.eu\/wp-content\/uploads\/2026\/01\/cropped-logo-3.png","@id":"https:\/\/www.worldrally.eu\/index.php\/2023\/03\/27\/rajd-chorwacji-lista-zgloszen\/#organizationLogo","width":2039,"height":756},"image":{"@id":"https:\/\/www.worldrally.eu\/index.php\/2023\/03\/27\/rajd-chorwacji-lista-zgloszen\/#organizationLogo"}},{"@type":"Person","@id":"https:\/\/www.worldrally.eu\/index.php\/author\/magdalena\/#author","url":"https:\/\/www.worldrally.eu\/index.php\/author\/magdalena\/","name":"Magdalena","image":{"@type":"ImageObject","@id":"https:\/\/www.worldrally.eu\/index.php\/2023\/03\/27\/rajd-chorwacji-lista-zgloszen\/#authorImage","url":"https:\/\/secure.gravatar.com\/avatar\/853239b46cec38ba30b48d2b091f5538817cc78bdc0944c9ef7408579307e2ea?s=96&d=mm&r=g","width":96,"height":96,"caption":"Magdalena"}},{"@type":"WebPage","@id":"https:\/\/www.worldrally.eu\/index.php\/2023\/03\/27\/rajd-chorwacji-lista-zgloszen\/#webpage","url":"https:\/\/www.worldrally.eu\/index.php\/2023\/03\/27\/rajd-chorwacji-lista-zgloszen\/","name":"Rajd Chorwacji \u2013 lista zg\u0142osze\u0144 \u00bb WorldRally.eu","description":"\u0141\u0105cznie 57 samochod\u00f3w wystartuje w wymagaj\u0105cym asfalcie, kt\u00f3ry pojawia si\u0119 po raz trzeci w kalendarzu WRC. Na szczycie listy znajduje si\u0119 Ogier, zwyci\u0119zca imprezy, kt\u00f3ra zadebiutowa\u0142a w 2021 roku Ogier prowadzi w mistrzostwach z trzema punktami po zwyci\u0119stwie na pocz\u0105tku tego miesi\u0105ca w Guanajuato Rally M\u00e9xico. Pozycja Francuza oznacza, \u017ce wystartuje jako pierwszy w kolejno\u015bci","inLanguage":"en-GB","isPartOf":{"@id":"https:\/\/www.worldrally.eu\/#website"},"breadcrumb":{"@id":"https:\/\/www.worldrally.eu\/index.php\/2023\/03\/27\/rajd-chorwacji-lista-zgloszen\/#breadcrumblist"},"author":{"@id":"https:\/\/www.worldrally.eu\/index.php\/author\/magdalena\/#author"},"creator":{"@id":"https:\/\/www.worldrally.eu\/index.php\/author\/magdalena\/#author"},"image":{"@type":"ImageObject","url":"https:\/\/www.worldrally.eu\/wp-content\/uploads\/2023\/03\/R2-1.jpg","@id":"https:\/\/www.worldrally.eu\/index.php\/2023\/03\/27\/rajd-chorwacji-lista-zgloszen\/#mainImage","width":1400,"height":788},"primaryImageOfPage":{"@id":"https:\/\/www.worldrally.eu\/index.php\/2023\/03\/27\/rajd-chorwacji-lista-zgloszen\/#mainImage"},"datePublished":"2023-03-27T19:13:00+00:00","dateModified":"2023-03-28T19:20:27+00:00"},{"@type":"WebSite","@id":"https:\/\/www.worldrally.eu\/#website","url":"https:\/\/www.worldrally.eu\/","name":"WorldRally.eu","inLanguage":"en-GB","publisher":{"@id":"https:\/\/www.worldrally.eu\/#organization"}}]},"og:locale":"en_GB","og:site_name":"WorldRally.eu \u00bb","og:type":"article","og:title":"Rajd Chorwacji \u2013 lista zg\u0142osze\u0144 \u00bb WorldRally.eu","og:description":"\u0141\u0105cznie 57 samochod\u00f3w wystartuje w wymagaj\u0105cym asfalcie, kt\u00f3ry pojawia si\u0119 po raz trzeci w kalendarzu WRC. Na szczycie listy znajduje si\u0119 Ogier, zwyci\u0119zca imprezy, kt\u00f3ra zadebiutowa\u0142a w 2021 roku Ogier prowadzi w mistrzostwach z trzema punktami po zwyci\u0119stwie na pocz\u0105tku tego miesi\u0105ca w Guanajuato Rally M\u00e9xico. Pozycja Francuza oznacza, \u017ce wystartuje jako pierwszy w kolejno\u015bci","og:url":"https:\/\/www.worldrally.eu\/index.php\/2023\/03\/27\/rajd-chorwacji-lista-zgloszen\/","og:image":"https:\/\/www.worldrally.eu\/wp-content\/uploads\/2023\/03\/R2-1.jpg","og:image:secure_url":"https:\/\/www.worldrally.eu\/wp-content\/uploads\/2023\/03\/R2-1.jpg","og:image:width":1400,"og:image:height":788,"article:published_time":"2023-03-27T19:13:00+00:00","article:modified_time":"2023-03-28T19:20:27+00:00","twitter:card":"summary_large_image","twitter:title":"Rajd Chorwacji \u2013 lista zg\u0142osze\u0144 \u00bb WorldRally.eu","twitter:description":"\u0141\u0105cznie 57 samochod\u00f3w wystartuje w wymagaj\u0105cym asfalcie, kt\u00f3ry pojawia si\u0119 po raz trzeci w kalendarzu WRC. Na szczycie listy znajduje si\u0119 Ogier, zwyci\u0119zca imprezy, kt\u00f3ra zadebiutowa\u0142a w 2021 roku Ogier prowadzi w mistrzostwach z trzema punktami po zwyci\u0119stwie na pocz\u0105tku tego miesi\u0105ca w Guanajuato Rally M\u00e9xico. Pozycja Francuza oznacza, \u017ce wystartuje jako pierwszy w kolejno\u015bci","twitter:image":"https:\/\/www.worldrally.eu\/wp-content\/uploads\/2023\/03\/R2-1.jpg"},"aioseo_meta_data":{"post_id":"871","title":null,"description":null,"keywords":null,"keyphrases":null,"primary_term":null,"canonical_url":null,"og_title":null,"og_description":null,"og_object_type":"default","og_image_type":"default","og_image_url":null,"og_image_width":null,"og_image_height":null,"og_image_custom_url":null,"og_image_custom_fields":null,"og_video":null,"og_custom_url":null,"og_article_section":null,"og_article_tags":null,"twitter_use_og":false,"twitter_card":"default","twitter_image_type":"default","twitter_image_url":null,"twitter_image_custom_url":null,"twitter_image_custom_fields":null,"twitter_title":null,"twitter_description":null,"schema":{"blockGraphs":[],"customGraphs":[],"default":{"data":{"Article":[],"Course":[],"Dataset":[],"FAQPage":[],"Movie":[],"Person":[],"Product":[],"ProductReview":[],"Car":[],"Recipe":[],"Service":[],"SoftwareApplication":[],"WebPage":[]},"graphName":"","isEnabled":true},"graphs":[]},"schema_type":"default","schema_type_options":null,"pillar_content":false,"robots_default":true,"robots_noindex":false,"robots_noarchive":false,"robots_nosnippet":false,"robots_nofollow":false,"robots_noimageindex":false,"robots_noodp":false,"robots_notranslate":false,"robots_max_snippet":null,"robots_max_videopreview":null,"robots_max_imagepreview":"large","priority":null,"frequency":null,"local_seo":null,"breadcrumb_settings":null,"limit_modified_date":false,"ai":null,"created":"2025-03-22 06:05:09","updated":"2025-10-26 09:43:23","seo_analyzer_scan_date":null},"aioseo_breadcrumb":"<div class=\"aioseo-breadcrumbs\"><span class=\"aioseo-breadcrumb\">\n\t\t\t<a href=\"https:\/\/www.worldrally.eu\" title=\"Home\">Home<\/a>\n\t\t<\/span><span class=\"aioseo-breadcrumb-separator\">&raquo;<\/span><span class=\"aioseo-breadcrumb\">\n\t\t\t<a href=\"https:\/\/www.worldrally.eu\/index.php\/category\/wrc\/\" title=\"WRC\">WRC<\/a>\n\t\t<\/span><span class=\"aioseo-breadcrumb-separator\">&raquo;<\/span><span class=\"aioseo-breadcrumb\">\n\t\t\tRajd Chorwacji \u2013 lista zg\u0142osze\u0144\n\t\t<\/span><\/div>","aioseo_breadcrumb_json":[{"label":"Home","link":"https:\/\/www.worldrally.eu"},{"label":"WRC","link":"https:\/\/www.worldrally.eu\/index.php\/category\/wrc\/"},{"label":"Rajd Chorwacji &#8211; lista zg\u0142osze\u0144","link":"https:\/\/www.worldrally.eu\/index.php\/2023\/03\/27\/rajd-chorwacji-lista-zgloszen\/"}],"cc_featured_image_caption":{"caption_text":"Foto - WRC.com","source_text":"","source_url":""},"_links":{"self":[{"href":"https:\/\/www.worldrally.eu\/index.php\/wp-json\/wp\/v2\/posts\/871","targetHints":{"allow":["GET"]}}],"collection":[{"href":"https:\/\/www.worldrally.eu\/index.php\/wp-json\/wp\/v2\/posts"}],"about":[{"href":"https:\/\/www.worldrally.eu\/index.php\/wp-json\/wp\/v2\/types\/post"}],"author":[{"embeddable":true,"href":"https:\/\/www.worldrally.eu\/index.php\/wp-json\/wp\/v2\/users\/2"}],"replies":[{"embeddable":true,"href":"https:\/\/www.worldrally.eu\/index.php\/wp-json\/wp\/v2\/comments?post=871"}],"version-history":[{"count":1,"href":"https:\/\/www.worldrally.eu\/index.php\/wp-json\/wp\/v2\/posts\/871\/revisions"}],"predecessor-version":[{"id":873,"href":"https:\/\/www.worldrally.eu\/index.php\/wp-json\/wp\/v2\/posts\/871\/revisions\/873"}],"wp:featuredmedia":[{"embeddable":true,"href":"https:\/\/www.worldrally.eu\/index.php\/wp-json\/wp\/v2\/media\/872"}],"wp:attachment":[{"href":"https:\/\/www.worldrally.eu\/index.php\/wp-json\/wp\/v2\/media?parent=871"}],"wp:term":[{"taxonomy":"category","embeddable":true,"href":"https:\/\/www.worldrally.eu\/index.php\/wp-json\/wp\/v2\/categories?post=871"},{"taxonomy":"post_tag","embeddable":true,"href":"https:\/\/www.worldrally.eu\/index.php\/wp-json\/wp\/v2\/tags?post=871"}],"curies":[{"name":"wp","href":"https:\/\/api.w.org\/{rel}","templated":true}]}}