{"id":867,"date":"2023-03-27T19:02:00","date_gmt":"2023-03-27T19:02:00","guid":{"rendered":"https:\/\/www.worldrally.eu\/?p=867"},"modified":"2023-03-28T19:12:26","modified_gmt":"2023-03-28T19:12:26","slug":"forumaux-fiesta-rally2-ma-potencjal","status":"publish","type":"post","link":"https:\/\/www.worldrally.eu\/index.php\/2023\/03\/27\/forumaux-fiesta-rally2-ma-potencjal\/","title":{"rendered":"Forumaux &#8211; Fiesta Rally2 ma potencja\u0142"},"content":{"rendered":"\n<p class=\"wp-block-paragraph\">Adrien Fourmaux jest przekonany, \u017ce jego Ford Fiesta Rally2 jest w stanie walczy\u0107 na samym ko\u0144cu stawki WRC2 w tym sezonie. M\u0142ody zawodnik M-Sport Ford je\u017adzi\u0142 najwy\u017cszej klasy Pum\u0105 w 2022 roku, ale w tym roku skupi\u0142 si\u0119 na rozwoju i wsparciu Fiesty Rally2.<\/p>\n\n\n\n<p class=\"wp-block-paragraph\">Francuz jako pierwszy ucierpia\u0142 podczas rajdu Meksyku gdzie po pierwszym odcinku specjalnym zajmowa\u0142 drugie miejsce ze strat\u0105 oko\u0142o 30 sekund do lidera, jednak\u017ce musia\u0142 si\u0119 zatrzyma\u0107 i wymieni\u0107 pasek pomocniczy w po\u0142owie drugiego etapu. Ten post\u00f3j kosztowa\u0142a ponad 17 minut, przez co jego Ford Fiesta Rally2 spad\u0142 na si\u00f3dme miejsce.<\/p>\n\n\n\n<blockquote class=\"wp-block-quote is-layout-flow wp-block-quote-is-layout-flow\">\n<p class=\"wp-block-paragraph\">Jestem naprawd\u0119 bardzo zadowolony z naszego wyst\u0119pu w Meksyku. Nasze tempo by\u0142o naprawd\u0119 mocne, a bior\u0105c pod uwag\u0119 problemy mechaniczne, to tylko sporty motorowe \u2013 to si\u0119 mo\u017ce zdarzy\u0107. Wci\u0105\u017c mamy troch\u0119 punkt\u00f3w do mistrzostwa i wygrali\u015bmy Power Stage, wi\u0119c warto by\u0142o spr\u00f3bowa\u0107 to naprawi\u0107. Wiemy, \u017ce mamy kilka rzeczy do poprawy w samochodzie, zw\u0142aszcza na asfalcie, ale nie jest to tak daleko, a niekt\u00f3re ulepszenia nadejd\u0105 w ci\u0105gu najbli\u017cszych kilku miesi\u0119cy. To wymaga czasu, ale jestem przekonany, \u017ce uda nam si\u0119 z\u0142apa\u0107 pozosta\u0142ych.<\/p>\n<\/blockquote>\n\n\n\n<figure class=\"wp-block-image size-large\"><img fetchpriority=\"high\" decoding=\"async\" width=\"1024\" height=\"576\" src=\"https:\/\/www.worldrally.eu\/wp-content\/uploads\/2023\/03\/F3-1024x576.jpg\" alt=\"\" class=\"wp-image-869\" srcset=\"https:\/\/www.worldrally.eu\/wp-content\/uploads\/2023\/03\/F3-1024x576.jpg 1024w, https:\/\/www.worldrally.eu\/wp-content\/uploads\/2023\/03\/F3-300x169.jpg 300w, https:\/\/www.worldrally.eu\/wp-content\/uploads\/2023\/03\/F3-768x432.jpg 768w, https:\/\/www.worldrally.eu\/wp-content\/uploads\/2023\/03\/F3-1280x720.jpg 1280w, https:\/\/www.worldrally.eu\/wp-content\/uploads\/2023\/03\/F3.jpg 1400w\" sizes=\"(max-width: 1024px) 100vw, 1024px\" \/><figcaption class=\"wp-element-caption\">Foto &#8211; WRC.com<\/figcaption><\/figure>\n\n\n\n<p class=\"wp-block-paragraph\">Rajd Chorwacji, kt\u00f3ry odb\u0119dzie si\u0119 w dniach 20-23 kwietnia a Fourmaux ma nadziej\u0119 na deszczow\u0105 pogod\u0119 w Zagrzebiu, aby da\u0107 sobie i swojej Fie\u015bcie szans\u0119 naprawd\u0119 zab\u0142ysn\u0105\u0107.<\/p>\n\n\n\n<blockquote class=\"wp-block-quote is-layout-flow wp-block-quote-is-layout-flow\">\n<p class=\"wp-block-paragraph\">Samoch\u00f3d jest naprawd\u0119 dobry na asfalcie, gdy warunki s\u0105 trudne. Kiedy jest ca\u0142kowicie sucho, tak jak w Monte-Carlo, walczymy \u2013 ale pracujemy nad tym. W Chorwacji, nawet gdy jest ca\u0142kowicie sucho, przyczepno\u015b\u0107 jest tak niska, poniewa\u017c naci\u0119cia s\u0105 bardzo brudne<\/p>\n<\/blockquote>\n","protected":false},"excerpt":{"rendered":"<p>Adrien Fourmaux jest przekonany, \u017ce jego Ford Fiesta Rally2 jest w stanie walczy\u0107 na samym ko\u0144cu stawki WRC2 w tym sezonie. M\u0142ody zawodnik M-Sport Ford je\u017adzi\u0142 najwy\u017cszej klasy Pum\u0105 w 2022 roku, ale w tym roku skupi\u0142 si\u0119 na rozwoju i wsparciu Fiesty Rally2. Francuz jako pierwszy ucierpia\u0142 podczas rajdu Meksyku gdzie po pierwszym odcinku [&hellip;]<\/p>\n","protected":false},"author":4,"featured_media":868,"comment_status":"closed","ping_status":"closed","sticky":false,"template":"","format":"standard","meta":{"_monsterinsights_skip_tracking":false,"_monsterinsights_sitenote_active":false,"_monsterinsights_sitenote_note":"","_monsterinsights_sitenote_category":0,"footnotes":""},"categories":[3],"tags":[],"class_list":["post-867","post","type-post","status-publish","format-standard","has-post-thumbnail","hentry","category-wrc"],"aioseo_notices":[],"aioseo_head":"\n\t\t<!-- All in One SEO 4.9.9 - aioseo.com -->\n\t<meta name=\"description\" content=\"Adrien Fourmaux jest przekonany, \u017ce jego Ford Fiesta Rally2 jest w stanie walczy\u0107 na samym ko\u0144cu stawki WRC2 w tym sezonie. M\u0142ody zawodnik M-Sport Ford je\u017adzi\u0142 najwy\u017cszej klasy Pum\u0105 w 2022 roku, ale w tym roku skupi\u0142 si\u0119 na rozwoju i wsparciu Fiesty Rally2. Francuz jako pierwszy ucierpia\u0142 podczas rajdu Meksyku gdzie po pierwszym odcinku\" \/>\n\t<meta name=\"robots\" content=\"max-image-preview:large\" \/>\n\t<meta name=\"author\" content=\"Slawek\"\/>\n\t<link rel=\"canonical\" href=\"https:\/\/www.worldrally.eu\/index.php\/2023\/03\/27\/forumaux-fiesta-rally2-ma-potencjal\/\" \/>\n\t<meta name=\"generator\" content=\"All in One SEO (AIOSEO) 4.9.9\" \/>\n\t\t<meta property=\"og:locale\" content=\"en_GB\" \/>\n\t\t<meta property=\"og:site_name\" content=\"WorldRally.eu \u00bb\" \/>\n\t\t<meta property=\"og:type\" content=\"article\" \/>\n\t\t<meta property=\"og:title\" content=\"Forumaux \u2013 Fiesta Rally2 ma potencja\u0142 \u00bb WorldRally.eu\" \/>\n\t\t<meta property=\"og:description\" content=\"Adrien Fourmaux jest przekonany, \u017ce jego Ford Fiesta Rally2 jest w stanie walczy\u0107 na samym ko\u0144cu stawki WRC2 w tym sezonie. M\u0142ody zawodnik M-Sport Ford je\u017adzi\u0142 najwy\u017cszej klasy Pum\u0105 w 2022 roku, ale w tym roku skupi\u0142 si\u0119 na rozwoju i wsparciu Fiesty Rally2. Francuz jako pierwszy ucierpia\u0142 podczas rajdu Meksyku gdzie po pierwszym odcinku\" \/>\n\t\t<meta property=\"og:url\" content=\"https:\/\/www.worldrally.eu\/index.php\/2023\/03\/27\/forumaux-fiesta-rally2-ma-potencjal\/\" \/>\n\t\t<meta property=\"og:image\" content=\"https:\/\/www.worldrally.eu\/wp-content\/uploads\/2023\/03\/F2.jpg\" \/>\n\t\t<meta property=\"og:image:secure_url\" content=\"https:\/\/www.worldrally.eu\/wp-content\/uploads\/2023\/03\/F2.jpg\" \/>\n\t\t<meta property=\"og:image:width\" content=\"1400\" \/>\n\t\t<meta property=\"og:image:height\" content=\"788\" \/>\n\t\t<meta property=\"article:published_time\" content=\"2023-03-27T19:02:00+00:00\" \/>\n\t\t<meta property=\"article:modified_time\" content=\"2023-03-28T19:12:26+00:00\" \/>\n\t\t<meta name=\"twitter:card\" content=\"summary_large_image\" \/>\n\t\t<meta name=\"twitter:title\" content=\"Forumaux \u2013 Fiesta Rally2 ma potencja\u0142 \u00bb WorldRally.eu\" \/>\n\t\t<meta name=\"twitter:description\" content=\"Adrien Fourmaux jest przekonany, \u017ce jego Ford Fiesta Rally2 jest w stanie walczy\u0107 na samym ko\u0144cu stawki WRC2 w tym sezonie. M\u0142ody zawodnik M-Sport Ford je\u017adzi\u0142 najwy\u017cszej klasy Pum\u0105 w 2022 roku, ale w tym roku skupi\u0142 si\u0119 na rozwoju i wsparciu Fiesty Rally2. Francuz jako pierwszy ucierpia\u0142 podczas rajdu Meksyku gdzie po pierwszym odcinku\" \/>\n\t\t<meta name=\"twitter:image\" content=\"https:\/\/www.worldrally.eu\/wp-content\/uploads\/2023\/03\/F2.jpg\" \/>\n\t\t<script type=\"application\/ld+json\" class=\"aioseo-schema\">\n\t\t\t{\"@context\":\"https:\\\/\\\/schema.org\",\"@graph\":[{\"@type\":\"BlogPosting\",\"@id\":\"https:\\\/\\\/www.worldrally.eu\\\/index.php\\\/2023\\\/03\\\/27\\\/forumaux-fiesta-rally2-ma-potencjal\\\/#blogposting\",\"name\":\"Forumaux \\u2013 Fiesta Rally2 ma potencja\\u0142 \\u00bb WorldRally.eu\",\"headline\":\"Forumaux &#8211; Fiesta Rally2 ma potencja\\u0142\",\"author\":{\"@id\":\"https:\\\/\\\/www.worldrally.eu\\\/index.php\\\/author\\\/slawek\\\/#author\"},\"publisher\":{\"@id\":\"https:\\\/\\\/www.worldrally.eu\\\/#organization\"},\"image\":{\"@type\":\"ImageObject\",\"url\":\"https:\\\/\\\/www.worldrally.eu\\\/wp-content\\\/uploads\\\/2023\\\/03\\\/F2.jpg\",\"width\":1400,\"height\":788},\"datePublished\":\"2023-03-27T19:02:00+00:00\",\"dateModified\":\"2023-03-28T19:12:26+00:00\",\"inLanguage\":\"en-GB\",\"mainEntityOfPage\":{\"@id\":\"https:\\\/\\\/www.worldrally.eu\\\/index.php\\\/2023\\\/03\\\/27\\\/forumaux-fiesta-rally2-ma-potencjal\\\/#webpage\"},\"isPartOf\":{\"@id\":\"https:\\\/\\\/www.worldrally.eu\\\/index.php\\\/2023\\\/03\\\/27\\\/forumaux-fiesta-rally2-ma-potencjal\\\/#webpage\"},\"articleSection\":\"WRC\"},{\"@type\":\"BreadcrumbList\",\"@id\":\"https:\\\/\\\/www.worldrally.eu\\\/index.php\\\/2023\\\/03\\\/27\\\/forumaux-fiesta-rally2-ma-potencjal\\\/#breadcrumblist\",\"itemListElement\":[{\"@type\":\"ListItem\",\"@id\":\"https:\\\/\\\/www.worldrally.eu#listItem\",\"position\":1,\"name\":\"Home\",\"item\":\"https:\\\/\\\/www.worldrally.eu\",\"nextItem\":{\"@type\":\"ListItem\",\"@id\":\"https:\\\/\\\/www.worldrally.eu\\\/index.php\\\/category\\\/wrc\\\/#listItem\",\"name\":\"WRC\"}},{\"@type\":\"ListItem\",\"@id\":\"https:\\\/\\\/www.worldrally.eu\\\/index.php\\\/category\\\/wrc\\\/#listItem\",\"position\":2,\"name\":\"WRC\",\"item\":\"https:\\\/\\\/www.worldrally.eu\\\/index.php\\\/category\\\/wrc\\\/\",\"nextItem\":{\"@type\":\"ListItem\",\"@id\":\"https:\\\/\\\/www.worldrally.eu\\\/index.php\\\/2023\\\/03\\\/27\\\/forumaux-fiesta-rally2-ma-potencjal\\\/#listItem\",\"name\":\"Forumaux &#8211; Fiesta Rally2 ma potencja\\u0142\"},\"previousItem\":{\"@type\":\"ListItem\",\"@id\":\"https:\\\/\\\/www.worldrally.eu#listItem\",\"name\":\"Home\"}},{\"@type\":\"ListItem\",\"@id\":\"https:\\\/\\\/www.worldrally.eu\\\/index.php\\\/2023\\\/03\\\/27\\\/forumaux-fiesta-rally2-ma-potencjal\\\/#listItem\",\"position\":3,\"name\":\"Forumaux &#8211; Fiesta Rally2 ma potencja\\u0142\",\"previousItem\":{\"@type\":\"ListItem\",\"@id\":\"https:\\\/\\\/www.worldrally.eu\\\/index.php\\\/category\\\/wrc\\\/#listItem\",\"name\":\"WRC\"}}]},{\"@type\":\"Organization\",\"@id\":\"https:\\\/\\\/www.worldrally.eu\\\/#organization\",\"name\":\"WorldRally.eu\",\"url\":\"https:\\\/\\\/www.worldrally.eu\\\/\",\"logo\":{\"@type\":\"ImageObject\",\"url\":\"https:\\\/\\\/www.worldrally.eu\\\/wp-content\\\/uploads\\\/2026\\\/01\\\/cropped-logo-3.png\",\"@id\":\"https:\\\/\\\/www.worldrally.eu\\\/index.php\\\/2023\\\/03\\\/27\\\/forumaux-fiesta-rally2-ma-potencjal\\\/#organizationLogo\",\"width\":2039,\"height\":756},\"image\":{\"@id\":\"https:\\\/\\\/www.worldrally.eu\\\/index.php\\\/2023\\\/03\\\/27\\\/forumaux-fiesta-rally2-ma-potencjal\\\/#organizationLogo\"}},{\"@type\":\"Person\",\"@id\":\"https:\\\/\\\/www.worldrally.eu\\\/index.php\\\/author\\\/slawek\\\/#author\",\"url\":\"https:\\\/\\\/www.worldrally.eu\\\/index.php\\\/author\\\/slawek\\\/\",\"name\":\"Slawek\",\"image\":{\"@type\":\"ImageObject\",\"@id\":\"https:\\\/\\\/www.worldrally.eu\\\/index.php\\\/2023\\\/03\\\/27\\\/forumaux-fiesta-rally2-ma-potencjal\\\/#authorImage\",\"url\":\"https:\\\/\\\/secure.gravatar.com\\\/avatar\\\/69f360f7dae72083ae4bc4ab808684e60db7862f2a4c55f482a5c339df672fd5?s=96&d=mm&r=g\",\"width\":96,\"height\":96,\"caption\":\"Slawek\"}},{\"@type\":\"WebPage\",\"@id\":\"https:\\\/\\\/www.worldrally.eu\\\/index.php\\\/2023\\\/03\\\/27\\\/forumaux-fiesta-rally2-ma-potencjal\\\/#webpage\",\"url\":\"https:\\\/\\\/www.worldrally.eu\\\/index.php\\\/2023\\\/03\\\/27\\\/forumaux-fiesta-rally2-ma-potencjal\\\/\",\"name\":\"Forumaux \\u2013 Fiesta Rally2 ma potencja\\u0142 \\u00bb WorldRally.eu\",\"description\":\"Adrien Fourmaux jest przekonany, \\u017ce jego Ford Fiesta Rally2 jest w stanie walczy\\u0107 na samym ko\\u0144cu stawki WRC2 w tym sezonie. M\\u0142ody zawodnik M-Sport Ford je\\u017adzi\\u0142 najwy\\u017cszej klasy Pum\\u0105 w 2022 roku, ale w tym roku skupi\\u0142 si\\u0119 na rozwoju i wsparciu Fiesty Rally2. Francuz jako pierwszy ucierpia\\u0142 podczas rajdu Meksyku gdzie po pierwszym odcinku\",\"inLanguage\":\"en-GB\",\"isPartOf\":{\"@id\":\"https:\\\/\\\/www.worldrally.eu\\\/#website\"},\"breadcrumb\":{\"@id\":\"https:\\\/\\\/www.worldrally.eu\\\/index.php\\\/2023\\\/03\\\/27\\\/forumaux-fiesta-rally2-ma-potencjal\\\/#breadcrumblist\"},\"author\":{\"@id\":\"https:\\\/\\\/www.worldrally.eu\\\/index.php\\\/author\\\/slawek\\\/#author\"},\"creator\":{\"@id\":\"https:\\\/\\\/www.worldrally.eu\\\/index.php\\\/author\\\/slawek\\\/#author\"},\"image\":{\"@type\":\"ImageObject\",\"url\":\"https:\\\/\\\/www.worldrally.eu\\\/wp-content\\\/uploads\\\/2023\\\/03\\\/F2.jpg\",\"@id\":\"https:\\\/\\\/www.worldrally.eu\\\/index.php\\\/2023\\\/03\\\/27\\\/forumaux-fiesta-rally2-ma-potencjal\\\/#mainImage\",\"width\":1400,\"height\":788},\"primaryImageOfPage\":{\"@id\":\"https:\\\/\\\/www.worldrally.eu\\\/index.php\\\/2023\\\/03\\\/27\\\/forumaux-fiesta-rally2-ma-potencjal\\\/#mainImage\"},\"datePublished\":\"2023-03-27T19:02:00+00:00\",\"dateModified\":\"2023-03-28T19:12:26+00:00\"},{\"@type\":\"WebSite\",\"@id\":\"https:\\\/\\\/www.worldrally.eu\\\/#website\",\"url\":\"https:\\\/\\\/www.worldrally.eu\\\/\",\"name\":\"WorldRally.eu\",\"inLanguage\":\"en-GB\",\"publisher\":{\"@id\":\"https:\\\/\\\/www.worldrally.eu\\\/#organization\"}}]}\n\t\t<\/script>\n\t\t<!-- All in One SEO -->\n\n","aioseo_head_json":{"title":"Forumaux \u2013 Fiesta Rally2 ma potencja\u0142 \u00bb WorldRally.eu","description":"Adrien Fourmaux jest przekonany, \u017ce jego Ford Fiesta Rally2 jest w stanie walczy\u0107 na samym ko\u0144cu stawki WRC2 w tym sezonie. M\u0142ody zawodnik M-Sport Ford je\u017adzi\u0142 najwy\u017cszej klasy Pum\u0105 w 2022 roku, ale w tym roku skupi\u0142 si\u0119 na rozwoju i wsparciu Fiesty Rally2. Francuz jako pierwszy ucierpia\u0142 podczas rajdu Meksyku gdzie po pierwszym odcinku","canonical_url":"https:\/\/www.worldrally.eu\/index.php\/2023\/03\/27\/forumaux-fiesta-rally2-ma-potencjal\/","robots":"max-image-preview:large","keywords":"","webmasterTools":{"miscellaneous":""},"schema":{"@context":"https:\/\/schema.org","@graph":[{"@type":"BlogPosting","@id":"https:\/\/www.worldrally.eu\/index.php\/2023\/03\/27\/forumaux-fiesta-rally2-ma-potencjal\/#blogposting","name":"Forumaux \u2013 Fiesta Rally2 ma potencja\u0142 \u00bb WorldRally.eu","headline":"Forumaux &#8211; Fiesta Rally2 ma potencja\u0142","author":{"@id":"https:\/\/www.worldrally.eu\/index.php\/author\/slawek\/#author"},"publisher":{"@id":"https:\/\/www.worldrally.eu\/#organization"},"image":{"@type":"ImageObject","url":"https:\/\/www.worldrally.eu\/wp-content\/uploads\/2023\/03\/F2.jpg","width":1400,"height":788},"datePublished":"2023-03-27T19:02:00+00:00","dateModified":"2023-03-28T19:12:26+00:00","inLanguage":"en-GB","mainEntityOfPage":{"@id":"https:\/\/www.worldrally.eu\/index.php\/2023\/03\/27\/forumaux-fiesta-rally2-ma-potencjal\/#webpage"},"isPartOf":{"@id":"https:\/\/www.worldrally.eu\/index.php\/2023\/03\/27\/forumaux-fiesta-rally2-ma-potencjal\/#webpage"},"articleSection":"WRC"},{"@type":"BreadcrumbList","@id":"https:\/\/www.worldrally.eu\/index.php\/2023\/03\/27\/forumaux-fiesta-rally2-ma-potencjal\/#breadcrumblist","itemListElement":[{"@type":"ListItem","@id":"https:\/\/www.worldrally.eu#listItem","position":1,"name":"Home","item":"https:\/\/www.worldrally.eu","nextItem":{"@type":"ListItem","@id":"https:\/\/www.worldrally.eu\/index.php\/category\/wrc\/#listItem","name":"WRC"}},{"@type":"ListItem","@id":"https:\/\/www.worldrally.eu\/index.php\/category\/wrc\/#listItem","position":2,"name":"WRC","item":"https:\/\/www.worldrally.eu\/index.php\/category\/wrc\/","nextItem":{"@type":"ListItem","@id":"https:\/\/www.worldrally.eu\/index.php\/2023\/03\/27\/forumaux-fiesta-rally2-ma-potencjal\/#listItem","name":"Forumaux &#8211; Fiesta Rally2 ma potencja\u0142"},"previousItem":{"@type":"ListItem","@id":"https:\/\/www.worldrally.eu#listItem","name":"Home"}},{"@type":"ListItem","@id":"https:\/\/www.worldrally.eu\/index.php\/2023\/03\/27\/forumaux-fiesta-rally2-ma-potencjal\/#listItem","position":3,"name":"Forumaux &#8211; Fiesta Rally2 ma potencja\u0142","previousItem":{"@type":"ListItem","@id":"https:\/\/www.worldrally.eu\/index.php\/category\/wrc\/#listItem","name":"WRC"}}]},{"@type":"Organization","@id":"https:\/\/www.worldrally.eu\/#organization","name":"WorldRally.eu","url":"https:\/\/www.worldrally.eu\/","logo":{"@type":"ImageObject","url":"https:\/\/www.worldrally.eu\/wp-content\/uploads\/2026\/01\/cropped-logo-3.png","@id":"https:\/\/www.worldrally.eu\/index.php\/2023\/03\/27\/forumaux-fiesta-rally2-ma-potencjal\/#organizationLogo","width":2039,"height":756},"image":{"@id":"https:\/\/www.worldrally.eu\/index.php\/2023\/03\/27\/forumaux-fiesta-rally2-ma-potencjal\/#organizationLogo"}},{"@type":"Person","@id":"https:\/\/www.worldrally.eu\/index.php\/author\/slawek\/#author","url":"https:\/\/www.worldrally.eu\/index.php\/author\/slawek\/","name":"Slawek","image":{"@type":"ImageObject","@id":"https:\/\/www.worldrally.eu\/index.php\/2023\/03\/27\/forumaux-fiesta-rally2-ma-potencjal\/#authorImage","url":"https:\/\/secure.gravatar.com\/avatar\/69f360f7dae72083ae4bc4ab808684e60db7862f2a4c55f482a5c339df672fd5?s=96&d=mm&r=g","width":96,"height":96,"caption":"Slawek"}},{"@type":"WebPage","@id":"https:\/\/www.worldrally.eu\/index.php\/2023\/03\/27\/forumaux-fiesta-rally2-ma-potencjal\/#webpage","url":"https:\/\/www.worldrally.eu\/index.php\/2023\/03\/27\/forumaux-fiesta-rally2-ma-potencjal\/","name":"Forumaux \u2013 Fiesta Rally2 ma potencja\u0142 \u00bb WorldRally.eu","description":"Adrien Fourmaux jest przekonany, \u017ce jego Ford Fiesta Rally2 jest w stanie walczy\u0107 na samym ko\u0144cu stawki WRC2 w tym sezonie. M\u0142ody zawodnik M-Sport Ford je\u017adzi\u0142 najwy\u017cszej klasy Pum\u0105 w 2022 roku, ale w tym roku skupi\u0142 si\u0119 na rozwoju i wsparciu Fiesty Rally2. Francuz jako pierwszy ucierpia\u0142 podczas rajdu Meksyku gdzie po pierwszym odcinku","inLanguage":"en-GB","isPartOf":{"@id":"https:\/\/www.worldrally.eu\/#website"},"breadcrumb":{"@id":"https:\/\/www.worldrally.eu\/index.php\/2023\/03\/27\/forumaux-fiesta-rally2-ma-potencjal\/#breadcrumblist"},"author":{"@id":"https:\/\/www.worldrally.eu\/index.php\/author\/slawek\/#author"},"creator":{"@id":"https:\/\/www.worldrally.eu\/index.php\/author\/slawek\/#author"},"image":{"@type":"ImageObject","url":"https:\/\/www.worldrally.eu\/wp-content\/uploads\/2023\/03\/F2.jpg","@id":"https:\/\/www.worldrally.eu\/index.php\/2023\/03\/27\/forumaux-fiesta-rally2-ma-potencjal\/#mainImage","width":1400,"height":788},"primaryImageOfPage":{"@id":"https:\/\/www.worldrally.eu\/index.php\/2023\/03\/27\/forumaux-fiesta-rally2-ma-potencjal\/#mainImage"},"datePublished":"2023-03-27T19:02:00+00:00","dateModified":"2023-03-28T19:12:26+00:00"},{"@type":"WebSite","@id":"https:\/\/www.worldrally.eu\/#website","url":"https:\/\/www.worldrally.eu\/","name":"WorldRally.eu","inLanguage":"en-GB","publisher":{"@id":"https:\/\/www.worldrally.eu\/#organization"}}]},"og:locale":"en_GB","og:site_name":"WorldRally.eu \u00bb","og:type":"article","og:title":"Forumaux \u2013 Fiesta Rally2 ma potencja\u0142 \u00bb WorldRally.eu","og:description":"Adrien Fourmaux jest przekonany, \u017ce jego Ford Fiesta Rally2 jest w stanie walczy\u0107 na samym ko\u0144cu stawki WRC2 w tym sezonie. M\u0142ody zawodnik M-Sport Ford je\u017adzi\u0142 najwy\u017cszej klasy Pum\u0105 w 2022 roku, ale w tym roku skupi\u0142 si\u0119 na rozwoju i wsparciu Fiesty Rally2. Francuz jako pierwszy ucierpia\u0142 podczas rajdu Meksyku gdzie po pierwszym odcinku","og:url":"https:\/\/www.worldrally.eu\/index.php\/2023\/03\/27\/forumaux-fiesta-rally2-ma-potencjal\/","og:image":"https:\/\/www.worldrally.eu\/wp-content\/uploads\/2023\/03\/F2.jpg","og:image:secure_url":"https:\/\/www.worldrally.eu\/wp-content\/uploads\/2023\/03\/F2.jpg","og:image:width":1400,"og:image:height":788,"article:published_time":"2023-03-27T19:02:00+00:00","article:modified_time":"2023-03-28T19:12:26+00:00","twitter:card":"summary_large_image","twitter:title":"Forumaux \u2013 Fiesta Rally2 ma potencja\u0142 \u00bb WorldRally.eu","twitter:description":"Adrien Fourmaux jest przekonany, \u017ce jego Ford Fiesta Rally2 jest w stanie walczy\u0107 na samym ko\u0144cu stawki WRC2 w tym sezonie. M\u0142ody zawodnik M-Sport Ford je\u017adzi\u0142 najwy\u017cszej klasy Pum\u0105 w 2022 roku, ale w tym roku skupi\u0142 si\u0119 na rozwoju i wsparciu Fiesty Rally2. Francuz jako pierwszy ucierpia\u0142 podczas rajdu Meksyku gdzie po pierwszym odcinku","twitter:image":"https:\/\/www.worldrally.eu\/wp-content\/uploads\/2023\/03\/F2.jpg"},"aioseo_meta_data":{"post_id":"867","title":null,"description":null,"keywords":null,"keyphrases":null,"primary_term":null,"canonical_url":null,"og_title":null,"og_description":null,"og_object_type":"default","og_image_type":"default","og_image_url":null,"og_image_width":null,"og_image_height":null,"og_image_custom_url":null,"og_image_custom_fields":null,"og_video":null,"og_custom_url":null,"og_article_section":null,"og_article_tags":null,"twitter_use_og":false,"twitter_card":"default","twitter_image_type":"default","twitter_image_url":null,"twitter_image_custom_url":null,"twitter_image_custom_fields":null,"twitter_title":null,"twitter_description":null,"schema":{"blockGraphs":[],"customGraphs":[],"default":{"data":{"Article":[],"Course":[],"Dataset":[],"FAQPage":[],"Movie":[],"Person":[],"Product":[],"ProductReview":[],"Car":[],"Recipe":[],"Service":[],"SoftwareApplication":[],"WebPage":[]},"graphName":"","isEnabled":true},"graphs":[]},"schema_type":"default","schema_type_options":null,"pillar_content":false,"robots_default":true,"robots_noindex":false,"robots_noarchive":false,"robots_nosnippet":false,"robots_nofollow":false,"robots_noimageindex":false,"robots_noodp":false,"robots_notranslate":false,"robots_max_snippet":null,"robots_max_videopreview":null,"robots_max_imagepreview":"large","priority":null,"frequency":null,"local_seo":null,"breadcrumb_settings":null,"limit_modified_date":false,"ai":null,"created":"2025-03-22 06:05:09","updated":"2025-10-26 09:43:23","seo_analyzer_scan_date":null},"aioseo_breadcrumb":"<div class=\"aioseo-breadcrumbs\"><span class=\"aioseo-breadcrumb\">\n\t\t\t<a href=\"https:\/\/www.worldrally.eu\" title=\"Home\">Home<\/a>\n\t\t<\/span><span class=\"aioseo-breadcrumb-separator\">&raquo;<\/span><span class=\"aioseo-breadcrumb\">\n\t\t\t<a href=\"https:\/\/www.worldrally.eu\/index.php\/category\/wrc\/\" title=\"WRC\">WRC<\/a>\n\t\t<\/span><span class=\"aioseo-breadcrumb-separator\">&raquo;<\/span><span class=\"aioseo-breadcrumb\">\n\t\t\tForumaux \u2013 Fiesta Rally2 ma potencja\u0142\n\t\t<\/span><\/div>","aioseo_breadcrumb_json":[{"label":"Home","link":"https:\/\/www.worldrally.eu"},{"label":"WRC","link":"https:\/\/www.worldrally.eu\/index.php\/category\/wrc\/"},{"label":"Forumaux &#8211; Fiesta Rally2 ma potencja\u0142","link":"https:\/\/www.worldrally.eu\/index.php\/2023\/03\/27\/forumaux-fiesta-rally2-ma-potencjal\/"}],"cc_featured_image_caption":{"caption_text":"Foto - WRC.com","source_text":"","source_url":""},"_links":{"self":[{"href":"https:\/\/www.worldrally.eu\/index.php\/wp-json\/wp\/v2\/posts\/867","targetHints":{"allow":["GET"]}}],"collection":[{"href":"https:\/\/www.worldrally.eu\/index.php\/wp-json\/wp\/v2\/posts"}],"about":[{"href":"https:\/\/www.worldrally.eu\/index.php\/wp-json\/wp\/v2\/types\/post"}],"author":[{"embeddable":true,"href":"https:\/\/www.worldrally.eu\/index.php\/wp-json\/wp\/v2\/users\/4"}],"replies":[{"embeddable":true,"href":"https:\/\/www.worldrally.eu\/index.php\/wp-json\/wp\/v2\/comments?post=867"}],"version-history":[{"count":1,"href":"https:\/\/www.worldrally.eu\/index.php\/wp-json\/wp\/v2\/posts\/867\/revisions"}],"predecessor-version":[{"id":870,"href":"https:\/\/www.worldrally.eu\/index.php\/wp-json\/wp\/v2\/posts\/867\/revisions\/870"}],"wp:featuredmedia":[{"embeddable":true,"href":"https:\/\/www.worldrally.eu\/index.php\/wp-json\/wp\/v2\/media\/868"}],"wp:attachment":[{"href":"https:\/\/www.worldrally.eu\/index.php\/wp-json\/wp\/v2\/media?parent=867"}],"wp:term":[{"taxonomy":"category","embeddable":true,"href":"https:\/\/www.worldrally.eu\/index.php\/wp-json\/wp\/v2\/categories?post=867"},{"taxonomy":"post_tag","embeddable":true,"href":"https:\/\/www.worldrally.eu\/index.php\/wp-json\/wp\/v2\/tags?post=867"}],"curies":[{"name":"wp","href":"https:\/\/api.w.org\/{rel}","templated":true}]}}