{"id":858,"date":"2023-03-22T18:07:00","date_gmt":"2023-03-22T18:07:00","guid":{"rendered":"https:\/\/www.worldrally.eu\/?p=858"},"modified":"2023-03-28T18:16:43","modified_gmt":"2023-03-28T18:16:43","slug":"tanak-brak-porozumienia-z-puma","status":"publish","type":"post","link":"https:\/\/www.worldrally.eu\/index.php\/2023\/03\/22\/tanak-brak-porozumienia-z-puma\/","title":{"rendered":"T\u00e4nak &#8211; brak porozumienia z Pum\u0105"},"content":{"rendered":"\n<p class=\"wp-block-paragraph\">Ott T\u00e4nak mimo wspania\u0142ego rezultatu w Rajdzie Szwecji wci\u0105\u017c nie mo\u017ce porozumie\u0107 si\u0119 ze swoim autem Fordem Puma Rally1 czego ewidentnym dowodem by\u0142 ostatni rajd w Meksyku, gdzie dosz\u0142o do awarii turbo spr\u0119\u017carki, po kt\u00f3rej kierowca straci\u0142 a\u017c 14 minut i nie mia\u0142 tym samym szansy walki o podium.<\/p>\n\n\n\n<p class=\"wp-block-paragraph\">Esto\u0144czykwalczy\u0142 o dziewi\u0105te miejsce, a tak\u017ce zebra\u0142 cztery dodatkowe punkty za zaj\u0119cie drugiego miejsca w ko\u0144cz\u0105cym odcinku Power Stage, przyzna\u0142 jednak, \u017ce czu\u0142 si\u0119 nieswojo w samochodzie.<\/p>\n\n\n\n<blockquote class=\"wp-block-quote is-layout-flow wp-block-quote-is-layout-flow\">\n<p class=\"wp-block-paragraph\">My\u015bl\u0119, \u017ce ja i samoch\u00f3d troch\u0119 nie do siebie pasujemy i prawdopodobnie w tej chwili jest to troch\u0119 trudny temat. Pozytywnie jest zdoby\u0107 przynajmniej kilka punkt\u00f3w, poniewa\u017c w pi\u0105tek nie wygl\u0105da\u0142o na to, \u017ce b\u0119dzie to mo\u017cliwe. Tak jak powiedzia\u0142em, samoch\u00f3d jest dobry, a samoch\u00f3d musi oczywi\u015bcie by\u0107 konkurencyjny w innych r\u0119kach, ale powiedzia\u0142bym, \u017ce nie jest to dla mnie naturalne i nie jestem w stanie dostarczy\u0107 tak, jak powinienem.<\/p>\n<cite><em>przyzna\u0142 T\u00e4nak<\/em><\/cite><\/blockquote>\n\n\n\n<figure class=\"wp-block-image size-large\"><img fetchpriority=\"high\" decoding=\"async\" width=\"1024\" height=\"683\" src=\"https:\/\/www.worldrally.eu\/wp-content\/uploads\/2023\/03\/T2-2-1024x683.jpg\" alt=\"\" class=\"wp-image-860\" srcset=\"https:\/\/www.worldrally.eu\/wp-content\/uploads\/2023\/03\/T2-2-1024x683.jpg 1024w, https:\/\/www.worldrally.eu\/wp-content\/uploads\/2023\/03\/T2-2-300x200.jpg 300w, https:\/\/www.worldrally.eu\/wp-content\/uploads\/2023\/03\/T2-2-768x512.jpg 768w, https:\/\/www.worldrally.eu\/wp-content\/uploads\/2023\/03\/T2-2-1536x1025.jpg 1536w, https:\/\/www.worldrally.eu\/wp-content\/uploads\/2023\/03\/T2-2-446x297.jpg 446w, https:\/\/www.worldrally.eu\/wp-content\/uploads\/2023\/03\/T2-2.jpg 2048w\" sizes=\"(max-width: 1024px) 100vw, 1024px\" \/><figcaption class=\"wp-element-caption\">Foto &#8211; WRC.com<\/figcaption><\/figure>\n\n\n\n<p class=\"wp-block-paragraph\">Szef zespo\u0142u M-Sport, Rich Millener, z uznaniem wypowiada\u0142 si\u0119 o odporno\u015bci, jak\u0105 wykaza\u0142 si\u0119 jego zesp\u00f3\u0142 podczas czterodniowego spotkania, podczas kt\u00f3rego r\u00f3wnie\u017c inni kierowcy Pumy, Pierre-Louis Loubet i Jourdan Serderidis, wpadli w k\u0142opoty.<\/p>\n\n\n\n<blockquote class=\"wp-block-quote is-layout-flow wp-block-quote-is-layout-flow\">\n<p class=\"wp-block-paragraph\">Musz\u0119 powiedzie\u0107, \u017ce jestem niesamowicie dumny z tego, co zrobi\u0142 zesp\u00f3\u0142, aby odwr\u00f3ci\u0107 wynik Otta. Od wygl\u0105du przypominaj\u0105cego przej\u015bcie na emerytur\u0119 do kontynuowania s\u0142u\u017cby i wykraczania poza to, co uwa\u017cali\u015bmy za mo\u017cliwe w s\u0142u\u017cbie w pi\u0105tek. Ten duch zespo\u0142owy pom\u00f3g\u0142 nam przywr\u00f3ci\u0107 Ottowi miejsce w pierwszej dziesi\u0105tce i zaj\u0105\u0107 wystarczaj\u0105co siln\u0105 pozycj\u0119, aby zdobywa\u0107 punkty w Power Stage<\/p>\n<\/blockquote>\n","protected":false},"excerpt":{"rendered":"<p>Ott T\u00e4nak mimo wspania\u0142ego rezultatu w Rajdzie Szwecji wci\u0105\u017c nie mo\u017ce porozumie\u0107 si\u0119 ze swoim autem Fordem Puma Rally1 czego ewidentnym dowodem by\u0142 ostatni rajd w Meksyku, gdzie dosz\u0142o do awarii turbo spr\u0119\u017carki, po kt\u00f3rej kierowca straci\u0142 a\u017c 14 minut i nie mia\u0142 tym samym szansy walki o podium. Esto\u0144czykwalczy\u0142 o dziewi\u0105te miejsce, a tak\u017ce [&hellip;]<\/p>\n","protected":false},"author":2,"featured_media":859,"comment_status":"closed","ping_status":"closed","sticky":false,"template":"","format":"standard","meta":{"_monsterinsights_skip_tracking":false,"_monsterinsights_sitenote_active":false,"_monsterinsights_sitenote_note":"","_monsterinsights_sitenote_category":0,"footnotes":""},"categories":[3],"tags":[],"class_list":["post-858","post","type-post","status-publish","format-standard","has-post-thumbnail","hentry","category-wrc"],"aioseo_notices":[],"aioseo_head":"\n\t\t<!-- All in One SEO 4.9.9 - aioseo.com -->\n\t<meta name=\"description\" content=\"Ott T\u00e4nak mimo wspania\u0142ego rezultatu w Rajdzie Szwecji wci\u0105\u017c nie mo\u017ce porozumie\u0107 si\u0119 ze swoim autem Fordem Puma Rally1 czego ewidentnym dowodem by\u0142 ostatni rajd w Meksyku, gdzie dosz\u0142o do awarii turbo spr\u0119\u017carki, po kt\u00f3rej kierowca straci\u0142 a\u017c 14 minut i nie mia\u0142 tym samym szansy walki o podium. Esto\u0144czykwalczy\u0142 o dziewi\u0105te miejsce, a tak\u017ce\" \/>\n\t<meta name=\"robots\" content=\"max-image-preview:large\" \/>\n\t<meta name=\"author\" content=\"Magdalena\"\/>\n\t<link rel=\"canonical\" href=\"https:\/\/www.worldrally.eu\/index.php\/2023\/03\/22\/tanak-brak-porozumienia-z-puma\/\" \/>\n\t<meta name=\"generator\" content=\"All in One SEO (AIOSEO) 4.9.9\" \/>\n\t\t<meta property=\"og:locale\" content=\"en_GB\" \/>\n\t\t<meta property=\"og:site_name\" content=\"WorldRally.eu \u00bb\" \/>\n\t\t<meta property=\"og:type\" content=\"article\" \/>\n\t\t<meta property=\"og:title\" content=\"T\u00e4nak \u2013 brak porozumienia z Pum\u0105 \u00bb WorldRally.eu\" \/>\n\t\t<meta property=\"og:description\" content=\"Ott T\u00e4nak mimo wspania\u0142ego rezultatu w Rajdzie Szwecji wci\u0105\u017c nie mo\u017ce porozumie\u0107 si\u0119 ze swoim autem Fordem Puma Rally1 czego ewidentnym dowodem by\u0142 ostatni rajd w Meksyku, gdzie dosz\u0142o do awarii turbo spr\u0119\u017carki, po kt\u00f3rej kierowca straci\u0142 a\u017c 14 minut i nie mia\u0142 tym samym szansy walki o podium. Esto\u0144czykwalczy\u0142 o dziewi\u0105te miejsce, a tak\u017ce\" \/>\n\t\t<meta property=\"og:url\" content=\"https:\/\/www.worldrally.eu\/index.php\/2023\/03\/22\/tanak-brak-porozumienia-z-puma\/\" \/>\n\t\t<meta property=\"og:image\" content=\"https:\/\/www.worldrally.eu\/wp-content\/uploads\/2023\/03\/T3-1.jpg\" \/>\n\t\t<meta property=\"og:image:secure_url\" content=\"https:\/\/www.worldrally.eu\/wp-content\/uploads\/2023\/03\/T3-1.jpg\" \/>\n\t\t<meta property=\"og:image:width\" content=\"1400\" \/>\n\t\t<meta property=\"og:image:height\" content=\"788\" \/>\n\t\t<meta property=\"article:published_time\" content=\"2023-03-22T18:07:00+00:00\" \/>\n\t\t<meta property=\"article:modified_time\" content=\"2023-03-28T18:16:43+00:00\" \/>\n\t\t<meta name=\"twitter:card\" content=\"summary_large_image\" \/>\n\t\t<meta name=\"twitter:title\" content=\"T\u00e4nak \u2013 brak porozumienia z Pum\u0105 \u00bb WorldRally.eu\" \/>\n\t\t<meta name=\"twitter:description\" content=\"Ott T\u00e4nak mimo wspania\u0142ego rezultatu w Rajdzie Szwecji wci\u0105\u017c nie mo\u017ce porozumie\u0107 si\u0119 ze swoim autem Fordem Puma Rally1 czego ewidentnym dowodem by\u0142 ostatni rajd w Meksyku, gdzie dosz\u0142o do awarii turbo spr\u0119\u017carki, po kt\u00f3rej kierowca straci\u0142 a\u017c 14 minut i nie mia\u0142 tym samym szansy walki o podium. Esto\u0144czykwalczy\u0142 o dziewi\u0105te miejsce, a tak\u017ce\" \/>\n\t\t<meta name=\"twitter:image\" content=\"https:\/\/www.worldrally.eu\/wp-content\/uploads\/2023\/03\/T3-1.jpg\" \/>\n\t\t<script type=\"application\/ld+json\" class=\"aioseo-schema\">\n\t\t\t{\"@context\":\"https:\\\/\\\/schema.org\",\"@graph\":[{\"@type\":\"BlogPosting\",\"@id\":\"https:\\\/\\\/www.worldrally.eu\\\/index.php\\\/2023\\\/03\\\/22\\\/tanak-brak-porozumienia-z-puma\\\/#blogposting\",\"name\":\"T\\u00e4nak \\u2013 brak porozumienia z Pum\\u0105 \\u00bb WorldRally.eu\",\"headline\":\"T\\u00e4nak &#8211; brak porozumienia z Pum\\u0105\",\"author\":{\"@id\":\"https:\\\/\\\/www.worldrally.eu\\\/index.php\\\/author\\\/magdalena\\\/#author\"},\"publisher\":{\"@id\":\"https:\\\/\\\/www.worldrally.eu\\\/#organization\"},\"image\":{\"@type\":\"ImageObject\",\"url\":\"https:\\\/\\\/www.worldrally.eu\\\/wp-content\\\/uploads\\\/2023\\\/03\\\/T3-1.jpg\",\"width\":1400,\"height\":788},\"datePublished\":\"2023-03-22T18:07:00+00:00\",\"dateModified\":\"2023-03-28T18:16:43+00:00\",\"inLanguage\":\"en-GB\",\"mainEntityOfPage\":{\"@id\":\"https:\\\/\\\/www.worldrally.eu\\\/index.php\\\/2023\\\/03\\\/22\\\/tanak-brak-porozumienia-z-puma\\\/#webpage\"},\"isPartOf\":{\"@id\":\"https:\\\/\\\/www.worldrally.eu\\\/index.php\\\/2023\\\/03\\\/22\\\/tanak-brak-porozumienia-z-puma\\\/#webpage\"},\"articleSection\":\"WRC\"},{\"@type\":\"BreadcrumbList\",\"@id\":\"https:\\\/\\\/www.worldrally.eu\\\/index.php\\\/2023\\\/03\\\/22\\\/tanak-brak-porozumienia-z-puma\\\/#breadcrumblist\",\"itemListElement\":[{\"@type\":\"ListItem\",\"@id\":\"https:\\\/\\\/www.worldrally.eu#listItem\",\"position\":1,\"name\":\"Home\",\"item\":\"https:\\\/\\\/www.worldrally.eu\",\"nextItem\":{\"@type\":\"ListItem\",\"@id\":\"https:\\\/\\\/www.worldrally.eu\\\/index.php\\\/category\\\/wrc\\\/#listItem\",\"name\":\"WRC\"}},{\"@type\":\"ListItem\",\"@id\":\"https:\\\/\\\/www.worldrally.eu\\\/index.php\\\/category\\\/wrc\\\/#listItem\",\"position\":2,\"name\":\"WRC\",\"item\":\"https:\\\/\\\/www.worldrally.eu\\\/index.php\\\/category\\\/wrc\\\/\",\"nextItem\":{\"@type\":\"ListItem\",\"@id\":\"https:\\\/\\\/www.worldrally.eu\\\/index.php\\\/2023\\\/03\\\/22\\\/tanak-brak-porozumienia-z-puma\\\/#listItem\",\"name\":\"T\\u00e4nak &#8211; brak porozumienia z Pum\\u0105\"},\"previousItem\":{\"@type\":\"ListItem\",\"@id\":\"https:\\\/\\\/www.worldrally.eu#listItem\",\"name\":\"Home\"}},{\"@type\":\"ListItem\",\"@id\":\"https:\\\/\\\/www.worldrally.eu\\\/index.php\\\/2023\\\/03\\\/22\\\/tanak-brak-porozumienia-z-puma\\\/#listItem\",\"position\":3,\"name\":\"T\\u00e4nak &#8211; brak porozumienia z Pum\\u0105\",\"previousItem\":{\"@type\":\"ListItem\",\"@id\":\"https:\\\/\\\/www.worldrally.eu\\\/index.php\\\/category\\\/wrc\\\/#listItem\",\"name\":\"WRC\"}}]},{\"@type\":\"Organization\",\"@id\":\"https:\\\/\\\/www.worldrally.eu\\\/#organization\",\"name\":\"WorldRally.eu\",\"url\":\"https:\\\/\\\/www.worldrally.eu\\\/\",\"logo\":{\"@type\":\"ImageObject\",\"url\":\"https:\\\/\\\/www.worldrally.eu\\\/wp-content\\\/uploads\\\/2026\\\/01\\\/cropped-logo-3.png\",\"@id\":\"https:\\\/\\\/www.worldrally.eu\\\/index.php\\\/2023\\\/03\\\/22\\\/tanak-brak-porozumienia-z-puma\\\/#organizationLogo\",\"width\":2039,\"height\":756},\"image\":{\"@id\":\"https:\\\/\\\/www.worldrally.eu\\\/index.php\\\/2023\\\/03\\\/22\\\/tanak-brak-porozumienia-z-puma\\\/#organizationLogo\"}},{\"@type\":\"Person\",\"@id\":\"https:\\\/\\\/www.worldrally.eu\\\/index.php\\\/author\\\/magdalena\\\/#author\",\"url\":\"https:\\\/\\\/www.worldrally.eu\\\/index.php\\\/author\\\/magdalena\\\/\",\"name\":\"Magdalena\",\"image\":{\"@type\":\"ImageObject\",\"@id\":\"https:\\\/\\\/www.worldrally.eu\\\/index.php\\\/2023\\\/03\\\/22\\\/tanak-brak-porozumienia-z-puma\\\/#authorImage\",\"url\":\"https:\\\/\\\/secure.gravatar.com\\\/avatar\\\/853239b46cec38ba30b48d2b091f5538817cc78bdc0944c9ef7408579307e2ea?s=96&d=mm&r=g\",\"width\":96,\"height\":96,\"caption\":\"Magdalena\"}},{\"@type\":\"WebPage\",\"@id\":\"https:\\\/\\\/www.worldrally.eu\\\/index.php\\\/2023\\\/03\\\/22\\\/tanak-brak-porozumienia-z-puma\\\/#webpage\",\"url\":\"https:\\\/\\\/www.worldrally.eu\\\/index.php\\\/2023\\\/03\\\/22\\\/tanak-brak-porozumienia-z-puma\\\/\",\"name\":\"T\\u00e4nak \\u2013 brak porozumienia z Pum\\u0105 \\u00bb WorldRally.eu\",\"description\":\"Ott T\\u00e4nak mimo wspania\\u0142ego rezultatu w Rajdzie Szwecji wci\\u0105\\u017c nie mo\\u017ce porozumie\\u0107 si\\u0119 ze swoim autem Fordem Puma Rally1 czego ewidentnym dowodem by\\u0142 ostatni rajd w Meksyku, gdzie dosz\\u0142o do awarii turbo spr\\u0119\\u017carki, po kt\\u00f3rej kierowca straci\\u0142 a\\u017c 14 minut i nie mia\\u0142 tym samym szansy walki o podium. Esto\\u0144czykwalczy\\u0142 o dziewi\\u0105te miejsce, a tak\\u017ce\",\"inLanguage\":\"en-GB\",\"isPartOf\":{\"@id\":\"https:\\\/\\\/www.worldrally.eu\\\/#website\"},\"breadcrumb\":{\"@id\":\"https:\\\/\\\/www.worldrally.eu\\\/index.php\\\/2023\\\/03\\\/22\\\/tanak-brak-porozumienia-z-puma\\\/#breadcrumblist\"},\"author\":{\"@id\":\"https:\\\/\\\/www.worldrally.eu\\\/index.php\\\/author\\\/magdalena\\\/#author\"},\"creator\":{\"@id\":\"https:\\\/\\\/www.worldrally.eu\\\/index.php\\\/author\\\/magdalena\\\/#author\"},\"image\":{\"@type\":\"ImageObject\",\"url\":\"https:\\\/\\\/www.worldrally.eu\\\/wp-content\\\/uploads\\\/2023\\\/03\\\/T3-1.jpg\",\"@id\":\"https:\\\/\\\/www.worldrally.eu\\\/index.php\\\/2023\\\/03\\\/22\\\/tanak-brak-porozumienia-z-puma\\\/#mainImage\",\"width\":1400,\"height\":788},\"primaryImageOfPage\":{\"@id\":\"https:\\\/\\\/www.worldrally.eu\\\/index.php\\\/2023\\\/03\\\/22\\\/tanak-brak-porozumienia-z-puma\\\/#mainImage\"},\"datePublished\":\"2023-03-22T18:07:00+00:00\",\"dateModified\":\"2023-03-28T18:16:43+00:00\"},{\"@type\":\"WebSite\",\"@id\":\"https:\\\/\\\/www.worldrally.eu\\\/#website\",\"url\":\"https:\\\/\\\/www.worldrally.eu\\\/\",\"name\":\"WorldRally.eu\",\"inLanguage\":\"en-GB\",\"publisher\":{\"@id\":\"https:\\\/\\\/www.worldrally.eu\\\/#organization\"}}]}\n\t\t<\/script>\n\t\t<!-- All in One SEO -->\n\n","aioseo_head_json":{"title":"T\u00e4nak \u2013 brak porozumienia z Pum\u0105 \u00bb WorldRally.eu","description":"Ott T\u00e4nak mimo wspania\u0142ego rezultatu w Rajdzie Szwecji wci\u0105\u017c nie mo\u017ce porozumie\u0107 si\u0119 ze swoim autem Fordem Puma Rally1 czego ewidentnym dowodem by\u0142 ostatni rajd w Meksyku, gdzie dosz\u0142o do awarii turbo spr\u0119\u017carki, po kt\u00f3rej kierowca straci\u0142 a\u017c 14 minut i nie mia\u0142 tym samym szansy walki o podium. Esto\u0144czykwalczy\u0142 o dziewi\u0105te miejsce, a tak\u017ce","canonical_url":"https:\/\/www.worldrally.eu\/index.php\/2023\/03\/22\/tanak-brak-porozumienia-z-puma\/","robots":"max-image-preview:large","keywords":"","webmasterTools":{"miscellaneous":""},"schema":{"@context":"https:\/\/schema.org","@graph":[{"@type":"BlogPosting","@id":"https:\/\/www.worldrally.eu\/index.php\/2023\/03\/22\/tanak-brak-porozumienia-z-puma\/#blogposting","name":"T\u00e4nak \u2013 brak porozumienia z Pum\u0105 \u00bb WorldRally.eu","headline":"T\u00e4nak &#8211; brak porozumienia z Pum\u0105","author":{"@id":"https:\/\/www.worldrally.eu\/index.php\/author\/magdalena\/#author"},"publisher":{"@id":"https:\/\/www.worldrally.eu\/#organization"},"image":{"@type":"ImageObject","url":"https:\/\/www.worldrally.eu\/wp-content\/uploads\/2023\/03\/T3-1.jpg","width":1400,"height":788},"datePublished":"2023-03-22T18:07:00+00:00","dateModified":"2023-03-28T18:16:43+00:00","inLanguage":"en-GB","mainEntityOfPage":{"@id":"https:\/\/www.worldrally.eu\/index.php\/2023\/03\/22\/tanak-brak-porozumienia-z-puma\/#webpage"},"isPartOf":{"@id":"https:\/\/www.worldrally.eu\/index.php\/2023\/03\/22\/tanak-brak-porozumienia-z-puma\/#webpage"},"articleSection":"WRC"},{"@type":"BreadcrumbList","@id":"https:\/\/www.worldrally.eu\/index.php\/2023\/03\/22\/tanak-brak-porozumienia-z-puma\/#breadcrumblist","itemListElement":[{"@type":"ListItem","@id":"https:\/\/www.worldrally.eu#listItem","position":1,"name":"Home","item":"https:\/\/www.worldrally.eu","nextItem":{"@type":"ListItem","@id":"https:\/\/www.worldrally.eu\/index.php\/category\/wrc\/#listItem","name":"WRC"}},{"@type":"ListItem","@id":"https:\/\/www.worldrally.eu\/index.php\/category\/wrc\/#listItem","position":2,"name":"WRC","item":"https:\/\/www.worldrally.eu\/index.php\/category\/wrc\/","nextItem":{"@type":"ListItem","@id":"https:\/\/www.worldrally.eu\/index.php\/2023\/03\/22\/tanak-brak-porozumienia-z-puma\/#listItem","name":"T\u00e4nak &#8211; brak porozumienia z Pum\u0105"},"previousItem":{"@type":"ListItem","@id":"https:\/\/www.worldrally.eu#listItem","name":"Home"}},{"@type":"ListItem","@id":"https:\/\/www.worldrally.eu\/index.php\/2023\/03\/22\/tanak-brak-porozumienia-z-puma\/#listItem","position":3,"name":"T\u00e4nak &#8211; brak porozumienia z Pum\u0105","previousItem":{"@type":"ListItem","@id":"https:\/\/www.worldrally.eu\/index.php\/category\/wrc\/#listItem","name":"WRC"}}]},{"@type":"Organization","@id":"https:\/\/www.worldrally.eu\/#organization","name":"WorldRally.eu","url":"https:\/\/www.worldrally.eu\/","logo":{"@type":"ImageObject","url":"https:\/\/www.worldrally.eu\/wp-content\/uploads\/2026\/01\/cropped-logo-3.png","@id":"https:\/\/www.worldrally.eu\/index.php\/2023\/03\/22\/tanak-brak-porozumienia-z-puma\/#organizationLogo","width":2039,"height":756},"image":{"@id":"https:\/\/www.worldrally.eu\/index.php\/2023\/03\/22\/tanak-brak-porozumienia-z-puma\/#organizationLogo"}},{"@type":"Person","@id":"https:\/\/www.worldrally.eu\/index.php\/author\/magdalena\/#author","url":"https:\/\/www.worldrally.eu\/index.php\/author\/magdalena\/","name":"Magdalena","image":{"@type":"ImageObject","@id":"https:\/\/www.worldrally.eu\/index.php\/2023\/03\/22\/tanak-brak-porozumienia-z-puma\/#authorImage","url":"https:\/\/secure.gravatar.com\/avatar\/853239b46cec38ba30b48d2b091f5538817cc78bdc0944c9ef7408579307e2ea?s=96&d=mm&r=g","width":96,"height":96,"caption":"Magdalena"}},{"@type":"WebPage","@id":"https:\/\/www.worldrally.eu\/index.php\/2023\/03\/22\/tanak-brak-porozumienia-z-puma\/#webpage","url":"https:\/\/www.worldrally.eu\/index.php\/2023\/03\/22\/tanak-brak-porozumienia-z-puma\/","name":"T\u00e4nak \u2013 brak porozumienia z Pum\u0105 \u00bb WorldRally.eu","description":"Ott T\u00e4nak mimo wspania\u0142ego rezultatu w Rajdzie Szwecji wci\u0105\u017c nie mo\u017ce porozumie\u0107 si\u0119 ze swoim autem Fordem Puma Rally1 czego ewidentnym dowodem by\u0142 ostatni rajd w Meksyku, gdzie dosz\u0142o do awarii turbo spr\u0119\u017carki, po kt\u00f3rej kierowca straci\u0142 a\u017c 14 minut i nie mia\u0142 tym samym szansy walki o podium. Esto\u0144czykwalczy\u0142 o dziewi\u0105te miejsce, a tak\u017ce","inLanguage":"en-GB","isPartOf":{"@id":"https:\/\/www.worldrally.eu\/#website"},"breadcrumb":{"@id":"https:\/\/www.worldrally.eu\/index.php\/2023\/03\/22\/tanak-brak-porozumienia-z-puma\/#breadcrumblist"},"author":{"@id":"https:\/\/www.worldrally.eu\/index.php\/author\/magdalena\/#author"},"creator":{"@id":"https:\/\/www.worldrally.eu\/index.php\/author\/magdalena\/#author"},"image":{"@type":"ImageObject","url":"https:\/\/www.worldrally.eu\/wp-content\/uploads\/2023\/03\/T3-1.jpg","@id":"https:\/\/www.worldrally.eu\/index.php\/2023\/03\/22\/tanak-brak-porozumienia-z-puma\/#mainImage","width":1400,"height":788},"primaryImageOfPage":{"@id":"https:\/\/www.worldrally.eu\/index.php\/2023\/03\/22\/tanak-brak-porozumienia-z-puma\/#mainImage"},"datePublished":"2023-03-22T18:07:00+00:00","dateModified":"2023-03-28T18:16:43+00:00"},{"@type":"WebSite","@id":"https:\/\/www.worldrally.eu\/#website","url":"https:\/\/www.worldrally.eu\/","name":"WorldRally.eu","inLanguage":"en-GB","publisher":{"@id":"https:\/\/www.worldrally.eu\/#organization"}}]},"og:locale":"en_GB","og:site_name":"WorldRally.eu \u00bb","og:type":"article","og:title":"T\u00e4nak \u2013 brak porozumienia z Pum\u0105 \u00bb WorldRally.eu","og:description":"Ott T\u00e4nak mimo wspania\u0142ego rezultatu w Rajdzie Szwecji wci\u0105\u017c nie mo\u017ce porozumie\u0107 si\u0119 ze swoim autem Fordem Puma Rally1 czego ewidentnym dowodem by\u0142 ostatni rajd w Meksyku, gdzie dosz\u0142o do awarii turbo spr\u0119\u017carki, po kt\u00f3rej kierowca straci\u0142 a\u017c 14 minut i nie mia\u0142 tym samym szansy walki o podium. Esto\u0144czykwalczy\u0142 o dziewi\u0105te miejsce, a tak\u017ce","og:url":"https:\/\/www.worldrally.eu\/index.php\/2023\/03\/22\/tanak-brak-porozumienia-z-puma\/","og:image":"https:\/\/www.worldrally.eu\/wp-content\/uploads\/2023\/03\/T3-1.jpg","og:image:secure_url":"https:\/\/www.worldrally.eu\/wp-content\/uploads\/2023\/03\/T3-1.jpg","og:image:width":1400,"og:image:height":788,"article:published_time":"2023-03-22T18:07:00+00:00","article:modified_time":"2023-03-28T18:16:43+00:00","twitter:card":"summary_large_image","twitter:title":"T\u00e4nak \u2013 brak porozumienia z Pum\u0105 \u00bb WorldRally.eu","twitter:description":"Ott T\u00e4nak mimo wspania\u0142ego rezultatu w Rajdzie Szwecji wci\u0105\u017c nie mo\u017ce porozumie\u0107 si\u0119 ze swoim autem Fordem Puma Rally1 czego ewidentnym dowodem by\u0142 ostatni rajd w Meksyku, gdzie dosz\u0142o do awarii turbo spr\u0119\u017carki, po kt\u00f3rej kierowca straci\u0142 a\u017c 14 minut i nie mia\u0142 tym samym szansy walki o podium. Esto\u0144czykwalczy\u0142 o dziewi\u0105te miejsce, a tak\u017ce","twitter:image":"https:\/\/www.worldrally.eu\/wp-content\/uploads\/2023\/03\/T3-1.jpg"},"aioseo_meta_data":{"post_id":"858","title":null,"description":null,"keywords":null,"keyphrases":null,"primary_term":null,"canonical_url":null,"og_title":null,"og_description":null,"og_object_type":"default","og_image_type":"default","og_image_url":null,"og_image_width":null,"og_image_height":null,"og_image_custom_url":null,"og_image_custom_fields":null,"og_video":null,"og_custom_url":null,"og_article_section":null,"og_article_tags":null,"twitter_use_og":false,"twitter_card":"default","twitter_image_type":"default","twitter_image_url":null,"twitter_image_custom_url":null,"twitter_image_custom_fields":null,"twitter_title":null,"twitter_description":null,"schema":{"blockGraphs":[],"customGraphs":[],"default":{"data":{"Article":[],"Course":[],"Dataset":[],"FAQPage":[],"Movie":[],"Person":[],"Product":[],"ProductReview":[],"Car":[],"Recipe":[],"Service":[],"SoftwareApplication":[],"WebPage":[]},"graphName":"","isEnabled":true},"graphs":[]},"schema_type":"default","schema_type_options":null,"pillar_content":false,"robots_default":true,"robots_noindex":false,"robots_noarchive":false,"robots_nosnippet":false,"robots_nofollow":false,"robots_noimageindex":false,"robots_noodp":false,"robots_notranslate":false,"robots_max_snippet":null,"robots_max_videopreview":null,"robots_max_imagepreview":"large","priority":null,"frequency":null,"local_seo":null,"breadcrumb_settings":null,"limit_modified_date":false,"ai":null,"created":"2025-03-22 06:04:31","updated":"2025-10-26 09:39:28","seo_analyzer_scan_date":null},"aioseo_breadcrumb":"<div class=\"aioseo-breadcrumbs\"><span class=\"aioseo-breadcrumb\">\n\t\t\t<a href=\"https:\/\/www.worldrally.eu\" title=\"Home\">Home<\/a>\n\t\t<\/span><span class=\"aioseo-breadcrumb-separator\">&raquo;<\/span><span class=\"aioseo-breadcrumb\">\n\t\t\t<a href=\"https:\/\/www.worldrally.eu\/index.php\/category\/wrc\/\" title=\"WRC\">WRC<\/a>\n\t\t<\/span><span class=\"aioseo-breadcrumb-separator\">&raquo;<\/span><span class=\"aioseo-breadcrumb\">\n\t\t\tT\u00e4nak \u2013 brak porozumienia z Pum\u0105\n\t\t<\/span><\/div>","aioseo_breadcrumb_json":[{"label":"Home","link":"https:\/\/www.worldrally.eu"},{"label":"WRC","link":"https:\/\/www.worldrally.eu\/index.php\/category\/wrc\/"},{"label":"T\u00e4nak &#8211; brak porozumienia z Pum\u0105","link":"https:\/\/www.worldrally.eu\/index.php\/2023\/03\/22\/tanak-brak-porozumienia-z-puma\/"}],"cc_featured_image_caption":{"caption_text":"Foto - WRC.com","source_text":"","source_url":""},"_links":{"self":[{"href":"https:\/\/www.worldrally.eu\/index.php\/wp-json\/wp\/v2\/posts\/858","targetHints":{"allow":["GET"]}}],"collection":[{"href":"https:\/\/www.worldrally.eu\/index.php\/wp-json\/wp\/v2\/posts"}],"about":[{"href":"https:\/\/www.worldrally.eu\/index.php\/wp-json\/wp\/v2\/types\/post"}],"author":[{"embeddable":true,"href":"https:\/\/www.worldrally.eu\/index.php\/wp-json\/wp\/v2\/users\/2"}],"replies":[{"embeddable":true,"href":"https:\/\/www.worldrally.eu\/index.php\/wp-json\/wp\/v2\/comments?post=858"}],"version-history":[{"count":1,"href":"https:\/\/www.worldrally.eu\/index.php\/wp-json\/wp\/v2\/posts\/858\/revisions"}],"predecessor-version":[{"id":861,"href":"https:\/\/www.worldrally.eu\/index.php\/wp-json\/wp\/v2\/posts\/858\/revisions\/861"}],"wp:featuredmedia":[{"embeddable":true,"href":"https:\/\/www.worldrally.eu\/index.php\/wp-json\/wp\/v2\/media\/859"}],"wp:attachment":[{"href":"https:\/\/www.worldrally.eu\/index.php\/wp-json\/wp\/v2\/media?parent=858"}],"wp:term":[{"taxonomy":"category","embeddable":true,"href":"https:\/\/www.worldrally.eu\/index.php\/wp-json\/wp\/v2\/categories?post=858"},{"taxonomy":"post_tag","embeddable":true,"href":"https:\/\/www.worldrally.eu\/index.php\/wp-json\/wp\/v2\/tags?post=858"}],"curies":[{"name":"wp","href":"https:\/\/api.w.org\/{rel}","templated":true}]}}