{"id":833,"date":"2023-03-19T19:34:00","date_gmt":"2023-03-19T19:34:00","guid":{"rendered":"https:\/\/www.worldrally.eu\/?p=833"},"modified":"2023-03-24T19:57:51","modified_gmt":"2023-03-24T19:57:51","slug":"ogier-zwycieza-po-raz-siodmy-rajd-meksyku","status":"publish","type":"post","link":"https:\/\/www.worldrally.eu\/index.php\/2023\/03\/19\/ogier-zwycieza-po-raz-siodmy-rajd-meksyku\/","title":{"rendered":"Ogier zwyci\u0119\u017ca po raz si\u00f3dmy Rajd Meksyku"},"content":{"rendered":"\n<p>S\u00e9bastien Ogier wyst\u0119puj\u0105c tylko w wybranych startach prowadz\u0105c Toyot\u0119 GR Yaris Rally1 doda\u0142 kolejny rekord Rajdowych Mistrzostw \u015awiata do swojego i tak ju\u017c imponuj\u0105cego dorobku, wygrywaj\u0105c w Guanajuato Rally M\u00e9xico w niedzielne popo\u0142udnie po raz si\u00f3dmy.<\/p>\n\n\n\n<p>Francuz, jad\u0105cy drugi rajd w tym roku, awansowa\u0142 na szczyt meksyka\u0144skiej listy honorowej, odnosz\u0105c rekordowe si\u00f3dme zwyci\u0119stwo w wy\u015bcigu w Ameryce P\u00f3\u0142nocnej, co wcze\u015bniej dzieli\u0142 z dawnym koleg\u0105 S\u00e9bastienem Loebem.<\/p>\n\n\n\n<p>Ogier stan\u0105\u0142 do walki przed niedzielnymi odcinkami specjalnymi z ponad 30 sekundow\u0105 przewag\u0105 na koleg\u0105 zespo\u0142owym Elfynem Evansem. Trzy niedzielne odcinki lider przejecha\u0142 spokojnie kontroluj\u0105c sytuacje i na sam koniec da\u0142 popis swoich umiej\u0119tno\u015bci wygrywaj\u0105c Power Stage.<\/p>\n\n\n\n<blockquote class=\"wp-block-quote is-layout-flow wp-block-quote-is-layout-flow\">\n<p>Samoch\u00f3d spisa\u0142 si\u0119 \u015bwietnie w ten weekend i by\u0142 to bezb\u0142\u0119dny rajd dla nas i dla zespo\u0142u. Poniewa\u017c jad\u0119 w nast\u0119pny rajd, wa\u017cne jest, aby tam wystartowa\u0107 jako pierwszy i wa\u017cne by\u0142o r\u00f3wnie\u017c zdobycie punkt\u00f3w dla zespo\u0142u.<\/p>\n<cite><em>wyja\u015bni\u0142 Ogier<\/em><\/cite><\/blockquote>\n\n\n\n<p>Neuville za kierownic\u0105 swojego Hyundaia i20 N walczy\u0142 do samego ko\u0144ca o najlepszy rezultat. Rozpocz\u0105wszy dzie\u0144 z 5,3-sekundow\u0105 strat\u0105, Neuville zbli\u017cy\u0142 si\u0119 do Walijczyka, kt\u00f3remu przeszkadza\u0142o wygi\u0119te rami\u0119 zawieszenia co na koniec dni zaowocowa\u0142o nie tylko zmniejszeniem przewagi, ale tak\u017ce wyprzedzenie Evansa na Power Stage tym samym awansuj\u0105c na drugie miejsce w klasyfikacji generalnej.<\/p>\n\n\n\n<blockquote class=\"wp-block-quote is-layout-flow wp-block-quote-is-layout-flow\">\n<p>Zrobi\u0142em co mog\u0142em. Wydaje mi si\u0119, \u017ce T\u00e4nak je\u017adzi\u0142 na dw\u00f3ch mi\u0119kkich oponach, wi\u0119c mo\u017ce by\u0142 w stanie to wykorzysta\u0107. Przez ca\u0142y weekend byli\u015bmy na granicy wytrzyma\u0142o\u015bci i pod koniec by\u0142o to naprawd\u0119 wyczerpuj\u0105ce. Mam nadziej\u0119, \u017ce sko\u0144czymy na drugim miejscu<\/p>\n<cite><em>Powiedzia\u0142 Neuville<\/em><\/cite><\/blockquote>\n\n\n\n<p>Dzielnie walcz\u0105cy Walijczyk dawa\u0142 sobie spraw\u0119 z trudnej sytuacji i k\u0142opotliwym prowadzeniem auta, \u017ce mo\u017ce straci\u0107 swoja druga pozycje, wiec na mecie nie okazywa\u0142 wielkiego rozczarowania.<\/p>\n\n\n\n<blockquote class=\"wp-block-quote is-layout-flow wp-block-quote-is-layout-flow\">\n<p>To nie jest niespodzianka. Od rana mamy skrzywione wahacze. W kilku miejscach musieli\u015bmy da\u0107 sobie spok\u00f3j, \u017ceby mie\u0107 pewno\u015b\u0107, \u017ce wr\u00f3cimy. Szkoda<\/p>\n<cite><em>Wyja\u015bni\u0142 Evans<\/em><\/cite><\/blockquote>\n\n\n\n<p>Kalle Rovanper\u00e4 z trudem dotrzyma\u0142 tempa trzem pierwszym kierowc\u0105 jednak\u017ce do mety jecha\u0142 bez \u017cadnego ryzyka gdy\u017c jego przewaga by\u0142a na tyle bezpieczna, \u017ce nie musia\u0142 podejmowa\u0107 ryzykownej walki. Obro\u0144ca tytu\u0142u nadal oddala\u0142 si\u0119 od Daniego Sordo z Hyundaia, kt\u00f3ry zaj\u0105\u0142 pi\u0105te miejsce ze strat\u0105 ponad jedn\u0105 minut\u0119.<\/p>\n\n\n\n<blockquote class=\"wp-block-quote is-layout-flow wp-block-quote-is-layout-flow\">\n<p>Straci\u0142em tylne skrzyd\u0142o, gdy jecha\u0142em szeroko w jednym miejscu. Nie mogli\u015bmy jecha\u0107 szybciej, poniewa\u017c nie mieli\u015bmy docisku. Na pewno chcia\u0142bym mie\u0107 wi\u0119cej punkt\u00f3w z Power Stage<\/p>\n<cite><em>Wyja\u015bni\u0142 Rovanper\u00e4<\/em><\/cite><\/blockquote>\n\n\n\n<p>Polska za\u0142oga Kajetan Kajetanowicz wraz z Mackiem Szczepaniakiem zaj\u0119li dziesi\u0105t\u0105 pozycj\u0119 w klasyfikacji generalnej i wysokie czwarte miejsce w WRC2<\/p>\n\n\n\n<figure class=\"wp-block-image size-large\"><img fetchpriority=\"high\" decoding=\"async\" width=\"1024\" height=\"576\" src=\"https:\/\/www.worldrally.eu\/wp-content\/uploads\/2023\/03\/O4-1024x576.jpg\" alt=\"\" class=\"wp-image-835\" srcset=\"https:\/\/www.worldrally.eu\/wp-content\/uploads\/2023\/03\/O4-1024x576.jpg 1024w, https:\/\/www.worldrally.eu\/wp-content\/uploads\/2023\/03\/O4-300x169.jpg 300w, https:\/\/www.worldrally.eu\/wp-content\/uploads\/2023\/03\/O4-768x432.jpg 768w, https:\/\/www.worldrally.eu\/wp-content\/uploads\/2023\/03\/O4-1280x720.jpg 1280w, https:\/\/www.worldrally.eu\/wp-content\/uploads\/2023\/03\/O4.jpg 1400w\" sizes=\"(max-width: 1024px) 100vw, 1024px\" \/><figcaption class=\"wp-element-caption\">Foto &#8211; wrc.com<\/figcaption><\/figure>\n\n\n\n<p><\/p>\n","protected":false},"excerpt":{"rendered":"<p>S\u00e9bastien Ogier wyst\u0119puj\u0105c tylko w wybranych startach prowadz\u0105c Toyot\u0119 GR Yaris Rally1 doda\u0142 kolejny rekord Rajdowych Mistrzostw \u015awiata do swojego i tak ju\u017c imponuj\u0105cego dorobku, wygrywaj\u0105c w Guanajuato Rally M\u00e9xico w niedzielne popo\u0142udnie po raz si\u00f3dmy. Francuz, jad\u0105cy drugi rajd w tym roku, awansowa\u0142 na szczyt meksyka\u0144skiej listy honorowej, odnosz\u0105c rekordowe si\u00f3dme zwyci\u0119stwo w wy\u015bcigu [&hellip;]<\/p>\n","protected":false},"author":1,"featured_media":834,"comment_status":"closed","ping_status":"closed","sticky":false,"template":"","format":"standard","meta":{"footnotes":""},"categories":[3],"tags":[],"class_list":["post-833","post","type-post","status-publish","format-standard","has-post-thumbnail","hentry","category-wrc"],"aioseo_notices":[],"cc_featured_image_caption":{"caption_text":"Foto- wrc.com","source_text":"","source_url":""},"_links":{"self":[{"href":"https:\/\/www.worldrally.eu\/index.php\/wp-json\/wp\/v2\/posts\/833","targetHints":{"allow":["GET"]}}],"collection":[{"href":"https:\/\/www.worldrally.eu\/index.php\/wp-json\/wp\/v2\/posts"}],"about":[{"href":"https:\/\/www.worldrally.eu\/index.php\/wp-json\/wp\/v2\/types\/post"}],"author":[{"embeddable":true,"href":"https:\/\/www.worldrally.eu\/index.php\/wp-json\/wp\/v2\/users\/1"}],"replies":[{"embeddable":true,"href":"https:\/\/www.worldrally.eu\/index.php\/wp-json\/wp\/v2\/comments?post=833"}],"version-history":[{"count":1,"href":"https:\/\/www.worldrally.eu\/index.php\/wp-json\/wp\/v2\/posts\/833\/revisions"}],"predecessor-version":[{"id":836,"href":"https:\/\/www.worldrally.eu\/index.php\/wp-json\/wp\/v2\/posts\/833\/revisions\/836"}],"wp:featuredmedia":[{"embeddable":true,"href":"https:\/\/www.worldrally.eu\/index.php\/wp-json\/wp\/v2\/media\/834"}],"wp:attachment":[{"href":"https:\/\/www.worldrally.eu\/index.php\/wp-json\/wp\/v2\/media?parent=833"}],"wp:term":[{"taxonomy":"category","embeddable":true,"href":"https:\/\/www.worldrally.eu\/index.php\/wp-json\/wp\/v2\/categories?post=833"},{"taxonomy":"post_tag","embeddable":true,"href":"https:\/\/www.worldrally.eu\/index.php\/wp-json\/wp\/v2\/tags?post=833"}],"curies":[{"name":"wp","href":"https:\/\/api.w.org\/{rel}","templated":true}]}}