{"id":801,"date":"2023-03-15T20:50:38","date_gmt":"2023-03-15T20:50:38","guid":{"rendered":"https:\/\/www.worldrally.eu\/?p=801"},"modified":"2023-03-15T20:52:48","modified_gmt":"2023-03-15T20:52:48","slug":"kristensson-zrobilem-postep","status":"publish","type":"post","link":"https:\/\/www.worldrally.eu\/index.php\/2023\/03\/15\/kristensson-zrobilem-postep\/","title":{"rendered":"Kristensson &#8211; zrobi\u0142em post\u0119p."},"content":{"rendered":"\n<p class=\"wp-block-paragraph\">Obecny Mistrz Polski Tom Kristensson, kt\u00f3ry w Rajdzie Serras de Fafe, Felgueiras, Boticas, Vieira do Minho i Cabeceiras de Basto ostatecznie zaj\u0105\u0142 dziewi\u0105t\u0105 pozycje w klasyfikacji generalnej uwa\u017ca, \u017ce zrobi\u0142 spory post\u0119p w swoich dokonaniach.<\/p>\n\n\n\n<blockquote class=\"wp-block-quote is-layout-flow wp-block-quote-is-layout-flow\">\n<p class=\"wp-block-paragraph\">Jestem bardzo szcz\u0119\u015bliwy, \u017ce tylko wystartowa\u0142em w rajdzie, ale potem mog\u0142em wsi\u0105\u015b\u0107 do tego fantastycznego samochodu i poczyni\u0107 fantastyczne post\u0119py. Nie siedzia\u0142em w samochodzie rajdowym od pierwszego tygodnia listopada, a potem robimy jeden dzie\u0144 test\u00f3w, a potem jedziemy na rajd. Nie by\u0142em w stanie podj\u0105\u0107 \u017cadnego du\u017cego ryzyka ani p\u00f3j\u015b\u0107 na co\u015b specjalnego a dzi\u0119ki dobrej pozycji startowej i dobrym warunkom by\u0142o tak przyjemnie, tak mi\u0142o.<\/p>\n<\/blockquote>\n\n\n\n<figure class=\"wp-block-image size-large\"><img fetchpriority=\"high\" decoding=\"async\" width=\"1024\" height=\"683\" src=\"http:\/\/www.worldrally.eu\/wp-content\/uploads\/2023\/03\/T2-1-1024x683.jpg\" alt=\"\" class=\"wp-image-750\" srcset=\"https:\/\/www.worldrally.eu\/wp-content\/uploads\/2023\/03\/T2-1-1024x683.jpg 1024w, https:\/\/www.worldrally.eu\/wp-content\/uploads\/2023\/03\/T2-1-300x200.jpg 300w, https:\/\/www.worldrally.eu\/wp-content\/uploads\/2023\/03\/T2-1-768x512.jpg 768w, https:\/\/www.worldrally.eu\/wp-content\/uploads\/2023\/03\/T2-1-1536x1024.jpg 1536w, https:\/\/www.worldrally.eu\/wp-content\/uploads\/2023\/03\/T2-1-446x297.jpg 446w, https:\/\/www.worldrally.eu\/wp-content\/uploads\/2023\/03\/T2-1.jpg 2048w\" sizes=\"(max-width: 1024px) 100vw, 1024px\" \/><figcaption class=\"wp-element-caption\">Foto &#8211; Kristensson FB<\/figcaption><\/figure>\n\n\n\n<blockquote class=\"wp-block-quote is-layout-flow wp-block-quote-is-layout-flow\">\n<p class=\"wp-block-paragraph\">Nie wiedzia\u0142em, czego si\u0119 spodziewa\u0107, je\u015bli chodzi o wynik, ale pierwsza dziesi\u0105tka jest dobra, a z op\u00f3\u017anieniem, kt\u00f3re mamy, jest jeszcze lepsze. Z pewno\u015bci\u0105 mogli\u015bmy zrobi\u0107 o wiele wi\u0119cej wczoraj, ale pracowa\u0107 tak ci\u0119\u017cko przez tak d\u0142ugi czas, aby by\u0107 tutaj, a potem wyruszy\u0107 na czwarty etap, to naprawd\u0119 nie dla mnie. Jak podsumowali\u015bmy na [ostatnim] odcinku drogi, nie mieli\u015bmy w og\u00f3le \u017cadnych moment\u00f3w na tym rajdzie, jedziemy ca\u0142kowicie bezpiecznie, wszystko by\u0142o w porz\u0105dku, ale mimo to znale\u017ali\u015bmy troch\u0119 tempa.<\/p>\n<\/blockquote>\n\n\n\n<p class=\"wp-block-paragraph\">31-letni Szwed zmieni\u0142 zesp\u00f3\u0142 i obecnie prowadzi Citro\u00ebna C3 Rally2 pod szyldem Bilteknik TRT Citro\u00ebn Rally Team, z kt\u00f3rym ma startowa\u0107 prawdopodobnie we wszystkich rundach ERC w sezonie 2023<\/p>\n\n\n\n<p class=\"wp-block-paragraph\"><\/p>\n\n\n\n<p class=\"wp-block-paragraph\"><\/p>\n\n\n\n<p class=\"wp-block-paragraph\"><\/p>\n","protected":false},"excerpt":{"rendered":"<p>Obecny Mistrz Polski Tom Kristensson, kt\u00f3ry w Rajdzie Serras de Fafe, Felgueiras, Boticas, Vieira do Minho i Cabeceiras de Basto ostatecznie zaj\u0105\u0142 dziewi\u0105t\u0105 pozycje w klasyfikacji generalnej uwa\u017ca, \u017ce zrobi\u0142 spory post\u0119p w swoich dokonaniach. Jestem bardzo szcz\u0119\u015bliwy, \u017ce tylko wystartowa\u0142em w rajdzie, ale potem mog\u0142em wsi\u0105\u015b\u0107 do tego fantastycznego samochodu i poczyni\u0107 fantastyczne post\u0119py. [&hellip;]<\/p>\n","protected":false},"author":1,"featured_media":802,"comment_status":"closed","ping_status":"closed","sticky":false,"template":"","format":"standard","meta":{"_monsterinsights_skip_tracking":false,"_monsterinsights_sitenote_active":false,"_monsterinsights_sitenote_note":"","_monsterinsights_sitenote_category":0,"footnotes":""},"categories":[4],"tags":[],"class_list":["post-801","post","type-post","status-publish","format-standard","has-post-thumbnail","hentry","category-erc"],"aioseo_notices":[],"aioseo_head":"\n\t\t<!-- All in One SEO 4.9.9 - aioseo.com -->\n\t<meta name=\"description\" content=\"Obecny Mistrz Polski Tom Kristensson, kt\u00f3ry w Rajdzie Serras de Fafe, Felgueiras, Boticas, Vieira do Minho i Cabeceiras de Basto ostatecznie zaj\u0105\u0142 dziewi\u0105t\u0105 pozycje w klasyfikacji generalnej uwa\u017ca, \u017ce zrobi\u0142 spory post\u0119p w swoich dokonaniach. Jestem bardzo szcz\u0119\u015bliwy, \u017ce tylko wystartowa\u0142em w rajdzie, ale potem mog\u0142em wsi\u0105\u015b\u0107 do tego fantastycznego samochodu i poczyni\u0107 fantastyczne post\u0119py.\" \/>\n\t<meta name=\"robots\" content=\"max-image-preview:large\" \/>\n\t<meta name=\"author\" content=\"Junior\"\/>\n\t<link rel=\"canonical\" href=\"https:\/\/www.worldrally.eu\/index.php\/2023\/03\/15\/kristensson-zrobilem-postep\/\" \/>\n\t<meta name=\"generator\" content=\"All in One SEO (AIOSEO) 4.9.9\" \/>\n\t\t<meta property=\"og:locale\" content=\"en_GB\" \/>\n\t\t<meta property=\"og:site_name\" content=\"WorldRally.eu \u00bb\" \/>\n\t\t<meta property=\"og:type\" content=\"article\" \/>\n\t\t<meta property=\"og:title\" content=\"Kristensson \u2013 zrobi\u0142em post\u0119p. \u00bb WorldRally.eu\" \/>\n\t\t<meta property=\"og:description\" content=\"Obecny Mistrz Polski Tom Kristensson, kt\u00f3ry w Rajdzie Serras de Fafe, Felgueiras, Boticas, Vieira do Minho i Cabeceiras de Basto ostatecznie zaj\u0105\u0142 dziewi\u0105t\u0105 pozycje w klasyfikacji generalnej uwa\u017ca, \u017ce zrobi\u0142 spory post\u0119p w swoich dokonaniach. Jestem bardzo szcz\u0119\u015bliwy, \u017ce tylko wystartowa\u0142em w rajdzie, ale potem mog\u0142em wsi\u0105\u015b\u0107 do tego fantastycznego samochodu i poczyni\u0107 fantastyczne post\u0119py.\" \/>\n\t\t<meta property=\"og:url\" content=\"https:\/\/www.worldrally.eu\/index.php\/2023\/03\/15\/kristensson-zrobilem-postep\/\" \/>\n\t\t<meta property=\"og:image\" content=\"https:\/\/www.worldrally.eu\/wp-content\/uploads\/2023\/03\/T4.jpg\" \/>\n\t\t<meta property=\"og:image:secure_url\" content=\"https:\/\/www.worldrally.eu\/wp-content\/uploads\/2023\/03\/T4.jpg\" \/>\n\t\t<meta property=\"og:image:width\" content=\"2048\" \/>\n\t\t<meta property=\"og:image:height\" content=\"1365\" \/>\n\t\t<meta property=\"article:published_time\" content=\"2023-03-15T20:50:38+00:00\" \/>\n\t\t<meta property=\"article:modified_time\" content=\"2023-03-15T20:52:48+00:00\" \/>\n\t\t<meta name=\"twitter:card\" content=\"summary_large_image\" \/>\n\t\t<meta name=\"twitter:title\" content=\"Kristensson \u2013 zrobi\u0142em post\u0119p. \u00bb WorldRally.eu\" \/>\n\t\t<meta name=\"twitter:description\" content=\"Obecny Mistrz Polski Tom Kristensson, kt\u00f3ry w Rajdzie Serras de Fafe, Felgueiras, Boticas, Vieira do Minho i Cabeceiras de Basto ostatecznie zaj\u0105\u0142 dziewi\u0105t\u0105 pozycje w klasyfikacji generalnej uwa\u017ca, \u017ce zrobi\u0142 spory post\u0119p w swoich dokonaniach. Jestem bardzo szcz\u0119\u015bliwy, \u017ce tylko wystartowa\u0142em w rajdzie, ale potem mog\u0142em wsi\u0105\u015b\u0107 do tego fantastycznego samochodu i poczyni\u0107 fantastyczne post\u0119py.\" \/>\n\t\t<meta name=\"twitter:image\" content=\"https:\/\/www.worldrally.eu\/wp-content\/uploads\/2023\/03\/T4.jpg\" \/>\n\t\t<script type=\"application\/ld+json\" class=\"aioseo-schema\">\n\t\t\t{\"@context\":\"https:\\\/\\\/schema.org\",\"@graph\":[{\"@type\":\"BlogPosting\",\"@id\":\"https:\\\/\\\/www.worldrally.eu\\\/index.php\\\/2023\\\/03\\\/15\\\/kristensson-zrobilem-postep\\\/#blogposting\",\"name\":\"Kristensson \\u2013 zrobi\\u0142em post\\u0119p. \\u00bb WorldRally.eu\",\"headline\":\"Kristensson &#8211; zrobi\\u0142em post\\u0119p.\",\"author\":{\"@id\":\"https:\\\/\\\/www.worldrally.eu\\\/index.php\\\/author\\\/admin\\\/#author\"},\"publisher\":{\"@id\":\"https:\\\/\\\/www.worldrally.eu\\\/#organization\"},\"image\":{\"@type\":\"ImageObject\",\"url\":\"https:\\\/\\\/www.worldrally.eu\\\/wp-content\\\/uploads\\\/2023\\\/03\\\/T4.jpg\",\"width\":2048,\"height\":1365},\"datePublished\":\"2023-03-15T20:50:38+00:00\",\"dateModified\":\"2023-03-15T20:52:48+00:00\",\"inLanguage\":\"en-GB\",\"mainEntityOfPage\":{\"@id\":\"https:\\\/\\\/www.worldrally.eu\\\/index.php\\\/2023\\\/03\\\/15\\\/kristensson-zrobilem-postep\\\/#webpage\"},\"isPartOf\":{\"@id\":\"https:\\\/\\\/www.worldrally.eu\\\/index.php\\\/2023\\\/03\\\/15\\\/kristensson-zrobilem-postep\\\/#webpage\"},\"articleSection\":\"ERC\"},{\"@type\":\"BreadcrumbList\",\"@id\":\"https:\\\/\\\/www.worldrally.eu\\\/index.php\\\/2023\\\/03\\\/15\\\/kristensson-zrobilem-postep\\\/#breadcrumblist\",\"itemListElement\":[{\"@type\":\"ListItem\",\"@id\":\"https:\\\/\\\/www.worldrally.eu#listItem\",\"position\":1,\"name\":\"Home\",\"item\":\"https:\\\/\\\/www.worldrally.eu\",\"nextItem\":{\"@type\":\"ListItem\",\"@id\":\"https:\\\/\\\/www.worldrally.eu\\\/index.php\\\/category\\\/erc\\\/#listItem\",\"name\":\"ERC\"}},{\"@type\":\"ListItem\",\"@id\":\"https:\\\/\\\/www.worldrally.eu\\\/index.php\\\/category\\\/erc\\\/#listItem\",\"position\":2,\"name\":\"ERC\",\"item\":\"https:\\\/\\\/www.worldrally.eu\\\/index.php\\\/category\\\/erc\\\/\",\"nextItem\":{\"@type\":\"ListItem\",\"@id\":\"https:\\\/\\\/www.worldrally.eu\\\/index.php\\\/2023\\\/03\\\/15\\\/kristensson-zrobilem-postep\\\/#listItem\",\"name\":\"Kristensson &#8211; zrobi\\u0142em post\\u0119p.\"},\"previousItem\":{\"@type\":\"ListItem\",\"@id\":\"https:\\\/\\\/www.worldrally.eu#listItem\",\"name\":\"Home\"}},{\"@type\":\"ListItem\",\"@id\":\"https:\\\/\\\/www.worldrally.eu\\\/index.php\\\/2023\\\/03\\\/15\\\/kristensson-zrobilem-postep\\\/#listItem\",\"position\":3,\"name\":\"Kristensson &#8211; zrobi\\u0142em post\\u0119p.\",\"previousItem\":{\"@type\":\"ListItem\",\"@id\":\"https:\\\/\\\/www.worldrally.eu\\\/index.php\\\/category\\\/erc\\\/#listItem\",\"name\":\"ERC\"}}]},{\"@type\":\"Organization\",\"@id\":\"https:\\\/\\\/www.worldrally.eu\\\/#organization\",\"name\":\"WorldRally.eu\",\"url\":\"https:\\\/\\\/www.worldrally.eu\\\/\",\"logo\":{\"@type\":\"ImageObject\",\"url\":\"https:\\\/\\\/www.worldrally.eu\\\/wp-content\\\/uploads\\\/2026\\\/01\\\/cropped-logo-3.png\",\"@id\":\"https:\\\/\\\/www.worldrally.eu\\\/index.php\\\/2023\\\/03\\\/15\\\/kristensson-zrobilem-postep\\\/#organizationLogo\",\"width\":2039,\"height\":756},\"image\":{\"@id\":\"https:\\\/\\\/www.worldrally.eu\\\/index.php\\\/2023\\\/03\\\/15\\\/kristensson-zrobilem-postep\\\/#organizationLogo\"}},{\"@type\":\"Person\",\"@id\":\"https:\\\/\\\/www.worldrally.eu\\\/index.php\\\/author\\\/admin\\\/#author\",\"url\":\"https:\\\/\\\/www.worldrally.eu\\\/index.php\\\/author\\\/admin\\\/\",\"name\":\"Junior\",\"image\":{\"@type\":\"ImageObject\",\"@id\":\"https:\\\/\\\/www.worldrally.eu\\\/index.php\\\/2023\\\/03\\\/15\\\/kristensson-zrobilem-postep\\\/#authorImage\",\"url\":\"https:\\\/\\\/secure.gravatar.com\\\/avatar\\\/5bd369ac0447285dc20b588693ca1756d0179a7f957258050a42a968bf3b9d0a?s=96&d=mm&r=g\",\"width\":96,\"height\":96,\"caption\":\"Junior\"}},{\"@type\":\"WebPage\",\"@id\":\"https:\\\/\\\/www.worldrally.eu\\\/index.php\\\/2023\\\/03\\\/15\\\/kristensson-zrobilem-postep\\\/#webpage\",\"url\":\"https:\\\/\\\/www.worldrally.eu\\\/index.php\\\/2023\\\/03\\\/15\\\/kristensson-zrobilem-postep\\\/\",\"name\":\"Kristensson \\u2013 zrobi\\u0142em post\\u0119p. \\u00bb WorldRally.eu\",\"description\":\"Obecny Mistrz Polski Tom Kristensson, kt\\u00f3ry w Rajdzie Serras de Fafe, Felgueiras, Boticas, Vieira do Minho i Cabeceiras de Basto ostatecznie zaj\\u0105\\u0142 dziewi\\u0105t\\u0105 pozycje w klasyfikacji generalnej uwa\\u017ca, \\u017ce zrobi\\u0142 spory post\\u0119p w swoich dokonaniach. Jestem bardzo szcz\\u0119\\u015bliwy, \\u017ce tylko wystartowa\\u0142em w rajdzie, ale potem mog\\u0142em wsi\\u0105\\u015b\\u0107 do tego fantastycznego samochodu i poczyni\\u0107 fantastyczne post\\u0119py.\",\"inLanguage\":\"en-GB\",\"isPartOf\":{\"@id\":\"https:\\\/\\\/www.worldrally.eu\\\/#website\"},\"breadcrumb\":{\"@id\":\"https:\\\/\\\/www.worldrally.eu\\\/index.php\\\/2023\\\/03\\\/15\\\/kristensson-zrobilem-postep\\\/#breadcrumblist\"},\"author\":{\"@id\":\"https:\\\/\\\/www.worldrally.eu\\\/index.php\\\/author\\\/admin\\\/#author\"},\"creator\":{\"@id\":\"https:\\\/\\\/www.worldrally.eu\\\/index.php\\\/author\\\/admin\\\/#author\"},\"image\":{\"@type\":\"ImageObject\",\"url\":\"https:\\\/\\\/www.worldrally.eu\\\/wp-content\\\/uploads\\\/2023\\\/03\\\/T4.jpg\",\"@id\":\"https:\\\/\\\/www.worldrally.eu\\\/index.php\\\/2023\\\/03\\\/15\\\/kristensson-zrobilem-postep\\\/#mainImage\",\"width\":2048,\"height\":1365},\"primaryImageOfPage\":{\"@id\":\"https:\\\/\\\/www.worldrally.eu\\\/index.php\\\/2023\\\/03\\\/15\\\/kristensson-zrobilem-postep\\\/#mainImage\"},\"datePublished\":\"2023-03-15T20:50:38+00:00\",\"dateModified\":\"2023-03-15T20:52:48+00:00\"},{\"@type\":\"WebSite\",\"@id\":\"https:\\\/\\\/www.worldrally.eu\\\/#website\",\"url\":\"https:\\\/\\\/www.worldrally.eu\\\/\",\"name\":\"WorldRally.eu\",\"inLanguage\":\"en-GB\",\"publisher\":{\"@id\":\"https:\\\/\\\/www.worldrally.eu\\\/#organization\"}}]}\n\t\t<\/script>\n\t\t<!-- All in One SEO -->\n\n","aioseo_head_json":{"title":"Kristensson \u2013 zrobi\u0142em post\u0119p. \u00bb WorldRally.eu","description":"Obecny Mistrz Polski Tom Kristensson, kt\u00f3ry w Rajdzie Serras de Fafe, Felgueiras, Boticas, Vieira do Minho i Cabeceiras de Basto ostatecznie zaj\u0105\u0142 dziewi\u0105t\u0105 pozycje w klasyfikacji generalnej uwa\u017ca, \u017ce zrobi\u0142 spory post\u0119p w swoich dokonaniach. Jestem bardzo szcz\u0119\u015bliwy, \u017ce tylko wystartowa\u0142em w rajdzie, ale potem mog\u0142em wsi\u0105\u015b\u0107 do tego fantastycznego samochodu i poczyni\u0107 fantastyczne post\u0119py.","canonical_url":"https:\/\/www.worldrally.eu\/index.php\/2023\/03\/15\/kristensson-zrobilem-postep\/","robots":"max-image-preview:large","keywords":"","webmasterTools":{"miscellaneous":""},"schema":{"@context":"https:\/\/schema.org","@graph":[{"@type":"BlogPosting","@id":"https:\/\/www.worldrally.eu\/index.php\/2023\/03\/15\/kristensson-zrobilem-postep\/#blogposting","name":"Kristensson \u2013 zrobi\u0142em post\u0119p. \u00bb WorldRally.eu","headline":"Kristensson &#8211; zrobi\u0142em post\u0119p.","author":{"@id":"https:\/\/www.worldrally.eu\/index.php\/author\/admin\/#author"},"publisher":{"@id":"https:\/\/www.worldrally.eu\/#organization"},"image":{"@type":"ImageObject","url":"https:\/\/www.worldrally.eu\/wp-content\/uploads\/2023\/03\/T4.jpg","width":2048,"height":1365},"datePublished":"2023-03-15T20:50:38+00:00","dateModified":"2023-03-15T20:52:48+00:00","inLanguage":"en-GB","mainEntityOfPage":{"@id":"https:\/\/www.worldrally.eu\/index.php\/2023\/03\/15\/kristensson-zrobilem-postep\/#webpage"},"isPartOf":{"@id":"https:\/\/www.worldrally.eu\/index.php\/2023\/03\/15\/kristensson-zrobilem-postep\/#webpage"},"articleSection":"ERC"},{"@type":"BreadcrumbList","@id":"https:\/\/www.worldrally.eu\/index.php\/2023\/03\/15\/kristensson-zrobilem-postep\/#breadcrumblist","itemListElement":[{"@type":"ListItem","@id":"https:\/\/www.worldrally.eu#listItem","position":1,"name":"Home","item":"https:\/\/www.worldrally.eu","nextItem":{"@type":"ListItem","@id":"https:\/\/www.worldrally.eu\/index.php\/category\/erc\/#listItem","name":"ERC"}},{"@type":"ListItem","@id":"https:\/\/www.worldrally.eu\/index.php\/category\/erc\/#listItem","position":2,"name":"ERC","item":"https:\/\/www.worldrally.eu\/index.php\/category\/erc\/","nextItem":{"@type":"ListItem","@id":"https:\/\/www.worldrally.eu\/index.php\/2023\/03\/15\/kristensson-zrobilem-postep\/#listItem","name":"Kristensson &#8211; zrobi\u0142em post\u0119p."},"previousItem":{"@type":"ListItem","@id":"https:\/\/www.worldrally.eu#listItem","name":"Home"}},{"@type":"ListItem","@id":"https:\/\/www.worldrally.eu\/index.php\/2023\/03\/15\/kristensson-zrobilem-postep\/#listItem","position":3,"name":"Kristensson &#8211; zrobi\u0142em post\u0119p.","previousItem":{"@type":"ListItem","@id":"https:\/\/www.worldrally.eu\/index.php\/category\/erc\/#listItem","name":"ERC"}}]},{"@type":"Organization","@id":"https:\/\/www.worldrally.eu\/#organization","name":"WorldRally.eu","url":"https:\/\/www.worldrally.eu\/","logo":{"@type":"ImageObject","url":"https:\/\/www.worldrally.eu\/wp-content\/uploads\/2026\/01\/cropped-logo-3.png","@id":"https:\/\/www.worldrally.eu\/index.php\/2023\/03\/15\/kristensson-zrobilem-postep\/#organizationLogo","width":2039,"height":756},"image":{"@id":"https:\/\/www.worldrally.eu\/index.php\/2023\/03\/15\/kristensson-zrobilem-postep\/#organizationLogo"}},{"@type":"Person","@id":"https:\/\/www.worldrally.eu\/index.php\/author\/admin\/#author","url":"https:\/\/www.worldrally.eu\/index.php\/author\/admin\/","name":"Junior","image":{"@type":"ImageObject","@id":"https:\/\/www.worldrally.eu\/index.php\/2023\/03\/15\/kristensson-zrobilem-postep\/#authorImage","url":"https:\/\/secure.gravatar.com\/avatar\/5bd369ac0447285dc20b588693ca1756d0179a7f957258050a42a968bf3b9d0a?s=96&d=mm&r=g","width":96,"height":96,"caption":"Junior"}},{"@type":"WebPage","@id":"https:\/\/www.worldrally.eu\/index.php\/2023\/03\/15\/kristensson-zrobilem-postep\/#webpage","url":"https:\/\/www.worldrally.eu\/index.php\/2023\/03\/15\/kristensson-zrobilem-postep\/","name":"Kristensson \u2013 zrobi\u0142em post\u0119p. \u00bb WorldRally.eu","description":"Obecny Mistrz Polski Tom Kristensson, kt\u00f3ry w Rajdzie Serras de Fafe, Felgueiras, Boticas, Vieira do Minho i Cabeceiras de Basto ostatecznie zaj\u0105\u0142 dziewi\u0105t\u0105 pozycje w klasyfikacji generalnej uwa\u017ca, \u017ce zrobi\u0142 spory post\u0119p w swoich dokonaniach. Jestem bardzo szcz\u0119\u015bliwy, \u017ce tylko wystartowa\u0142em w rajdzie, ale potem mog\u0142em wsi\u0105\u015b\u0107 do tego fantastycznego samochodu i poczyni\u0107 fantastyczne post\u0119py.","inLanguage":"en-GB","isPartOf":{"@id":"https:\/\/www.worldrally.eu\/#website"},"breadcrumb":{"@id":"https:\/\/www.worldrally.eu\/index.php\/2023\/03\/15\/kristensson-zrobilem-postep\/#breadcrumblist"},"author":{"@id":"https:\/\/www.worldrally.eu\/index.php\/author\/admin\/#author"},"creator":{"@id":"https:\/\/www.worldrally.eu\/index.php\/author\/admin\/#author"},"image":{"@type":"ImageObject","url":"https:\/\/www.worldrally.eu\/wp-content\/uploads\/2023\/03\/T4.jpg","@id":"https:\/\/www.worldrally.eu\/index.php\/2023\/03\/15\/kristensson-zrobilem-postep\/#mainImage","width":2048,"height":1365},"primaryImageOfPage":{"@id":"https:\/\/www.worldrally.eu\/index.php\/2023\/03\/15\/kristensson-zrobilem-postep\/#mainImage"},"datePublished":"2023-03-15T20:50:38+00:00","dateModified":"2023-03-15T20:52:48+00:00"},{"@type":"WebSite","@id":"https:\/\/www.worldrally.eu\/#website","url":"https:\/\/www.worldrally.eu\/","name":"WorldRally.eu","inLanguage":"en-GB","publisher":{"@id":"https:\/\/www.worldrally.eu\/#organization"}}]},"og:locale":"en_GB","og:site_name":"WorldRally.eu \u00bb","og:type":"article","og:title":"Kristensson \u2013 zrobi\u0142em post\u0119p. \u00bb WorldRally.eu","og:description":"Obecny Mistrz Polski Tom Kristensson, kt\u00f3ry w Rajdzie Serras de Fafe, Felgueiras, Boticas, Vieira do Minho i Cabeceiras de Basto ostatecznie zaj\u0105\u0142 dziewi\u0105t\u0105 pozycje w klasyfikacji generalnej uwa\u017ca, \u017ce zrobi\u0142 spory post\u0119p w swoich dokonaniach. Jestem bardzo szcz\u0119\u015bliwy, \u017ce tylko wystartowa\u0142em w rajdzie, ale potem mog\u0142em wsi\u0105\u015b\u0107 do tego fantastycznego samochodu i poczyni\u0107 fantastyczne post\u0119py.","og:url":"https:\/\/www.worldrally.eu\/index.php\/2023\/03\/15\/kristensson-zrobilem-postep\/","og:image":"https:\/\/www.worldrally.eu\/wp-content\/uploads\/2023\/03\/T4.jpg","og:image:secure_url":"https:\/\/www.worldrally.eu\/wp-content\/uploads\/2023\/03\/T4.jpg","og:image:width":2048,"og:image:height":1365,"article:published_time":"2023-03-15T20:50:38+00:00","article:modified_time":"2023-03-15T20:52:48+00:00","twitter:card":"summary_large_image","twitter:title":"Kristensson \u2013 zrobi\u0142em post\u0119p. \u00bb WorldRally.eu","twitter:description":"Obecny Mistrz Polski Tom Kristensson, kt\u00f3ry w Rajdzie Serras de Fafe, Felgueiras, Boticas, Vieira do Minho i Cabeceiras de Basto ostatecznie zaj\u0105\u0142 dziewi\u0105t\u0105 pozycje w klasyfikacji generalnej uwa\u017ca, \u017ce zrobi\u0142 spory post\u0119p w swoich dokonaniach. Jestem bardzo szcz\u0119\u015bliwy, \u017ce tylko wystartowa\u0142em w rajdzie, ale potem mog\u0142em wsi\u0105\u015b\u0107 do tego fantastycznego samochodu i poczyni\u0107 fantastyczne post\u0119py.","twitter:image":"https:\/\/www.worldrally.eu\/wp-content\/uploads\/2023\/03\/T4.jpg"},"aioseo_meta_data":{"post_id":"801","title":null,"description":null,"keywords":null,"keyphrases":null,"primary_term":null,"canonical_url":null,"og_title":null,"og_description":null,"og_object_type":"default","og_image_type":"default","og_image_url":null,"og_image_width":null,"og_image_height":null,"og_image_custom_url":null,"og_image_custom_fields":null,"og_video":null,"og_custom_url":null,"og_article_section":null,"og_article_tags":null,"twitter_use_og":false,"twitter_card":"default","twitter_image_type":"default","twitter_image_url":null,"twitter_image_custom_url":null,"twitter_image_custom_fields":null,"twitter_title":null,"twitter_description":null,"schema":{"blockGraphs":[],"customGraphs":[],"default":{"data":{"Article":[],"Course":[],"Dataset":[],"FAQPage":[],"Movie":[],"Person":[],"Product":[],"ProductReview":[],"Car":[],"Recipe":[],"Service":[],"SoftwareApplication":[],"WebPage":[]},"graphName":"","isEnabled":true},"graphs":[]},"schema_type":"default","schema_type_options":null,"pillar_content":false,"robots_default":true,"robots_noindex":false,"robots_noarchive":false,"robots_nosnippet":false,"robots_nofollow":false,"robots_noimageindex":false,"robots_noodp":false,"robots_notranslate":false,"robots_max_snippet":null,"robots_max_videopreview":null,"robots_max_imagepreview":"large","priority":null,"frequency":null,"local_seo":null,"breadcrumb_settings":null,"limit_modified_date":false,"ai":null,"created":"2025-03-22 06:02:34","updated":"2025-10-26 09:36:00","seo_analyzer_scan_date":null},"aioseo_breadcrumb":"<div class=\"aioseo-breadcrumbs\"><span class=\"aioseo-breadcrumb\">\n\t\t\t<a href=\"https:\/\/www.worldrally.eu\" title=\"Home\">Home<\/a>\n\t\t<\/span><span class=\"aioseo-breadcrumb-separator\">&raquo;<\/span><span class=\"aioseo-breadcrumb\">\n\t\t\t<a href=\"https:\/\/www.worldrally.eu\/index.php\/category\/erc\/\" title=\"ERC\">ERC<\/a>\n\t\t<\/span><span class=\"aioseo-breadcrumb-separator\">&raquo;<\/span><span class=\"aioseo-breadcrumb\">\n\t\t\tKristensson \u2013 zrobi\u0142em post\u0119p.\n\t\t<\/span><\/div>","aioseo_breadcrumb_json":[{"label":"Home","link":"https:\/\/www.worldrally.eu"},{"label":"ERC","link":"https:\/\/www.worldrally.eu\/index.php\/category\/erc\/"},{"label":"Kristensson &#8211; zrobi\u0142em post\u0119p.","link":"https:\/\/www.worldrally.eu\/index.php\/2023\/03\/15\/kristensson-zrobilem-postep\/"}],"cc_featured_image_caption":{"caption_text":"Foto - Kristensson FB","source_text":"","source_url":""},"_links":{"self":[{"href":"https:\/\/www.worldrally.eu\/index.php\/wp-json\/wp\/v2\/posts\/801","targetHints":{"allow":["GET"]}}],"collection":[{"href":"https:\/\/www.worldrally.eu\/index.php\/wp-json\/wp\/v2\/posts"}],"about":[{"href":"https:\/\/www.worldrally.eu\/index.php\/wp-json\/wp\/v2\/types\/post"}],"author":[{"embeddable":true,"href":"https:\/\/www.worldrally.eu\/index.php\/wp-json\/wp\/v2\/users\/1"}],"replies":[{"embeddable":true,"href":"https:\/\/www.worldrally.eu\/index.php\/wp-json\/wp\/v2\/comments?post=801"}],"version-history":[{"count":2,"href":"https:\/\/www.worldrally.eu\/index.php\/wp-json\/wp\/v2\/posts\/801\/revisions"}],"predecessor-version":[{"id":804,"href":"https:\/\/www.worldrally.eu\/index.php\/wp-json\/wp\/v2\/posts\/801\/revisions\/804"}],"wp:featuredmedia":[{"embeddable":true,"href":"https:\/\/www.worldrally.eu\/index.php\/wp-json\/wp\/v2\/media\/802"}],"wp:attachment":[{"href":"https:\/\/www.worldrally.eu\/index.php\/wp-json\/wp\/v2\/media?parent=801"}],"wp:term":[{"taxonomy":"category","embeddable":true,"href":"https:\/\/www.worldrally.eu\/index.php\/wp-json\/wp\/v2\/categories?post=801"},{"taxonomy":"post_tag","embeddable":true,"href":"https:\/\/www.worldrally.eu\/index.php\/wp-json\/wp\/v2\/tags?post=801"}],"curies":[{"name":"wp","href":"https:\/\/api.w.org\/{rel}","templated":true}]}}