{"id":783,"date":"2023-03-14T19:53:09","date_gmt":"2023-03-14T19:53:09","guid":{"rendered":"https:\/\/www.worldrally.eu\/?p=783"},"modified":"2023-03-14T19:53:09","modified_gmt":"2023-03-14T19:53:09","slug":"llarena-to-byl-ciezki-rajd","status":"publish","type":"post","link":"https:\/\/www.worldrally.eu\/index.php\/2023\/03\/14\/llarena-to-byl-ciezki-rajd\/","title":{"rendered":"Llarena &#8211; to by\u0142 ci\u0119\u017cki rajd."},"content":{"rendered":"\n<p class=\"wp-block-paragraph\">Broni\u0105cy tytu\u0142u Mistrza \u015awiata Efr\u00e9n Llarena nie by\u0142 w stanie rywalizowa\u0107 nawet o miejsce na podium a co dopiero o zwyci\u0119stwo. Si\u00f3dme miejsce w klasyfikacji generalnej nie by\u0142o szczytem mo\u017cliwo\u015bci, zw\u0142aszcza, ze Hiszpan dysponuje \u015bwietnym autem Skoda Fabia RS Rally2 przy wsparciu Teamu MRF Tyres du\u017cego producenta opon, tory w obecnym sezonie wspiera wielu kierowc\u00f3w.<\/p>\n\n\n\n<blockquote class=\"wp-block-quote is-layout-flow wp-block-quote-is-layout-flow\">\n<p class=\"wp-block-paragraph\">To by\u0142 dla mnie ci\u0119\u017cki rajd. W kwalifikacjach pope\u0142ni\u0142em b\u0142\u0105d i przegapi\u0142em skrzy\u017cowanie, ale nie chodzi tylko o pozycj\u0119 na drodze, poniewa\u017c w niedziel\u0119 pozycja na drodze nie by\u0142a taka z\u0142a, ale wci\u0105\u017c brakuje nam wielu rzeczy, wcale nie jestem zadowolony. Nigdy nie by\u0142em szybki w tym rajdzie, ale tracimy czas na wolnych zakr\u0119tach, nie mamy przyczepno\u015bci, dla mnie to katastrofa. W niekt\u00f3rych miejscach cisn\u0105\u0142em jak diabli, ale traci\u0142em du\u017co czasu w wolnych zakr\u0119tach. Szczerze m\u00f3wi\u0105c, da\u0142em z siebie wszystko, by\u0142em absolutnie wyczerpany, niestety nie byli\u015bmy szybcy. Nie czuli\u015bmy si\u0119 komfortowo z samochodem, zawsze byli\u015bmy poza lini\u0105. Mo\u017cesz cisn\u0105\u0107 200 procent, ale tracisz czas na ka\u017cdym zakr\u0119cie, wi\u0119c to bardzo rozczarowuj\u0105ce.<\/p>\n<\/blockquote>\n\n\n\n<p class=\"wp-block-paragraph\">Rajd Wysp Kanaryjskich jest gospodarzem drugiej rundy sezonu ERC od 6 do 8 maja, czyli jak to sam powiedzia\u0142 kierowca b\u0119dzie jecha\u0142 u siebie i ma zamiar odda\u0107 ca\u0142a energie aby pokaza\u0107 si\u0119 z jak najlepszej strony i podj\u0105\u0107 walk\u0119 o obron\u0119 tytu\u0142u.<\/p>\n","protected":false},"excerpt":{"rendered":"<p>Broni\u0105cy tytu\u0142u Mistrza \u015awiata Efr\u00e9n Llarena nie by\u0142 w stanie rywalizowa\u0107 nawet o miejsce na podium a co dopiero o zwyci\u0119stwo. Si\u00f3dme miejsce w klasyfikacji generalnej nie by\u0142o szczytem mo\u017cliwo\u015bci, zw\u0142aszcza, ze Hiszpan dysponuje \u015bwietnym autem Skoda Fabia RS Rally2 przy wsparciu Teamu MRF Tyres du\u017cego producenta opon, tory w obecnym sezonie wspiera wielu kierowc\u00f3w. [&hellip;]<\/p>\n","protected":false},"author":1,"featured_media":784,"comment_status":"closed","ping_status":"closed","sticky":false,"template":"","format":"standard","meta":{"_monsterinsights_skip_tracking":false,"_monsterinsights_sitenote_active":false,"_monsterinsights_sitenote_note":"","_monsterinsights_sitenote_category":0,"footnotes":""},"categories":[4],"tags":[],"class_list":["post-783","post","type-post","status-publish","format-standard","has-post-thumbnail","hentry","category-erc"],"aioseo_notices":[],"aioseo_head":"\n\t\t<!-- All in One SEO 4.9.9 - aioseo.com -->\n\t<meta name=\"description\" content=\"Broni\u0105cy tytu\u0142u Mistrza \u015awiata Efr\u00e9n Llarena nie by\u0142 w stanie rywalizowa\u0107 nawet o miejsce na podium a co dopiero o zwyci\u0119stwo. Si\u00f3dme miejsce w klasyfikacji generalnej nie by\u0142o szczytem mo\u017cliwo\u015bci, zw\u0142aszcza, ze Hiszpan dysponuje \u015bwietnym autem Skoda Fabia RS Rally2 przy wsparciu Teamu MRF Tyres du\u017cego producenta opon, tory w obecnym sezonie wspiera wielu kierowc\u00f3w.\" \/>\n\t<meta name=\"robots\" content=\"max-image-preview:large\" \/>\n\t<meta name=\"author\" content=\"Junior\"\/>\n\t<link rel=\"canonical\" href=\"https:\/\/www.worldrally.eu\/index.php\/2023\/03\/14\/llarena-to-byl-ciezki-rajd\/\" \/>\n\t<meta name=\"generator\" content=\"All in One SEO (AIOSEO) 4.9.9\" \/>\n\t\t<meta property=\"og:locale\" content=\"en_GB\" \/>\n\t\t<meta property=\"og:site_name\" content=\"WorldRally.eu \u00bb\" \/>\n\t\t<meta property=\"og:type\" content=\"article\" \/>\n\t\t<meta property=\"og:title\" content=\"Llarena \u2013 to by\u0142 ci\u0119\u017cki rajd. \u00bb WorldRally.eu\" \/>\n\t\t<meta property=\"og:description\" content=\"Broni\u0105cy tytu\u0142u Mistrza \u015awiata Efr\u00e9n Llarena nie by\u0142 w stanie rywalizowa\u0107 nawet o miejsce na podium a co dopiero o zwyci\u0119stwo. Si\u00f3dme miejsce w klasyfikacji generalnej nie by\u0142o szczytem mo\u017cliwo\u015bci, zw\u0142aszcza, ze Hiszpan dysponuje \u015bwietnym autem Skoda Fabia RS Rally2 przy wsparciu Teamu MRF Tyres du\u017cego producenta opon, tory w obecnym sezonie wspiera wielu kierowc\u00f3w.\" \/>\n\t\t<meta property=\"og:url\" content=\"https:\/\/www.worldrally.eu\/index.php\/2023\/03\/14\/llarena-to-byl-ciezki-rajd\/\" \/>\n\t\t<meta property=\"og:image\" content=\"https:\/\/www.worldrally.eu\/wp-content\/uploads\/2023\/03\/I1.jpeg\" \/>\n\t\t<meta property=\"og:image:secure_url\" content=\"https:\/\/www.worldrally.eu\/wp-content\/uploads\/2023\/03\/I1.jpeg\" \/>\n\t\t<meta property=\"og:image:width\" content=\"1400\" \/>\n\t\t<meta property=\"og:image:height\" content=\"788\" \/>\n\t\t<meta property=\"article:published_time\" content=\"2023-03-14T19:53:09+00:00\" \/>\n\t\t<meta property=\"article:modified_time\" content=\"2023-03-14T19:53:09+00:00\" \/>\n\t\t<meta name=\"twitter:card\" content=\"summary_large_image\" \/>\n\t\t<meta name=\"twitter:title\" content=\"Llarena \u2013 to by\u0142 ci\u0119\u017cki rajd. \u00bb WorldRally.eu\" \/>\n\t\t<meta name=\"twitter:description\" content=\"Broni\u0105cy tytu\u0142u Mistrza \u015awiata Efr\u00e9n Llarena nie by\u0142 w stanie rywalizowa\u0107 nawet o miejsce na podium a co dopiero o zwyci\u0119stwo. Si\u00f3dme miejsce w klasyfikacji generalnej nie by\u0142o szczytem mo\u017cliwo\u015bci, zw\u0142aszcza, ze Hiszpan dysponuje \u015bwietnym autem Skoda Fabia RS Rally2 przy wsparciu Teamu MRF Tyres du\u017cego producenta opon, tory w obecnym sezonie wspiera wielu kierowc\u00f3w.\" \/>\n\t\t<meta name=\"twitter:image\" content=\"https:\/\/www.worldrally.eu\/wp-content\/uploads\/2023\/03\/I1.jpeg\" \/>\n\t\t<script type=\"application\/ld+json\" class=\"aioseo-schema\">\n\t\t\t{\"@context\":\"https:\\\/\\\/schema.org\",\"@graph\":[{\"@type\":\"BlogPosting\",\"@id\":\"https:\\\/\\\/www.worldrally.eu\\\/index.php\\\/2023\\\/03\\\/14\\\/llarena-to-byl-ciezki-rajd\\\/#blogposting\",\"name\":\"Llarena \\u2013 to by\\u0142 ci\\u0119\\u017cki rajd. \\u00bb WorldRally.eu\",\"headline\":\"Llarena &#8211; to by\\u0142 ci\\u0119\\u017cki rajd.\",\"author\":{\"@id\":\"https:\\\/\\\/www.worldrally.eu\\\/index.php\\\/author\\\/admin\\\/#author\"},\"publisher\":{\"@id\":\"https:\\\/\\\/www.worldrally.eu\\\/#organization\"},\"image\":{\"@type\":\"ImageObject\",\"url\":\"https:\\\/\\\/www.worldrally.eu\\\/wp-content\\\/uploads\\\/2023\\\/03\\\/I1.jpeg\",\"width\":1400,\"height\":788},\"datePublished\":\"2023-03-14T19:53:09+00:00\",\"dateModified\":\"2023-03-14T19:53:09+00:00\",\"inLanguage\":\"en-GB\",\"mainEntityOfPage\":{\"@id\":\"https:\\\/\\\/www.worldrally.eu\\\/index.php\\\/2023\\\/03\\\/14\\\/llarena-to-byl-ciezki-rajd\\\/#webpage\"},\"isPartOf\":{\"@id\":\"https:\\\/\\\/www.worldrally.eu\\\/index.php\\\/2023\\\/03\\\/14\\\/llarena-to-byl-ciezki-rajd\\\/#webpage\"},\"articleSection\":\"ERC\"},{\"@type\":\"BreadcrumbList\",\"@id\":\"https:\\\/\\\/www.worldrally.eu\\\/index.php\\\/2023\\\/03\\\/14\\\/llarena-to-byl-ciezki-rajd\\\/#breadcrumblist\",\"itemListElement\":[{\"@type\":\"ListItem\",\"@id\":\"https:\\\/\\\/www.worldrally.eu#listItem\",\"position\":1,\"name\":\"Home\",\"item\":\"https:\\\/\\\/www.worldrally.eu\",\"nextItem\":{\"@type\":\"ListItem\",\"@id\":\"https:\\\/\\\/www.worldrally.eu\\\/index.php\\\/category\\\/erc\\\/#listItem\",\"name\":\"ERC\"}},{\"@type\":\"ListItem\",\"@id\":\"https:\\\/\\\/www.worldrally.eu\\\/index.php\\\/category\\\/erc\\\/#listItem\",\"position\":2,\"name\":\"ERC\",\"item\":\"https:\\\/\\\/www.worldrally.eu\\\/index.php\\\/category\\\/erc\\\/\",\"nextItem\":{\"@type\":\"ListItem\",\"@id\":\"https:\\\/\\\/www.worldrally.eu\\\/index.php\\\/2023\\\/03\\\/14\\\/llarena-to-byl-ciezki-rajd\\\/#listItem\",\"name\":\"Llarena &#8211; to by\\u0142 ci\\u0119\\u017cki rajd.\"},\"previousItem\":{\"@type\":\"ListItem\",\"@id\":\"https:\\\/\\\/www.worldrally.eu#listItem\",\"name\":\"Home\"}},{\"@type\":\"ListItem\",\"@id\":\"https:\\\/\\\/www.worldrally.eu\\\/index.php\\\/2023\\\/03\\\/14\\\/llarena-to-byl-ciezki-rajd\\\/#listItem\",\"position\":3,\"name\":\"Llarena &#8211; to by\\u0142 ci\\u0119\\u017cki rajd.\",\"previousItem\":{\"@type\":\"ListItem\",\"@id\":\"https:\\\/\\\/www.worldrally.eu\\\/index.php\\\/category\\\/erc\\\/#listItem\",\"name\":\"ERC\"}}]},{\"@type\":\"Organization\",\"@id\":\"https:\\\/\\\/www.worldrally.eu\\\/#organization\",\"name\":\"WorldRally.eu\",\"url\":\"https:\\\/\\\/www.worldrally.eu\\\/\",\"logo\":{\"@type\":\"ImageObject\",\"url\":\"https:\\\/\\\/www.worldrally.eu\\\/wp-content\\\/uploads\\\/2026\\\/01\\\/cropped-logo-3.png\",\"@id\":\"https:\\\/\\\/www.worldrally.eu\\\/index.php\\\/2023\\\/03\\\/14\\\/llarena-to-byl-ciezki-rajd\\\/#organizationLogo\",\"width\":2039,\"height\":756},\"image\":{\"@id\":\"https:\\\/\\\/www.worldrally.eu\\\/index.php\\\/2023\\\/03\\\/14\\\/llarena-to-byl-ciezki-rajd\\\/#organizationLogo\"}},{\"@type\":\"Person\",\"@id\":\"https:\\\/\\\/www.worldrally.eu\\\/index.php\\\/author\\\/admin\\\/#author\",\"url\":\"https:\\\/\\\/www.worldrally.eu\\\/index.php\\\/author\\\/admin\\\/\",\"name\":\"Junior\",\"image\":{\"@type\":\"ImageObject\",\"@id\":\"https:\\\/\\\/www.worldrally.eu\\\/index.php\\\/2023\\\/03\\\/14\\\/llarena-to-byl-ciezki-rajd\\\/#authorImage\",\"url\":\"https:\\\/\\\/secure.gravatar.com\\\/avatar\\\/5bd369ac0447285dc20b588693ca1756d0179a7f957258050a42a968bf3b9d0a?s=96&d=mm&r=g\",\"width\":96,\"height\":96,\"caption\":\"Junior\"}},{\"@type\":\"WebPage\",\"@id\":\"https:\\\/\\\/www.worldrally.eu\\\/index.php\\\/2023\\\/03\\\/14\\\/llarena-to-byl-ciezki-rajd\\\/#webpage\",\"url\":\"https:\\\/\\\/www.worldrally.eu\\\/index.php\\\/2023\\\/03\\\/14\\\/llarena-to-byl-ciezki-rajd\\\/\",\"name\":\"Llarena \\u2013 to by\\u0142 ci\\u0119\\u017cki rajd. \\u00bb WorldRally.eu\",\"description\":\"Broni\\u0105cy tytu\\u0142u Mistrza \\u015awiata Efr\\u00e9n Llarena nie by\\u0142 w stanie rywalizowa\\u0107 nawet o miejsce na podium a co dopiero o zwyci\\u0119stwo. Si\\u00f3dme miejsce w klasyfikacji generalnej nie by\\u0142o szczytem mo\\u017cliwo\\u015bci, zw\\u0142aszcza, ze Hiszpan dysponuje \\u015bwietnym autem Skoda Fabia RS Rally2 przy wsparciu Teamu MRF Tyres du\\u017cego producenta opon, tory w obecnym sezonie wspiera wielu kierowc\\u00f3w.\",\"inLanguage\":\"en-GB\",\"isPartOf\":{\"@id\":\"https:\\\/\\\/www.worldrally.eu\\\/#website\"},\"breadcrumb\":{\"@id\":\"https:\\\/\\\/www.worldrally.eu\\\/index.php\\\/2023\\\/03\\\/14\\\/llarena-to-byl-ciezki-rajd\\\/#breadcrumblist\"},\"author\":{\"@id\":\"https:\\\/\\\/www.worldrally.eu\\\/index.php\\\/author\\\/admin\\\/#author\"},\"creator\":{\"@id\":\"https:\\\/\\\/www.worldrally.eu\\\/index.php\\\/author\\\/admin\\\/#author\"},\"image\":{\"@type\":\"ImageObject\",\"url\":\"https:\\\/\\\/www.worldrally.eu\\\/wp-content\\\/uploads\\\/2023\\\/03\\\/I1.jpeg\",\"@id\":\"https:\\\/\\\/www.worldrally.eu\\\/index.php\\\/2023\\\/03\\\/14\\\/llarena-to-byl-ciezki-rajd\\\/#mainImage\",\"width\":1400,\"height\":788},\"primaryImageOfPage\":{\"@id\":\"https:\\\/\\\/www.worldrally.eu\\\/index.php\\\/2023\\\/03\\\/14\\\/llarena-to-byl-ciezki-rajd\\\/#mainImage\"},\"datePublished\":\"2023-03-14T19:53:09+00:00\",\"dateModified\":\"2023-03-14T19:53:09+00:00\"},{\"@type\":\"WebSite\",\"@id\":\"https:\\\/\\\/www.worldrally.eu\\\/#website\",\"url\":\"https:\\\/\\\/www.worldrally.eu\\\/\",\"name\":\"WorldRally.eu\",\"inLanguage\":\"en-GB\",\"publisher\":{\"@id\":\"https:\\\/\\\/www.worldrally.eu\\\/#organization\"}}]}\n\t\t<\/script>\n\t\t<!-- All in One SEO -->\n\n","aioseo_head_json":{"title":"Llarena \u2013 to by\u0142 ci\u0119\u017cki rajd. \u00bb WorldRally.eu","description":"Broni\u0105cy tytu\u0142u Mistrza \u015awiata Efr\u00e9n Llarena nie by\u0142 w stanie rywalizowa\u0107 nawet o miejsce na podium a co dopiero o zwyci\u0119stwo. Si\u00f3dme miejsce w klasyfikacji generalnej nie by\u0142o szczytem mo\u017cliwo\u015bci, zw\u0142aszcza, ze Hiszpan dysponuje \u015bwietnym autem Skoda Fabia RS Rally2 przy wsparciu Teamu MRF Tyres du\u017cego producenta opon, tory w obecnym sezonie wspiera wielu kierowc\u00f3w.","canonical_url":"https:\/\/www.worldrally.eu\/index.php\/2023\/03\/14\/llarena-to-byl-ciezki-rajd\/","robots":"max-image-preview:large","keywords":"","webmasterTools":{"miscellaneous":""},"schema":{"@context":"https:\/\/schema.org","@graph":[{"@type":"BlogPosting","@id":"https:\/\/www.worldrally.eu\/index.php\/2023\/03\/14\/llarena-to-byl-ciezki-rajd\/#blogposting","name":"Llarena \u2013 to by\u0142 ci\u0119\u017cki rajd. \u00bb WorldRally.eu","headline":"Llarena &#8211; to by\u0142 ci\u0119\u017cki rajd.","author":{"@id":"https:\/\/www.worldrally.eu\/index.php\/author\/admin\/#author"},"publisher":{"@id":"https:\/\/www.worldrally.eu\/#organization"},"image":{"@type":"ImageObject","url":"https:\/\/www.worldrally.eu\/wp-content\/uploads\/2023\/03\/I1.jpeg","width":1400,"height":788},"datePublished":"2023-03-14T19:53:09+00:00","dateModified":"2023-03-14T19:53:09+00:00","inLanguage":"en-GB","mainEntityOfPage":{"@id":"https:\/\/www.worldrally.eu\/index.php\/2023\/03\/14\/llarena-to-byl-ciezki-rajd\/#webpage"},"isPartOf":{"@id":"https:\/\/www.worldrally.eu\/index.php\/2023\/03\/14\/llarena-to-byl-ciezki-rajd\/#webpage"},"articleSection":"ERC"},{"@type":"BreadcrumbList","@id":"https:\/\/www.worldrally.eu\/index.php\/2023\/03\/14\/llarena-to-byl-ciezki-rajd\/#breadcrumblist","itemListElement":[{"@type":"ListItem","@id":"https:\/\/www.worldrally.eu#listItem","position":1,"name":"Home","item":"https:\/\/www.worldrally.eu","nextItem":{"@type":"ListItem","@id":"https:\/\/www.worldrally.eu\/index.php\/category\/erc\/#listItem","name":"ERC"}},{"@type":"ListItem","@id":"https:\/\/www.worldrally.eu\/index.php\/category\/erc\/#listItem","position":2,"name":"ERC","item":"https:\/\/www.worldrally.eu\/index.php\/category\/erc\/","nextItem":{"@type":"ListItem","@id":"https:\/\/www.worldrally.eu\/index.php\/2023\/03\/14\/llarena-to-byl-ciezki-rajd\/#listItem","name":"Llarena &#8211; to by\u0142 ci\u0119\u017cki rajd."},"previousItem":{"@type":"ListItem","@id":"https:\/\/www.worldrally.eu#listItem","name":"Home"}},{"@type":"ListItem","@id":"https:\/\/www.worldrally.eu\/index.php\/2023\/03\/14\/llarena-to-byl-ciezki-rajd\/#listItem","position":3,"name":"Llarena &#8211; to by\u0142 ci\u0119\u017cki rajd.","previousItem":{"@type":"ListItem","@id":"https:\/\/www.worldrally.eu\/index.php\/category\/erc\/#listItem","name":"ERC"}}]},{"@type":"Organization","@id":"https:\/\/www.worldrally.eu\/#organization","name":"WorldRally.eu","url":"https:\/\/www.worldrally.eu\/","logo":{"@type":"ImageObject","url":"https:\/\/www.worldrally.eu\/wp-content\/uploads\/2026\/01\/cropped-logo-3.png","@id":"https:\/\/www.worldrally.eu\/index.php\/2023\/03\/14\/llarena-to-byl-ciezki-rajd\/#organizationLogo","width":2039,"height":756},"image":{"@id":"https:\/\/www.worldrally.eu\/index.php\/2023\/03\/14\/llarena-to-byl-ciezki-rajd\/#organizationLogo"}},{"@type":"Person","@id":"https:\/\/www.worldrally.eu\/index.php\/author\/admin\/#author","url":"https:\/\/www.worldrally.eu\/index.php\/author\/admin\/","name":"Junior","image":{"@type":"ImageObject","@id":"https:\/\/www.worldrally.eu\/index.php\/2023\/03\/14\/llarena-to-byl-ciezki-rajd\/#authorImage","url":"https:\/\/secure.gravatar.com\/avatar\/5bd369ac0447285dc20b588693ca1756d0179a7f957258050a42a968bf3b9d0a?s=96&d=mm&r=g","width":96,"height":96,"caption":"Junior"}},{"@type":"WebPage","@id":"https:\/\/www.worldrally.eu\/index.php\/2023\/03\/14\/llarena-to-byl-ciezki-rajd\/#webpage","url":"https:\/\/www.worldrally.eu\/index.php\/2023\/03\/14\/llarena-to-byl-ciezki-rajd\/","name":"Llarena \u2013 to by\u0142 ci\u0119\u017cki rajd. \u00bb WorldRally.eu","description":"Broni\u0105cy tytu\u0142u Mistrza \u015awiata Efr\u00e9n Llarena nie by\u0142 w stanie rywalizowa\u0107 nawet o miejsce na podium a co dopiero o zwyci\u0119stwo. Si\u00f3dme miejsce w klasyfikacji generalnej nie by\u0142o szczytem mo\u017cliwo\u015bci, zw\u0142aszcza, ze Hiszpan dysponuje \u015bwietnym autem Skoda Fabia RS Rally2 przy wsparciu Teamu MRF Tyres du\u017cego producenta opon, tory w obecnym sezonie wspiera wielu kierowc\u00f3w.","inLanguage":"en-GB","isPartOf":{"@id":"https:\/\/www.worldrally.eu\/#website"},"breadcrumb":{"@id":"https:\/\/www.worldrally.eu\/index.php\/2023\/03\/14\/llarena-to-byl-ciezki-rajd\/#breadcrumblist"},"author":{"@id":"https:\/\/www.worldrally.eu\/index.php\/author\/admin\/#author"},"creator":{"@id":"https:\/\/www.worldrally.eu\/index.php\/author\/admin\/#author"},"image":{"@type":"ImageObject","url":"https:\/\/www.worldrally.eu\/wp-content\/uploads\/2023\/03\/I1.jpeg","@id":"https:\/\/www.worldrally.eu\/index.php\/2023\/03\/14\/llarena-to-byl-ciezki-rajd\/#mainImage","width":1400,"height":788},"primaryImageOfPage":{"@id":"https:\/\/www.worldrally.eu\/index.php\/2023\/03\/14\/llarena-to-byl-ciezki-rajd\/#mainImage"},"datePublished":"2023-03-14T19:53:09+00:00","dateModified":"2023-03-14T19:53:09+00:00"},{"@type":"WebSite","@id":"https:\/\/www.worldrally.eu\/#website","url":"https:\/\/www.worldrally.eu\/","name":"WorldRally.eu","inLanguage":"en-GB","publisher":{"@id":"https:\/\/www.worldrally.eu\/#organization"}}]},"og:locale":"en_GB","og:site_name":"WorldRally.eu \u00bb","og:type":"article","og:title":"Llarena \u2013 to by\u0142 ci\u0119\u017cki rajd. \u00bb WorldRally.eu","og:description":"Broni\u0105cy tytu\u0142u Mistrza \u015awiata Efr\u00e9n Llarena nie by\u0142 w stanie rywalizowa\u0107 nawet o miejsce na podium a co dopiero o zwyci\u0119stwo. Si\u00f3dme miejsce w klasyfikacji generalnej nie by\u0142o szczytem mo\u017cliwo\u015bci, zw\u0142aszcza, ze Hiszpan dysponuje \u015bwietnym autem Skoda Fabia RS Rally2 przy wsparciu Teamu MRF Tyres du\u017cego producenta opon, tory w obecnym sezonie wspiera wielu kierowc\u00f3w.","og:url":"https:\/\/www.worldrally.eu\/index.php\/2023\/03\/14\/llarena-to-byl-ciezki-rajd\/","og:image":"https:\/\/www.worldrally.eu\/wp-content\/uploads\/2023\/03\/I1.jpeg","og:image:secure_url":"https:\/\/www.worldrally.eu\/wp-content\/uploads\/2023\/03\/I1.jpeg","og:image:width":1400,"og:image:height":788,"article:published_time":"2023-03-14T19:53:09+00:00","article:modified_time":"2023-03-14T19:53:09+00:00","twitter:card":"summary_large_image","twitter:title":"Llarena \u2013 to by\u0142 ci\u0119\u017cki rajd. \u00bb WorldRally.eu","twitter:description":"Broni\u0105cy tytu\u0142u Mistrza \u015awiata Efr\u00e9n Llarena nie by\u0142 w stanie rywalizowa\u0107 nawet o miejsce na podium a co dopiero o zwyci\u0119stwo. Si\u00f3dme miejsce w klasyfikacji generalnej nie by\u0142o szczytem mo\u017cliwo\u015bci, zw\u0142aszcza, ze Hiszpan dysponuje \u015bwietnym autem Skoda Fabia RS Rally2 przy wsparciu Teamu MRF Tyres du\u017cego producenta opon, tory w obecnym sezonie wspiera wielu kierowc\u00f3w.","twitter:image":"https:\/\/www.worldrally.eu\/wp-content\/uploads\/2023\/03\/I1.jpeg"},"aioseo_meta_data":{"post_id":"783","title":null,"description":null,"keywords":null,"keyphrases":null,"primary_term":null,"canonical_url":null,"og_title":null,"og_description":null,"og_object_type":"default","og_image_type":"default","og_image_url":null,"og_image_width":null,"og_image_height":null,"og_image_custom_url":null,"og_image_custom_fields":null,"og_video":null,"og_custom_url":null,"og_article_section":null,"og_article_tags":null,"twitter_use_og":false,"twitter_card":"default","twitter_image_type":"default","twitter_image_url":null,"twitter_image_custom_url":null,"twitter_image_custom_fields":null,"twitter_title":null,"twitter_description":null,"schema":{"blockGraphs":[],"customGraphs":[],"default":{"data":{"Article":[],"Course":[],"Dataset":[],"FAQPage":[],"Movie":[],"Person":[],"Product":[],"ProductReview":[],"Car":[],"Recipe":[],"Service":[],"SoftwareApplication":[],"WebPage":[]},"graphName":"","isEnabled":true},"graphs":[]},"schema_type":"default","schema_type_options":null,"pillar_content":false,"robots_default":true,"robots_noindex":false,"robots_noarchive":false,"robots_nosnippet":false,"robots_nofollow":false,"robots_noimageindex":false,"robots_noodp":false,"robots_notranslate":false,"robots_max_snippet":null,"robots_max_videopreview":null,"robots_max_imagepreview":"large","priority":null,"frequency":null,"local_seo":null,"breadcrumb_settings":null,"limit_modified_date":false,"ai":null,"created":"2025-03-22 06:02:34","updated":"2025-10-26 09:36:00","seo_analyzer_scan_date":null},"aioseo_breadcrumb":"<div class=\"aioseo-breadcrumbs\"><span class=\"aioseo-breadcrumb\">\n\t\t\t<a href=\"https:\/\/www.worldrally.eu\" title=\"Home\">Home<\/a>\n\t\t<\/span><span class=\"aioseo-breadcrumb-separator\">&raquo;<\/span><span class=\"aioseo-breadcrumb\">\n\t\t\t<a href=\"https:\/\/www.worldrally.eu\/index.php\/category\/erc\/\" title=\"ERC\">ERC<\/a>\n\t\t<\/span><span class=\"aioseo-breadcrumb-separator\">&raquo;<\/span><span class=\"aioseo-breadcrumb\">\n\t\t\tLlarena \u2013 to by\u0142 ci\u0119\u017cki rajd.\n\t\t<\/span><\/div>","aioseo_breadcrumb_json":[{"label":"Home","link":"https:\/\/www.worldrally.eu"},{"label":"ERC","link":"https:\/\/www.worldrally.eu\/index.php\/category\/erc\/"},{"label":"Llarena &#8211; to by\u0142 ci\u0119\u017cki rajd.","link":"https:\/\/www.worldrally.eu\/index.php\/2023\/03\/14\/llarena-to-byl-ciezki-rajd\/"}],"cc_featured_image_caption":{"caption_text":"Foto-FIAerc","source_text":"","source_url":""},"_links":{"self":[{"href":"https:\/\/www.worldrally.eu\/index.php\/wp-json\/wp\/v2\/posts\/783","targetHints":{"allow":["GET"]}}],"collection":[{"href":"https:\/\/www.worldrally.eu\/index.php\/wp-json\/wp\/v2\/posts"}],"about":[{"href":"https:\/\/www.worldrally.eu\/index.php\/wp-json\/wp\/v2\/types\/post"}],"author":[{"embeddable":true,"href":"https:\/\/www.worldrally.eu\/index.php\/wp-json\/wp\/v2\/users\/1"}],"replies":[{"embeddable":true,"href":"https:\/\/www.worldrally.eu\/index.php\/wp-json\/wp\/v2\/comments?post=783"}],"version-history":[{"count":1,"href":"https:\/\/www.worldrally.eu\/index.php\/wp-json\/wp\/v2\/posts\/783\/revisions"}],"predecessor-version":[{"id":785,"href":"https:\/\/www.worldrally.eu\/index.php\/wp-json\/wp\/v2\/posts\/783\/revisions\/785"}],"wp:featuredmedia":[{"embeddable":true,"href":"https:\/\/www.worldrally.eu\/index.php\/wp-json\/wp\/v2\/media\/784"}],"wp:attachment":[{"href":"https:\/\/www.worldrally.eu\/index.php\/wp-json\/wp\/v2\/media?parent=783"}],"wp:term":[{"taxonomy":"category","embeddable":true,"href":"https:\/\/www.worldrally.eu\/index.php\/wp-json\/wp\/v2\/categories?post=783"},{"taxonomy":"post_tag","embeddable":true,"href":"https:\/\/www.worldrally.eu\/index.php\/wp-json\/wp\/v2\/tags?post=783"}],"curies":[{"name":"wp","href":"https:\/\/api.w.org\/{rel}","templated":true}]}}