{"id":772,"date":"2023-03-13T18:41:00","date_gmt":"2023-03-13T18:41:00","guid":{"rendered":"https:\/\/www.worldrally.eu\/?p=772"},"modified":"2023-03-14T19:07:35","modified_gmt":"2023-03-14T19:07:35","slug":"meksyk-trasy-i-mapy","status":"publish","type":"post","link":"https:\/\/www.worldrally.eu\/index.php\/2023\/03\/13\/meksyk-trasy-i-mapy\/","title":{"rendered":"Meksyk: Trasy i mapy"},"content":{"rendered":"\n<p>Trzecia runda sezonu FIA WRC rozpocznie si\u0119 w g\u00f3rach, promotor spodziewa si\u0119, \u017ce rozpocz\u0119cie Guanajuato w czwartkowy wiecz\u00f3r, b\u0119dzie odbierane jako jedno z najwa\u017cniejszych wydarze\u0144 roku.<\/p>\n\n\n\n<p>Ceromonia startu odb\u0119dzie si\u0119 przed muzeum Alh\u00f3ndiga de Granaditas a nast\u0119pnie ekipy pokonaj\u0105 odcinek specjalny o d\u0142ugo\u015bci 1,12 km, kt\u00f3ry b\u0119dzie cz\u0119\u015bciowo pod ziemi\u0105 w tunelu.<\/p>\n\n\n\n<p><a rel=\"noreferrer noopener\" href=\"https:\/\/www.wrc.com\/?proxy=redaktion\/Season-2023-NEWS\/WRC\/March\/Guanajuato-Rally-Me-xico-Itinerary.pdf\" data-type=\"URL\" data-id=\"https:\/\/www.wrc.com\/?proxy=redaktion\/Season-2023-NEWS\/WRC\/March\/Guanajuato-Rally-Me-xico-Itinerary.pdf\" target=\"_blank\">Harmonogram<\/a> &lt;&lt;&lt;Kliknij<\/p>\n\n\n\n<p><a rel=\"noreferrer noopener\" href=\"https:\/\/www.wrc.com\/?proxy=redaktion\/Season-2023-NEWS\/WRC\/March\/Guanajuato-Rally-Mexico-Maps.pdf\" data-type=\"URL\" data-id=\"https:\/\/www.wrc.com\/?proxy=redaktion\/Season-2023-NEWS\/WRC\/March\/Guanajuato-Rally-Mexico-Maps.pdf\" target=\"_blank\">Mapy<\/a> &lt;&lt;&lt;Kliknij<\/p>\n\n\n\n<p><\/p>\n\n\n\n<p><\/p>\n\n\n\n<p><\/p>\n\n\n\n<p><\/p>\n","protected":false},"excerpt":{"rendered":"<p>Trzecia runda sezonu FIA WRC rozpocznie si\u0119 w g\u00f3rach, promotor spodziewa si\u0119, \u017ce rozpocz\u0119cie Guanajuato w czwartkowy wiecz\u00f3r, b\u0119dzie odbierane jako jedno z najwa\u017cniejszych wydarze\u0144 roku. Ceromonia startu odb\u0119dzie si\u0119 przed muzeum Alh\u00f3ndiga de Granaditas a nast\u0119pnie ekipy pokonaj\u0105 odcinek specjalny o d\u0142ugo\u015bci 1,12 km, kt\u00f3ry b\u0119dzie cz\u0119\u015bciowo pod ziemi\u0105 w tunelu. Harmonogram &lt;&lt;&lt;Kliknij Mapy [&hellip;]<\/p>\n","protected":false},"author":2,"featured_media":773,"comment_status":"closed","ping_status":"closed","sticky":false,"template":"","format":"standard","meta":{"footnotes":""},"categories":[3],"tags":[],"class_list":["post-772","post","type-post","status-publish","format-standard","has-post-thumbnail","hentry","category-wrc"],"aioseo_notices":[],"cc_featured_image_caption":{"caption_text":"Foto- WRC.com","source_text":"","source_url":""},"_links":{"self":[{"href":"https:\/\/www.worldrally.eu\/index.php\/wp-json\/wp\/v2\/posts\/772","targetHints":{"allow":["GET"]}}],"collection":[{"href":"https:\/\/www.worldrally.eu\/index.php\/wp-json\/wp\/v2\/posts"}],"about":[{"href":"https:\/\/www.worldrally.eu\/index.php\/wp-json\/wp\/v2\/types\/post"}],"author":[{"embeddable":true,"href":"https:\/\/www.worldrally.eu\/index.php\/wp-json\/wp\/v2\/users\/2"}],"replies":[{"embeddable":true,"href":"https:\/\/www.worldrally.eu\/index.php\/wp-json\/wp\/v2\/comments?post=772"}],"version-history":[{"count":2,"href":"https:\/\/www.worldrally.eu\/index.php\/wp-json\/wp\/v2\/posts\/772\/revisions"}],"predecessor-version":[{"id":775,"href":"https:\/\/www.worldrally.eu\/index.php\/wp-json\/wp\/v2\/posts\/772\/revisions\/775"}],"wp:featuredmedia":[{"embeddable":true,"href":"https:\/\/www.worldrally.eu\/index.php\/wp-json\/wp\/v2\/media\/773"}],"wp:attachment":[{"href":"https:\/\/www.worldrally.eu\/index.php\/wp-json\/wp\/v2\/media?parent=772"}],"wp:term":[{"taxonomy":"category","embeddable":true,"href":"https:\/\/www.worldrally.eu\/index.php\/wp-json\/wp\/v2\/categories?post=772"},{"taxonomy":"post_tag","embeddable":true,"href":"https:\/\/www.worldrally.eu\/index.php\/wp-json\/wp\/v2\/tags?post=772"}],"curies":[{"name":"wp","href":"https:\/\/api.w.org\/{rel}","templated":true}]}}