{"id":754,"date":"2023-03-12T20:57:00","date_gmt":"2023-03-12T20:57:00","guid":{"rendered":"https:\/\/www.worldrally.eu\/?p=754"},"modified":"2023-03-13T21:05:28","modified_gmt":"2023-03-13T21:05:28","slug":"padon-wygrywa-fafe-dramat-heikkila","status":"publish","type":"post","link":"https:\/\/www.worldrally.eu\/index.php\/2023\/03\/12\/padon-wygrywa-fafe-dramat-heikkila\/","title":{"rendered":"Padon wygrywa Fafe-dramat Heikkil\u00e4"},"content":{"rendered":"\n<p>Heyden Paddon po dramatycznym ostatnim odcinku specjalnym zwyci\u0119\u017ca rund\u0119 otwarcia w Rajdowych Mistrzostwach Europy w rajdzie Serras de Fafe.<\/p>\n\n\n\n<p>To by\u0142a fantastyczna niedzielna walka pomi\u0119dzy Paddonem, Mikko Heikkil\u00e4 i \u00d8stbergiem, gdzie do samego koca nie by\u0142o wiadomo kto zdob\u0119dzie najwy\u017cszy stopie\u0144 podium, jednak\u017ce przed ostatnim odcinkiem specjalnym Fin prowadzi\u0142 tylko o 2,8 sekundy przed Nowo Zelandczykiem i nieca\u0142e 5 sekund przed Norwegiem. Power Stage mia\u0142o wszystko wyja\u015bni\u0107 i wyja\u015bni\u0142o, Fin jad\u0105c bardzo pewnie przebi\u0142 przednia lew\u0105 opon\u0119, co tym samym skutkowa\u0142o utrat\u0119 nie tylko pierwszego miejsca ale tak\u017ce wykluczy\u0142 go z rywalizacji o podium, ostatecznie zajmuj\u0105c \u00f3sme miejsce w klasyfikacji generalnej.<\/p>\n\n\n\n<blockquote class=\"wp-block-quote is-layout-flow wp-block-quote-is-layout-flow\">\n<p>Nie mam poj\u0119cia sk\u0105d wzi\u0119\u0142a si\u0119 przebita opona. \u0141atwo o przebicie, poniewa\u017c jest tam tak du\u017co kamieni, ale jestem zadowolony z opon. P\u0142acz nie pomo\u017ce \u2013 tak w\u0142a\u015bnie jest. Chc\u0119 tylko podzi\u0119kowa\u0107 mojemu zespo\u0142owi, spisali si\u0119 bardzo dobrze.<\/p>\n<cite>Wyja\u015bni\u0142 Heikkil\u00e4 na mecie<\/cite><\/blockquote>\n\n\n\n<p>Tym samym Paddon automatycznie awansowa\u0142 na pierwsze miejsce wyprzedzaj\u0105c Norwega o ponad 10 sekund oraz Georga Linnam\u00e4e o ponad 16 sekund.<\/p>\n\n\n\n<blockquote class=\"wp-block-quote is-layout-flow wp-block-quote-is-layout-flow\">\n<p>Sorry for Heikkila &#8211; we wanted to try and overcome those 2.8 seconds. But we&#8217;re happy, very happy<\/p>\n<cite>Powiedzia Paddon<\/cite><\/blockquote>\n\n\n\n<figure class=\"wp-block-image size-large\"><img fetchpriority=\"high\" decoding=\"async\" width=\"1024\" height=\"683\" src=\"https:\/\/www.worldrally.eu\/wp-content\/uploads\/2023\/03\/P3-1024x683.jpg\" alt=\"\" class=\"wp-image-758\" srcset=\"https:\/\/www.worldrally.eu\/wp-content\/uploads\/2023\/03\/P3-1024x683.jpg 1024w, https:\/\/www.worldrally.eu\/wp-content\/uploads\/2023\/03\/P3-300x200.jpg 300w, https:\/\/www.worldrally.eu\/wp-content\/uploads\/2023\/03\/P3-768x512.jpg 768w, https:\/\/www.worldrally.eu\/wp-content\/uploads\/2023\/03\/P3-1536x1024.jpg 1536w, https:\/\/www.worldrally.eu\/wp-content\/uploads\/2023\/03\/P3-446x297.jpg 446w, https:\/\/www.worldrally.eu\/wp-content\/uploads\/2023\/03\/P3.jpg 2048w\" sizes=\"(max-width: 1024px) 100vw, 1024px\" \/><figcaption class=\"wp-element-caption\">Foto- Paddon FB<\/figcaption><\/figure>\n\n\n\n<p>Opr\u00f3cz swojego pierwszego zwyci\u0119stwa w ERC, gwiazda i20 N Rally2 zostaje pierwszym kierowc\u0105 w historii, kt\u00f3ry wygra\u0142 rajd ERC za kierownic\u0105 Hyundaia.<\/p>\n\n\n\n<p>\u00d8stberg ostanie odcinki specjalne jecha\u0142 zachowawczo, a sam Power Stage przejecha\u0142 do\u015b\u0107 ostro\u017cnie uzyskuj\u0105c piaty czas.<\/p>\n\n\n\n<blockquote class=\"wp-block-quote is-layout-flow wp-block-quote-is-layout-flow\">\n<p>Tak, robi\u0119 co mog\u0119, pr\u00f3bowali\u015bmy dokona\u0107 pewnych zmian w samochodzie. Musimy po prostu i\u015b\u0107 dalej, wiem, \u017ce kolejny etap jest dla nas trudny, ale ostatni by\u0142 dobry.<br>Nic wi\u0119cej nie mog\u0119 zrobi\u0107, wi\u0119c na koniec nie mog\u0119 by\u0107 rozczarowany, poniewa\u017c nie odpuszcza\u0142em ani chwili. Robi\u0119 co w mojej mocy, ale nie jest idealnie.<\/p>\n<cite>Powiedzia\u0142 Norweg<\/cite><\/blockquote>\n\n\n\n<p>Wspania\u0142y wynik uzyska\u0142a nasz Polska za\u0142oga Mikko Marczyk &#8211; Szymon Gospodarczyk jad\u0105ca autem Skoda Fabia RS Rally2 ostatecznie zdobywaj\u0105c bardzo dobre czwarte miejsce w klasyfikacji generalnej.<\/p>\n\n\n\n<p>Polak uko\u0144czy\u0142 szutrow\u0105 imprez\u0119 45,9 sekundy za Linnam\u00e4e, ale prawie minut\u0119 przed niez\u0142omnym Citro\u00ebnem, Yoannem Bonato.<\/p>\n\n\n\n<blockquote class=\"wp-block-quote is-layout-flow wp-block-quote-is-layout-flow\">\n<p>Ciesz\u0119 si\u0119, \u017ce zaczynamy sezon wcze\u015bniej, na pewno zwalniam w trudniejszych warunkach, dzisiaj mo\u017ce nie by\u0142em wystarczaj\u0105co pewny siebie, ale to dobry pocz\u0105tek nowego auta.<\/p>\n<cite>Powiedzia\u0142 Marczyk<\/cite><\/blockquote>\n\n\n\n<figure class=\"wp-block-image size-large\"><img decoding=\"async\" width=\"1024\" height=\"682\" src=\"https:\/\/www.worldrally.eu\/wp-content\/uploads\/2023\/03\/M4-1024x682.jpg\" alt=\"\" class=\"wp-image-759\" srcset=\"https:\/\/www.worldrally.eu\/wp-content\/uploads\/2023\/03\/M4-1024x682.jpg 1024w, https:\/\/www.worldrally.eu\/wp-content\/uploads\/2023\/03\/M4-300x200.jpg 300w, https:\/\/www.worldrally.eu\/wp-content\/uploads\/2023\/03\/M4-768x512.jpg 768w, https:\/\/www.worldrally.eu\/wp-content\/uploads\/2023\/03\/M4-1536x1023.jpg 1536w, https:\/\/www.worldrally.eu\/wp-content\/uploads\/2023\/03\/M4-446x297.jpg 446w, https:\/\/www.worldrally.eu\/wp-content\/uploads\/2023\/03\/M4.jpg 2048w\" sizes=\"(max-width: 1024px) 100vw, 1024px\" \/><figcaption class=\"wp-element-caption\">Foto &#8211; Marczyk FB<\/figcaption><\/figure>\n\n\n\n<p>Nie walcz\u0105c o zwyci\u0119stwo po uszkodzonej oponie w sobot\u0119, Craig Breen pokona\u0142 problem ze wspomaganiem kierownicy na OS10, zdobywaj\u0105c zwyci\u0119stwo a\u017c w czterech z o\u015bmiu odcink\u00f3w specjalnych w niedziel\u0119. <\/p>\n\n\n\n<figure class=\"wp-block-image size-large\"><img decoding=\"async\" width=\"1024\" height=\"683\" src=\"https:\/\/www.worldrally.eu\/wp-content\/uploads\/2023\/03\/B2-1024x683.jpg\" alt=\"\" class=\"wp-image-760\" srcset=\"https:\/\/www.worldrally.eu\/wp-content\/uploads\/2023\/03\/B2-1024x683.jpg 1024w, https:\/\/www.worldrally.eu\/wp-content\/uploads\/2023\/03\/B2-300x200.jpg 300w, https:\/\/www.worldrally.eu\/wp-content\/uploads\/2023\/03\/B2-768x512.jpg 768w, https:\/\/www.worldrally.eu\/wp-content\/uploads\/2023\/03\/B2-446x297.jpg 446w, https:\/\/www.worldrally.eu\/wp-content\/uploads\/2023\/03\/B2.jpg 1440w\" sizes=\"(max-width: 1024px) 100vw, 1024px\" \/><figcaption class=\"wp-element-caption\">Foto &#8211; Breen FB<\/figcaption><\/figure>\n\n\n\n<p>Broni\u0105cy tytu\u0142u Efr\u00e9n Llarena nie by\u0142 w stanie otrz\u0105sn\u0105\u0107 si\u0119 po pi\u0105tkowym b\u0142\u0119dzie i ci\u0119\u017cko mu by\u0142o w\u0142\u0105czy\u0107 si\u0119 do walki o podium . Hiszpan zosta\u0142 wyprzedzony przez Breena na Power Stage i zako\u0144czy\u0142 rajd na si\u00f3dmej pozycji w klasyfikacji generalnej.<\/p>\n\n\n\n<blockquote class=\"wp-block-quote is-layout-flow wp-block-quote-is-layout-flow\">\n<p>Nie chodzi\u0142o tylko o pozycj\u0119 na drodze, poniewa\u017c tracili\u015bmy dzisiaj czas na wolnych zakr\u0119tach, nie mieli\u015bmy przyczepno\u015bci i dla mnie to katastrofa. Naciska\u0142em jak cholera, ale stracili\u015bmy du\u017co czasu.<\/p>\n<cite>Powiedzia\u0142 na mecie LIerena<\/cite><\/blockquote>\n\n\n\n<p>Tom Kristensson otwiera\u0142 drog\u0119 przez wi\u0119ksz\u0105 cz\u0119\u015b\u0107 dnia podczas swojego pierwszego przejazdu Citro\u00ebnem C3 Rally2. Mistrz Polski miewa\u0142 lepsze i gorsze przejazdy ostatecznie uda\u0142o mu sie wskoczy\u0107 do pierwszej dziesi\u0105tki i zajmuj\u0105c przyzwoite dziewi\u0105te miejsce. Przeskoczy\u0142 duet Fabia, Miklosa Csom\u00f3sa i Simone Tempestini na Power Stage, z kt\u00f3rych ten ostatni doturla\u0142 si\u0119 do mety z uszkodzonym przednim prawym ko\u0142em po uderzeniu w nasyp.<\/p>\n\n\n\n<figure class=\"wp-block-image size-large\"><img loading=\"lazy\" decoding=\"async\" width=\"1024\" height=\"683\" src=\"https:\/\/www.worldrally.eu\/wp-content\/uploads\/2023\/03\/T3-1024x683.jpg\" alt=\"\" class=\"wp-image-761\" srcset=\"https:\/\/www.worldrally.eu\/wp-content\/uploads\/2023\/03\/T3-1024x683.jpg 1024w, https:\/\/www.worldrally.eu\/wp-content\/uploads\/2023\/03\/T3-300x200.jpg 300w, https:\/\/www.worldrally.eu\/wp-content\/uploads\/2023\/03\/T3-768x512.jpg 768w, https:\/\/www.worldrally.eu\/wp-content\/uploads\/2023\/03\/T3-1536x1024.jpg 1536w, https:\/\/www.worldrally.eu\/wp-content\/uploads\/2023\/03\/T3-446x297.jpg 446w, https:\/\/www.worldrally.eu\/wp-content\/uploads\/2023\/03\/T3.jpg 2048w\" sizes=\"(max-width: 1024px) 100vw, 1024px\" \/><figcaption class=\"wp-element-caption\">Foto- Kristensson Motorsport<\/figcaption><\/figure>\n\n\n\n<figure class=\"wp-block-table\"><table><tbody><tr><td>1.<br>+1<\/td><td><img decoding=\"async\" src=\"https:\/\/www.ewrc-results.com\/images\/flags2\/newzealand.png\" alt=\"flag\"><br>#2<\/td><td><img decoding=\"async\" src=\"https:\/\/www.ewrc-results.com\/images\/icon\/hyundai2.png\" alt=\"logo\"> <a href=\"https:\/\/www.ewrc-results.com\/entryinfo\/79047-rally-serras-de-fafe-felgueiras-boticas-vieira-do-minho-e-cabeceiras-de-basto-2023\/3653836\/\">Paddon Hayden &#8211; Kennard John<\/a><br>Hyundai i20 N Rally2 <img decoding=\"async\" src=\"https:\/\/www.ewrc-results.com\/images\/tyres\/pirelli_red.png\" alt=\"tyre\"><\/td><td>RC2<\/td><td>1:42:21.3<br><\/td><td><\/td><td>85.5<\/td><\/tr><tr><td>2.<br>+1<\/td><td><img decoding=\"async\" src=\"https:\/\/www.ewrc-results.com\/images\/flags2\/norway.png\" alt=\"flag\"><br>#5<\/td><td><img decoding=\"async\" src=\"https:\/\/www.ewrc-results.com\/images\/icon\/citroen2009.png\" alt=\"logo\"> <a href=\"https:\/\/www.ewrc-results.com\/entryinfo\/79047-rally-serras-de-fafe-felgueiras-boticas-vieira-do-minho-e-cabeceiras-de-basto-2023\/3653461\/\">\u00d8stberg Mads &#8211; Barth Patrik<\/a><br>Citro\u00ebn C3 Rally2 <img decoding=\"async\" src=\"https:\/\/www.ewrc-results.com\/images\/tyres\/mrf3.png\" alt=\"tyre\"><\/td><td>RC2<\/td><td>1:42:32.1<br><\/td><td>+10.8<br>+10.8<\/td><td>85.4<br>0.07<\/td><\/tr><tr><td>3.<br>+1<\/td><td><img decoding=\"async\" src=\"https:\/\/www.ewrc-results.com\/images\/flags2\/estonia.png\" alt=\"flag\"><br>#24<\/td><td><img decoding=\"async\" src=\"https:\/\/www.ewrc-results.com\/images\/icon\/hyundai2.png\" alt=\"logo\"> <a href=\"https:\/\/www.ewrc-results.com\/entryinfo\/79047-rally-serras-de-fafe-felgueiras-boticas-vieira-do-minho-e-cabeceiras-de-basto-2023\/3641430\/\">Linnam\u00e4e Georg &#8211; Morgan James<\/a><br>Hyundai i20 N Rally2 <img decoding=\"async\" src=\"https:\/\/www.ewrc-results.com\/images\/tyres\/michelin_red.png\" alt=\"tyre\"><\/td><td>RC2<\/td><td>1:42:48.8<br><\/td><td>+27.5<br>+16.7<\/td><td>85.2<br>0.19<\/td><\/tr><tr><td>4.<br>+1<\/td><td><img decoding=\"async\" src=\"https:\/\/www.ewrc-results.com\/images\/flags2\/poland.png\" alt=\"flag\"><br>#29<\/td><td><img decoding=\"async\" src=\"https:\/\/www.ewrc-results.com\/images\/icon\/skoda2023b.png\" alt=\"logo\"> <a href=\"https:\/\/www.ewrc-results.com\/entryinfo\/79047-rally-serras-de-fafe-felgueiras-boticas-vieira-do-minho-e-cabeceiras-de-basto-2023\/3653527\/\">Marczyk Miko\u0142aj &#8211; Gospodarczyk S.<\/a><br>\u0160koda Fabia RS Rally2 <img decoding=\"async\" src=\"https:\/\/www.ewrc-results.com\/images\/tyres\/michelin_red.png\" alt=\"tyre\"><\/td><td>RC2<\/td><td>1:43:34.7<br><\/td><td>+1:13.4<br>+45.9<\/td><td>84.5<br>0.50<\/td><\/tr><tr><td>5.<br>+1<\/td><td><img decoding=\"async\" src=\"https:\/\/www.ewrc-results.com\/images\/flags2\/france.png\" alt=\"flag\"><br>#7<\/td><td><img decoding=\"async\" src=\"https:\/\/www.ewrc-results.com\/images\/icon\/citroen2009.png\" alt=\"logo\"> <a href=\"https:\/\/www.ewrc-results.com\/entryinfo\/79047-rally-serras-de-fafe-felgueiras-boticas-vieira-do-minho-e-cabeceiras-de-basto-2023\/3632733\/\">Bonato Yoann &#8211; Boulloud Benjamin<\/a><br>Citro\u00ebn C3 Rally2 <img decoding=\"async\" src=\"https:\/\/www.ewrc-results.com\/images\/tyres\/michelin_red.png\" alt=\"tyre\"><\/td><td>RC2<\/td><td>1:44:33.1<br><\/td><td>+2:11.8<br>+58.4<\/td><td>83.7<br>0.90<\/td><\/tr><tr><td>6.<br>+2<\/td><td><img decoding=\"async\" src=\"https:\/\/www.ewrc-results.com\/images\/flags2\/ireland.png\" alt=\"flag\"><br>#3<\/td><td><img decoding=\"async\" src=\"https:\/\/www.ewrc-results.com\/images\/icon\/hyundai2.png\" alt=\"logo\"> <a href=\"https:\/\/www.ewrc-results.com\/entryinfo\/79047-rally-serras-de-fafe-felgueiras-boticas-vieira-do-minho-e-cabeceiras-de-basto-2023\/3621724\/\">Breen Craig &#8211; Fulton James<\/a><br>Hyundai i20 N Rally2 <img decoding=\"async\" src=\"https:\/\/www.ewrc-results.com\/images\/tyres\/pirelli_red.png\" alt=\"tyre\"><\/td><td>RC2<\/td><td>1:44:41.0<br><\/td><td>+2:19.7<br>+7.9<\/td><td>83.6<br>0.96<\/td><\/tr><tr><td>7.<\/td><td><img decoding=\"async\" src=\"https:\/\/www.ewrc-results.com\/images\/flags2\/spain.png\" alt=\"flag\"><br>#1<\/td><td><img decoding=\"async\" src=\"https:\/\/www.ewrc-results.com\/images\/icon\/skoda2023b.png\" alt=\"logo\"> <a href=\"https:\/\/www.ewrc-results.com\/entryinfo\/79047-rally-serras-de-fafe-felgueiras-boticas-vieira-do-minho-e-cabeceiras-de-basto-2023\/3642117\/\">Llarena Efr\u00e9n &#8211; Fern\u00e1ndez Sara<\/a><br>\u0160koda Fabia RS Rally2 <img decoding=\"async\" src=\"https:\/\/www.ewrc-results.com\/images\/tyres\/mrf3.png\" alt=\"tyre\"><\/td><td>RC2<\/td><td>1:44:43.2<br><\/td><td>+2:21.9<br>+2.2<\/td><td>83.6<br>0.97<\/td><\/tr><tr><td>8.<br>\u22127<\/td><td><img decoding=\"async\" src=\"https:\/\/www.ewrc-results.com\/images\/flags2\/finland.png\" alt=\"flag\"><br>#38<\/td><td><img decoding=\"async\" src=\"https:\/\/www.ewrc-results.com\/images\/icon\/skoda.png\" alt=\"logo\"> <a href=\"https:\/\/www.ewrc-results.com\/entryinfo\/79047-rally-serras-de-fafe-felgueiras-boticas-vieira-do-minho-e-cabeceiras-de-basto-2023\/3625609\/\">Heikkil\u00e4 Mikko &#8211; Vaaleri Samu<\/a><br>\u0160koda Fabia Rally2 evo <img decoding=\"async\" src=\"https:\/\/www.ewrc-results.com\/images\/tyres\/michelin_red.png\" alt=\"tyre\"><\/td><td>RC2<\/td><td>1:45:02.7<br><\/td><td>+2:41.4<br>+19.5<\/td><td>83.4<br>1.11<\/td><\/tr><tr><td>9.<br>+2<\/td><td><img decoding=\"async\" src=\"https:\/\/www.ewrc-results.com\/images\/flags2\/sweden.png\" alt=\"flag\"><br>#4<\/td><td><img decoding=\"async\" src=\"https:\/\/www.ewrc-results.com\/images\/icon\/citroen2009.png\" alt=\"logo\"> <a href=\"https:\/\/www.ewrc-results.com\/entryinfo\/79047-rally-serras-de-fafe-felgueiras-boticas-vieira-do-minho-e-cabeceiras-de-basto-2023\/3636555\/\">Kristensson Tom &#8211; Johansson Andreas<\/a><br>Citro\u00ebn C3 Rally2 <img decoding=\"async\" src=\"https:\/\/www.ewrc-results.com\/images\/tyres\/pirelli_red.png\" alt=\"tyre\"><\/td><td>RC2<\/td><td>1:45:04.9<br><\/td><td>+2:43.6<br>+2.2<\/td><td>83.3<br>1.12<\/td><\/tr><tr><td>10.<br>\u22121<\/td><td><img decoding=\"async\" src=\"https:\/\/www.ewrc-results.com\/images\/flags2\/hungary.png\" alt=\"flag\"><br>#31<\/td><td><img decoding=\"async\" src=\"https:\/\/www.ewrc-results.com\/images\/icon\/skoda.png\" alt=\"logo\"> <a href=\"https:\/\/www.ewrc-results.com\/entryinfo\/79047-rally-serras-de-fafe-felgueiras-boticas-vieira-do-minho-e-cabeceiras-de-basto-2023\/3644077\/\">Csom\u00f3s Mikl\u00f3s &#8211; Nagy Attila<\/a><br>\u0160koda Fabia Rally2 evo <img decoding=\"async\" src=\"https:\/\/www.ewrc-results.com\/images\/tyres\/pirelli_red.png\" alt=\"tyre\"><\/td><td>RC2<\/td><td>1:45:10.8<br><\/td><td>+2:49.5<br>+5.9<\/td><td>83.2<br>1.16<\/td><\/tr><tr><td>11.<br>\u22121<\/td><td><img decoding=\"async\" src=\"https:\/\/www.ewrc-results.com\/images\/flags2\/romania.png\" alt=\"flag\"><br>#8<\/td><td><img decoding=\"async\" src=\"https:\/\/www.ewrc-results.com\/images\/icon\/skoda.png\" alt=\"logo\"> <a href=\"https:\/\/www.ewrc-results.com\/entryinfo\/79047-rally-serras-de-fafe-felgueiras-boticas-vieira-do-minho-e-cabeceiras-de-basto-2023\/3653840\/\">Tempestini Simone &#8211; Itu Sergiu<\/a><br>\u0160koda Fabia Rally2 evo <img decoding=\"async\" src=\"https:\/\/www.ewrc-results.com\/images\/tyres\/pirelli_red.png\" alt=\"tyre\"><\/td><td>RC2<\/td><td>1:45:19.8<br><\/td><td>+2:58.5<br>+9.0<\/td><td>83.1<br>1.22<\/td><\/tr><tr><td>12.<\/td><td><img decoding=\"async\" src=\"https:\/\/www.ewrc-results.com\/images\/flags2\/latvia.png\" alt=\"flag\"><br>#15<\/td><td><img decoding=\"async\" src=\"https:\/\/www.ewrc-results.com\/images\/icon\/skoda2023b.png\" alt=\"logo\"> <a href=\"https:\/\/www.ewrc-results.com\/entryinfo\/79047-rally-serras-de-fafe-felgueiras-boticas-vieira-do-minho-e-cabeceiras-de-basto-2023\/3649028\/\">Sesks M\u0101rti\u0146\u0161 &#8211; Francis Ren\u0101rs<\/a><br>\u0160koda Fabia RS Rally2 <img decoding=\"async\" src=\"https:\/\/www.ewrc-results.com\/images\/tyres\/mrf3.png\" alt=\"tyre\"><\/td><td>RC2<\/td><td>1:45:39.6<br><\/td><td>+3:18.3<br>+19.8<\/td><td>82.9<br>1.36<\/td><\/tr><tr><td>13.<\/td><td><img decoding=\"async\" src=\"https:\/\/www.ewrc-results.com\/images\/flags2\/sweden.png\" alt=\"flag\"><br>#33<\/td><td><img decoding=\"async\" src=\"https:\/\/www.ewrc-results.com\/images\/icon\/ford.png\" alt=\"logo\"> <a href=\"https:\/\/www.ewrc-results.com\/entryinfo\/79047-rally-serras-de-fafe-felgueiras-boticas-vieira-do-minho-e-cabeceiras-de-basto-2023\/3634626\/\">Tidemand Pontus &#8211; Thulin Julia<\/a><br>Ford Fiesta Rally2 <img decoding=\"async\" src=\"https:\/\/www.ewrc-results.com\/images\/tyres\/mrf3.png\" alt=\"tyre\"><\/td><td>RC2<\/td><td>1:45:53.5<br><\/td><td>+3:32.2<br>+13.9<\/td><td>82.7<br>1.45<\/td><\/tr><tr><td>14.<br>+1<\/td><td><img decoding=\"async\" src=\"https:\/\/www.ewrc-results.com\/images\/flags2\/france.png\" alt=\"flag\"><br>#19<\/td><td><img decoding=\"async\" src=\"https:\/\/www.ewrc-results.com\/images\/icon\/skoda.png\" alt=\"logo\"> <a href=\"https:\/\/www.ewrc-results.com\/entryinfo\/79047-rally-serras-de-fafe-felgueiras-boticas-vieira-do-minho-e-cabeceiras-de-basto-2023\/3632721\/\">Franceschi M. &#8211; Escartefigue J.<\/a><br>\u0160koda Fabia Rally2 evo <img decoding=\"async\" src=\"https:\/\/www.ewrc-results.com\/images\/tyres\/michelin_red.png\" alt=\"tyre\"><\/td><td>RC2<\/td><td>1:46:06.4<br><\/td><td>+3:45.1<br>+12.9<\/td><td>82.5<br>1.54<\/td><\/tr><tr><td>15.<br>\u22121<\/td><td><img decoding=\"async\" src=\"https:\/\/www.ewrc-results.com\/images\/flags2\/portugal.png\" alt=\"flag\"><br>#27<\/td><td><img decoding=\"async\" src=\"https:\/\/www.ewrc-results.com\/images\/icon\/skoda.png\" alt=\"logo\"> <a href=\"https:\/\/www.ewrc-results.com\/entryinfo\/79047-rally-serras-de-fafe-felgueiras-boticas-vieira-do-minho-e-cabeceiras-de-basto-2023\/3644074\/\">Correia Miguel &#8211; Carvalho J.<\/a><br>\u0160koda Fabia Rally2 evo <img decoding=\"async\" src=\"https:\/\/www.ewrc-results.com\/images\/tyres\/michelin_red.png\" alt=\"tyre\"><\/td><td>RC2<\/td><td>1:46:16.5<br><\/td><td>+3:55.2<br>+10.1<\/td><td>82.4<br>1.61<\/td><\/tr><tr><td>16.<br>+2<\/td><td><img decoding=\"async\" src=\"https:\/\/www.ewrc-results.com\/images\/flags2\/estonia.png\" alt=\"flag\"><br>#25<\/td><td><img decoding=\"async\" src=\"https:\/\/www.ewrc-results.com\/images\/icon\/ford.png\" alt=\"logo\"> <a href=\"https:\/\/www.ewrc-results.com\/entryinfo\/79047-rally-serras-de-fafe-felgueiras-boticas-vieira-do-minho-e-cabeceiras-de-basto-2023\/3643617\/\">Virves Robert &#8211; Magalh\u00e3es Hugo<\/a><br>Ford Fiesta Rally2 <img decoding=\"async\" src=\"https:\/\/www.ewrc-results.com\/images\/tyres\/pirelli_red.png\" alt=\"tyre\"><\/td><td>RC2<\/td><td>1:46:33.9<br><\/td><td>+4:12.6<br>+17.4<\/td><td>82.2<br>1.73<\/td><\/tr><tr><td>17.<br>\u22121<\/td><td><img decoding=\"async\" src=\"https:\/\/www.ewrc-results.com\/images\/flags2\/austria2.png\" alt=\"flag\"><br>#11<\/td><td><img decoding=\"async\" src=\"https:\/\/www.ewrc-results.com\/images\/icon\/skoda2023b.png\" alt=\"logo\"> <a href=\"https:\/\/www.ewrc-results.com\/entryinfo\/79047-rally-serras-de-fafe-felgueiras-boticas-vieira-do-minho-e-cabeceiras-de-basto-2023\/3650479\/\">Wagner Simon &#8211; Winter Gerald<\/a><br>\u0160koda Fabia RS Rally2 <img decoding=\"async\" src=\"https:\/\/www.ewrc-results.com\/images\/tyres\/michelin_red.png\" alt=\"tyre\"><\/td><td>RC2<\/td><td>1:46:34.8<br><\/td><td>+4:13.5<br>+0.9<\/td><td>82.2<br>1.74<\/td><\/tr><tr><td>18.<br>\u22121<\/td><td><img decoding=\"async\" src=\"https:\/\/www.ewrc-results.com\/images\/flags2\/france.png\" alt=\"flag\"><br>#45<\/td><td><img decoding=\"async\" src=\"https:\/\/www.ewrc-results.com\/images\/icon\/skoda.png\" alt=\"logo\"> <a href=\"https:\/\/www.ewrc-results.com\/entryinfo\/79047-rally-serras-de-fafe-felgueiras-boticas-vieira-do-minho-e-cabeceiras-de-basto-2023\/3653848\/\">Margaillan Matthieu &#8211; Margaillan M.<\/a><br>\u0160koda Fabia Rally2 evo <img decoding=\"async\" src=\"https:\/\/www.ewrc-results.com\/images\/tyres\/michelin_red.png\" alt=\"tyre\"><\/td><td>RC2<\/td><td>1:46:51.4<br>0:10<\/td><td>+4:30.1<br>+16.6<\/td><td>82.1<br>1.85<\/td><\/tr><tr><td>19.<\/td><td><img decoding=\"async\" src=\"https:\/\/www.ewrc-results.com\/images\/flags2\/ireland.png\" alt=\"flag\"><br>#18<\/td><td><img decoding=\"async\" src=\"https:\/\/www.ewrc-results.com\/images\/icon\/hyundai2.png\" alt=\"logo\"> <a href=\"https:\/\/www.ewrc-results.com\/entryinfo\/79047-rally-serras-de-fafe-felgueiras-boticas-vieira-do-minho-e-cabeceiras-de-basto-2023\/3653680\/\">McErlean Josh &#8211; Hoy Brian<\/a><br>Hyundai i20 N Rally2 <img decoding=\"async\" src=\"https:\/\/www.ewrc-results.com\/images\/tyres\/pirelli_red.png\" alt=\"tyre\"><\/td><td>RC2<\/td><td>1:47:41.6<br><\/td><td>+5:20.3<br>+50.2<\/td><td>81.3<br>2.19<\/td><\/tr><tr><td>20.<\/td><td><img decoding=\"async\" src=\"https:\/\/www.ewrc-results.com\/images\/flags2\/uk.png\" alt=\"flag\"><br>#40<\/td><td><img decoding=\"async\" src=\"https:\/\/www.ewrc-results.com\/images\/icon\/ford.png\" alt=\"logo\"> <a href=\"https:\/\/www.ewrc-results.com\/entryinfo\/79047-rally-serras-de-fafe-felgueiras-boticas-vieira-do-minho-e-cabeceiras-de-basto-2023\/3653558\/\">Armstrong Jon &#8211; Browne Andrew<\/a><br>Ford Fiesta Rally3 <img decoding=\"async\" src=\"https:\/\/www.ewrc-results.com\/images\/tyres\/pirelli_red.png\" alt=\"tyre\"><\/td><td>RC3<\/td><td>1:47:53.5<br><\/td><td>+5:32.2<br>+11.9<\/td><td>81.2<br>2.28<\/td><\/tr><\/tbody><\/table><\/figure>\n","protected":false},"excerpt":{"rendered":"<p>Heyden Paddon po dramatycznym ostatnim odcinku specjalnym zwyci\u0119\u017ca rund\u0119 otwarcia w Rajdowych Mistrzostwach Europy w rajdzie Serras de Fafe. To by\u0142a fantastyczna niedzielna walka pomi\u0119dzy Paddonem, Mikko Heikkil\u00e4 i \u00d8stbergiem, gdzie do samego koca nie by\u0142o wiadomo kto zdob\u0119dzie najwy\u017cszy stopie\u0144 podium, jednak\u017ce przed ostatnim odcinkiem specjalnym Fin prowadzi\u0142 tylko o 2,8 sekundy przed Nowo [&hellip;]<\/p>\n","protected":false},"author":1,"featured_media":756,"comment_status":"closed","ping_status":"closed","sticky":false,"template":"","format":"standard","meta":{"footnotes":""},"categories":[4],"tags":[],"class_list":["post-754","post","type-post","status-publish","format-standard","has-post-thumbnail","hentry","category-erc"],"aioseo_notices":[],"cc_featured_image_caption":{"caption_text":"Foto- Paddon FB","source_text":"","source_url":""},"_links":{"self":[{"href":"https:\/\/www.worldrally.eu\/index.php\/wp-json\/wp\/v2\/posts\/754","targetHints":{"allow":["GET"]}}],"collection":[{"href":"https:\/\/www.worldrally.eu\/index.php\/wp-json\/wp\/v2\/posts"}],"about":[{"href":"https:\/\/www.worldrally.eu\/index.php\/wp-json\/wp\/v2\/types\/post"}],"author":[{"embeddable":true,"href":"https:\/\/www.worldrally.eu\/index.php\/wp-json\/wp\/v2\/users\/1"}],"replies":[{"embeddable":true,"href":"https:\/\/www.worldrally.eu\/index.php\/wp-json\/wp\/v2\/comments?post=754"}],"version-history":[{"count":1,"href":"https:\/\/www.worldrally.eu\/index.php\/wp-json\/wp\/v2\/posts\/754\/revisions"}],"predecessor-version":[{"id":762,"href":"https:\/\/www.worldrally.eu\/index.php\/wp-json\/wp\/v2\/posts\/754\/revisions\/762"}],"wp:featuredmedia":[{"embeddable":true,"href":"https:\/\/www.worldrally.eu\/index.php\/wp-json\/wp\/v2\/media\/756"}],"wp:attachment":[{"href":"https:\/\/www.worldrally.eu\/index.php\/wp-json\/wp\/v2\/media?parent=754"}],"wp:term":[{"taxonomy":"category","embeddable":true,"href":"https:\/\/www.worldrally.eu\/index.php\/wp-json\/wp\/v2\/categories?post=754"},{"taxonomy":"post_tag","embeddable":true,"href":"https:\/\/www.worldrally.eu\/index.php\/wp-json\/wp\/v2\/tags?post=754"}],"curies":[{"name":"wp","href":"https:\/\/api.w.org\/{rel}","templated":true}]}}