{"id":75,"date":"2023-02-02T19:23:56","date_gmt":"2023-02-02T19:23:56","guid":{"rendered":"https:\/\/www.worldrally.eu\/?p=75"},"modified":"2023-02-05T21:47:15","modified_gmt":"2023-02-05T21:47:15","slug":"bertelli-sprawdzam-mozliwosci","status":"publish","type":"post","link":"https:\/\/www.worldrally.eu\/index.php\/2023\/02\/02\/bertelli-sprawdzam-mozliwosci\/","title":{"rendered":"Bertelli- sprawdzam mo\u017cliwo\u015bci"},"content":{"rendered":"\n<p class=\"wp-block-paragraph\">W\u0142oski kierowca wykorzysta\u0142 szybko sytuacje i podpisa\u0142 umow\u0119 o wynaj\u0119cie auta po tym jak Esapekki Lappi opu\u015bci\u0142 szeregi Toyoty na rzecz pe\u0142noetatowego kierowcy w Hyundaiu.<\/p>\n\n\n\n<p class=\"wp-block-paragraph\">Bertelli zasi\u0105dzie za kierownic\u0105 czwartej Toyoty podczas rajdu \u015bnie\u017cnego w dniach 9-12 lutego, kt\u00f3ry odb\u0119dzie si\u0119 w p\u00f3\u0142nocnej Szwecji. <\/p>\n\n\n\n<figure class=\"wp-block-image size-large\"><img fetchpriority=\"high\" decoding=\"async\" width=\"1024\" height=\"576\" src=\"https:\/\/www.worldrally.eu\/wp-content\/uploads\/2023\/02\/B2-1024x576.jpg\" alt=\"\" class=\"wp-image-76\" srcset=\"https:\/\/www.worldrally.eu\/wp-content\/uploads\/2023\/02\/B2-1024x576.jpg 1024w, https:\/\/www.worldrally.eu\/wp-content\/uploads\/2023\/02\/B2-300x169.jpg 300w, https:\/\/www.worldrally.eu\/wp-content\/uploads\/2023\/02\/B2-768x432.jpg 768w, https:\/\/www.worldrally.eu\/wp-content\/uploads\/2023\/02\/B2-1280x720.jpg 1280w, https:\/\/www.worldrally.eu\/wp-content\/uploads\/2023\/02\/B2.jpg 1400w\" sizes=\"(max-width: 1024px) 100vw, 1024px\" \/><figcaption class=\"wp-element-caption\"><strong>WRC.com<\/strong><\/figcaption><\/figure>\n\n\n\n<p class=\"wp-block-paragraph\"><em>\u201eZ pewno\u015bci\u0105 spodziewa\u0142em si\u0119 szybkiego samochodu<\/em>\u201d, powiedzia\u0142 Bertelli, <em>\u201eponiewa\u017c oczywi\u015bcie jest to samoch\u00f3d, kt\u00f3ry zdoby\u0142 mistrzostwo \u015bwiata. Spodziewa\u0142em si\u0119, \u017ce mo\u017ce nie b\u0119dzie tak \u0142atwy w prowadzeniu jak Ford, poniewa\u017c Ford jest og\u00f3lnie bardzo znany z tego, \u017ce jest do\u015b\u0107 \u0142atwy w prowadzeniu.<\/em><\/p>\n\n\n\n<p class=\"wp-block-paragraph\"><em>\u201eBy\u0142em pozytywnie zaskoczony, poniewa\u017c w rzeczywisto\u015bci [Yaris] by\u0142 bardzo zwinny i wcale nie nerwowy, a tak\u017ce bardzo \u0142atwy w prowadzeniu. Z\u0142o\u017cenie wszystkich tych element\u00f3w w samochodzie rajdowym nie jest takie \u0142atwe, wi\u0119c jestem pod wra\u017ceniem tego, jak szybko poczu\u0142em si\u0119 komfortowo w samochodzie\u201d.<\/em><\/p>\n\n\n\n<p class=\"wp-block-paragraph\">W zesz\u0142ym roku Bertelli, kt\u00f3ry pracuje w bran\u017cy modowej, osi\u0105gn\u0105\u0142 sw\u00f3j najlepszy w historii wynik WRC, zajmuj\u0105c si\u00f3dme miejsce w Nowej Zelandii, podczas swojego jedynego wyst\u0119pu w 2022 roku po tym, jak plany startu w Rajdzie Szwecji zosta\u0142y odwo\u0142ane z powodu starcia z Tygodniem Mody w Mediolanie.<\/p>\n\n\n\n<p class=\"has-medium-font-size wp-block-paragraph\">Sam kierowca podkre\u015bla, \u017ce ju\u017c teraz sprawdza jakie mog\u0105 by\u0107 mo\u017cliwo\u015bci aby wystartowa\u0107 ponownie w tym sezonie, jednak\u017ce nic do ko\u0144ca i nie jest pewne i wszystko mo\u017ce si\u0119 okaza\u0107 bardziej jasne do uko\u0144czeniu Rajdu Szwecji<\/p>\n","protected":false},"excerpt":{"rendered":"<p>W\u0142oski kierowca wykorzysta\u0142 szybko sytuacje i podpisa\u0142 umow\u0119 o wynaj\u0119cie auta po tym jak Esapekki Lappi opu\u015bci\u0142 szeregi Toyoty na rzecz pe\u0142noetatowego kierowcy w Hyundaiu. Bertelli zasi\u0105dzie za kierownic\u0105 czwartej Toyoty podczas rajdu \u015bnie\u017cnego w dniach 9-12 lutego, kt\u00f3ry odb\u0119dzie si\u0119 w p\u00f3\u0142nocnej Szwecji. \u201eZ pewno\u015bci\u0105 spodziewa\u0142em si\u0119 szybkiego samochodu\u201d, powiedzia\u0142 Bertelli, \u201eponiewa\u017c oczywi\u015bcie jest [&hellip;]<\/p>\n","protected":false},"author":1,"featured_media":121,"comment_status":"closed","ping_status":"closed","sticky":false,"template":"","format":"standard","meta":{"_monsterinsights_skip_tracking":false,"_monsterinsights_sitenote_active":false,"_monsterinsights_sitenote_note":"","_monsterinsights_sitenote_category":0,"footnotes":""},"categories":[3],"tags":[],"class_list":["post-75","post","type-post","status-publish","format-standard","has-post-thumbnail","hentry","category-wrc"],"aioseo_notices":[],"aioseo_head":"\n\t\t<!-- All in One SEO 4.9.9 - aioseo.com -->\n\t<meta name=\"description\" content=\"W\u0142oski kierowca wykorzysta\u0142 szybko sytuacje i podpisa\u0142 umow\u0119 o wynaj\u0119cie auta po tym jak Esapekki Lappi opu\u015bci\u0142 szeregi Toyoty na rzecz pe\u0142noetatowego kierowcy w Hyundaiu. Bertelli zasi\u0105dzie za kierownic\u0105 czwartej Toyoty podczas rajdu \u015bnie\u017cnego w dniach 9-12 lutego, kt\u00f3ry odb\u0119dzie si\u0119 w p\u00f3\u0142nocnej Szwecji. \u201eZ pewno\u015bci\u0105 spodziewa\u0142em si\u0119 szybkiego samochodu\u201d, powiedzia\u0142 Bertelli, \u201eponiewa\u017c oczywi\u015bcie jest\" \/>\n\t<meta name=\"robots\" content=\"max-image-preview:large\" \/>\n\t<meta name=\"author\" content=\"Junior\"\/>\n\t<link rel=\"canonical\" href=\"https:\/\/www.worldrally.eu\/index.php\/2023\/02\/02\/bertelli-sprawdzam-mozliwosci\/\" \/>\n\t<meta name=\"generator\" content=\"All in One SEO (AIOSEO) 4.9.9\" \/>\n\t\t<meta property=\"og:locale\" content=\"en_GB\" \/>\n\t\t<meta property=\"og:site_name\" content=\"WorldRally.eu \u00bb\" \/>\n\t\t<meta property=\"og:type\" content=\"article\" \/>\n\t\t<meta property=\"og:title\" content=\"Bertelli- sprawdzam mo\u017cliwo\u015bci \u00bb WorldRally.eu\" \/>\n\t\t<meta property=\"og:description\" content=\"W\u0142oski kierowca wykorzysta\u0142 szybko sytuacje i podpisa\u0142 umow\u0119 o wynaj\u0119cie auta po tym jak Esapekki Lappi opu\u015bci\u0142 szeregi Toyoty na rzecz pe\u0142noetatowego kierowcy w Hyundaiu. Bertelli zasi\u0105dzie za kierownic\u0105 czwartej Toyoty podczas rajdu \u015bnie\u017cnego w dniach 9-12 lutego, kt\u00f3ry odb\u0119dzie si\u0119 w p\u00f3\u0142nocnej Szwecji. \u201eZ pewno\u015bci\u0105 spodziewa\u0142em si\u0119 szybkiego samochodu\u201d, powiedzia\u0142 Bertelli, \u201eponiewa\u017c oczywi\u015bcie jest\" \/>\n\t\t<meta property=\"og:url\" content=\"https:\/\/www.worldrally.eu\/index.php\/2023\/02\/02\/bertelli-sprawdzam-mozliwosci\/\" \/>\n\t\t<meta property=\"og:image\" content=\"https:\/\/www.worldrally.eu\/wp-content\/uploads\/2023\/02\/fuckmatie.webp\" \/>\n\t\t<meta property=\"og:image:secure_url\" content=\"https:\/\/www.worldrally.eu\/wp-content\/uploads\/2023\/02\/fuckmatie.webp\" \/>\n\t\t<meta property=\"og:image:width\" content=\"1200\" \/>\n\t\t<meta property=\"og:image:height\" content=\"800\" \/>\n\t\t<meta property=\"article:published_time\" content=\"2023-02-02T19:23:56+00:00\" \/>\n\t\t<meta property=\"article:modified_time\" content=\"2023-02-05T21:47:15+00:00\" \/>\n\t\t<meta name=\"twitter:card\" content=\"summary_large_image\" \/>\n\t\t<meta name=\"twitter:title\" content=\"Bertelli- sprawdzam mo\u017cliwo\u015bci \u00bb WorldRally.eu\" \/>\n\t\t<meta name=\"twitter:description\" content=\"W\u0142oski kierowca wykorzysta\u0142 szybko sytuacje i podpisa\u0142 umow\u0119 o wynaj\u0119cie auta po tym jak Esapekki Lappi opu\u015bci\u0142 szeregi Toyoty na rzecz pe\u0142noetatowego kierowcy w Hyundaiu. Bertelli zasi\u0105dzie za kierownic\u0105 czwartej Toyoty podczas rajdu \u015bnie\u017cnego w dniach 9-12 lutego, kt\u00f3ry odb\u0119dzie si\u0119 w p\u00f3\u0142nocnej Szwecji. \u201eZ pewno\u015bci\u0105 spodziewa\u0142em si\u0119 szybkiego samochodu\u201d, powiedzia\u0142 Bertelli, \u201eponiewa\u017c oczywi\u015bcie jest\" \/>\n\t\t<meta name=\"twitter:image\" content=\"https:\/\/www.worldrally.eu\/wp-content\/uploads\/2023\/02\/fuckmatie.webp\" \/>\n\t\t<script type=\"application\/ld+json\" class=\"aioseo-schema\">\n\t\t\t{\"@context\":\"https:\\\/\\\/schema.org\",\"@graph\":[{\"@type\":\"BlogPosting\",\"@id\":\"https:\\\/\\\/www.worldrally.eu\\\/index.php\\\/2023\\\/02\\\/02\\\/bertelli-sprawdzam-mozliwosci\\\/#blogposting\",\"name\":\"Bertelli- sprawdzam mo\\u017cliwo\\u015bci \\u00bb WorldRally.eu\",\"headline\":\"Bertelli- sprawdzam mo\\u017cliwo\\u015bci\",\"author\":{\"@id\":\"https:\\\/\\\/www.worldrally.eu\\\/index.php\\\/author\\\/admin\\\/#author\"},\"publisher\":{\"@id\":\"https:\\\/\\\/www.worldrally.eu\\\/#organization\"},\"image\":{\"@type\":\"ImageObject\",\"url\":\"https:\\\/\\\/www.worldrally.eu\\\/wp-content\\\/uploads\\\/2023\\\/02\\\/fuckmatie.webp\",\"width\":1200,\"height\":800},\"datePublished\":\"2023-02-02T19:23:56+00:00\",\"dateModified\":\"2023-02-05T21:47:15+00:00\",\"inLanguage\":\"en-GB\",\"mainEntityOfPage\":{\"@id\":\"https:\\\/\\\/www.worldrally.eu\\\/index.php\\\/2023\\\/02\\\/02\\\/bertelli-sprawdzam-mozliwosci\\\/#webpage\"},\"isPartOf\":{\"@id\":\"https:\\\/\\\/www.worldrally.eu\\\/index.php\\\/2023\\\/02\\\/02\\\/bertelli-sprawdzam-mozliwosci\\\/#webpage\"},\"articleSection\":\"WRC\"},{\"@type\":\"BreadcrumbList\",\"@id\":\"https:\\\/\\\/www.worldrally.eu\\\/index.php\\\/2023\\\/02\\\/02\\\/bertelli-sprawdzam-mozliwosci\\\/#breadcrumblist\",\"itemListElement\":[{\"@type\":\"ListItem\",\"@id\":\"https:\\\/\\\/www.worldrally.eu#listItem\",\"position\":1,\"name\":\"Home\",\"item\":\"https:\\\/\\\/www.worldrally.eu\",\"nextItem\":{\"@type\":\"ListItem\",\"@id\":\"https:\\\/\\\/www.worldrally.eu\\\/index.php\\\/category\\\/wrc\\\/#listItem\",\"name\":\"WRC\"}},{\"@type\":\"ListItem\",\"@id\":\"https:\\\/\\\/www.worldrally.eu\\\/index.php\\\/category\\\/wrc\\\/#listItem\",\"position\":2,\"name\":\"WRC\",\"item\":\"https:\\\/\\\/www.worldrally.eu\\\/index.php\\\/category\\\/wrc\\\/\",\"nextItem\":{\"@type\":\"ListItem\",\"@id\":\"https:\\\/\\\/www.worldrally.eu\\\/index.php\\\/2023\\\/02\\\/02\\\/bertelli-sprawdzam-mozliwosci\\\/#listItem\",\"name\":\"Bertelli- sprawdzam mo\\u017cliwo\\u015bci\"},\"previousItem\":{\"@type\":\"ListItem\",\"@id\":\"https:\\\/\\\/www.worldrally.eu#listItem\",\"name\":\"Home\"}},{\"@type\":\"ListItem\",\"@id\":\"https:\\\/\\\/www.worldrally.eu\\\/index.php\\\/2023\\\/02\\\/02\\\/bertelli-sprawdzam-mozliwosci\\\/#listItem\",\"position\":3,\"name\":\"Bertelli- sprawdzam mo\\u017cliwo\\u015bci\",\"previousItem\":{\"@type\":\"ListItem\",\"@id\":\"https:\\\/\\\/www.worldrally.eu\\\/index.php\\\/category\\\/wrc\\\/#listItem\",\"name\":\"WRC\"}}]},{\"@type\":\"Organization\",\"@id\":\"https:\\\/\\\/www.worldrally.eu\\\/#organization\",\"name\":\"WorldRally.eu\",\"url\":\"https:\\\/\\\/www.worldrally.eu\\\/\",\"logo\":{\"@type\":\"ImageObject\",\"url\":\"https:\\\/\\\/www.worldrally.eu\\\/wp-content\\\/uploads\\\/2026\\\/01\\\/cropped-logo-3.png\",\"@id\":\"https:\\\/\\\/www.worldrally.eu\\\/index.php\\\/2023\\\/02\\\/02\\\/bertelli-sprawdzam-mozliwosci\\\/#organizationLogo\",\"width\":2039,\"height\":756},\"image\":{\"@id\":\"https:\\\/\\\/www.worldrally.eu\\\/index.php\\\/2023\\\/02\\\/02\\\/bertelli-sprawdzam-mozliwosci\\\/#organizationLogo\"}},{\"@type\":\"Person\",\"@id\":\"https:\\\/\\\/www.worldrally.eu\\\/index.php\\\/author\\\/admin\\\/#author\",\"url\":\"https:\\\/\\\/www.worldrally.eu\\\/index.php\\\/author\\\/admin\\\/\",\"name\":\"Junior\",\"image\":{\"@type\":\"ImageObject\",\"@id\":\"https:\\\/\\\/www.worldrally.eu\\\/index.php\\\/2023\\\/02\\\/02\\\/bertelli-sprawdzam-mozliwosci\\\/#authorImage\",\"url\":\"https:\\\/\\\/secure.gravatar.com\\\/avatar\\\/5bd369ac0447285dc20b588693ca1756d0179a7f957258050a42a968bf3b9d0a?s=96&d=mm&r=g\",\"width\":96,\"height\":96,\"caption\":\"Junior\"}},{\"@type\":\"WebPage\",\"@id\":\"https:\\\/\\\/www.worldrally.eu\\\/index.php\\\/2023\\\/02\\\/02\\\/bertelli-sprawdzam-mozliwosci\\\/#webpage\",\"url\":\"https:\\\/\\\/www.worldrally.eu\\\/index.php\\\/2023\\\/02\\\/02\\\/bertelli-sprawdzam-mozliwosci\\\/\",\"name\":\"Bertelli- sprawdzam mo\\u017cliwo\\u015bci \\u00bb WorldRally.eu\",\"description\":\"W\\u0142oski kierowca wykorzysta\\u0142 szybko sytuacje i podpisa\\u0142 umow\\u0119 o wynaj\\u0119cie auta po tym jak Esapekki Lappi opu\\u015bci\\u0142 szeregi Toyoty na rzecz pe\\u0142noetatowego kierowcy w Hyundaiu. Bertelli zasi\\u0105dzie za kierownic\\u0105 czwartej Toyoty podczas rajdu \\u015bnie\\u017cnego w dniach 9-12 lutego, kt\\u00f3ry odb\\u0119dzie si\\u0119 w p\\u00f3\\u0142nocnej Szwecji. \\u201eZ pewno\\u015bci\\u0105 spodziewa\\u0142em si\\u0119 szybkiego samochodu\\u201d, powiedzia\\u0142 Bertelli, \\u201eponiewa\\u017c oczywi\\u015bcie jest\",\"inLanguage\":\"en-GB\",\"isPartOf\":{\"@id\":\"https:\\\/\\\/www.worldrally.eu\\\/#website\"},\"breadcrumb\":{\"@id\":\"https:\\\/\\\/www.worldrally.eu\\\/index.php\\\/2023\\\/02\\\/02\\\/bertelli-sprawdzam-mozliwosci\\\/#breadcrumblist\"},\"author\":{\"@id\":\"https:\\\/\\\/www.worldrally.eu\\\/index.php\\\/author\\\/admin\\\/#author\"},\"creator\":{\"@id\":\"https:\\\/\\\/www.worldrally.eu\\\/index.php\\\/author\\\/admin\\\/#author\"},\"image\":{\"@type\":\"ImageObject\",\"url\":\"https:\\\/\\\/www.worldrally.eu\\\/wp-content\\\/uploads\\\/2023\\\/02\\\/fuckmatie.webp\",\"@id\":\"https:\\\/\\\/www.worldrally.eu\\\/index.php\\\/2023\\\/02\\\/02\\\/bertelli-sprawdzam-mozliwosci\\\/#mainImage\",\"width\":1200,\"height\":800},\"primaryImageOfPage\":{\"@id\":\"https:\\\/\\\/www.worldrally.eu\\\/index.php\\\/2023\\\/02\\\/02\\\/bertelli-sprawdzam-mozliwosci\\\/#mainImage\"},\"datePublished\":\"2023-02-02T19:23:56+00:00\",\"dateModified\":\"2023-02-05T21:47:15+00:00\"},{\"@type\":\"WebSite\",\"@id\":\"https:\\\/\\\/www.worldrally.eu\\\/#website\",\"url\":\"https:\\\/\\\/www.worldrally.eu\\\/\",\"name\":\"WorldRally.eu\",\"inLanguage\":\"en-GB\",\"publisher\":{\"@id\":\"https:\\\/\\\/www.worldrally.eu\\\/#organization\"}}]}\n\t\t<\/script>\n\t\t<!-- All in One SEO -->\n\n","aioseo_head_json":{"title":"Bertelli- sprawdzam mo\u017cliwo\u015bci \u00bb WorldRally.eu","description":"W\u0142oski kierowca wykorzysta\u0142 szybko sytuacje i podpisa\u0142 umow\u0119 o wynaj\u0119cie auta po tym jak Esapekki Lappi opu\u015bci\u0142 szeregi Toyoty na rzecz pe\u0142noetatowego kierowcy w Hyundaiu. Bertelli zasi\u0105dzie za kierownic\u0105 czwartej Toyoty podczas rajdu \u015bnie\u017cnego w dniach 9-12 lutego, kt\u00f3ry odb\u0119dzie si\u0119 w p\u00f3\u0142nocnej Szwecji. \u201eZ pewno\u015bci\u0105 spodziewa\u0142em si\u0119 szybkiego samochodu\u201d, powiedzia\u0142 Bertelli, \u201eponiewa\u017c oczywi\u015bcie jest","canonical_url":"https:\/\/www.worldrally.eu\/index.php\/2023\/02\/02\/bertelli-sprawdzam-mozliwosci\/","robots":"max-image-preview:large","keywords":"","webmasterTools":{"miscellaneous":""},"schema":{"@context":"https:\/\/schema.org","@graph":[{"@type":"BlogPosting","@id":"https:\/\/www.worldrally.eu\/index.php\/2023\/02\/02\/bertelli-sprawdzam-mozliwosci\/#blogposting","name":"Bertelli- sprawdzam mo\u017cliwo\u015bci \u00bb WorldRally.eu","headline":"Bertelli- sprawdzam mo\u017cliwo\u015bci","author":{"@id":"https:\/\/www.worldrally.eu\/index.php\/author\/admin\/#author"},"publisher":{"@id":"https:\/\/www.worldrally.eu\/#organization"},"image":{"@type":"ImageObject","url":"https:\/\/www.worldrally.eu\/wp-content\/uploads\/2023\/02\/fuckmatie.webp","width":1200,"height":800},"datePublished":"2023-02-02T19:23:56+00:00","dateModified":"2023-02-05T21:47:15+00:00","inLanguage":"en-GB","mainEntityOfPage":{"@id":"https:\/\/www.worldrally.eu\/index.php\/2023\/02\/02\/bertelli-sprawdzam-mozliwosci\/#webpage"},"isPartOf":{"@id":"https:\/\/www.worldrally.eu\/index.php\/2023\/02\/02\/bertelli-sprawdzam-mozliwosci\/#webpage"},"articleSection":"WRC"},{"@type":"BreadcrumbList","@id":"https:\/\/www.worldrally.eu\/index.php\/2023\/02\/02\/bertelli-sprawdzam-mozliwosci\/#breadcrumblist","itemListElement":[{"@type":"ListItem","@id":"https:\/\/www.worldrally.eu#listItem","position":1,"name":"Home","item":"https:\/\/www.worldrally.eu","nextItem":{"@type":"ListItem","@id":"https:\/\/www.worldrally.eu\/index.php\/category\/wrc\/#listItem","name":"WRC"}},{"@type":"ListItem","@id":"https:\/\/www.worldrally.eu\/index.php\/category\/wrc\/#listItem","position":2,"name":"WRC","item":"https:\/\/www.worldrally.eu\/index.php\/category\/wrc\/","nextItem":{"@type":"ListItem","@id":"https:\/\/www.worldrally.eu\/index.php\/2023\/02\/02\/bertelli-sprawdzam-mozliwosci\/#listItem","name":"Bertelli- sprawdzam mo\u017cliwo\u015bci"},"previousItem":{"@type":"ListItem","@id":"https:\/\/www.worldrally.eu#listItem","name":"Home"}},{"@type":"ListItem","@id":"https:\/\/www.worldrally.eu\/index.php\/2023\/02\/02\/bertelli-sprawdzam-mozliwosci\/#listItem","position":3,"name":"Bertelli- sprawdzam mo\u017cliwo\u015bci","previousItem":{"@type":"ListItem","@id":"https:\/\/www.worldrally.eu\/index.php\/category\/wrc\/#listItem","name":"WRC"}}]},{"@type":"Organization","@id":"https:\/\/www.worldrally.eu\/#organization","name":"WorldRally.eu","url":"https:\/\/www.worldrally.eu\/","logo":{"@type":"ImageObject","url":"https:\/\/www.worldrally.eu\/wp-content\/uploads\/2026\/01\/cropped-logo-3.png","@id":"https:\/\/www.worldrally.eu\/index.php\/2023\/02\/02\/bertelli-sprawdzam-mozliwosci\/#organizationLogo","width":2039,"height":756},"image":{"@id":"https:\/\/www.worldrally.eu\/index.php\/2023\/02\/02\/bertelli-sprawdzam-mozliwosci\/#organizationLogo"}},{"@type":"Person","@id":"https:\/\/www.worldrally.eu\/index.php\/author\/admin\/#author","url":"https:\/\/www.worldrally.eu\/index.php\/author\/admin\/","name":"Junior","image":{"@type":"ImageObject","@id":"https:\/\/www.worldrally.eu\/index.php\/2023\/02\/02\/bertelli-sprawdzam-mozliwosci\/#authorImage","url":"https:\/\/secure.gravatar.com\/avatar\/5bd369ac0447285dc20b588693ca1756d0179a7f957258050a42a968bf3b9d0a?s=96&d=mm&r=g","width":96,"height":96,"caption":"Junior"}},{"@type":"WebPage","@id":"https:\/\/www.worldrally.eu\/index.php\/2023\/02\/02\/bertelli-sprawdzam-mozliwosci\/#webpage","url":"https:\/\/www.worldrally.eu\/index.php\/2023\/02\/02\/bertelli-sprawdzam-mozliwosci\/","name":"Bertelli- sprawdzam mo\u017cliwo\u015bci \u00bb WorldRally.eu","description":"W\u0142oski kierowca wykorzysta\u0142 szybko sytuacje i podpisa\u0142 umow\u0119 o wynaj\u0119cie auta po tym jak Esapekki Lappi opu\u015bci\u0142 szeregi Toyoty na rzecz pe\u0142noetatowego kierowcy w Hyundaiu. Bertelli zasi\u0105dzie za kierownic\u0105 czwartej Toyoty podczas rajdu \u015bnie\u017cnego w dniach 9-12 lutego, kt\u00f3ry odb\u0119dzie si\u0119 w p\u00f3\u0142nocnej Szwecji. \u201eZ pewno\u015bci\u0105 spodziewa\u0142em si\u0119 szybkiego samochodu\u201d, powiedzia\u0142 Bertelli, \u201eponiewa\u017c oczywi\u015bcie jest","inLanguage":"en-GB","isPartOf":{"@id":"https:\/\/www.worldrally.eu\/#website"},"breadcrumb":{"@id":"https:\/\/www.worldrally.eu\/index.php\/2023\/02\/02\/bertelli-sprawdzam-mozliwosci\/#breadcrumblist"},"author":{"@id":"https:\/\/www.worldrally.eu\/index.php\/author\/admin\/#author"},"creator":{"@id":"https:\/\/www.worldrally.eu\/index.php\/author\/admin\/#author"},"image":{"@type":"ImageObject","url":"https:\/\/www.worldrally.eu\/wp-content\/uploads\/2023\/02\/fuckmatie.webp","@id":"https:\/\/www.worldrally.eu\/index.php\/2023\/02\/02\/bertelli-sprawdzam-mozliwosci\/#mainImage","width":1200,"height":800},"primaryImageOfPage":{"@id":"https:\/\/www.worldrally.eu\/index.php\/2023\/02\/02\/bertelli-sprawdzam-mozliwosci\/#mainImage"},"datePublished":"2023-02-02T19:23:56+00:00","dateModified":"2023-02-05T21:47:15+00:00"},{"@type":"WebSite","@id":"https:\/\/www.worldrally.eu\/#website","url":"https:\/\/www.worldrally.eu\/","name":"WorldRally.eu","inLanguage":"en-GB","publisher":{"@id":"https:\/\/www.worldrally.eu\/#organization"}}]},"og:locale":"en_GB","og:site_name":"WorldRally.eu \u00bb","og:type":"article","og:title":"Bertelli- sprawdzam mo\u017cliwo\u015bci \u00bb WorldRally.eu","og:description":"W\u0142oski kierowca wykorzysta\u0142 szybko sytuacje i podpisa\u0142 umow\u0119 o wynaj\u0119cie auta po tym jak Esapekki Lappi opu\u015bci\u0142 szeregi Toyoty na rzecz pe\u0142noetatowego kierowcy w Hyundaiu. Bertelli zasi\u0105dzie za kierownic\u0105 czwartej Toyoty podczas rajdu \u015bnie\u017cnego w dniach 9-12 lutego, kt\u00f3ry odb\u0119dzie si\u0119 w p\u00f3\u0142nocnej Szwecji. \u201eZ pewno\u015bci\u0105 spodziewa\u0142em si\u0119 szybkiego samochodu\u201d, powiedzia\u0142 Bertelli, \u201eponiewa\u017c oczywi\u015bcie jest","og:url":"https:\/\/www.worldrally.eu\/index.php\/2023\/02\/02\/bertelli-sprawdzam-mozliwosci\/","og:image":"https:\/\/www.worldrally.eu\/wp-content\/uploads\/2023\/02\/fuckmatie.webp","og:image:secure_url":"https:\/\/www.worldrally.eu\/wp-content\/uploads\/2023\/02\/fuckmatie.webp","og:image:width":1200,"og:image:height":800,"article:published_time":"2023-02-02T19:23:56+00:00","article:modified_time":"2023-02-05T21:47:15+00:00","twitter:card":"summary_large_image","twitter:title":"Bertelli- sprawdzam mo\u017cliwo\u015bci \u00bb WorldRally.eu","twitter:description":"W\u0142oski kierowca wykorzysta\u0142 szybko sytuacje i podpisa\u0142 umow\u0119 o wynaj\u0119cie auta po tym jak Esapekki Lappi opu\u015bci\u0142 szeregi Toyoty na rzecz pe\u0142noetatowego kierowcy w Hyundaiu. Bertelli zasi\u0105dzie za kierownic\u0105 czwartej Toyoty podczas rajdu \u015bnie\u017cnego w dniach 9-12 lutego, kt\u00f3ry odb\u0119dzie si\u0119 w p\u00f3\u0142nocnej Szwecji. \u201eZ pewno\u015bci\u0105 spodziewa\u0142em si\u0119 szybkiego samochodu\u201d, powiedzia\u0142 Bertelli, \u201eponiewa\u017c oczywi\u015bcie jest","twitter:image":"https:\/\/www.worldrally.eu\/wp-content\/uploads\/2023\/02\/fuckmatie.webp"},"aioseo_meta_data":{"post_id":"75","title":null,"description":null,"keywords":null,"keyphrases":null,"primary_term":null,"canonical_url":null,"og_title":null,"og_description":null,"og_object_type":"default","og_image_type":"default","og_image_url":null,"og_image_width":null,"og_image_height":null,"og_image_custom_url":null,"og_image_custom_fields":null,"og_video":null,"og_custom_url":null,"og_article_section":null,"og_article_tags":null,"twitter_use_og":false,"twitter_card":"default","twitter_image_type":"default","twitter_image_url":null,"twitter_image_custom_url":null,"twitter_image_custom_fields":null,"twitter_title":null,"twitter_description":null,"schema":{"blockGraphs":[],"customGraphs":[],"default":{"data":{"Article":[],"Course":[],"Dataset":[],"FAQPage":[],"Movie":[],"Person":[],"Product":[],"ProductReview":[],"Car":[],"Recipe":[],"Service":[],"SoftwareApplication":[],"WebPage":[]},"graphName":"","isEnabled":true},"graphs":[]},"schema_type":"default","schema_type_options":null,"pillar_content":false,"robots_default":true,"robots_noindex":false,"robots_noarchive":false,"robots_nosnippet":false,"robots_nofollow":false,"robots_noimageindex":false,"robots_noodp":false,"robots_notranslate":false,"robots_max_snippet":null,"robots_max_videopreview":null,"robots_max_imagepreview":"large","priority":null,"frequency":null,"local_seo":null,"breadcrumb_settings":null,"limit_modified_date":false,"ai":null,"created":"2025-03-22 05:54:34","updated":"2025-10-26 08:33:41","seo_analyzer_scan_date":null},"aioseo_breadcrumb":"<div class=\"aioseo-breadcrumbs\"><span class=\"aioseo-breadcrumb\">\n\t\t\t<a href=\"https:\/\/www.worldrally.eu\" title=\"Home\">Home<\/a>\n\t\t<\/span><span class=\"aioseo-breadcrumb-separator\">&raquo;<\/span><span class=\"aioseo-breadcrumb\">\n\t\t\t<a href=\"https:\/\/www.worldrally.eu\/index.php\/category\/wrc\/\" title=\"WRC\">WRC<\/a>\n\t\t<\/span><span class=\"aioseo-breadcrumb-separator\">&raquo;<\/span><span class=\"aioseo-breadcrumb\">\n\t\t\tBertelli- sprawdzam mo\u017cliwo\u015bci\n\t\t<\/span><\/div>","aioseo_breadcrumb_json":[{"label":"Home","link":"https:\/\/www.worldrally.eu"},{"label":"WRC","link":"https:\/\/www.worldrally.eu\/index.php\/category\/wrc\/"},{"label":"Bertelli- sprawdzam mo\u017cliwo\u015bci","link":"https:\/\/www.worldrally.eu\/index.php\/2023\/02\/02\/bertelli-sprawdzam-mozliwosci\/"}],"cc_featured_image_caption":{"caption_text":"Foto: WRC.com","source_text":"","source_url":""},"_links":{"self":[{"href":"https:\/\/www.worldrally.eu\/index.php\/wp-json\/wp\/v2\/posts\/75","targetHints":{"allow":["GET"]}}],"collection":[{"href":"https:\/\/www.worldrally.eu\/index.php\/wp-json\/wp\/v2\/posts"}],"about":[{"href":"https:\/\/www.worldrally.eu\/index.php\/wp-json\/wp\/v2\/types\/post"}],"author":[{"embeddable":true,"href":"https:\/\/www.worldrally.eu\/index.php\/wp-json\/wp\/v2\/users\/1"}],"replies":[{"embeddable":true,"href":"https:\/\/www.worldrally.eu\/index.php\/wp-json\/wp\/v2\/comments?post=75"}],"version-history":[{"count":2,"href":"https:\/\/www.worldrally.eu\/index.php\/wp-json\/wp\/v2\/posts\/75\/revisions"}],"predecessor-version":[{"id":122,"href":"https:\/\/www.worldrally.eu\/index.php\/wp-json\/wp\/v2\/posts\/75\/revisions\/122"}],"wp:featuredmedia":[{"embeddable":true,"href":"https:\/\/www.worldrally.eu\/index.php\/wp-json\/wp\/v2\/media\/121"}],"wp:attachment":[{"href":"https:\/\/www.worldrally.eu\/index.php\/wp-json\/wp\/v2\/media?parent=75"}],"wp:term":[{"taxonomy":"category","embeddable":true,"href":"https:\/\/www.worldrally.eu\/index.php\/wp-json\/wp\/v2\/categories?post=75"},{"taxonomy":"post_tag","embeddable":true,"href":"https:\/\/www.worldrally.eu\/index.php\/wp-json\/wp\/v2\/tags?post=75"}],"curies":[{"name":"wp","href":"https:\/\/api.w.org\/{rel}","templated":true}]}}