{"id":739,"date":"2023-03-11T20:46:59","date_gmt":"2023-03-11T20:46:59","guid":{"rendered":"https:\/\/www.worldrally.eu\/?p=739"},"modified":"2023-03-11T20:48:39","modified_gmt":"2023-03-11T20:48:39","slug":"heikkila-liderem-po-trudnym-dniu","status":"publish","type":"post","link":"https:\/\/www.worldrally.eu\/index.php\/2023\/03\/11\/heikkila-liderem-po-trudnym-dniu\/","title":{"rendered":"Heikkil\u00e4 liderem po trudnym dniu."},"content":{"rendered":"\n<p class=\"wp-block-paragraph\">To nie by\u0142 \u0142atwy dzie\u0144 dla kierowc\u00f3w otwieraj\u0105cej rundy Rajdowe Mistrzostwa Europy FIA 2023, Rally Serras de Fafe, Felgueiras, Boticas, Vieira do Minho i Cabeceiras de Basto. Trzy odcinki odwo\u0142ane  i jedna czerwona flaga po wypadku portugalskiej za\u0142ogi.<\/p>\n\n\n\n<p class=\"wp-block-paragraph\">Obecny mistrz Finlandii, za kierownic\u0105 \u0160kody Fabia Rally2 Evo, pocz\u0105tkowo prowadzi\u0142 na OS3, po czym spad\u0142 na drugie miejsce w porannej p\u0119tli. Jednak doskona\u0142y czas,  w po\u0142\u0105czeniu z op\u00f3\u017anieniem Craiga Breena \u2013 na SS7 oznacza, \u017ce to Heikkil\u00e4 prowadzi na koniec dnia rywalizacji w Fafe, przed Madsem \u00d8stbergiem na drugim miejscu i Haydenem Paddonem na trzecim.<\/p>\n\n\n\n<blockquote class=\"wp-block-quote is-layout-flow wp-block-quote-is-layout-flow\">\n<p class=\"wp-block-paragraph\">Z pewno\u015bci\u0105 by\u0142o to do\u015b\u0107 trudne. Dla mnie najtrudniejsz\u0105 cz\u0119\u015bci\u0105 by\u0142o znalezienie przyczepno\u015bci lub b\u0142otnistych miejsc, poniewa\u017c nie wiadomo z g\u00f3ry i do\u015b\u0107 trudno by\u0142o zgadn\u0105\u0107. Nigdy wcze\u015bniej nie spotka\u0142em si\u0119 z takimi warunkami, poniewa\u017c w Finlandii, je\u015bli pada deszcz lub jest mokro, nie jest tak b\u0142otni\u015bcie. Ale to dobra nauka, a tempo by\u0142o w porz\u0105dku, wi\u0119c walczymy. <\/p>\n<\/blockquote>\n\n\n\n<figure class=\"wp-block-image size-large\"><img fetchpriority=\"high\" decoding=\"async\" width=\"1024\" height=\"683\" src=\"https:\/\/www.worldrally.eu\/wp-content\/uploads\/2023\/03\/O1-1-1024x683.jpg\" alt=\"\" class=\"wp-image-741\" srcset=\"https:\/\/www.worldrally.eu\/wp-content\/uploads\/2023\/03\/O1-1-1024x683.jpg 1024w, https:\/\/www.worldrally.eu\/wp-content\/uploads\/2023\/03\/O1-1-300x200.jpg 300w, https:\/\/www.worldrally.eu\/wp-content\/uploads\/2023\/03\/O1-1-768x512.jpg 768w, https:\/\/www.worldrally.eu\/wp-content\/uploads\/2023\/03\/O1-1-1536x1024.jpg 1536w, https:\/\/www.worldrally.eu\/wp-content\/uploads\/2023\/03\/O1-1-446x297.jpg 446w, https:\/\/www.worldrally.eu\/wp-content\/uploads\/2023\/03\/O1-1.jpg 2048w\" sizes=\"(max-width: 1024px) 100vw, 1024px\" \/><figcaption class=\"wp-element-caption\">Foto-FIAerc<\/figcaption><\/figure>\n\n\n\n<p class=\"wp-block-paragraph\">\u00d8stberg prowadz\u0105c Citro\u00ebna C3 Rally2 pokaza\u0142 po dzisiejszym dniu, \u017ce walka o pierwsze miejsce w niedzielnych starciach b\u0119dzie zaci\u0119ta i mimo, i\u017c ko\u0144czy dzie\u0144 na drugiej pozycji  nie jest to jego ostatnie s\u0142owo.<\/p>\n\n\n\n<p class=\"wp-block-paragraph\"> Paddonem i Erikiem Caisem ponownie wskoczyli na wirtualne podium odrabiaj\u0105c straty w popo\u0142udniowych przejazdach.<\/p>\n\n\n\n<blockquote class=\"wp-block-quote is-layout-flow wp-block-quote-is-layout-flow\">\n<p class=\"wp-block-paragraph\">Naprawd\u0119 ci\u0119\u017cko, mo\u017cesz naciska\u0107 du\u017co wi\u0119cej, ale musisz dba\u0107 o opony, ale pr\u00f3ba znalezienia \u015brodka dzia\u0142a.<\/p>\n<cite>Powiedzia\u0142 Paddon<\/cite><\/blockquote>\n\n\n\n<figure class=\"wp-block-image size-large\"><img decoding=\"async\" width=\"1024\" height=\"576\" src=\"https:\/\/www.worldrally.eu\/wp-content\/uploads\/2023\/03\/P1-1024x576.jpg\" alt=\"\" class=\"wp-image-742\" srcset=\"https:\/\/www.worldrally.eu\/wp-content\/uploads\/2023\/03\/P1-1024x576.jpg 1024w, https:\/\/www.worldrally.eu\/wp-content\/uploads\/2023\/03\/P1-300x169.jpg 300w, https:\/\/www.worldrally.eu\/wp-content\/uploads\/2023\/03\/P1-768x432.jpg 768w, https:\/\/www.worldrally.eu\/wp-content\/uploads\/2023\/03\/P1-1280x720.jpg 1280w, https:\/\/www.worldrally.eu\/wp-content\/uploads\/2023\/03\/P1.jpg 1400w\" sizes=\"(max-width: 1024px) 100vw, 1024px\" \/><figcaption class=\"wp-element-caption\">Foto-FIAerc<\/figcaption><\/figure>\n\n\n\n<p class=\"wp-block-paragraph\">Za trzecim Paddonem, Georg Linnama\u00eb jest czwarty, M\u0101rti\u1e47\u0161 Sesks pi\u0105ty, a Miko Marczyk sz\u00f3sty. <\/p>\n\n\n\n<p class=\"wp-block-paragraph\">Tom Kristensson jest \u00f3smy po przejechaniu pi\u0119ciu kilometr\u00f3w OS6 z uszkodzon\u0105 przedni\u0105 lew\u0105 opon\u0105. Op\u00f3\u017aniony Breen jest dziewi\u0105ty, a czo\u0142ow\u0105 dziesi\u0105tk\u0119 zamyka mistrz Francji Gravel Mathieu Franceschi.<\/p>\n\n\n\n<p class=\"wp-block-paragraph\">Poniewa\u017c OS7 zosta\u0142 oznaczony czerwon\u0105 flag\u0105 i nie zosta\u0142 wznowiony, a OS8 i OS9 odwo\u0142ane ze wzgl\u0119d\u00f3w bezpiecze\u0144stwa.<\/p>\n\n\n\n<figure class=\"wp-block-table\"><table><tbody><tr><td>1.<br>+1<\/td><td><img decoding=\"async\" src=\"https:\/\/www.ewrc-results.com\/images\/flags2\/finland.png\" alt=\"flag\"><br>#38<\/td><td><img decoding=\"async\" src=\"https:\/\/www.ewrc-results.com\/images\/icon\/skoda.png\" alt=\"logo\"> <a href=\"https:\/\/www.ewrc-results.com\/entryinfo\/79047-rally-serras-de-fafe-felgueiras-boticas-vieira-do-minho-e-cabeceiras-de-basto-2023\/3625609\/\">Heikkil\u00e4 Mikko &#8211; Vaaleri Samu<\/a><br>\u0160koda Fabia Rally2 evo <img decoding=\"async\" src=\"https:\/\/www.ewrc-results.com\/images\/tyres\/michelin_red.png\" alt=\"tyre\"><\/td><td>RC2<\/td><td>46:04.4<br><\/td><td><\/td><td>80.3<\/td><\/tr><tr><td>2.<br>+1<\/td><td><img decoding=\"async\" src=\"https:\/\/www.ewrc-results.com\/images\/flags2\/norway.png\" alt=\"flag\"><br>#5<\/td><td><img decoding=\"async\" src=\"https:\/\/www.ewrc-results.com\/images\/icon\/citroen2009.png\" alt=\"logo\"> <a href=\"https:\/\/www.ewrc-results.com\/entryinfo\/79047-rally-serras-de-fafe-felgueiras-boticas-vieira-do-minho-e-cabeceiras-de-basto-2023\/3653461\/\">\u00d8stberg Mads &#8211; Barth Patrik<\/a><br>Citro\u00ebn C3 Rally2 <img decoding=\"async\" src=\"https:\/\/www.ewrc-results.com\/images\/tyres\/mrf3.png\" alt=\"tyre\"><\/td><td>RC2<\/td><td>46:08.6<br><\/td><td>+4.2<br>+4.2<\/td><td>80.2<br>0.07<\/td><\/tr><tr><td>3.<br>+2<\/td><td><img decoding=\"async\" src=\"https:\/\/www.ewrc-results.com\/images\/flags2\/newzealand.png\" alt=\"flag\"><br>#2<\/td><td><img decoding=\"async\" src=\"https:\/\/www.ewrc-results.com\/images\/icon\/hyundai2.png\" alt=\"logo\"> <a href=\"https:\/\/www.ewrc-results.com\/entryinfo\/79047-rally-serras-de-fafe-felgueiras-boticas-vieira-do-minho-e-cabeceiras-de-basto-2023\/3653836\/\">Paddon Hayden &#8211; Kennard John<\/a><br>Hyundai i20 N Rally2 <img decoding=\"async\" src=\"https:\/\/www.ewrc-results.com\/images\/tyres\/pirelli_red.png\" alt=\"tyre\"><\/td><td>RC2<\/td><td>46:21.6<br><\/td><td>+17.2<br>+13.0<\/td><td>79.8<br>0.28<\/td><\/tr><tr><td>4.<\/td><td><img decoding=\"async\" src=\"https:\/\/www.ewrc-results.com\/images\/flags2\/estonia.png\" alt=\"flag\"><br>#24<\/td><td><img decoding=\"async\" src=\"https:\/\/www.ewrc-results.com\/images\/icon\/hyundai2.png\" alt=\"logo\"> <a href=\"https:\/\/www.ewrc-results.com\/entryinfo\/79047-rally-serras-de-fafe-felgueiras-boticas-vieira-do-minho-e-cabeceiras-de-basto-2023\/3641430\/\">Linnam\u00e4e Georg &#8211; Morgan James<\/a><br>Hyundai i20 N Rally2 <img decoding=\"async\" src=\"https:\/\/www.ewrc-results.com\/images\/tyres\/michelin_red.png\" alt=\"tyre\"><\/td><td>RC2<\/td><td>46:25.7<br><\/td><td>+21.3<br>+4.1<\/td><td>79.7<br>0.35<\/td><\/tr><tr><td>5.<br>+2<\/td><td><img decoding=\"async\" src=\"https:\/\/www.ewrc-results.com\/images\/flags2\/latvia.png\" alt=\"flag\"><br>#15<\/td><td><img decoding=\"async\" src=\"https:\/\/www.ewrc-results.com\/images\/icon\/skoda2023b.png\" alt=\"logo\"> <a href=\"https:\/\/www.ewrc-results.com\/entryinfo\/79047-rally-serras-de-fafe-felgueiras-boticas-vieira-do-minho-e-cabeceiras-de-basto-2023\/3649028\/\">Sesks M\u0101rti\u0146\u0161 &#8211; Francis Ren\u0101rs<\/a><br>\u0160koda Fabia RS Rally2 <img decoding=\"async\" src=\"https:\/\/www.ewrc-results.com\/images\/tyres\/mrf3.png\" alt=\"tyre\"><\/td><td>RC2<\/td><td>46:42.1<br><\/td><td>+37.7<br>+16.4<\/td><td>79.2<br>0.61<\/td><\/tr><tr><td>6.<\/td><td><img decoding=\"async\" src=\"https:\/\/www.ewrc-results.com\/images\/flags2\/poland.png\" alt=\"flag\"><br>#29<\/td><td><img decoding=\"async\" src=\"https:\/\/www.ewrc-results.com\/images\/icon\/skoda2023b.png\" alt=\"logo\"> <a href=\"https:\/\/www.ewrc-results.com\/entryinfo\/79047-rally-serras-de-fafe-felgueiras-boticas-vieira-do-minho-e-cabeceiras-de-basto-2023\/3653527\/\">Marczyk Miko\u0142aj &#8211; Gospodarczyk S.<\/a><br>\u0160koda Fabia RS Rally2 <img decoding=\"async\" src=\"https:\/\/www.ewrc-results.com\/images\/tyres\/michelin_red.png\" alt=\"tyre\"><\/td><td>RC2<\/td><td>46:47.4<br><\/td><td>+43.0<br>+5.3<\/td><td>79.1<br>0.70<\/td><\/tr><tr><td>7.<br>+4<\/td><td><img decoding=\"async\" src=\"https:\/\/www.ewrc-results.com\/images\/flags2\/czech.png\" alt=\"flag\"><br>#20<\/td><td><img decoding=\"async\" src=\"https:\/\/www.ewrc-results.com\/images\/icon\/skoda2023b.png\" alt=\"logo\"> <a href=\"https:\/\/www.ewrc-results.com\/entryinfo\/79047-rally-serras-de-fafe-felgueiras-boticas-vieira-do-minho-e-cabeceiras-de-basto-2023\/3585497\/\">Cais Erik &#8211; Bacig\u00e1l Igor<\/a><br>\u0160koda Fabia RS Rally2 <img decoding=\"async\" src=\"https:\/\/www.ewrc-results.com\/images\/tyres\/michelin_red.png\" alt=\"tyre\"><\/td><td>RC2<\/td><td>47:23.8<br><\/td><td>+1:19.4<br>+36.4<\/td><td>78.0<br>1.29<\/td><\/tr><tr><td>8.<\/td><td><img decoding=\"async\" src=\"https:\/\/www.ewrc-results.com\/images\/flags2\/hungary.png\" alt=\"flag\"><br>#31<\/td><td><img decoding=\"async\" src=\"https:\/\/www.ewrc-results.com\/images\/icon\/skoda.png\" alt=\"logo\"> <a href=\"https:\/\/www.ewrc-results.com\/entryinfo\/79047-rally-serras-de-fafe-felgueiras-boticas-vieira-do-minho-e-cabeceiras-de-basto-2023\/3644077\/\">Csom\u00f3s Mikl\u00f3s &#8211; Nagy Attila<\/a><br>\u0160koda Fabia Rally2 evo <img decoding=\"async\" src=\"https:\/\/www.ewrc-results.com\/images\/tyres\/pirelli_red.png\" alt=\"tyre\"><\/td><td>RC2<\/td><td>47:39.7<br><\/td><td>+1:35.3<br>+15.9<\/td><td>77.6<br>1.55<\/td><\/tr><tr><td>9.<br>+3<\/td><td><img decoding=\"async\" src=\"https:\/\/www.ewrc-results.com\/images\/flags2\/france.png\" alt=\"flag\"><br>#7<\/td><td><img decoding=\"async\" src=\"https:\/\/www.ewrc-results.com\/images\/icon\/citroen2009.png\" alt=\"logo\"> <a href=\"https:\/\/www.ewrc-results.com\/entryinfo\/79047-rally-serras-de-fafe-felgueiras-boticas-vieira-do-minho-e-cabeceiras-de-basto-2023\/3632733\/\">Bonato Yoann &#8211; Boulloud Benjamin<\/a><br>Citro\u00ebn C3 Rally2 <img decoding=\"async\" src=\"https:\/\/www.ewrc-results.com\/images\/tyres\/michelin_red.png\" alt=\"tyre\"><\/td><td>RC2<\/td><td>47:42.8<br><\/td><td>+1:38.4<br>+3.1<\/td><td>77.5<br>1.60<\/td><\/tr><tr><td>10.<br>+3<\/td><td><img decoding=\"async\" src=\"https:\/\/www.ewrc-results.com\/images\/flags2\/spain.png\" alt=\"flag\"><br>#1<\/td><td><img decoding=\"async\" src=\"https:\/\/www.ewrc-results.com\/images\/icon\/skoda2023b.png\" alt=\"logo\"> <a href=\"https:\/\/www.ewrc-results.com\/entryinfo\/79047-rally-serras-de-fafe-felgueiras-boticas-vieira-do-minho-e-cabeceiras-de-basto-2023\/3642117\/\">Llarena Efr\u00e9n &#8211; Fern\u00e1ndez Sara<\/a><br>\u0160koda Fabia RS Rally2 <img decoding=\"async\" src=\"https:\/\/www.ewrc-results.com\/images\/tyres\/mrf3.png\" alt=\"tyre\"><\/td><td>RC2<\/td><td>47:46.7<br><\/td><td>+1:42.3<br>+3.9<\/td><td>77.4<br>1.66<\/td><\/tr><tr><td>11.<br>+3<\/td><td><img decoding=\"async\" src=\"https:\/\/www.ewrc-results.com\/images\/flags2\/sweden.png\" alt=\"flag\"><br>#33<\/td><td><img decoding=\"async\" src=\"https:\/\/www.ewrc-results.com\/images\/icon\/ford.png\" alt=\"logo\"> <a href=\"https:\/\/www.ewrc-results.com\/entryinfo\/79047-rally-serras-de-fafe-felgueiras-boticas-vieira-do-minho-e-cabeceiras-de-basto-2023\/3634626\/\">Tidemand Pontus &#8211; Thulin Julia<\/a><br>Ford Fiesta Rally2 <img decoding=\"async\" src=\"https:\/\/www.ewrc-results.com\/images\/tyres\/mrf3.png\" alt=\"tyre\"><\/td><td>RC2<\/td><td>47:56.8<br><\/td><td>+1:52.4<br>+10.1<\/td><td>77.1<br>1.82<\/td><\/tr><tr><td>12.<br>+3<\/td><td><img decoding=\"async\" src=\"https:\/\/www.ewrc-results.com\/images\/flags2\/paraguay.png\" alt=\"flag\"><br>#32<\/td><td><img decoding=\"async\" src=\"https:\/\/www.ewrc-results.com\/images\/icon\/hyundai2.png\" alt=\"logo\"> <a href=\"https:\/\/www.ewrc-results.com\/entryinfo\/79047-rally-serras-de-fafe-felgueiras-boticas-vieira-do-minho-e-cabeceiras-de-basto-2023\/3653858\/\">Zaldivar F. &#8211; Der Ohannesian M.<\/a><br>Hyundai i20 N Rally2 <img decoding=\"async\" src=\"https:\/\/www.ewrc-results.com\/images\/tyres\/pirelli_red.png\" alt=\"tyre\"><\/td><td>RC2<\/td><td>48:00.2<br><\/td><td>+1:55.8<br>+3.4<\/td><td>77.1<br>1.88<\/td><\/tr><tr><td>13.<br>+4<\/td><td><img decoding=\"async\" src=\"https:\/\/www.ewrc-results.com\/images\/flags2\/italy.png\" alt=\"flag\"><br>#36<\/td><td><img decoding=\"async\" src=\"https:\/\/www.ewrc-results.com\/images\/icon\/skoda.png\" alt=\"logo\"> <a href=\"https:\/\/www.ewrc-results.com\/entryinfo\/79047-rally-serras-de-fafe-felgueiras-boticas-vieira-do-minho-e-cabeceiras-de-basto-2023\/3648374\/\">Mabellini Andrea &#8211; Lenzi Virginia<\/a><br>\u0160koda Fabia Rally2 evo <img decoding=\"async\" src=\"https:\/\/www.ewrc-results.com\/images\/tyres\/mrf3.png\" alt=\"tyre\"><\/td><td>RC2<\/td><td>48:01.7<br><\/td><td>+1:57.3<br>+1.5<\/td><td>77.0<br>1.90<\/td><\/tr><tr><td>14.<br>+4<\/td><td><img decoding=\"async\" src=\"https:\/\/www.ewrc-results.com\/images\/flags2\/romania.png\" alt=\"flag\"><br>#8<\/td><td><img decoding=\"async\" src=\"https:\/\/www.ewrc-results.com\/images\/icon\/skoda.png\" alt=\"logo\"> <a href=\"https:\/\/www.ewrc-results.com\/entryinfo\/79047-rally-serras-de-fafe-felgueiras-boticas-vieira-do-minho-e-cabeceiras-de-basto-2023\/3653840\/\">Tempestini Simone &#8211; Itu Sergiu<\/a><br>\u0160koda Fabia Rally2 evo <img decoding=\"async\" src=\"https:\/\/www.ewrc-results.com\/images\/tyres\/pirelli_red.png\" alt=\"tyre\"><\/td><td>RC2<\/td><td>48:12.3<br><\/td><td>+2:07.9<br>+10.6<\/td><td>76.7<br>2.07<\/td><\/tr><tr><td>15.<br>+4<\/td><td><img decoding=\"async\" src=\"https:\/\/www.ewrc-results.com\/images\/flags2\/sweden.png\" alt=\"flag\"><br>#4<\/td><td><img decoding=\"async\" src=\"https:\/\/www.ewrc-results.com\/images\/icon\/citroen2009.png\" alt=\"logo\"> <a href=\"https:\/\/www.ewrc-results.com\/entryinfo\/79047-rally-serras-de-fafe-felgueiras-boticas-vieira-do-minho-e-cabeceiras-de-basto-2023\/3636555\/\">Kristensson Tom &#8211; Johansson Andreas<\/a><br>Citro\u00ebn C3 Rally2 <img decoding=\"async\" src=\"https:\/\/www.ewrc-results.com\/images\/tyres\/pirelli_red.png\" alt=\"tyre\"><\/td><td>RC2<\/td><td>48:20.3<br><\/td><td>+2:15.9<br>+8.0<\/td><td>76.5<br>2.20<\/td><\/tr><tr><td>16.<br>+4<\/td><td><img decoding=\"async\" src=\"https:\/\/www.ewrc-results.com\/images\/flags2\/portugal.png\" alt=\"flag\"><br>#27<\/td><td><img decoding=\"async\" src=\"https:\/\/www.ewrc-results.com\/images\/icon\/skoda.png\" alt=\"logo\"> <a href=\"https:\/\/www.ewrc-results.com\/entryinfo\/79047-rally-serras-de-fafe-felgueiras-boticas-vieira-do-minho-e-cabeceiras-de-basto-2023\/3644074\/\">Correia Miguel &#8211; Carvalho J.<\/a><br>\u0160koda Fabia Rally2 evo <img decoding=\"async\" src=\"https:\/\/www.ewrc-results.com\/images\/tyres\/michelin_red.png\" alt=\"tyre\"><\/td><td>RC2<\/td><td>48:24.3<br><\/td><td>+2:19.9<br>+4.0<\/td><td>76.4<br>2.27<\/td><\/tr><tr><td>17.<br>+4<\/td><td><img decoding=\"async\" src=\"https:\/\/www.ewrc-results.com\/images\/flags2\/austria2.png\" alt=\"flag\"><br>#11<\/td><td><img decoding=\"async\" src=\"https:\/\/www.ewrc-results.com\/images\/icon\/skoda2023b.png\" alt=\"logo\"> <a href=\"https:\/\/www.ewrc-results.com\/entryinfo\/79047-rally-serras-de-fafe-felgueiras-boticas-vieira-do-minho-e-cabeceiras-de-basto-2023\/3650479\/\">Wagner Simon &#8211; Winter Gerald<\/a><br>\u0160koda Fabia RS Rally2 <img decoding=\"async\" src=\"https:\/\/www.ewrc-results.com\/images\/tyres\/michelin_red.png\" alt=\"tyre\"><\/td><td>RC2<\/td><td>48:25.9<br><\/td><td>+2:21.5<br>+1.6<\/td><td>76.4<br>2.30<\/td><\/tr><tr><td>18.<br>+4<\/td><td><img decoding=\"async\" src=\"https:\/\/www.ewrc-results.com\/images\/flags2\/france.png\" alt=\"flag\"><br>#45<\/td><td><img decoding=\"async\" src=\"https:\/\/www.ewrc-results.com\/images\/icon\/skoda.png\" alt=\"logo\"> <a href=\"https:\/\/www.ewrc-results.com\/entryinfo\/79047-rally-serras-de-fafe-felgueiras-boticas-vieira-do-minho-e-cabeceiras-de-basto-2023\/3653848\/\">Margaillan Matthieu &#8211; Margaillan M.<\/a><br>\u0160koda Fabia Rally2 evo <img decoding=\"async\" src=\"https:\/\/www.ewrc-results.com\/images\/tyres\/michelin_red.png\" alt=\"tyre\"><\/td><td>RC2<\/td><td>48:38.8<br><\/td><td>+2:34.4<br>+12.9<\/td><td>76.0<br>2.50<\/td><\/tr><tr><td>19.<br>+4<\/td><td><img decoding=\"async\" src=\"https:\/\/www.ewrc-results.com\/images\/flags2\/italy.png\" alt=\"flag\"><br>#10<\/td><td><img decoding=\"async\" src=\"https:\/\/www.ewrc-results.com\/images\/icon\/skoda.png\" alt=\"logo\"> <a href=\"https:\/\/www.ewrc-results.com\/entryinfo\/79047-rally-serras-de-fafe-felgueiras-boticas-vieira-do-minho-e-cabeceiras-de-basto-2023\/3631355\/\">Battistolli Alberto &#8211; Scattolin S.<\/a><br>\u0160koda Fabia Rally2 evo <img decoding=\"async\" src=\"https:\/\/www.ewrc-results.com\/images\/tyres\/pirelli_red.png\" alt=\"tyre\"><\/td><td>RC2<\/td><td>48:45.7<br><\/td><td>+2:41.3<br>+6.9<\/td><td>75.9<br>2.62<\/td><\/tr><tr><td>20.<br>\u221219<\/td><td><img decoding=\"async\" src=\"https:\/\/www.ewrc-results.com\/images\/flags2\/ireland.png\" alt=\"flag\"><br>#3<\/td><td><img decoding=\"async\" src=\"https:\/\/www.ewrc-results.com\/images\/icon\/hyundai2.png\" alt=\"logo\"> <a href=\"https:\/\/www.ewrc-results.com\/entryinfo\/79047-rally-serras-de-fafe-felgueiras-boticas-vieira-do-minho-e-cabeceiras-de-basto-2023\/3621724\/\">Breen Craig &#8211; Fulton James<\/a><br>Hyundai i20 N Rally2 <img decoding=\"async\" src=\"https:\/\/www.ewrc-results.com\/images\/tyres\/pirelli_red.png\" alt=\"tyre\"><\/td><td>RC2<\/td><td>48:47.5<br><\/td><td>+2:43.1<br>+1.8<\/td><td>75.8<br>2.65<\/td><\/tr><\/tbody><\/table><\/figure>\n","protected":false},"excerpt":{"rendered":"<p>To nie by\u0142 \u0142atwy dzie\u0144 dla kierowc\u00f3w otwieraj\u0105cej rundy Rajdowe Mistrzostwa Europy FIA 2023, Rally Serras de Fafe, Felgueiras, Boticas, Vieira do Minho i Cabeceiras de Basto. Trzy odcinki odwo\u0142ane i jedna czerwona flaga po wypadku portugalskiej za\u0142ogi. Obecny mistrz Finlandii, za kierownic\u0105 \u0160kody Fabia Rally2 Evo, pocz\u0105tkowo prowadzi\u0142 na OS3, po czym spad\u0142 na [&hellip;]<\/p>\n","protected":false},"author":2,"featured_media":740,"comment_status":"closed","ping_status":"closed","sticky":false,"template":"","format":"standard","meta":{"_monsterinsights_skip_tracking":false,"_monsterinsights_sitenote_active":false,"_monsterinsights_sitenote_note":"","_monsterinsights_sitenote_category":0,"footnotes":""},"categories":[4],"tags":[],"class_list":["post-739","post","type-post","status-publish","format-standard","has-post-thumbnail","hentry","category-erc"],"aioseo_notices":[],"aioseo_head":"\n\t\t<!-- All in One SEO 4.9.9 - aioseo.com -->\n\t<meta name=\"description\" content=\"To nie by\u0142 \u0142atwy dzie\u0144 dla kierowc\u00f3w otwieraj\u0105cej rundy Rajdowe Mistrzostwa Europy FIA 2023, Rally Serras de Fafe, Felgueiras, Boticas, Vieira do Minho i Cabeceiras de Basto. Trzy odcinki odwo\u0142ane i jedna czerwona flaga po wypadku portugalskiej za\u0142ogi. Obecny mistrz Finlandii, za kierownic\u0105 \u0160kody Fabia Rally2 Evo, pocz\u0105tkowo prowadzi\u0142 na OS3, po czym spad\u0142 na\" \/>\n\t<meta name=\"robots\" content=\"max-image-preview:large\" \/>\n\t<meta name=\"author\" content=\"Magdalena\"\/>\n\t<link rel=\"canonical\" href=\"https:\/\/www.worldrally.eu\/index.php\/2023\/03\/11\/heikkila-liderem-po-trudnym-dniu\/\" \/>\n\t<meta name=\"generator\" content=\"All in One SEO (AIOSEO) 4.9.9\" \/>\n\t\t<meta property=\"og:locale\" content=\"en_GB\" \/>\n\t\t<meta property=\"og:site_name\" content=\"WorldRally.eu \u00bb\" \/>\n\t\t<meta property=\"og:type\" content=\"article\" \/>\n\t\t<meta property=\"og:title\" content=\"Heikkil\u00e4 liderem po trudnym dniu. \u00bb WorldRally.eu\" \/>\n\t\t<meta property=\"og:description\" content=\"To nie by\u0142 \u0142atwy dzie\u0144 dla kierowc\u00f3w otwieraj\u0105cej rundy Rajdowe Mistrzostwa Europy FIA 2023, Rally Serras de Fafe, Felgueiras, Boticas, Vieira do Minho i Cabeceiras de Basto. Trzy odcinki odwo\u0142ane i jedna czerwona flaga po wypadku portugalskiej za\u0142ogi. Obecny mistrz Finlandii, za kierownic\u0105 \u0160kody Fabia Rally2 Evo, pocz\u0105tkowo prowadzi\u0142 na OS3, po czym spad\u0142 na\" \/>\n\t\t<meta property=\"og:url\" content=\"https:\/\/www.worldrally.eu\/index.php\/2023\/03\/11\/heikkila-liderem-po-trudnym-dniu\/\" \/>\n\t\t<meta property=\"og:image\" content=\"https:\/\/www.worldrally.eu\/wp-content\/uploads\/2023\/03\/2.jpg\" \/>\n\t\t<meta property=\"og:image:secure_url\" content=\"https:\/\/www.worldrally.eu\/wp-content\/uploads\/2023\/03\/2.jpg\" \/>\n\t\t<meta property=\"og:image:width\" content=\"1400\" \/>\n\t\t<meta property=\"og:image:height\" content=\"788\" \/>\n\t\t<meta property=\"article:published_time\" content=\"2023-03-11T20:46:59+00:00\" \/>\n\t\t<meta property=\"article:modified_time\" content=\"2023-03-11T20:48:39+00:00\" \/>\n\t\t<meta name=\"twitter:card\" content=\"summary_large_image\" \/>\n\t\t<meta name=\"twitter:title\" content=\"Heikkil\u00e4 liderem po trudnym dniu. \u00bb WorldRally.eu\" \/>\n\t\t<meta name=\"twitter:description\" content=\"To nie by\u0142 \u0142atwy dzie\u0144 dla kierowc\u00f3w otwieraj\u0105cej rundy Rajdowe Mistrzostwa Europy FIA 2023, Rally Serras de Fafe, Felgueiras, Boticas, Vieira do Minho i Cabeceiras de Basto. Trzy odcinki odwo\u0142ane i jedna czerwona flaga po wypadku portugalskiej za\u0142ogi. Obecny mistrz Finlandii, za kierownic\u0105 \u0160kody Fabia Rally2 Evo, pocz\u0105tkowo prowadzi\u0142 na OS3, po czym spad\u0142 na\" \/>\n\t\t<meta name=\"twitter:image\" content=\"https:\/\/www.worldrally.eu\/wp-content\/uploads\/2023\/03\/2.jpg\" \/>\n\t\t<script type=\"application\/ld+json\" class=\"aioseo-schema\">\n\t\t\t{\"@context\":\"https:\\\/\\\/schema.org\",\"@graph\":[{\"@type\":\"BlogPosting\",\"@id\":\"https:\\\/\\\/www.worldrally.eu\\\/index.php\\\/2023\\\/03\\\/11\\\/heikkila-liderem-po-trudnym-dniu\\\/#blogposting\",\"name\":\"Heikkil\\u00e4 liderem po trudnym dniu. \\u00bb WorldRally.eu\",\"headline\":\"Heikkil\\u00e4 liderem po trudnym dniu.\",\"author\":{\"@id\":\"https:\\\/\\\/www.worldrally.eu\\\/index.php\\\/author\\\/magdalena\\\/#author\"},\"publisher\":{\"@id\":\"https:\\\/\\\/www.worldrally.eu\\\/#organization\"},\"image\":{\"@type\":\"ImageObject\",\"url\":\"https:\\\/\\\/www.worldrally.eu\\\/wp-content\\\/uploads\\\/2023\\\/03\\\/2.jpg\",\"width\":1400,\"height\":788},\"datePublished\":\"2023-03-11T20:46:59+00:00\",\"dateModified\":\"2023-03-11T20:48:39+00:00\",\"inLanguage\":\"en-GB\",\"mainEntityOfPage\":{\"@id\":\"https:\\\/\\\/www.worldrally.eu\\\/index.php\\\/2023\\\/03\\\/11\\\/heikkila-liderem-po-trudnym-dniu\\\/#webpage\"},\"isPartOf\":{\"@id\":\"https:\\\/\\\/www.worldrally.eu\\\/index.php\\\/2023\\\/03\\\/11\\\/heikkila-liderem-po-trudnym-dniu\\\/#webpage\"},\"articleSection\":\"ERC\"},{\"@type\":\"BreadcrumbList\",\"@id\":\"https:\\\/\\\/www.worldrally.eu\\\/index.php\\\/2023\\\/03\\\/11\\\/heikkila-liderem-po-trudnym-dniu\\\/#breadcrumblist\",\"itemListElement\":[{\"@type\":\"ListItem\",\"@id\":\"https:\\\/\\\/www.worldrally.eu#listItem\",\"position\":1,\"name\":\"Home\",\"item\":\"https:\\\/\\\/www.worldrally.eu\",\"nextItem\":{\"@type\":\"ListItem\",\"@id\":\"https:\\\/\\\/www.worldrally.eu\\\/index.php\\\/category\\\/erc\\\/#listItem\",\"name\":\"ERC\"}},{\"@type\":\"ListItem\",\"@id\":\"https:\\\/\\\/www.worldrally.eu\\\/index.php\\\/category\\\/erc\\\/#listItem\",\"position\":2,\"name\":\"ERC\",\"item\":\"https:\\\/\\\/www.worldrally.eu\\\/index.php\\\/category\\\/erc\\\/\",\"nextItem\":{\"@type\":\"ListItem\",\"@id\":\"https:\\\/\\\/www.worldrally.eu\\\/index.php\\\/2023\\\/03\\\/11\\\/heikkila-liderem-po-trudnym-dniu\\\/#listItem\",\"name\":\"Heikkil\\u00e4 liderem po trudnym dniu.\"},\"previousItem\":{\"@type\":\"ListItem\",\"@id\":\"https:\\\/\\\/www.worldrally.eu#listItem\",\"name\":\"Home\"}},{\"@type\":\"ListItem\",\"@id\":\"https:\\\/\\\/www.worldrally.eu\\\/index.php\\\/2023\\\/03\\\/11\\\/heikkila-liderem-po-trudnym-dniu\\\/#listItem\",\"position\":3,\"name\":\"Heikkil\\u00e4 liderem po trudnym dniu.\",\"previousItem\":{\"@type\":\"ListItem\",\"@id\":\"https:\\\/\\\/www.worldrally.eu\\\/index.php\\\/category\\\/erc\\\/#listItem\",\"name\":\"ERC\"}}]},{\"@type\":\"Organization\",\"@id\":\"https:\\\/\\\/www.worldrally.eu\\\/#organization\",\"name\":\"WorldRally.eu\",\"url\":\"https:\\\/\\\/www.worldrally.eu\\\/\",\"logo\":{\"@type\":\"ImageObject\",\"url\":\"https:\\\/\\\/www.worldrally.eu\\\/wp-content\\\/uploads\\\/2026\\\/01\\\/cropped-logo-3.png\",\"@id\":\"https:\\\/\\\/www.worldrally.eu\\\/index.php\\\/2023\\\/03\\\/11\\\/heikkila-liderem-po-trudnym-dniu\\\/#organizationLogo\",\"width\":2039,\"height\":756},\"image\":{\"@id\":\"https:\\\/\\\/www.worldrally.eu\\\/index.php\\\/2023\\\/03\\\/11\\\/heikkila-liderem-po-trudnym-dniu\\\/#organizationLogo\"}},{\"@type\":\"Person\",\"@id\":\"https:\\\/\\\/www.worldrally.eu\\\/index.php\\\/author\\\/magdalena\\\/#author\",\"url\":\"https:\\\/\\\/www.worldrally.eu\\\/index.php\\\/author\\\/magdalena\\\/\",\"name\":\"Magdalena\",\"image\":{\"@type\":\"ImageObject\",\"@id\":\"https:\\\/\\\/www.worldrally.eu\\\/index.php\\\/2023\\\/03\\\/11\\\/heikkila-liderem-po-trudnym-dniu\\\/#authorImage\",\"url\":\"https:\\\/\\\/secure.gravatar.com\\\/avatar\\\/853239b46cec38ba30b48d2b091f5538817cc78bdc0944c9ef7408579307e2ea?s=96&d=mm&r=g\",\"width\":96,\"height\":96,\"caption\":\"Magdalena\"}},{\"@type\":\"WebPage\",\"@id\":\"https:\\\/\\\/www.worldrally.eu\\\/index.php\\\/2023\\\/03\\\/11\\\/heikkila-liderem-po-trudnym-dniu\\\/#webpage\",\"url\":\"https:\\\/\\\/www.worldrally.eu\\\/index.php\\\/2023\\\/03\\\/11\\\/heikkila-liderem-po-trudnym-dniu\\\/\",\"name\":\"Heikkil\\u00e4 liderem po trudnym dniu. \\u00bb WorldRally.eu\",\"description\":\"To nie by\\u0142 \\u0142atwy dzie\\u0144 dla kierowc\\u00f3w otwieraj\\u0105cej rundy Rajdowe Mistrzostwa Europy FIA 2023, Rally Serras de Fafe, Felgueiras, Boticas, Vieira do Minho i Cabeceiras de Basto. Trzy odcinki odwo\\u0142ane i jedna czerwona flaga po wypadku portugalskiej za\\u0142ogi. Obecny mistrz Finlandii, za kierownic\\u0105 \\u0160kody Fabia Rally2 Evo, pocz\\u0105tkowo prowadzi\\u0142 na OS3, po czym spad\\u0142 na\",\"inLanguage\":\"en-GB\",\"isPartOf\":{\"@id\":\"https:\\\/\\\/www.worldrally.eu\\\/#website\"},\"breadcrumb\":{\"@id\":\"https:\\\/\\\/www.worldrally.eu\\\/index.php\\\/2023\\\/03\\\/11\\\/heikkila-liderem-po-trudnym-dniu\\\/#breadcrumblist\"},\"author\":{\"@id\":\"https:\\\/\\\/www.worldrally.eu\\\/index.php\\\/author\\\/magdalena\\\/#author\"},\"creator\":{\"@id\":\"https:\\\/\\\/www.worldrally.eu\\\/index.php\\\/author\\\/magdalena\\\/#author\"},\"image\":{\"@type\":\"ImageObject\",\"url\":\"https:\\\/\\\/www.worldrally.eu\\\/wp-content\\\/uploads\\\/2023\\\/03\\\/2.jpg\",\"@id\":\"https:\\\/\\\/www.worldrally.eu\\\/index.php\\\/2023\\\/03\\\/11\\\/heikkila-liderem-po-trudnym-dniu\\\/#mainImage\",\"width\":1400,\"height\":788},\"primaryImageOfPage\":{\"@id\":\"https:\\\/\\\/www.worldrally.eu\\\/index.php\\\/2023\\\/03\\\/11\\\/heikkila-liderem-po-trudnym-dniu\\\/#mainImage\"},\"datePublished\":\"2023-03-11T20:46:59+00:00\",\"dateModified\":\"2023-03-11T20:48:39+00:00\"},{\"@type\":\"WebSite\",\"@id\":\"https:\\\/\\\/www.worldrally.eu\\\/#website\",\"url\":\"https:\\\/\\\/www.worldrally.eu\\\/\",\"name\":\"WorldRally.eu\",\"inLanguage\":\"en-GB\",\"publisher\":{\"@id\":\"https:\\\/\\\/www.worldrally.eu\\\/#organization\"}}]}\n\t\t<\/script>\n\t\t<!-- All in One SEO -->\n\n","aioseo_head_json":{"title":"Heikkil\u00e4 liderem po trudnym dniu. \u00bb WorldRally.eu","description":"To nie by\u0142 \u0142atwy dzie\u0144 dla kierowc\u00f3w otwieraj\u0105cej rundy Rajdowe Mistrzostwa Europy FIA 2023, Rally Serras de Fafe, Felgueiras, Boticas, Vieira do Minho i Cabeceiras de Basto. Trzy odcinki odwo\u0142ane i jedna czerwona flaga po wypadku portugalskiej za\u0142ogi. Obecny mistrz Finlandii, za kierownic\u0105 \u0160kody Fabia Rally2 Evo, pocz\u0105tkowo prowadzi\u0142 na OS3, po czym spad\u0142 na","canonical_url":"https:\/\/www.worldrally.eu\/index.php\/2023\/03\/11\/heikkila-liderem-po-trudnym-dniu\/","robots":"max-image-preview:large","keywords":"","webmasterTools":{"miscellaneous":""},"schema":{"@context":"https:\/\/schema.org","@graph":[{"@type":"BlogPosting","@id":"https:\/\/www.worldrally.eu\/index.php\/2023\/03\/11\/heikkila-liderem-po-trudnym-dniu\/#blogposting","name":"Heikkil\u00e4 liderem po trudnym dniu. \u00bb WorldRally.eu","headline":"Heikkil\u00e4 liderem po trudnym dniu.","author":{"@id":"https:\/\/www.worldrally.eu\/index.php\/author\/magdalena\/#author"},"publisher":{"@id":"https:\/\/www.worldrally.eu\/#organization"},"image":{"@type":"ImageObject","url":"https:\/\/www.worldrally.eu\/wp-content\/uploads\/2023\/03\/2.jpg","width":1400,"height":788},"datePublished":"2023-03-11T20:46:59+00:00","dateModified":"2023-03-11T20:48:39+00:00","inLanguage":"en-GB","mainEntityOfPage":{"@id":"https:\/\/www.worldrally.eu\/index.php\/2023\/03\/11\/heikkila-liderem-po-trudnym-dniu\/#webpage"},"isPartOf":{"@id":"https:\/\/www.worldrally.eu\/index.php\/2023\/03\/11\/heikkila-liderem-po-trudnym-dniu\/#webpage"},"articleSection":"ERC"},{"@type":"BreadcrumbList","@id":"https:\/\/www.worldrally.eu\/index.php\/2023\/03\/11\/heikkila-liderem-po-trudnym-dniu\/#breadcrumblist","itemListElement":[{"@type":"ListItem","@id":"https:\/\/www.worldrally.eu#listItem","position":1,"name":"Home","item":"https:\/\/www.worldrally.eu","nextItem":{"@type":"ListItem","@id":"https:\/\/www.worldrally.eu\/index.php\/category\/erc\/#listItem","name":"ERC"}},{"@type":"ListItem","@id":"https:\/\/www.worldrally.eu\/index.php\/category\/erc\/#listItem","position":2,"name":"ERC","item":"https:\/\/www.worldrally.eu\/index.php\/category\/erc\/","nextItem":{"@type":"ListItem","@id":"https:\/\/www.worldrally.eu\/index.php\/2023\/03\/11\/heikkila-liderem-po-trudnym-dniu\/#listItem","name":"Heikkil\u00e4 liderem po trudnym dniu."},"previousItem":{"@type":"ListItem","@id":"https:\/\/www.worldrally.eu#listItem","name":"Home"}},{"@type":"ListItem","@id":"https:\/\/www.worldrally.eu\/index.php\/2023\/03\/11\/heikkila-liderem-po-trudnym-dniu\/#listItem","position":3,"name":"Heikkil\u00e4 liderem po trudnym dniu.","previousItem":{"@type":"ListItem","@id":"https:\/\/www.worldrally.eu\/index.php\/category\/erc\/#listItem","name":"ERC"}}]},{"@type":"Organization","@id":"https:\/\/www.worldrally.eu\/#organization","name":"WorldRally.eu","url":"https:\/\/www.worldrally.eu\/","logo":{"@type":"ImageObject","url":"https:\/\/www.worldrally.eu\/wp-content\/uploads\/2026\/01\/cropped-logo-3.png","@id":"https:\/\/www.worldrally.eu\/index.php\/2023\/03\/11\/heikkila-liderem-po-trudnym-dniu\/#organizationLogo","width":2039,"height":756},"image":{"@id":"https:\/\/www.worldrally.eu\/index.php\/2023\/03\/11\/heikkila-liderem-po-trudnym-dniu\/#organizationLogo"}},{"@type":"Person","@id":"https:\/\/www.worldrally.eu\/index.php\/author\/magdalena\/#author","url":"https:\/\/www.worldrally.eu\/index.php\/author\/magdalena\/","name":"Magdalena","image":{"@type":"ImageObject","@id":"https:\/\/www.worldrally.eu\/index.php\/2023\/03\/11\/heikkila-liderem-po-trudnym-dniu\/#authorImage","url":"https:\/\/secure.gravatar.com\/avatar\/853239b46cec38ba30b48d2b091f5538817cc78bdc0944c9ef7408579307e2ea?s=96&d=mm&r=g","width":96,"height":96,"caption":"Magdalena"}},{"@type":"WebPage","@id":"https:\/\/www.worldrally.eu\/index.php\/2023\/03\/11\/heikkila-liderem-po-trudnym-dniu\/#webpage","url":"https:\/\/www.worldrally.eu\/index.php\/2023\/03\/11\/heikkila-liderem-po-trudnym-dniu\/","name":"Heikkil\u00e4 liderem po trudnym dniu. \u00bb WorldRally.eu","description":"To nie by\u0142 \u0142atwy dzie\u0144 dla kierowc\u00f3w otwieraj\u0105cej rundy Rajdowe Mistrzostwa Europy FIA 2023, Rally Serras de Fafe, Felgueiras, Boticas, Vieira do Minho i Cabeceiras de Basto. Trzy odcinki odwo\u0142ane i jedna czerwona flaga po wypadku portugalskiej za\u0142ogi. Obecny mistrz Finlandii, za kierownic\u0105 \u0160kody Fabia Rally2 Evo, pocz\u0105tkowo prowadzi\u0142 na OS3, po czym spad\u0142 na","inLanguage":"en-GB","isPartOf":{"@id":"https:\/\/www.worldrally.eu\/#website"},"breadcrumb":{"@id":"https:\/\/www.worldrally.eu\/index.php\/2023\/03\/11\/heikkila-liderem-po-trudnym-dniu\/#breadcrumblist"},"author":{"@id":"https:\/\/www.worldrally.eu\/index.php\/author\/magdalena\/#author"},"creator":{"@id":"https:\/\/www.worldrally.eu\/index.php\/author\/magdalena\/#author"},"image":{"@type":"ImageObject","url":"https:\/\/www.worldrally.eu\/wp-content\/uploads\/2023\/03\/2.jpg","@id":"https:\/\/www.worldrally.eu\/index.php\/2023\/03\/11\/heikkila-liderem-po-trudnym-dniu\/#mainImage","width":1400,"height":788},"primaryImageOfPage":{"@id":"https:\/\/www.worldrally.eu\/index.php\/2023\/03\/11\/heikkila-liderem-po-trudnym-dniu\/#mainImage"},"datePublished":"2023-03-11T20:46:59+00:00","dateModified":"2023-03-11T20:48:39+00:00"},{"@type":"WebSite","@id":"https:\/\/www.worldrally.eu\/#website","url":"https:\/\/www.worldrally.eu\/","name":"WorldRally.eu","inLanguage":"en-GB","publisher":{"@id":"https:\/\/www.worldrally.eu\/#organization"}}]},"og:locale":"en_GB","og:site_name":"WorldRally.eu \u00bb","og:type":"article","og:title":"Heikkil\u00e4 liderem po trudnym dniu. \u00bb WorldRally.eu","og:description":"To nie by\u0142 \u0142atwy dzie\u0144 dla kierowc\u00f3w otwieraj\u0105cej rundy Rajdowe Mistrzostwa Europy FIA 2023, Rally Serras de Fafe, Felgueiras, Boticas, Vieira do Minho i Cabeceiras de Basto. Trzy odcinki odwo\u0142ane i jedna czerwona flaga po wypadku portugalskiej za\u0142ogi. Obecny mistrz Finlandii, za kierownic\u0105 \u0160kody Fabia Rally2 Evo, pocz\u0105tkowo prowadzi\u0142 na OS3, po czym spad\u0142 na","og:url":"https:\/\/www.worldrally.eu\/index.php\/2023\/03\/11\/heikkila-liderem-po-trudnym-dniu\/","og:image":"https:\/\/www.worldrally.eu\/wp-content\/uploads\/2023\/03\/2.jpg","og:image:secure_url":"https:\/\/www.worldrally.eu\/wp-content\/uploads\/2023\/03\/2.jpg","og:image:width":1400,"og:image:height":788,"article:published_time":"2023-03-11T20:46:59+00:00","article:modified_time":"2023-03-11T20:48:39+00:00","twitter:card":"summary_large_image","twitter:title":"Heikkil\u00e4 liderem po trudnym dniu. \u00bb WorldRally.eu","twitter:description":"To nie by\u0142 \u0142atwy dzie\u0144 dla kierowc\u00f3w otwieraj\u0105cej rundy Rajdowe Mistrzostwa Europy FIA 2023, Rally Serras de Fafe, Felgueiras, Boticas, Vieira do Minho i Cabeceiras de Basto. Trzy odcinki odwo\u0142ane i jedna czerwona flaga po wypadku portugalskiej za\u0142ogi. Obecny mistrz Finlandii, za kierownic\u0105 \u0160kody Fabia Rally2 Evo, pocz\u0105tkowo prowadzi\u0142 na OS3, po czym spad\u0142 na","twitter:image":"https:\/\/www.worldrally.eu\/wp-content\/uploads\/2023\/03\/2.jpg"},"aioseo_meta_data":{"post_id":"739","title":null,"description":null,"keywords":null,"keyphrases":null,"primary_term":null,"canonical_url":null,"og_title":null,"og_description":null,"og_object_type":"default","og_image_type":"default","og_image_url":null,"og_image_width":null,"og_image_height":null,"og_image_custom_url":null,"og_image_custom_fields":null,"og_video":null,"og_custom_url":null,"og_article_section":null,"og_article_tags":null,"twitter_use_og":false,"twitter_card":"default","twitter_image_type":"default","twitter_image_url":null,"twitter_image_custom_url":null,"twitter_image_custom_fields":null,"twitter_title":null,"twitter_description":null,"schema":{"blockGraphs":[],"customGraphs":[],"default":{"data":{"Article":[],"Course":[],"Dataset":[],"FAQPage":[],"Movie":[],"Person":[],"Product":[],"ProductReview":[],"Car":[],"Recipe":[],"Service":[],"SoftwareApplication":[],"WebPage":[]},"graphName":"","isEnabled":true},"graphs":[]},"schema_type":"default","schema_type_options":null,"pillar_content":false,"robots_default":true,"robots_noindex":false,"robots_noarchive":false,"robots_nosnippet":false,"robots_nofollow":false,"robots_noimageindex":false,"robots_noodp":false,"robots_notranslate":false,"robots_max_snippet":null,"robots_max_videopreview":null,"robots_max_imagepreview":"large","priority":null,"frequency":null,"local_seo":null,"breadcrumb_settings":null,"limit_modified_date":false,"ai":null,"created":"2025-03-22 06:01:18","updated":"2025-10-26 09:35:11","seo_analyzer_scan_date":null},"aioseo_breadcrumb":"<div class=\"aioseo-breadcrumbs\"><span class=\"aioseo-breadcrumb\">\n\t\t\t<a href=\"https:\/\/www.worldrally.eu\" title=\"Home\">Home<\/a>\n\t\t<\/span><span class=\"aioseo-breadcrumb-separator\">&raquo;<\/span><span class=\"aioseo-breadcrumb\">\n\t\t\t<a href=\"https:\/\/www.worldrally.eu\/index.php\/category\/erc\/\" title=\"ERC\">ERC<\/a>\n\t\t<\/span><span class=\"aioseo-breadcrumb-separator\">&raquo;<\/span><span class=\"aioseo-breadcrumb\">\n\t\t\tHeikkil\u00e4 liderem po trudnym dniu.\n\t\t<\/span><\/div>","aioseo_breadcrumb_json":[{"label":"Home","link":"https:\/\/www.worldrally.eu"},{"label":"ERC","link":"https:\/\/www.worldrally.eu\/index.php\/category\/erc\/"},{"label":"Heikkil\u00e4 liderem po trudnym dniu.","link":"https:\/\/www.worldrally.eu\/index.php\/2023\/03\/11\/heikkila-liderem-po-trudnym-dniu\/"}],"cc_featured_image_caption":{"caption_text":"Foto-FIAerc","source_text":"","source_url":""},"_links":{"self":[{"href":"https:\/\/www.worldrally.eu\/index.php\/wp-json\/wp\/v2\/posts\/739","targetHints":{"allow":["GET"]}}],"collection":[{"href":"https:\/\/www.worldrally.eu\/index.php\/wp-json\/wp\/v2\/posts"}],"about":[{"href":"https:\/\/www.worldrally.eu\/index.php\/wp-json\/wp\/v2\/types\/post"}],"author":[{"embeddable":true,"href":"https:\/\/www.worldrally.eu\/index.php\/wp-json\/wp\/v2\/users\/2"}],"replies":[{"embeddable":true,"href":"https:\/\/www.worldrally.eu\/index.php\/wp-json\/wp\/v2\/comments?post=739"}],"version-history":[{"count":2,"href":"https:\/\/www.worldrally.eu\/index.php\/wp-json\/wp\/v2\/posts\/739\/revisions"}],"predecessor-version":[{"id":744,"href":"https:\/\/www.worldrally.eu\/index.php\/wp-json\/wp\/v2\/posts\/739\/revisions\/744"}],"wp:featuredmedia":[{"embeddable":true,"href":"https:\/\/www.worldrally.eu\/index.php\/wp-json\/wp\/v2\/media\/740"}],"wp:attachment":[{"href":"https:\/\/www.worldrally.eu\/index.php\/wp-json\/wp\/v2\/media?parent=739"}],"wp:term":[{"taxonomy":"category","embeddable":true,"href":"https:\/\/www.worldrally.eu\/index.php\/wp-json\/wp\/v2\/categories?post=739"},{"taxonomy":"post_tag","embeddable":true,"href":"https:\/\/www.worldrally.eu\/index.php\/wp-json\/wp\/v2\/tags?post=739"}],"curies":[{"name":"wp","href":"https:\/\/api.w.org\/{rel}","templated":true}]}}