{"id":671,"date":"2023-02-28T08:47:41","date_gmt":"2023-02-28T08:47:41","guid":{"rendered":"https:\/\/www.worldrally.eu\/?p=671"},"modified":"2023-02-28T08:47:42","modified_gmt":"2023-02-28T08:47:42","slug":"paddona-potwierdza-serie-erc","status":"publish","type":"post","link":"https:\/\/www.worldrally.eu\/index.php\/2023\/02\/28\/paddona-potwierdza-serie-erc\/","title":{"rendered":"Paddona potwierdza seri\u0119 ERC"},"content":{"rendered":"\n<p>Hayden Paddon wraz ze swoim pilotem Johnem Kennardem potwierdzili, powr\u00f3t do rywalizacji  odcinkach Rajdowych Mistrzostw \u015awiata na sezon 2023 i b\u0119d\u0105 rywalizowa\u0107 autem Hyundai i20 N Rally2 przy du\u017cym wsparciu BRC Racing Team<\/p>\n\n\n\n<p><\/p>\n\n\n\n<p>35-letni Nowozelandczyk postanowi\u0142 do\u0142\u0105czy\u0107 do ju\u017c bardzo du\u017cego grona kierowc\u00f3w z niebywa\u0142ym do\u015bwiadczeniem WRC takich jak Mads \u00d8stberg, Tom Kristensson i Pontus Tidemand, anga\u017cuj\u0105c si\u0119 w Rajdowe Mistrzostwa Europy co tylko ponownie pokazuje jak popularna ta seria sie zrobi\u0142a od czasu nowego promotora.<\/p>\n\n\n\n<p>Paddon wyja\u015bni\u0142 dlaczego chce do\u0142\u0105czy\u0107 teraz do tej serii.<\/p>\n\n\n\n<p><em>\u201ePodj\u0119li\u015bmy decyzj\u0119 o skupieniu si\u0119 na ERC z kilku kluczowych powod\u00f3w. Po pierwsze, bud\u017cet jest bardziej osi\u0105galny, wci\u0105\u017c rywalizuj\u0105c w czo\u0142owych mistrzostwach FIA. Po drugie, z osobistego punktu widzenia bardziej poci\u0105gaj\u0105ca jest walka o zwyci\u0119stwa w rajdach ni\u017c o zwyci\u0119stwa w klasach. Jestem teraz na innym etapie mojej kariery, a ERC wygl\u0105da na przyjemn\u0105 kampani\u0119 maj\u0105c\u0105 na celu utrzymanie Hyundai NZ Rally i PRG &#8211; Paddon Racing Group w Europie, jednocze\u015bnie rywalizuj\u0105c z powa\u017cnymi szansami na wygranie rajd\u00f3w.<\/em><\/p>\n\n\n\n<p><em>Ponadto, bior\u0105c pod uwag\u0119 logistyk\u0119 rywalizacji po drugiej stronie \u015bwiata, dostrzegamy warto\u015b\u0107 rozwijania bliskich relacji z wysoko cenionym zespo\u0142em europejskim, takim jak BRC Racing Team, przy jednoczesnym korzystaniu z cz\u0119\u015bci naszego w\u0142asnego personelu\u201d.<\/em><\/p>\n\n\n\n<figure class=\"wp-block-image size-large\"><img fetchpriority=\"high\" decoding=\"async\" width=\"1024\" height=\"683\" src=\"https:\/\/www.worldrally.eu\/wp-content\/uploads\/2023\/02\/P2-1024x683.jpg\" alt=\"\" class=\"wp-image-673\" srcset=\"https:\/\/www.worldrally.eu\/wp-content\/uploads\/2023\/02\/P2-1024x683.jpg 1024w, https:\/\/www.worldrally.eu\/wp-content\/uploads\/2023\/02\/P2-300x200.jpg 300w, https:\/\/www.worldrally.eu\/wp-content\/uploads\/2023\/02\/P2-768x512.jpg 768w, https:\/\/www.worldrally.eu\/wp-content\/uploads\/2023\/02\/P2-1536x1024.jpg 1536w, https:\/\/www.worldrally.eu\/wp-content\/uploads\/2023\/02\/P2-446x297.jpg 446w, https:\/\/www.worldrally.eu\/wp-content\/uploads\/2023\/02\/P2.jpg 2048w\" sizes=\"(max-width: 1024px) 100vw, 1024px\" \/><figcaption class=\"wp-element-caption\">Foto &#8211; Hyundai Motorsport<\/figcaption><\/figure>\n\n\n\n<p>Gabriele Rizzio, szef zespo\u0142u BRC Racing Team, powiedzia\u0142: <\/p>\n\n\n\n<p><em>\u201eJeste\u015bmy zaszczyceni, \u017ce mo\u017cemy rozpocz\u0105\u0107 ten projekt z Haydenem oraz wszystkimi jego partnerami i sponsorami, w tym Hyundai New Zealand. To wyj\u0105tkowa okazja, aby rozszerzy\u0107 nasze powi\u0105zania w \u015bwiecie Hyundaia i powr\u00f3ci\u0107 do wyzwania, jakim jest rywalizacja w FIA ERC w ramach naszych szerszych dzia\u0142a\u0144 zwi\u0105zanych ze sportami motorowymi. Nasz zesp\u00f3\u0142 nie mo\u017ce si\u0119 doczeka\u0107 pierwszego rajdu w Fafe. Zmierzymy si\u0119 z sezonem z naszym zwyk\u0142ym profesjonalizmem i dba\u0142o\u015bci\u0105 o szczeg\u00f3\u0142y, maj\u0105c na celu pokazanie solidnych wynik\u00f3w w ka\u017cdym rajdzie\u201d.<\/em><\/p>\n","protected":false},"excerpt":{"rendered":"<p>Hayden Paddon wraz ze swoim pilotem Johnem Kennardem potwierdzili, powr\u00f3t do rywalizacji odcinkach Rajdowych Mistrzostw \u015awiata na sezon 2023 i b\u0119d\u0105 rywalizowa\u0107 autem Hyundai i20 N Rally2 przy du\u017cym wsparciu BRC Racing Team 35-letni Nowozelandczyk postanowi\u0142 do\u0142\u0105czy\u0107 do ju\u017c bardzo du\u017cego grona kierowc\u00f3w z niebywa\u0142ym do\u015bwiadczeniem WRC takich jak Mads \u00d8stberg, Tom Kristensson i Pontus [&hellip;]<\/p>\n","protected":false},"author":4,"featured_media":672,"comment_status":"closed","ping_status":"closed","sticky":false,"template":"","format":"standard","meta":{"footnotes":""},"categories":[4],"tags":[],"class_list":["post-671","post","type-post","status-publish","format-standard","has-post-thumbnail","hentry","category-erc"],"aioseo_notices":[],"cc_featured_image_caption":{"caption_text":"Foto- Hyunadi Motorsport","source_text":"","source_url":""},"_links":{"self":[{"href":"https:\/\/www.worldrally.eu\/index.php\/wp-json\/wp\/v2\/posts\/671","targetHints":{"allow":["GET"]}}],"collection":[{"href":"https:\/\/www.worldrally.eu\/index.php\/wp-json\/wp\/v2\/posts"}],"about":[{"href":"https:\/\/www.worldrally.eu\/index.php\/wp-json\/wp\/v2\/types\/post"}],"author":[{"embeddable":true,"href":"https:\/\/www.worldrally.eu\/index.php\/wp-json\/wp\/v2\/users\/4"}],"replies":[{"embeddable":true,"href":"https:\/\/www.worldrally.eu\/index.php\/wp-json\/wp\/v2\/comments?post=671"}],"version-history":[{"count":1,"href":"https:\/\/www.worldrally.eu\/index.php\/wp-json\/wp\/v2\/posts\/671\/revisions"}],"predecessor-version":[{"id":674,"href":"https:\/\/www.worldrally.eu\/index.php\/wp-json\/wp\/v2\/posts\/671\/revisions\/674"}],"wp:featuredmedia":[{"embeddable":true,"href":"https:\/\/www.worldrally.eu\/index.php\/wp-json\/wp\/v2\/media\/672"}],"wp:attachment":[{"href":"https:\/\/www.worldrally.eu\/index.php\/wp-json\/wp\/v2\/media?parent=671"}],"wp:term":[{"taxonomy":"category","embeddable":true,"href":"https:\/\/www.worldrally.eu\/index.php\/wp-json\/wp\/v2\/categories?post=671"},{"taxonomy":"post_tag","embeddable":true,"href":"https:\/\/www.worldrally.eu\/index.php\/wp-json\/wp\/v2\/tags?post=671"}],"curies":[{"name":"wp","href":"https:\/\/api.w.org\/{rel}","templated":true}]}}