{"id":652,"date":"2023-02-27T21:24:30","date_gmt":"2023-02-27T21:24:30","guid":{"rendered":"https:\/\/www.worldrally.eu\/?p=652"},"modified":"2023-02-27T21:24:30","modified_gmt":"2023-02-27T21:24:30","slug":"55-zalog-na-otwarciu-erc","status":"publish","type":"post","link":"https:\/\/www.worldrally.eu\/index.php\/2023\/02\/27\/55-zalog-na-otwarciu-erc\/","title":{"rendered":"55 za\u0142\u00f3g na otwarciu ERC"},"content":{"rendered":"\n<p>Rajdowe Mistrzostwa Europy wchodz\u0105 w now\u0105 er\u0119 wielkiego zainteresowania t\u0105 kategoria i ju\u017c w najbli\u017cszym tygodniu b\u0119dzie rywalizowa\u0107 a\u017c, jak 55 za\u0142\u00f3g w Rajdzie Serras de Fafe, Felgueiras, Boticas, Vieira do Minho i Cabeceiras de Basto. <\/p>\n\n\n\n<p> W sumie 21 narodowo\u015bci jest reprezentowanych na li\u015bcie wpis\u00f3w, aby podkre\u015bli\u0107 powszechn\u0105 atrakcyjno\u015b\u0107 ERBN. <\/p>\n\n\n\n<figure class=\"wp-block-image size-large\"><img fetchpriority=\"high\" decoding=\"async\" width=\"1024\" height=\"576\" src=\"https:\/\/www.worldrally.eu\/wp-content\/uploads\/2023\/02\/F2-1024x576.jpeg\" alt=\"\" class=\"wp-image-654\" srcset=\"https:\/\/www.worldrally.eu\/wp-content\/uploads\/2023\/02\/F2-1024x576.jpeg 1024w, https:\/\/www.worldrally.eu\/wp-content\/uploads\/2023\/02\/F2-300x169.jpeg 300w, https:\/\/www.worldrally.eu\/wp-content\/uploads\/2023\/02\/F2-768x432.jpeg 768w, https:\/\/www.worldrally.eu\/wp-content\/uploads\/2023\/02\/F2-1280x720.jpeg 1280w, https:\/\/www.worldrally.eu\/wp-content\/uploads\/2023\/02\/F2.jpeg 1400w\" sizes=\"(max-width: 1024px) 100vw, 1024px\" \/><figcaption class=\"wp-element-caption\">Foto &#8211; FIAerc<\/figcaption><\/figure>\n\n\n\n<p>Mened\u017cer mistrzostw ERC, Iain Campbell, powiedzia\u0142: <\/p>\n\n\n\n<p><em>\u201eWspaniale jest wkracza\u0107 w sezon 70-lecia ERC, wiedz\u0105c, \u017ce zainteresowanie mistrzostwami jest tak du\u017ce, bior\u0105c pod uwag\u0119 wielko\u015b\u0107 listy zg\u0142osze\u0144 do rundy otwarcia w Fafe. Lista startowa jest nie tylko du\u017ca pod wzgl\u0119dem ilo\u015bci, ale tak\u017ce jako\u015bciowa, z niesamowit\u0105 liczb\u0105 kierowc\u00f3w najwy\u017cszego poziomu oraz kierowc\u00f3w nowych w mistrzostwach, kt\u00f3rych celem jest zdobycie mi\u0119dzynarodowego do\u015bwiadczenia, ale bior\u0105cych udzia\u0142 w wysoce konkurencyjnym \u015brodowisku. To tak\u017ce wspania\u0142a wiadomo\u015b\u0107, \u017ce tak wiele narodowo\u015bci jest reprezentowanych\u201d.<\/em><\/p>\n\n\n\n<p><strong>Pe\u0142na lista startowa poni\u017cej<\/strong><\/p>\n\n\n\n<p><a href=\"https:\/\/www.fiaerc.com\/?proxy=redaktion\/ERC\/2023-News\/February\/Fafe-Entry-List.pdf\" data-type=\"URL\" data-id=\"https:\/\/www.fiaerc.com\/?proxy=redaktion\/ERC\/2023-News\/February\/Fafe-Entry-List.pdf\">>>> Lista startowa &lt;&lt;&lt;<\/a><\/p>\n\n\n\n<p><\/p>\n","protected":false},"excerpt":{"rendered":"<p>Rajdowe Mistrzostwa Europy wchodz\u0105 w now\u0105 er\u0119 wielkiego zainteresowania t\u0105 kategoria i ju\u017c w najbli\u017cszym tygodniu b\u0119dzie rywalizowa\u0107 a\u017c, jak 55 za\u0142\u00f3g w Rajdzie Serras de Fafe, Felgueiras, Boticas, Vieira do Minho i Cabeceiras de Basto. W sumie 21 narodowo\u015bci jest reprezentowanych na li\u015bcie wpis\u00f3w, aby podkre\u015bli\u0107 powszechn\u0105 atrakcyjno\u015b\u0107 ERBN. Mened\u017cer mistrzostw ERC, Iain Campbell, [&hellip;]<\/p>\n","protected":false},"author":4,"featured_media":653,"comment_status":"closed","ping_status":"closed","sticky":false,"template":"","format":"standard","meta":{"footnotes":""},"categories":[4],"tags":[],"class_list":["post-652","post","type-post","status-publish","format-standard","has-post-thumbnail","hentry","category-erc"],"aioseo_notices":[],"cc_featured_image_caption":{"caption_text":"Foto - FIAerc","source_text":"","source_url":""},"_links":{"self":[{"href":"https:\/\/www.worldrally.eu\/index.php\/wp-json\/wp\/v2\/posts\/652","targetHints":{"allow":["GET"]}}],"collection":[{"href":"https:\/\/www.worldrally.eu\/index.php\/wp-json\/wp\/v2\/posts"}],"about":[{"href":"https:\/\/www.worldrally.eu\/index.php\/wp-json\/wp\/v2\/types\/post"}],"author":[{"embeddable":true,"href":"https:\/\/www.worldrally.eu\/index.php\/wp-json\/wp\/v2\/users\/4"}],"replies":[{"embeddable":true,"href":"https:\/\/www.worldrally.eu\/index.php\/wp-json\/wp\/v2\/comments?post=652"}],"version-history":[{"count":1,"href":"https:\/\/www.worldrally.eu\/index.php\/wp-json\/wp\/v2\/posts\/652\/revisions"}],"predecessor-version":[{"id":655,"href":"https:\/\/www.worldrally.eu\/index.php\/wp-json\/wp\/v2\/posts\/652\/revisions\/655"}],"wp:featuredmedia":[{"embeddable":true,"href":"https:\/\/www.worldrally.eu\/index.php\/wp-json\/wp\/v2\/media\/653"}],"wp:attachment":[{"href":"https:\/\/www.worldrally.eu\/index.php\/wp-json\/wp\/v2\/media?parent=652"}],"wp:term":[{"taxonomy":"category","embeddable":true,"href":"https:\/\/www.worldrally.eu\/index.php\/wp-json\/wp\/v2\/categories?post=652"},{"taxonomy":"post_tag","embeddable":true,"href":"https:\/\/www.worldrally.eu\/index.php\/wp-json\/wp\/v2\/tags?post=652"}],"curies":[{"name":"wp","href":"https:\/\/api.w.org\/{rel}","templated":true}]}}