{"id":648,"date":"2023-02-27T21:12:02","date_gmt":"2023-02-27T21:12:02","guid":{"rendered":"https:\/\/www.worldrally.eu\/?p=648"},"modified":"2023-02-27T21:12:02","modified_gmt":"2023-02-27T21:12:02","slug":"obrien-dolacza-do-erc","status":"publish","type":"post","link":"https:\/\/www.worldrally.eu\/index.php\/2023\/02\/27\/obrien-dolacza-do-erc\/","title":{"rendered":"O&#8217;Brien do\u0142\u0105cza do ERC"},"content":{"rendered":"\n<p class=\"wp-block-paragraph\">Panuj\u0105cy mistrz Irlandii w dziedzinie le\u015bnictwa i wicemistrz Billy Coleman, Patrick O&#8217;Brien, og\u0142osi\u0142 sw\u00f3j udzia\u0142 w pierwszej rundzie Rajdowych Mistrzostw Europy w Rally Serras de Fafe.<\/p>\n\n\n\n<p class=\"wp-block-paragraph\"> O&#8217;Brien b\u0119dzie rywalizowa\u0142 w swojej zwyci\u0119skiej Skodzie Fabia R5 wraz z bratem Stephenem w zespole Motorsport Ireland Rally Academy Team<\/p>\n\n\n\n<p class=\"wp-block-paragraph\"><em>\u201eERC to dla mnie idealne miejsce do nauki. Poziom zawod\u00f3w jest bardzo wysoki, ten rajd jest kultowy, a niekt\u00f3re etapy dziel\u0105 z imprez\u0105 WRC. Pracuj\u0105c w tym samym zespole z Joshem, mi\u0142o b\u0119dzie si\u0119 z nim por\u00f3wna\u0107, poniewa\u017c ma du\u017ce do\u015bwiadczenie na tym poziomie. Kiedy pojawi\u0142a si\u0119 mo\u017cliwo\u015b\u0107 startu w Rally Serras de Fafe, skorzysta\u0142em z niej. OK, musz\u0119 zdoby\u0107 do\u015bwiadczenie w tego typu wydarzeniach i nie mam \u017cadnych aluzji, \u017ce b\u0119dzie to wyzwanie, ale takie, kt\u00f3re mi si\u0119 spodoba. W tej chwili jedziemy do Portugalii tylko na pierwsz\u0105 rund\u0119, ale mam nadziej\u0119, \u017ce z pomoc\u0105 Akademii uda nam si\u0119 p\u00f3\u017aniej zorganizowa\u0107 kilka wybranych wydarze\u0144. Wiem, \u017ce musz\u0119 finiszowa\u0107 i zdobywa\u0107 do\u015bwiadczenie, ale wci\u0105\u017c mam nadziej\u0119, \u017ce poka\u017c\u0119 swoj\u0105 szybko\u015b\u0107. Musz\u0119 podzi\u0119kowa\u0107 Motorsport Ireland Rally Academy, moim sponsorom i mojemu zespo\u0142owi za pomoc i wsparcie, bez nich nic z tego nie by\u0142oby mo\u017cliwe.<\/em> &#8211; napisa\u0142  O&#8217;Brien na swoim portalu<\/p>\n\n\n\n<figure class=\"wp-block-image size-large\"><img fetchpriority=\"high\" decoding=\"async\" width=\"1024\" height=\"683\" src=\"https:\/\/www.worldrally.eu\/wp-content\/uploads\/2023\/02\/OB2-1024x683.jpg\" alt=\"\" class=\"wp-image-650\" srcset=\"https:\/\/www.worldrally.eu\/wp-content\/uploads\/2023\/02\/OB2-1024x683.jpg 1024w, https:\/\/www.worldrally.eu\/wp-content\/uploads\/2023\/02\/OB2-300x200.jpg 300w, https:\/\/www.worldrally.eu\/wp-content\/uploads\/2023\/02\/OB2-768x512.jpg 768w, https:\/\/www.worldrally.eu\/wp-content\/uploads\/2023\/02\/OB2-1536x1025.jpg 1536w, https:\/\/www.worldrally.eu\/wp-content\/uploads\/2023\/02\/OB2-446x297.jpg 446w, https:\/\/www.worldrally.eu\/wp-content\/uploads\/2023\/02\/OB2.jpg 2048w\" sizes=\"(max-width: 1024px) 100vw, 1024px\" \/><figcaption class=\"wp-element-caption\">Foto &#8211; Patrick O&#8217;Brien Rallying<\/figcaption><\/figure>\n","protected":false},"excerpt":{"rendered":"<p>Panuj\u0105cy mistrz Irlandii w dziedzinie le\u015bnictwa i wicemistrz Billy Coleman, Patrick O&#8217;Brien, og\u0142osi\u0142 sw\u00f3j udzia\u0142 w pierwszej rundzie Rajdowych Mistrzostw Europy w Rally Serras de Fafe. O&#8217;Brien b\u0119dzie rywalizowa\u0142 w swojej zwyci\u0119skiej Skodzie Fabia R5 wraz z bratem Stephenem w zespole Motorsport Ireland Rally Academy Team \u201eERC to dla mnie idealne miejsce do nauki. Poziom [&hellip;]<\/p>\n","protected":false},"author":4,"featured_media":649,"comment_status":"closed","ping_status":"closed","sticky":false,"template":"","format":"standard","meta":{"_monsterinsights_skip_tracking":false,"_monsterinsights_sitenote_active":false,"_monsterinsights_sitenote_note":"","_monsterinsights_sitenote_category":0,"footnotes":""},"categories":[4],"tags":[],"class_list":["post-648","post","type-post","status-publish","format-standard","has-post-thumbnail","hentry","category-erc"],"aioseo_notices":[],"aioseo_head":"\n\t\t<!-- All in One SEO 4.9.9 - aioseo.com -->\n\t<meta name=\"description\" content=\"Panuj\u0105cy mistrz Irlandii w dziedzinie le\u015bnictwa i wicemistrz Billy Coleman, Patrick O&#039;Brien, og\u0142osi\u0142 sw\u00f3j udzia\u0142 w pierwszej rundzie Rajdowych Mistrzostw Europy w Rally Serras de Fafe. O&#039;Brien b\u0119dzie rywalizowa\u0142 w swojej zwyci\u0119skiej Skodzie Fabia R5 wraz z bratem Stephenem w zespole Motorsport Ireland Rally Academy Team \u201eERC to dla mnie idealne miejsce do nauki. Poziom\" \/>\n\t<meta name=\"robots\" content=\"max-image-preview:large\" \/>\n\t<meta name=\"author\" content=\"Slawek\"\/>\n\t<link rel=\"canonical\" href=\"https:\/\/www.worldrally.eu\/index.php\/2023\/02\/27\/obrien-dolacza-do-erc\/\" \/>\n\t<meta name=\"generator\" content=\"All in One SEO (AIOSEO) 4.9.9\" \/>\n\t\t<meta property=\"og:locale\" content=\"en_GB\" \/>\n\t\t<meta property=\"og:site_name\" content=\"WorldRally.eu \u00bb\" \/>\n\t\t<meta property=\"og:type\" content=\"article\" \/>\n\t\t<meta property=\"og:title\" content=\"O\u2019Brien do\u0142\u0105cza do ERC \u00bb WorldRally.eu\" \/>\n\t\t<meta property=\"og:description\" content=\"Panuj\u0105cy mistrz Irlandii w dziedzinie le\u015bnictwa i wicemistrz Billy Coleman, Patrick O&#039;Brien, og\u0142osi\u0142 sw\u00f3j udzia\u0142 w pierwszej rundzie Rajdowych Mistrzostw Europy w Rally Serras de Fafe. O&#039;Brien b\u0119dzie rywalizowa\u0142 w swojej zwyci\u0119skiej Skodzie Fabia R5 wraz z bratem Stephenem w zespole Motorsport Ireland Rally Academy Team \u201eERC to dla mnie idealne miejsce do nauki. Poziom\" \/>\n\t\t<meta property=\"og:url\" content=\"https:\/\/www.worldrally.eu\/index.php\/2023\/02\/27\/obrien-dolacza-do-erc\/\" \/>\n\t\t<meta property=\"og:image\" content=\"https:\/\/www.worldrally.eu\/wp-content\/uploads\/2023\/02\/OB1.jpg\" \/>\n\t\t<meta property=\"og:image:secure_url\" content=\"https:\/\/www.worldrally.eu\/wp-content\/uploads\/2023\/02\/OB1.jpg\" \/>\n\t\t<meta property=\"og:image:width\" content=\"2000\" \/>\n\t\t<meta property=\"og:image:height\" content=\"1328\" \/>\n\t\t<meta property=\"article:published_time\" content=\"2023-02-27T21:12:02+00:00\" \/>\n\t\t<meta property=\"article:modified_time\" content=\"2023-02-27T21:12:02+00:00\" \/>\n\t\t<meta name=\"twitter:card\" content=\"summary_large_image\" \/>\n\t\t<meta name=\"twitter:title\" content=\"O\u2019Brien do\u0142\u0105cza do ERC \u00bb WorldRally.eu\" \/>\n\t\t<meta name=\"twitter:description\" content=\"Panuj\u0105cy mistrz Irlandii w dziedzinie le\u015bnictwa i wicemistrz Billy Coleman, Patrick O&#039;Brien, og\u0142osi\u0142 sw\u00f3j udzia\u0142 w pierwszej rundzie Rajdowych Mistrzostw Europy w Rally Serras de Fafe. O&#039;Brien b\u0119dzie rywalizowa\u0142 w swojej zwyci\u0119skiej Skodzie Fabia R5 wraz z bratem Stephenem w zespole Motorsport Ireland Rally Academy Team \u201eERC to dla mnie idealne miejsce do nauki. Poziom\" \/>\n\t\t<meta name=\"twitter:image\" content=\"https:\/\/www.worldrally.eu\/wp-content\/uploads\/2023\/02\/OB1.jpg\" \/>\n\t\t<script type=\"application\/ld+json\" class=\"aioseo-schema\">\n\t\t\t{\"@context\":\"https:\\\/\\\/schema.org\",\"@graph\":[{\"@type\":\"BlogPosting\",\"@id\":\"https:\\\/\\\/www.worldrally.eu\\\/index.php\\\/2023\\\/02\\\/27\\\/obrien-dolacza-do-erc\\\/#blogposting\",\"name\":\"O\\u2019Brien do\\u0142\\u0105cza do ERC \\u00bb WorldRally.eu\",\"headline\":\"O&#8217;Brien do\\u0142\\u0105cza do ERC\",\"author\":{\"@id\":\"https:\\\/\\\/www.worldrally.eu\\\/index.php\\\/author\\\/slawek\\\/#author\"},\"publisher\":{\"@id\":\"https:\\\/\\\/www.worldrally.eu\\\/#organization\"},\"image\":{\"@type\":\"ImageObject\",\"url\":\"https:\\\/\\\/www.worldrally.eu\\\/wp-content\\\/uploads\\\/2023\\\/02\\\/OB1.jpg\",\"width\":2000,\"height\":1328},\"datePublished\":\"2023-02-27T21:12:02+00:00\",\"dateModified\":\"2023-02-27T21:12:02+00:00\",\"inLanguage\":\"en-GB\",\"mainEntityOfPage\":{\"@id\":\"https:\\\/\\\/www.worldrally.eu\\\/index.php\\\/2023\\\/02\\\/27\\\/obrien-dolacza-do-erc\\\/#webpage\"},\"isPartOf\":{\"@id\":\"https:\\\/\\\/www.worldrally.eu\\\/index.php\\\/2023\\\/02\\\/27\\\/obrien-dolacza-do-erc\\\/#webpage\"},\"articleSection\":\"ERC\"},{\"@type\":\"BreadcrumbList\",\"@id\":\"https:\\\/\\\/www.worldrally.eu\\\/index.php\\\/2023\\\/02\\\/27\\\/obrien-dolacza-do-erc\\\/#breadcrumblist\",\"itemListElement\":[{\"@type\":\"ListItem\",\"@id\":\"https:\\\/\\\/www.worldrally.eu#listItem\",\"position\":1,\"name\":\"Home\",\"item\":\"https:\\\/\\\/www.worldrally.eu\",\"nextItem\":{\"@type\":\"ListItem\",\"@id\":\"https:\\\/\\\/www.worldrally.eu\\\/index.php\\\/category\\\/erc\\\/#listItem\",\"name\":\"ERC\"}},{\"@type\":\"ListItem\",\"@id\":\"https:\\\/\\\/www.worldrally.eu\\\/index.php\\\/category\\\/erc\\\/#listItem\",\"position\":2,\"name\":\"ERC\",\"item\":\"https:\\\/\\\/www.worldrally.eu\\\/index.php\\\/category\\\/erc\\\/\",\"nextItem\":{\"@type\":\"ListItem\",\"@id\":\"https:\\\/\\\/www.worldrally.eu\\\/index.php\\\/2023\\\/02\\\/27\\\/obrien-dolacza-do-erc\\\/#listItem\",\"name\":\"O&#8217;Brien do\\u0142\\u0105cza do ERC\"},\"previousItem\":{\"@type\":\"ListItem\",\"@id\":\"https:\\\/\\\/www.worldrally.eu#listItem\",\"name\":\"Home\"}},{\"@type\":\"ListItem\",\"@id\":\"https:\\\/\\\/www.worldrally.eu\\\/index.php\\\/2023\\\/02\\\/27\\\/obrien-dolacza-do-erc\\\/#listItem\",\"position\":3,\"name\":\"O&#8217;Brien do\\u0142\\u0105cza do ERC\",\"previousItem\":{\"@type\":\"ListItem\",\"@id\":\"https:\\\/\\\/www.worldrally.eu\\\/index.php\\\/category\\\/erc\\\/#listItem\",\"name\":\"ERC\"}}]},{\"@type\":\"Organization\",\"@id\":\"https:\\\/\\\/www.worldrally.eu\\\/#organization\",\"name\":\"WorldRally.eu\",\"url\":\"https:\\\/\\\/www.worldrally.eu\\\/\",\"logo\":{\"@type\":\"ImageObject\",\"url\":\"https:\\\/\\\/www.worldrally.eu\\\/wp-content\\\/uploads\\\/2026\\\/01\\\/cropped-logo-3.png\",\"@id\":\"https:\\\/\\\/www.worldrally.eu\\\/index.php\\\/2023\\\/02\\\/27\\\/obrien-dolacza-do-erc\\\/#organizationLogo\",\"width\":2039,\"height\":756},\"image\":{\"@id\":\"https:\\\/\\\/www.worldrally.eu\\\/index.php\\\/2023\\\/02\\\/27\\\/obrien-dolacza-do-erc\\\/#organizationLogo\"}},{\"@type\":\"Person\",\"@id\":\"https:\\\/\\\/www.worldrally.eu\\\/index.php\\\/author\\\/slawek\\\/#author\",\"url\":\"https:\\\/\\\/www.worldrally.eu\\\/index.php\\\/author\\\/slawek\\\/\",\"name\":\"Slawek\",\"image\":{\"@type\":\"ImageObject\",\"@id\":\"https:\\\/\\\/www.worldrally.eu\\\/index.php\\\/2023\\\/02\\\/27\\\/obrien-dolacza-do-erc\\\/#authorImage\",\"url\":\"https:\\\/\\\/secure.gravatar.com\\\/avatar\\\/69f360f7dae72083ae4bc4ab808684e60db7862f2a4c55f482a5c339df672fd5?s=96&d=mm&r=g\",\"width\":96,\"height\":96,\"caption\":\"Slawek\"}},{\"@type\":\"WebPage\",\"@id\":\"https:\\\/\\\/www.worldrally.eu\\\/index.php\\\/2023\\\/02\\\/27\\\/obrien-dolacza-do-erc\\\/#webpage\",\"url\":\"https:\\\/\\\/www.worldrally.eu\\\/index.php\\\/2023\\\/02\\\/27\\\/obrien-dolacza-do-erc\\\/\",\"name\":\"O\\u2019Brien do\\u0142\\u0105cza do ERC \\u00bb WorldRally.eu\",\"description\":\"Panuj\\u0105cy mistrz Irlandii w dziedzinie le\\u015bnictwa i wicemistrz Billy Coleman, Patrick O'Brien, og\\u0142osi\\u0142 sw\\u00f3j udzia\\u0142 w pierwszej rundzie Rajdowych Mistrzostw Europy w Rally Serras de Fafe. O'Brien b\\u0119dzie rywalizowa\\u0142 w swojej zwyci\\u0119skiej Skodzie Fabia R5 wraz z bratem Stephenem w zespole Motorsport Ireland Rally Academy Team \\u201eERC to dla mnie idealne miejsce do nauki. Poziom\",\"inLanguage\":\"en-GB\",\"isPartOf\":{\"@id\":\"https:\\\/\\\/www.worldrally.eu\\\/#website\"},\"breadcrumb\":{\"@id\":\"https:\\\/\\\/www.worldrally.eu\\\/index.php\\\/2023\\\/02\\\/27\\\/obrien-dolacza-do-erc\\\/#breadcrumblist\"},\"author\":{\"@id\":\"https:\\\/\\\/www.worldrally.eu\\\/index.php\\\/author\\\/slawek\\\/#author\"},\"creator\":{\"@id\":\"https:\\\/\\\/www.worldrally.eu\\\/index.php\\\/author\\\/slawek\\\/#author\"},\"image\":{\"@type\":\"ImageObject\",\"url\":\"https:\\\/\\\/www.worldrally.eu\\\/wp-content\\\/uploads\\\/2023\\\/02\\\/OB1.jpg\",\"@id\":\"https:\\\/\\\/www.worldrally.eu\\\/index.php\\\/2023\\\/02\\\/27\\\/obrien-dolacza-do-erc\\\/#mainImage\",\"width\":2000,\"height\":1328},\"primaryImageOfPage\":{\"@id\":\"https:\\\/\\\/www.worldrally.eu\\\/index.php\\\/2023\\\/02\\\/27\\\/obrien-dolacza-do-erc\\\/#mainImage\"},\"datePublished\":\"2023-02-27T21:12:02+00:00\",\"dateModified\":\"2023-02-27T21:12:02+00:00\"},{\"@type\":\"WebSite\",\"@id\":\"https:\\\/\\\/www.worldrally.eu\\\/#website\",\"url\":\"https:\\\/\\\/www.worldrally.eu\\\/\",\"name\":\"WorldRally.eu\",\"inLanguage\":\"en-GB\",\"publisher\":{\"@id\":\"https:\\\/\\\/www.worldrally.eu\\\/#organization\"}}]}\n\t\t<\/script>\n\t\t<!-- All in One SEO -->\n\n","aioseo_head_json":{"title":"O\u2019Brien do\u0142\u0105cza do ERC \u00bb WorldRally.eu","description":"Panuj\u0105cy mistrz Irlandii w dziedzinie le\u015bnictwa i wicemistrz Billy Coleman, Patrick O'Brien, og\u0142osi\u0142 sw\u00f3j udzia\u0142 w pierwszej rundzie Rajdowych Mistrzostw Europy w Rally Serras de Fafe. O'Brien b\u0119dzie rywalizowa\u0142 w swojej zwyci\u0119skiej Skodzie Fabia R5 wraz z bratem Stephenem w zespole Motorsport Ireland Rally Academy Team \u201eERC to dla mnie idealne miejsce do nauki. Poziom","canonical_url":"https:\/\/www.worldrally.eu\/index.php\/2023\/02\/27\/obrien-dolacza-do-erc\/","robots":"max-image-preview:large","keywords":"","webmasterTools":{"miscellaneous":""},"schema":{"@context":"https:\/\/schema.org","@graph":[{"@type":"BlogPosting","@id":"https:\/\/www.worldrally.eu\/index.php\/2023\/02\/27\/obrien-dolacza-do-erc\/#blogposting","name":"O\u2019Brien do\u0142\u0105cza do ERC \u00bb WorldRally.eu","headline":"O&#8217;Brien do\u0142\u0105cza do ERC","author":{"@id":"https:\/\/www.worldrally.eu\/index.php\/author\/slawek\/#author"},"publisher":{"@id":"https:\/\/www.worldrally.eu\/#organization"},"image":{"@type":"ImageObject","url":"https:\/\/www.worldrally.eu\/wp-content\/uploads\/2023\/02\/OB1.jpg","width":2000,"height":1328},"datePublished":"2023-02-27T21:12:02+00:00","dateModified":"2023-02-27T21:12:02+00:00","inLanguage":"en-GB","mainEntityOfPage":{"@id":"https:\/\/www.worldrally.eu\/index.php\/2023\/02\/27\/obrien-dolacza-do-erc\/#webpage"},"isPartOf":{"@id":"https:\/\/www.worldrally.eu\/index.php\/2023\/02\/27\/obrien-dolacza-do-erc\/#webpage"},"articleSection":"ERC"},{"@type":"BreadcrumbList","@id":"https:\/\/www.worldrally.eu\/index.php\/2023\/02\/27\/obrien-dolacza-do-erc\/#breadcrumblist","itemListElement":[{"@type":"ListItem","@id":"https:\/\/www.worldrally.eu#listItem","position":1,"name":"Home","item":"https:\/\/www.worldrally.eu","nextItem":{"@type":"ListItem","@id":"https:\/\/www.worldrally.eu\/index.php\/category\/erc\/#listItem","name":"ERC"}},{"@type":"ListItem","@id":"https:\/\/www.worldrally.eu\/index.php\/category\/erc\/#listItem","position":2,"name":"ERC","item":"https:\/\/www.worldrally.eu\/index.php\/category\/erc\/","nextItem":{"@type":"ListItem","@id":"https:\/\/www.worldrally.eu\/index.php\/2023\/02\/27\/obrien-dolacza-do-erc\/#listItem","name":"O&#8217;Brien do\u0142\u0105cza do ERC"},"previousItem":{"@type":"ListItem","@id":"https:\/\/www.worldrally.eu#listItem","name":"Home"}},{"@type":"ListItem","@id":"https:\/\/www.worldrally.eu\/index.php\/2023\/02\/27\/obrien-dolacza-do-erc\/#listItem","position":3,"name":"O&#8217;Brien do\u0142\u0105cza do ERC","previousItem":{"@type":"ListItem","@id":"https:\/\/www.worldrally.eu\/index.php\/category\/erc\/#listItem","name":"ERC"}}]},{"@type":"Organization","@id":"https:\/\/www.worldrally.eu\/#organization","name":"WorldRally.eu","url":"https:\/\/www.worldrally.eu\/","logo":{"@type":"ImageObject","url":"https:\/\/www.worldrally.eu\/wp-content\/uploads\/2026\/01\/cropped-logo-3.png","@id":"https:\/\/www.worldrally.eu\/index.php\/2023\/02\/27\/obrien-dolacza-do-erc\/#organizationLogo","width":2039,"height":756},"image":{"@id":"https:\/\/www.worldrally.eu\/index.php\/2023\/02\/27\/obrien-dolacza-do-erc\/#organizationLogo"}},{"@type":"Person","@id":"https:\/\/www.worldrally.eu\/index.php\/author\/slawek\/#author","url":"https:\/\/www.worldrally.eu\/index.php\/author\/slawek\/","name":"Slawek","image":{"@type":"ImageObject","@id":"https:\/\/www.worldrally.eu\/index.php\/2023\/02\/27\/obrien-dolacza-do-erc\/#authorImage","url":"https:\/\/secure.gravatar.com\/avatar\/69f360f7dae72083ae4bc4ab808684e60db7862f2a4c55f482a5c339df672fd5?s=96&d=mm&r=g","width":96,"height":96,"caption":"Slawek"}},{"@type":"WebPage","@id":"https:\/\/www.worldrally.eu\/index.php\/2023\/02\/27\/obrien-dolacza-do-erc\/#webpage","url":"https:\/\/www.worldrally.eu\/index.php\/2023\/02\/27\/obrien-dolacza-do-erc\/","name":"O\u2019Brien do\u0142\u0105cza do ERC \u00bb WorldRally.eu","description":"Panuj\u0105cy mistrz Irlandii w dziedzinie le\u015bnictwa i wicemistrz Billy Coleman, Patrick O'Brien, og\u0142osi\u0142 sw\u00f3j udzia\u0142 w pierwszej rundzie Rajdowych Mistrzostw Europy w Rally Serras de Fafe. O'Brien b\u0119dzie rywalizowa\u0142 w swojej zwyci\u0119skiej Skodzie Fabia R5 wraz z bratem Stephenem w zespole Motorsport Ireland Rally Academy Team \u201eERC to dla mnie idealne miejsce do nauki. Poziom","inLanguage":"en-GB","isPartOf":{"@id":"https:\/\/www.worldrally.eu\/#website"},"breadcrumb":{"@id":"https:\/\/www.worldrally.eu\/index.php\/2023\/02\/27\/obrien-dolacza-do-erc\/#breadcrumblist"},"author":{"@id":"https:\/\/www.worldrally.eu\/index.php\/author\/slawek\/#author"},"creator":{"@id":"https:\/\/www.worldrally.eu\/index.php\/author\/slawek\/#author"},"image":{"@type":"ImageObject","url":"https:\/\/www.worldrally.eu\/wp-content\/uploads\/2023\/02\/OB1.jpg","@id":"https:\/\/www.worldrally.eu\/index.php\/2023\/02\/27\/obrien-dolacza-do-erc\/#mainImage","width":2000,"height":1328},"primaryImageOfPage":{"@id":"https:\/\/www.worldrally.eu\/index.php\/2023\/02\/27\/obrien-dolacza-do-erc\/#mainImage"},"datePublished":"2023-02-27T21:12:02+00:00","dateModified":"2023-02-27T21:12:02+00:00"},{"@type":"WebSite","@id":"https:\/\/www.worldrally.eu\/#website","url":"https:\/\/www.worldrally.eu\/","name":"WorldRally.eu","inLanguage":"en-GB","publisher":{"@id":"https:\/\/www.worldrally.eu\/#organization"}}]},"og:locale":"en_GB","og:site_name":"WorldRally.eu \u00bb","og:type":"article","og:title":"O\u2019Brien do\u0142\u0105cza do ERC \u00bb WorldRally.eu","og:description":"Panuj\u0105cy mistrz Irlandii w dziedzinie le\u015bnictwa i wicemistrz Billy Coleman, Patrick O'Brien, og\u0142osi\u0142 sw\u00f3j udzia\u0142 w pierwszej rundzie Rajdowych Mistrzostw Europy w Rally Serras de Fafe. O'Brien b\u0119dzie rywalizowa\u0142 w swojej zwyci\u0119skiej Skodzie Fabia R5 wraz z bratem Stephenem w zespole Motorsport Ireland Rally Academy Team \u201eERC to dla mnie idealne miejsce do nauki. Poziom","og:url":"https:\/\/www.worldrally.eu\/index.php\/2023\/02\/27\/obrien-dolacza-do-erc\/","og:image":"https:\/\/www.worldrally.eu\/wp-content\/uploads\/2023\/02\/OB1.jpg","og:image:secure_url":"https:\/\/www.worldrally.eu\/wp-content\/uploads\/2023\/02\/OB1.jpg","og:image:width":2000,"og:image:height":1328,"article:published_time":"2023-02-27T21:12:02+00:00","article:modified_time":"2023-02-27T21:12:02+00:00","twitter:card":"summary_large_image","twitter:title":"O\u2019Brien do\u0142\u0105cza do ERC \u00bb WorldRally.eu","twitter:description":"Panuj\u0105cy mistrz Irlandii w dziedzinie le\u015bnictwa i wicemistrz Billy Coleman, Patrick O'Brien, og\u0142osi\u0142 sw\u00f3j udzia\u0142 w pierwszej rundzie Rajdowych Mistrzostw Europy w Rally Serras de Fafe. O'Brien b\u0119dzie rywalizowa\u0142 w swojej zwyci\u0119skiej Skodzie Fabia R5 wraz z bratem Stephenem w zespole Motorsport Ireland Rally Academy Team \u201eERC to dla mnie idealne miejsce do nauki. Poziom","twitter:image":"https:\/\/www.worldrally.eu\/wp-content\/uploads\/2023\/02\/OB1.jpg"},"aioseo_meta_data":{"post_id":"648","title":null,"description":null,"keywords":null,"keyphrases":null,"primary_term":null,"canonical_url":null,"og_title":null,"og_description":null,"og_object_type":"default","og_image_type":"default","og_image_url":null,"og_image_width":null,"og_image_height":null,"og_image_custom_url":null,"og_image_custom_fields":null,"og_video":null,"og_custom_url":null,"og_article_section":null,"og_article_tags":null,"twitter_use_og":false,"twitter_card":"default","twitter_image_type":"default","twitter_image_url":null,"twitter_image_custom_url":null,"twitter_image_custom_fields":null,"twitter_title":null,"twitter_description":null,"schema":{"blockGraphs":[],"customGraphs":[],"default":{"data":{"Article":[],"Course":[],"Dataset":[],"FAQPage":[],"Movie":[],"Person":[],"Product":[],"ProductReview":[],"Car":[],"Recipe":[],"Service":[],"SoftwareApplication":[],"WebPage":[]},"graphName":"","isEnabled":true},"graphs":[]},"schema_type":"default","schema_type_options":null,"pillar_content":false,"robots_default":true,"robots_noindex":false,"robots_noarchive":false,"robots_nosnippet":false,"robots_nofollow":false,"robots_noimageindex":false,"robots_noodp":false,"robots_notranslate":false,"robots_max_snippet":null,"robots_max_videopreview":null,"robots_max_imagepreview":"large","priority":null,"frequency":null,"local_seo":null,"breadcrumb_settings":null,"limit_modified_date":false,"ai":null,"created":"2025-03-22 05:59:18","updated":"2025-10-26 09:04:14","seo_analyzer_scan_date":null},"aioseo_breadcrumb":"<div class=\"aioseo-breadcrumbs\"><span class=\"aioseo-breadcrumb\">\n\t\t\t<a href=\"https:\/\/www.worldrally.eu\" title=\"Home\">Home<\/a>\n\t\t<\/span><span class=\"aioseo-breadcrumb-separator\">&raquo;<\/span><span class=\"aioseo-breadcrumb\">\n\t\t\t<a href=\"https:\/\/www.worldrally.eu\/index.php\/category\/erc\/\" title=\"ERC\">ERC<\/a>\n\t\t<\/span><span class=\"aioseo-breadcrumb-separator\">&raquo;<\/span><span class=\"aioseo-breadcrumb\">\n\t\t\tO\u2019Brien do\u0142\u0105cza do ERC\n\t\t<\/span><\/div>","aioseo_breadcrumb_json":[{"label":"Home","link":"https:\/\/www.worldrally.eu"},{"label":"ERC","link":"https:\/\/www.worldrally.eu\/index.php\/category\/erc\/"},{"label":"O&#8217;Brien do\u0142\u0105cza do ERC","link":"https:\/\/www.worldrally.eu\/index.php\/2023\/02\/27\/obrien-dolacza-do-erc\/"}],"cc_featured_image_caption":{"caption_text":"Foto -  Patrick O'Brien Rallying\r\n","source_text":"","source_url":""},"_links":{"self":[{"href":"https:\/\/www.worldrally.eu\/index.php\/wp-json\/wp\/v2\/posts\/648","targetHints":{"allow":["GET"]}}],"collection":[{"href":"https:\/\/www.worldrally.eu\/index.php\/wp-json\/wp\/v2\/posts"}],"about":[{"href":"https:\/\/www.worldrally.eu\/index.php\/wp-json\/wp\/v2\/types\/post"}],"author":[{"embeddable":true,"href":"https:\/\/www.worldrally.eu\/index.php\/wp-json\/wp\/v2\/users\/4"}],"replies":[{"embeddable":true,"href":"https:\/\/www.worldrally.eu\/index.php\/wp-json\/wp\/v2\/comments?post=648"}],"version-history":[{"count":1,"href":"https:\/\/www.worldrally.eu\/index.php\/wp-json\/wp\/v2\/posts\/648\/revisions"}],"predecessor-version":[{"id":651,"href":"https:\/\/www.worldrally.eu\/index.php\/wp-json\/wp\/v2\/posts\/648\/revisions\/651"}],"wp:featuredmedia":[{"embeddable":true,"href":"https:\/\/www.worldrally.eu\/index.php\/wp-json\/wp\/v2\/media\/649"}],"wp:attachment":[{"href":"https:\/\/www.worldrally.eu\/index.php\/wp-json\/wp\/v2\/media?parent=648"}],"wp:term":[{"taxonomy":"category","embeddable":true,"href":"https:\/\/www.worldrally.eu\/index.php\/wp-json\/wp\/v2\/categories?post=648"},{"taxonomy":"post_tag","embeddable":true,"href":"https:\/\/www.worldrally.eu\/index.php\/wp-json\/wp\/v2\/tags?post=648"}],"curies":[{"name":"wp","href":"https:\/\/api.w.org\/{rel}","templated":true}]}}