{"id":644,"date":"2023-02-27T20:48:47","date_gmt":"2023-02-27T20:48:47","guid":{"rendered":"https:\/\/www.worldrally.eu\/?p=644"},"modified":"2023-02-27T20:48:47","modified_gmt":"2023-02-27T20:48:47","slug":"ostberg-z-zespolem-mrf","status":"publish","type":"post","link":"https:\/\/www.worldrally.eu\/index.php\/2023\/02\/27\/ostberg-z-zespolem-mrf\/","title":{"rendered":"\u00d8stberg z zespo\u0142em MRF"},"content":{"rendered":"\n<p class=\"wp-block-paragraph\">Norweski kierowca Mads \u00d8stberg, og\u0142osi\u0142 se w sezonie 2023 bedzie startowa\u0142 w Rajdowych Mistrzostwach Europy, do\u0142\u0105czaj\u0105c do zespo\u0142u dealer\u00f3w opon MRF Tyres, jest to piaty kierowca potwierdzony przez zesp\u00f3\u0142, kt\u00f3ry w ubieg\u0142ym roku wywalczy\u0142 tytu\u0142 mistrzowski.<\/p>\n\n\n\n<p class=\"wp-block-paragraph\">\u00d8stberg jest podekscytowany byciem cz\u0119\u015bci\u0105 indyjskiego zespo\u0142u oponiarskiego i wierzy, \u017ce jego bogata wiedza i do\u015bwiadczenie, kt\u00f3re zdoby\u0142 \u015bcigaj\u0105c si\u0119 przez wiele lat w kilku seriach pozwol\u0105 mu i pilotowi  wywrze\u0107 znacz\u0105cy wp\u0142yw na seri\u0119 i wsp\u00f3lnymi si\u0142ami ponownie osi\u0105gn\u0105\u0107 sukces.<\/p>\n\n\n\n<p class=\"wp-block-paragraph\">Norweski kierowca, kt\u00f3ry wygra\u0142 WRC Rally de Portugal w 2012 roku i zgromadzi\u0142 18 miejsc na podium na najwy\u017cszym poziomie sportowym we\u017amie udzia\u0142 w swoim pierwszym pe\u0142nym wy\u015bcigu ERC za kierownic\u0105 Citro\u00ebna C3 Rally2. Auto b\u0119dzie przygotowane przez Tagai Racing Technology przy du\u017cym wsparciu MRF Tyres. <\/p>\n\n\n\n<p class=\"wp-block-paragraph\"><em>\u201eCitro\u00ebn to samoch\u00f3d, kt\u00f3ry dobrze znam, ale nowym czynnikiem jest oczywi\u015bcie moja wsp\u00f3\u0142praca z MRF Tyres, kt\u00f3r\u0105 uwa\u017cam za naprawd\u0119 interesuj\u0105c\u0105\u201d <\/em>\u2013 powiedzia\u0142 \u00d8stberg dw wywiadzie dla FIAerc<\/p>\n\n\n\n<p class=\"wp-block-paragraph\"><em> &#8220;Zmotywowan\u0105 mark\u0105, kt\u00f3ra ma zamiary osi\u0105gania naprawd\u0119 dobrych wynik\u00f3w i mam nadziej\u0119, \u017ce wsp\u00f3lnie odniesiemy sukces\u201d<\/em>.<em>\u201eOczywi\u015bcie, \u017ce chcemy spr\u00f3bowa\u0107 i zdoby\u0107 mistrzostwo. Bardzo si\u0119 ciesz\u0119, \u017ce mog\u0119 startowa\u0107 w ERC. W zesz\u0142ym roku nie bra\u0142em udzia\u0142u w \u017cadnych du\u017cych mistrzostwach, ale nie mog\u0119 si\u0119 doczeka\u0107 i czuj\u0119 si\u0119 bardzo zmotywowany\u201d<\/em>. &#8211; doda\u0142<\/p>\n\n\n\n<figure class=\"wp-block-image size-large\"><img fetchpriority=\"high\" decoding=\"async\" width=\"1024\" height=\"576\" src=\"https:\/\/www.worldrally.eu\/wp-content\/uploads\/2023\/02\/O2-1024x576.jpg\" alt=\"\" class=\"wp-image-645\" srcset=\"https:\/\/www.worldrally.eu\/wp-content\/uploads\/2023\/02\/O2-1024x576.jpg 1024w, https:\/\/www.worldrally.eu\/wp-content\/uploads\/2023\/02\/O2-300x169.jpg 300w, https:\/\/www.worldrally.eu\/wp-content\/uploads\/2023\/02\/O2-768x432.jpg 768w, https:\/\/www.worldrally.eu\/wp-content\/uploads\/2023\/02\/O2-1280x720.jpg 1280w, https:\/\/www.worldrally.eu\/wp-content\/uploads\/2023\/02\/O2.jpg 1400w\" sizes=\"(max-width: 1024px) 100vw, 1024px\" \/><figcaption class=\"wp-element-caption\">Foto- FIAerc<\/figcaption><\/figure>\n\n\n\n<p class=\"wp-block-paragraph\">Przedstawiciel zespo\u0142u MRF Tyres, Vivek Ponnusamy, powiedzia\u0142: \u201e<em>Do\u0142\u0105czenie Madsa do zespo\u0142u dealer\u00f3w opon MRF to dla nas ogromny zaszczyt i cieszymy si\u0119, \u017ce mamy go na pok\u0142adzie na sezon 2023.<\/em><\/p>\n","protected":false},"excerpt":{"rendered":"<p>Norweski kierowca Mads \u00d8stberg, og\u0142osi\u0142 se w sezonie 2023 bedzie startowa\u0142 w Rajdowych Mistrzostwach Europy, do\u0142\u0105czaj\u0105c do zespo\u0142u dealer\u00f3w opon MRF Tyres, jest to piaty kierowca potwierdzony przez zesp\u00f3\u0142, kt\u00f3ry w ubieg\u0142ym roku wywalczy\u0142 tytu\u0142 mistrzowski. \u00d8stberg jest podekscytowany byciem cz\u0119\u015bci\u0105 indyjskiego zespo\u0142u oponiarskiego i wierzy, \u017ce jego bogata wiedza i do\u015bwiadczenie, kt\u00f3re zdoby\u0142 \u015bcigaj\u0105c [&hellip;]<\/p>\n","protected":false},"author":1,"featured_media":646,"comment_status":"closed","ping_status":"closed","sticky":false,"template":"","format":"standard","meta":{"_monsterinsights_skip_tracking":false,"_monsterinsights_sitenote_active":false,"_monsterinsights_sitenote_note":"","_monsterinsights_sitenote_category":0,"footnotes":""},"categories":[4],"tags":[],"class_list":["post-644","post","type-post","status-publish","format-standard","has-post-thumbnail","hentry","category-erc"],"aioseo_notices":[],"aioseo_head":"\n\t\t<!-- All in One SEO 4.9.9 - aioseo.com -->\n\t<meta name=\"description\" content=\"Norweski kierowca Mads \u00d8stberg, og\u0142osi\u0142 se w sezonie 2023 bedzie startowa\u0142 w Rajdowych Mistrzostwach Europy, do\u0142\u0105czaj\u0105c do zespo\u0142u dealer\u00f3w opon MRF Tyres, jest to piaty kierowca potwierdzony przez zesp\u00f3\u0142, kt\u00f3ry w ubieg\u0142ym roku wywalczy\u0142 tytu\u0142 mistrzowski. \u00d8stberg jest podekscytowany byciem cz\u0119\u015bci\u0105 indyjskiego zespo\u0142u oponiarskiego i wierzy, \u017ce jego bogata wiedza i do\u015bwiadczenie, kt\u00f3re zdoby\u0142 \u015bcigaj\u0105c\" \/>\n\t<meta name=\"robots\" content=\"max-image-preview:large\" \/>\n\t<meta name=\"author\" content=\"Junior\"\/>\n\t<link rel=\"canonical\" href=\"https:\/\/www.worldrally.eu\/index.php\/2023\/02\/27\/ostberg-z-zespolem-mrf\/\" \/>\n\t<meta name=\"generator\" content=\"All in One SEO (AIOSEO) 4.9.9\" \/>\n\t\t<meta property=\"og:locale\" content=\"en_GB\" \/>\n\t\t<meta property=\"og:site_name\" content=\"WorldRally.eu \u00bb\" \/>\n\t\t<meta property=\"og:type\" content=\"article\" \/>\n\t\t<meta property=\"og:title\" content=\"\u00d8stberg z zespo\u0142em MRF \u00bb WorldRally.eu\" \/>\n\t\t<meta property=\"og:description\" content=\"Norweski kierowca Mads \u00d8stberg, og\u0142osi\u0142 se w sezonie 2023 bedzie startowa\u0142 w Rajdowych Mistrzostwach Europy, do\u0142\u0105czaj\u0105c do zespo\u0142u dealer\u00f3w opon MRF Tyres, jest to piaty kierowca potwierdzony przez zesp\u00f3\u0142, kt\u00f3ry w ubieg\u0142ym roku wywalczy\u0142 tytu\u0142 mistrzowski. \u00d8stberg jest podekscytowany byciem cz\u0119\u015bci\u0105 indyjskiego zespo\u0142u oponiarskiego i wierzy, \u017ce jego bogata wiedza i do\u015bwiadczenie, kt\u00f3re zdoby\u0142 \u015bcigaj\u0105c\" \/>\n\t\t<meta property=\"og:url\" content=\"https:\/\/www.worldrally.eu\/index.php\/2023\/02\/27\/ostberg-z-zespolem-mrf\/\" \/>\n\t\t<meta property=\"og:image\" content=\"https:\/\/www.worldrally.eu\/wp-content\/uploads\/2023\/02\/O1.jpg\" \/>\n\t\t<meta property=\"og:image:secure_url\" content=\"https:\/\/www.worldrally.eu\/wp-content\/uploads\/2023\/02\/O1.jpg\" \/>\n\t\t<meta property=\"og:image:width\" content=\"1400\" \/>\n\t\t<meta property=\"og:image:height\" content=\"788\" \/>\n\t\t<meta property=\"article:published_time\" content=\"2023-02-27T20:48:47+00:00\" \/>\n\t\t<meta property=\"article:modified_time\" content=\"2023-02-27T20:48:47+00:00\" \/>\n\t\t<meta name=\"twitter:card\" content=\"summary_large_image\" \/>\n\t\t<meta name=\"twitter:title\" content=\"\u00d8stberg z zespo\u0142em MRF \u00bb WorldRally.eu\" \/>\n\t\t<meta name=\"twitter:description\" content=\"Norweski kierowca Mads \u00d8stberg, og\u0142osi\u0142 se w sezonie 2023 bedzie startowa\u0142 w Rajdowych Mistrzostwach Europy, do\u0142\u0105czaj\u0105c do zespo\u0142u dealer\u00f3w opon MRF Tyres, jest to piaty kierowca potwierdzony przez zesp\u00f3\u0142, kt\u00f3ry w ubieg\u0142ym roku wywalczy\u0142 tytu\u0142 mistrzowski. \u00d8stberg jest podekscytowany byciem cz\u0119\u015bci\u0105 indyjskiego zespo\u0142u oponiarskiego i wierzy, \u017ce jego bogata wiedza i do\u015bwiadczenie, kt\u00f3re zdoby\u0142 \u015bcigaj\u0105c\" \/>\n\t\t<meta name=\"twitter:image\" content=\"https:\/\/www.worldrally.eu\/wp-content\/uploads\/2023\/02\/O1.jpg\" \/>\n\t\t<script type=\"application\/ld+json\" class=\"aioseo-schema\">\n\t\t\t{\"@context\":\"https:\\\/\\\/schema.org\",\"@graph\":[{\"@type\":\"BlogPosting\",\"@id\":\"https:\\\/\\\/www.worldrally.eu\\\/index.php\\\/2023\\\/02\\\/27\\\/ostberg-z-zespolem-mrf\\\/#blogposting\",\"name\":\"\\u00d8stberg z zespo\\u0142em MRF \\u00bb WorldRally.eu\",\"headline\":\"\\u00d8stberg z zespo\\u0142em MRF\",\"author\":{\"@id\":\"https:\\\/\\\/www.worldrally.eu\\\/index.php\\\/author\\\/admin\\\/#author\"},\"publisher\":{\"@id\":\"https:\\\/\\\/www.worldrally.eu\\\/#organization\"},\"image\":{\"@type\":\"ImageObject\",\"url\":\"https:\\\/\\\/www.worldrally.eu\\\/wp-content\\\/uploads\\\/2023\\\/02\\\/O1.jpg\",\"width\":1400,\"height\":788},\"datePublished\":\"2023-02-27T20:48:47+00:00\",\"dateModified\":\"2023-02-27T20:48:47+00:00\",\"inLanguage\":\"en-GB\",\"mainEntityOfPage\":{\"@id\":\"https:\\\/\\\/www.worldrally.eu\\\/index.php\\\/2023\\\/02\\\/27\\\/ostberg-z-zespolem-mrf\\\/#webpage\"},\"isPartOf\":{\"@id\":\"https:\\\/\\\/www.worldrally.eu\\\/index.php\\\/2023\\\/02\\\/27\\\/ostberg-z-zespolem-mrf\\\/#webpage\"},\"articleSection\":\"ERC\"},{\"@type\":\"BreadcrumbList\",\"@id\":\"https:\\\/\\\/www.worldrally.eu\\\/index.php\\\/2023\\\/02\\\/27\\\/ostberg-z-zespolem-mrf\\\/#breadcrumblist\",\"itemListElement\":[{\"@type\":\"ListItem\",\"@id\":\"https:\\\/\\\/www.worldrally.eu#listItem\",\"position\":1,\"name\":\"Home\",\"item\":\"https:\\\/\\\/www.worldrally.eu\",\"nextItem\":{\"@type\":\"ListItem\",\"@id\":\"https:\\\/\\\/www.worldrally.eu\\\/index.php\\\/category\\\/erc\\\/#listItem\",\"name\":\"ERC\"}},{\"@type\":\"ListItem\",\"@id\":\"https:\\\/\\\/www.worldrally.eu\\\/index.php\\\/category\\\/erc\\\/#listItem\",\"position\":2,\"name\":\"ERC\",\"item\":\"https:\\\/\\\/www.worldrally.eu\\\/index.php\\\/category\\\/erc\\\/\",\"nextItem\":{\"@type\":\"ListItem\",\"@id\":\"https:\\\/\\\/www.worldrally.eu\\\/index.php\\\/2023\\\/02\\\/27\\\/ostberg-z-zespolem-mrf\\\/#listItem\",\"name\":\"\\u00d8stberg z zespo\\u0142em MRF\"},\"previousItem\":{\"@type\":\"ListItem\",\"@id\":\"https:\\\/\\\/www.worldrally.eu#listItem\",\"name\":\"Home\"}},{\"@type\":\"ListItem\",\"@id\":\"https:\\\/\\\/www.worldrally.eu\\\/index.php\\\/2023\\\/02\\\/27\\\/ostberg-z-zespolem-mrf\\\/#listItem\",\"position\":3,\"name\":\"\\u00d8stberg z zespo\\u0142em MRF\",\"previousItem\":{\"@type\":\"ListItem\",\"@id\":\"https:\\\/\\\/www.worldrally.eu\\\/index.php\\\/category\\\/erc\\\/#listItem\",\"name\":\"ERC\"}}]},{\"@type\":\"Organization\",\"@id\":\"https:\\\/\\\/www.worldrally.eu\\\/#organization\",\"name\":\"WorldRally.eu\",\"url\":\"https:\\\/\\\/www.worldrally.eu\\\/\",\"logo\":{\"@type\":\"ImageObject\",\"url\":\"https:\\\/\\\/www.worldrally.eu\\\/wp-content\\\/uploads\\\/2026\\\/01\\\/cropped-logo-3.png\",\"@id\":\"https:\\\/\\\/www.worldrally.eu\\\/index.php\\\/2023\\\/02\\\/27\\\/ostberg-z-zespolem-mrf\\\/#organizationLogo\",\"width\":2039,\"height\":756},\"image\":{\"@id\":\"https:\\\/\\\/www.worldrally.eu\\\/index.php\\\/2023\\\/02\\\/27\\\/ostberg-z-zespolem-mrf\\\/#organizationLogo\"}},{\"@type\":\"Person\",\"@id\":\"https:\\\/\\\/www.worldrally.eu\\\/index.php\\\/author\\\/admin\\\/#author\",\"url\":\"https:\\\/\\\/www.worldrally.eu\\\/index.php\\\/author\\\/admin\\\/\",\"name\":\"Junior\",\"image\":{\"@type\":\"ImageObject\",\"@id\":\"https:\\\/\\\/www.worldrally.eu\\\/index.php\\\/2023\\\/02\\\/27\\\/ostberg-z-zespolem-mrf\\\/#authorImage\",\"url\":\"https:\\\/\\\/secure.gravatar.com\\\/avatar\\\/5bd369ac0447285dc20b588693ca1756d0179a7f957258050a42a968bf3b9d0a?s=96&d=mm&r=g\",\"width\":96,\"height\":96,\"caption\":\"Junior\"}},{\"@type\":\"WebPage\",\"@id\":\"https:\\\/\\\/www.worldrally.eu\\\/index.php\\\/2023\\\/02\\\/27\\\/ostberg-z-zespolem-mrf\\\/#webpage\",\"url\":\"https:\\\/\\\/www.worldrally.eu\\\/index.php\\\/2023\\\/02\\\/27\\\/ostberg-z-zespolem-mrf\\\/\",\"name\":\"\\u00d8stberg z zespo\\u0142em MRF \\u00bb WorldRally.eu\",\"description\":\"Norweski kierowca Mads \\u00d8stberg, og\\u0142osi\\u0142 se w sezonie 2023 bedzie startowa\\u0142 w Rajdowych Mistrzostwach Europy, do\\u0142\\u0105czaj\\u0105c do zespo\\u0142u dealer\\u00f3w opon MRF Tyres, jest to piaty kierowca potwierdzony przez zesp\\u00f3\\u0142, kt\\u00f3ry w ubieg\\u0142ym roku wywalczy\\u0142 tytu\\u0142 mistrzowski. \\u00d8stberg jest podekscytowany byciem cz\\u0119\\u015bci\\u0105 indyjskiego zespo\\u0142u oponiarskiego i wierzy, \\u017ce jego bogata wiedza i do\\u015bwiadczenie, kt\\u00f3re zdoby\\u0142 \\u015bcigaj\\u0105c\",\"inLanguage\":\"en-GB\",\"isPartOf\":{\"@id\":\"https:\\\/\\\/www.worldrally.eu\\\/#website\"},\"breadcrumb\":{\"@id\":\"https:\\\/\\\/www.worldrally.eu\\\/index.php\\\/2023\\\/02\\\/27\\\/ostberg-z-zespolem-mrf\\\/#breadcrumblist\"},\"author\":{\"@id\":\"https:\\\/\\\/www.worldrally.eu\\\/index.php\\\/author\\\/admin\\\/#author\"},\"creator\":{\"@id\":\"https:\\\/\\\/www.worldrally.eu\\\/index.php\\\/author\\\/admin\\\/#author\"},\"image\":{\"@type\":\"ImageObject\",\"url\":\"https:\\\/\\\/www.worldrally.eu\\\/wp-content\\\/uploads\\\/2023\\\/02\\\/O1.jpg\",\"@id\":\"https:\\\/\\\/www.worldrally.eu\\\/index.php\\\/2023\\\/02\\\/27\\\/ostberg-z-zespolem-mrf\\\/#mainImage\",\"width\":1400,\"height\":788},\"primaryImageOfPage\":{\"@id\":\"https:\\\/\\\/www.worldrally.eu\\\/index.php\\\/2023\\\/02\\\/27\\\/ostberg-z-zespolem-mrf\\\/#mainImage\"},\"datePublished\":\"2023-02-27T20:48:47+00:00\",\"dateModified\":\"2023-02-27T20:48:47+00:00\"},{\"@type\":\"WebSite\",\"@id\":\"https:\\\/\\\/www.worldrally.eu\\\/#website\",\"url\":\"https:\\\/\\\/www.worldrally.eu\\\/\",\"name\":\"WorldRally.eu\",\"inLanguage\":\"en-GB\",\"publisher\":{\"@id\":\"https:\\\/\\\/www.worldrally.eu\\\/#organization\"}}]}\n\t\t<\/script>\n\t\t<!-- All in One SEO -->\n\n","aioseo_head_json":{"title":"\u00d8stberg z zespo\u0142em MRF \u00bb WorldRally.eu","description":"Norweski kierowca Mads \u00d8stberg, og\u0142osi\u0142 se w sezonie 2023 bedzie startowa\u0142 w Rajdowych Mistrzostwach Europy, do\u0142\u0105czaj\u0105c do zespo\u0142u dealer\u00f3w opon MRF Tyres, jest to piaty kierowca potwierdzony przez zesp\u00f3\u0142, kt\u00f3ry w ubieg\u0142ym roku wywalczy\u0142 tytu\u0142 mistrzowski. \u00d8stberg jest podekscytowany byciem cz\u0119\u015bci\u0105 indyjskiego zespo\u0142u oponiarskiego i wierzy, \u017ce jego bogata wiedza i do\u015bwiadczenie, kt\u00f3re zdoby\u0142 \u015bcigaj\u0105c","canonical_url":"https:\/\/www.worldrally.eu\/index.php\/2023\/02\/27\/ostberg-z-zespolem-mrf\/","robots":"max-image-preview:large","keywords":"","webmasterTools":{"miscellaneous":""},"schema":{"@context":"https:\/\/schema.org","@graph":[{"@type":"BlogPosting","@id":"https:\/\/www.worldrally.eu\/index.php\/2023\/02\/27\/ostberg-z-zespolem-mrf\/#blogposting","name":"\u00d8stberg z zespo\u0142em MRF \u00bb WorldRally.eu","headline":"\u00d8stberg z zespo\u0142em MRF","author":{"@id":"https:\/\/www.worldrally.eu\/index.php\/author\/admin\/#author"},"publisher":{"@id":"https:\/\/www.worldrally.eu\/#organization"},"image":{"@type":"ImageObject","url":"https:\/\/www.worldrally.eu\/wp-content\/uploads\/2023\/02\/O1.jpg","width":1400,"height":788},"datePublished":"2023-02-27T20:48:47+00:00","dateModified":"2023-02-27T20:48:47+00:00","inLanguage":"en-GB","mainEntityOfPage":{"@id":"https:\/\/www.worldrally.eu\/index.php\/2023\/02\/27\/ostberg-z-zespolem-mrf\/#webpage"},"isPartOf":{"@id":"https:\/\/www.worldrally.eu\/index.php\/2023\/02\/27\/ostberg-z-zespolem-mrf\/#webpage"},"articleSection":"ERC"},{"@type":"BreadcrumbList","@id":"https:\/\/www.worldrally.eu\/index.php\/2023\/02\/27\/ostberg-z-zespolem-mrf\/#breadcrumblist","itemListElement":[{"@type":"ListItem","@id":"https:\/\/www.worldrally.eu#listItem","position":1,"name":"Home","item":"https:\/\/www.worldrally.eu","nextItem":{"@type":"ListItem","@id":"https:\/\/www.worldrally.eu\/index.php\/category\/erc\/#listItem","name":"ERC"}},{"@type":"ListItem","@id":"https:\/\/www.worldrally.eu\/index.php\/category\/erc\/#listItem","position":2,"name":"ERC","item":"https:\/\/www.worldrally.eu\/index.php\/category\/erc\/","nextItem":{"@type":"ListItem","@id":"https:\/\/www.worldrally.eu\/index.php\/2023\/02\/27\/ostberg-z-zespolem-mrf\/#listItem","name":"\u00d8stberg z zespo\u0142em MRF"},"previousItem":{"@type":"ListItem","@id":"https:\/\/www.worldrally.eu#listItem","name":"Home"}},{"@type":"ListItem","@id":"https:\/\/www.worldrally.eu\/index.php\/2023\/02\/27\/ostberg-z-zespolem-mrf\/#listItem","position":3,"name":"\u00d8stberg z zespo\u0142em MRF","previousItem":{"@type":"ListItem","@id":"https:\/\/www.worldrally.eu\/index.php\/category\/erc\/#listItem","name":"ERC"}}]},{"@type":"Organization","@id":"https:\/\/www.worldrally.eu\/#organization","name":"WorldRally.eu","url":"https:\/\/www.worldrally.eu\/","logo":{"@type":"ImageObject","url":"https:\/\/www.worldrally.eu\/wp-content\/uploads\/2026\/01\/cropped-logo-3.png","@id":"https:\/\/www.worldrally.eu\/index.php\/2023\/02\/27\/ostberg-z-zespolem-mrf\/#organizationLogo","width":2039,"height":756},"image":{"@id":"https:\/\/www.worldrally.eu\/index.php\/2023\/02\/27\/ostberg-z-zespolem-mrf\/#organizationLogo"}},{"@type":"Person","@id":"https:\/\/www.worldrally.eu\/index.php\/author\/admin\/#author","url":"https:\/\/www.worldrally.eu\/index.php\/author\/admin\/","name":"Junior","image":{"@type":"ImageObject","@id":"https:\/\/www.worldrally.eu\/index.php\/2023\/02\/27\/ostberg-z-zespolem-mrf\/#authorImage","url":"https:\/\/secure.gravatar.com\/avatar\/5bd369ac0447285dc20b588693ca1756d0179a7f957258050a42a968bf3b9d0a?s=96&d=mm&r=g","width":96,"height":96,"caption":"Junior"}},{"@type":"WebPage","@id":"https:\/\/www.worldrally.eu\/index.php\/2023\/02\/27\/ostberg-z-zespolem-mrf\/#webpage","url":"https:\/\/www.worldrally.eu\/index.php\/2023\/02\/27\/ostberg-z-zespolem-mrf\/","name":"\u00d8stberg z zespo\u0142em MRF \u00bb WorldRally.eu","description":"Norweski kierowca Mads \u00d8stberg, og\u0142osi\u0142 se w sezonie 2023 bedzie startowa\u0142 w Rajdowych Mistrzostwach Europy, do\u0142\u0105czaj\u0105c do zespo\u0142u dealer\u00f3w opon MRF Tyres, jest to piaty kierowca potwierdzony przez zesp\u00f3\u0142, kt\u00f3ry w ubieg\u0142ym roku wywalczy\u0142 tytu\u0142 mistrzowski. \u00d8stberg jest podekscytowany byciem cz\u0119\u015bci\u0105 indyjskiego zespo\u0142u oponiarskiego i wierzy, \u017ce jego bogata wiedza i do\u015bwiadczenie, kt\u00f3re zdoby\u0142 \u015bcigaj\u0105c","inLanguage":"en-GB","isPartOf":{"@id":"https:\/\/www.worldrally.eu\/#website"},"breadcrumb":{"@id":"https:\/\/www.worldrally.eu\/index.php\/2023\/02\/27\/ostberg-z-zespolem-mrf\/#breadcrumblist"},"author":{"@id":"https:\/\/www.worldrally.eu\/index.php\/author\/admin\/#author"},"creator":{"@id":"https:\/\/www.worldrally.eu\/index.php\/author\/admin\/#author"},"image":{"@type":"ImageObject","url":"https:\/\/www.worldrally.eu\/wp-content\/uploads\/2023\/02\/O1.jpg","@id":"https:\/\/www.worldrally.eu\/index.php\/2023\/02\/27\/ostberg-z-zespolem-mrf\/#mainImage","width":1400,"height":788},"primaryImageOfPage":{"@id":"https:\/\/www.worldrally.eu\/index.php\/2023\/02\/27\/ostberg-z-zespolem-mrf\/#mainImage"},"datePublished":"2023-02-27T20:48:47+00:00","dateModified":"2023-02-27T20:48:47+00:00"},{"@type":"WebSite","@id":"https:\/\/www.worldrally.eu\/#website","url":"https:\/\/www.worldrally.eu\/","name":"WorldRally.eu","inLanguage":"en-GB","publisher":{"@id":"https:\/\/www.worldrally.eu\/#organization"}}]},"og:locale":"en_GB","og:site_name":"WorldRally.eu \u00bb","og:type":"article","og:title":"\u00d8stberg z zespo\u0142em MRF \u00bb WorldRally.eu","og:description":"Norweski kierowca Mads \u00d8stberg, og\u0142osi\u0142 se w sezonie 2023 bedzie startowa\u0142 w Rajdowych Mistrzostwach Europy, do\u0142\u0105czaj\u0105c do zespo\u0142u dealer\u00f3w opon MRF Tyres, jest to piaty kierowca potwierdzony przez zesp\u00f3\u0142, kt\u00f3ry w ubieg\u0142ym roku wywalczy\u0142 tytu\u0142 mistrzowski. \u00d8stberg jest podekscytowany byciem cz\u0119\u015bci\u0105 indyjskiego zespo\u0142u oponiarskiego i wierzy, \u017ce jego bogata wiedza i do\u015bwiadczenie, kt\u00f3re zdoby\u0142 \u015bcigaj\u0105c","og:url":"https:\/\/www.worldrally.eu\/index.php\/2023\/02\/27\/ostberg-z-zespolem-mrf\/","og:image":"https:\/\/www.worldrally.eu\/wp-content\/uploads\/2023\/02\/O1.jpg","og:image:secure_url":"https:\/\/www.worldrally.eu\/wp-content\/uploads\/2023\/02\/O1.jpg","og:image:width":1400,"og:image:height":788,"article:published_time":"2023-02-27T20:48:47+00:00","article:modified_time":"2023-02-27T20:48:47+00:00","twitter:card":"summary_large_image","twitter:title":"\u00d8stberg z zespo\u0142em MRF \u00bb WorldRally.eu","twitter:description":"Norweski kierowca Mads \u00d8stberg, og\u0142osi\u0142 se w sezonie 2023 bedzie startowa\u0142 w Rajdowych Mistrzostwach Europy, do\u0142\u0105czaj\u0105c do zespo\u0142u dealer\u00f3w opon MRF Tyres, jest to piaty kierowca potwierdzony przez zesp\u00f3\u0142, kt\u00f3ry w ubieg\u0142ym roku wywalczy\u0142 tytu\u0142 mistrzowski. \u00d8stberg jest podekscytowany byciem cz\u0119\u015bci\u0105 indyjskiego zespo\u0142u oponiarskiego i wierzy, \u017ce jego bogata wiedza i do\u015bwiadczenie, kt\u00f3re zdoby\u0142 \u015bcigaj\u0105c","twitter:image":"https:\/\/www.worldrally.eu\/wp-content\/uploads\/2023\/02\/O1.jpg"},"aioseo_meta_data":{"post_id":"644","title":null,"description":null,"keywords":null,"keyphrases":null,"primary_term":null,"canonical_url":null,"og_title":null,"og_description":null,"og_object_type":"default","og_image_type":"default","og_image_url":null,"og_image_width":null,"og_image_height":null,"og_image_custom_url":null,"og_image_custom_fields":null,"og_video":null,"og_custom_url":null,"og_article_section":null,"og_article_tags":null,"twitter_use_og":false,"twitter_card":"default","twitter_image_type":"default","twitter_image_url":null,"twitter_image_custom_url":null,"twitter_image_custom_fields":null,"twitter_title":null,"twitter_description":null,"schema":{"blockGraphs":[],"customGraphs":[],"default":{"data":{"Article":[],"Course":[],"Dataset":[],"FAQPage":[],"Movie":[],"Person":[],"Product":[],"ProductReview":[],"Car":[],"Recipe":[],"Service":[],"SoftwareApplication":[],"WebPage":[]},"graphName":"","isEnabled":true},"graphs":[]},"schema_type":"default","schema_type_options":null,"pillar_content":false,"robots_default":true,"robots_noindex":false,"robots_noarchive":false,"robots_nosnippet":false,"robots_nofollow":false,"robots_noimageindex":false,"robots_noodp":false,"robots_notranslate":false,"robots_max_snippet":null,"robots_max_videopreview":null,"robots_max_imagepreview":"large","priority":null,"frequency":null,"local_seo":null,"breadcrumb_settings":null,"limit_modified_date":false,"ai":null,"created":"2025-03-22 05:59:18","updated":"2025-10-26 09:04:14","seo_analyzer_scan_date":null},"aioseo_breadcrumb":"<div class=\"aioseo-breadcrumbs\"><span class=\"aioseo-breadcrumb\">\n\t\t\t<a href=\"https:\/\/www.worldrally.eu\" title=\"Home\">Home<\/a>\n\t\t<\/span><span class=\"aioseo-breadcrumb-separator\">&raquo;<\/span><span class=\"aioseo-breadcrumb\">\n\t\t\t<a href=\"https:\/\/www.worldrally.eu\/index.php\/category\/erc\/\" title=\"ERC\">ERC<\/a>\n\t\t<\/span><span class=\"aioseo-breadcrumb-separator\">&raquo;<\/span><span class=\"aioseo-breadcrumb\">\n\t\t\t\u00d8stberg z zespo\u0142em MRF\n\t\t<\/span><\/div>","aioseo_breadcrumb_json":[{"label":"Home","link":"https:\/\/www.worldrally.eu"},{"label":"ERC","link":"https:\/\/www.worldrally.eu\/index.php\/category\/erc\/"},{"label":"\u00d8stberg z zespo\u0142em MRF","link":"https:\/\/www.worldrally.eu\/index.php\/2023\/02\/27\/ostberg-z-zespolem-mrf\/"}],"cc_featured_image_caption":{"caption_text":"Foto - FIAerc","source_text":"","source_url":""},"_links":{"self":[{"href":"https:\/\/www.worldrally.eu\/index.php\/wp-json\/wp\/v2\/posts\/644","targetHints":{"allow":["GET"]}}],"collection":[{"href":"https:\/\/www.worldrally.eu\/index.php\/wp-json\/wp\/v2\/posts"}],"about":[{"href":"https:\/\/www.worldrally.eu\/index.php\/wp-json\/wp\/v2\/types\/post"}],"author":[{"embeddable":true,"href":"https:\/\/www.worldrally.eu\/index.php\/wp-json\/wp\/v2\/users\/1"}],"replies":[{"embeddable":true,"href":"https:\/\/www.worldrally.eu\/index.php\/wp-json\/wp\/v2\/comments?post=644"}],"version-history":[{"count":1,"href":"https:\/\/www.worldrally.eu\/index.php\/wp-json\/wp\/v2\/posts\/644\/revisions"}],"predecessor-version":[{"id":647,"href":"https:\/\/www.worldrally.eu\/index.php\/wp-json\/wp\/v2\/posts\/644\/revisions\/647"}],"wp:featuredmedia":[{"embeddable":true,"href":"https:\/\/www.worldrally.eu\/index.php\/wp-json\/wp\/v2\/media\/646"}],"wp:attachment":[{"href":"https:\/\/www.worldrally.eu\/index.php\/wp-json\/wp\/v2\/media?parent=644"}],"wp:term":[{"taxonomy":"category","embeddable":true,"href":"https:\/\/www.worldrally.eu\/index.php\/wp-json\/wp\/v2\/categories?post=644"},{"taxonomy":"post_tag","embeddable":true,"href":"https:\/\/www.worldrally.eu\/index.php\/wp-json\/wp\/v2\/tags?post=644"}],"curies":[{"name":"wp","href":"https:\/\/api.w.org\/{rel}","templated":true}]}}