{"id":625,"date":"2023-01-28T23:05:00","date_gmt":"2023-01-28T23:05:00","guid":{"rendered":"https:\/\/www.worldrally.eu\/?p=625"},"modified":"2023-02-24T23:09:16","modified_gmt":"2023-02-24T23:09:16","slug":"wysoki-poziom-w-fafe","status":"publish","type":"post","link":"https:\/\/www.worldrally.eu\/index.php\/2023\/01\/28\/wysoki-poziom-w-fafe\/","title":{"rendered":"Wysoki poziom w Fafe"},"content":{"rendered":"\n<p>Craig Breen, kierowca Hyundaia WRC, powr\u00f3ci w tym roku do Rajdowych Mistrzostw Europy FIA, a Irlandczyk wystartuje w otwieraj\u0105cym sezon Rajdzie Serras de Fafe, kt\u00f3ry odb\u0119dzie si\u0119 10-12 marca.<\/p>\n\n\n\n<p><span class=\"HwtZe\" lang=\"pl\"><span class=\"jCAhz ChMk0b\"><span class=\"ryNqvb\">Samoch\u00f3d b\u0119dzie je\u017adzi\u0142 pod szyldem Hyundai Portugal, a wyjazd b\u0119dzie cz\u0119\u015bci\u0105 pe\u0142nego programu mistrzostw Portugalii, kt\u00f3ry Breen podejmie jako dodatek do swoich zobowi\u0105za\u0144 w WRC.<\/span><\/span> <span class=\"jCAhz ChMk0b\"><span class=\"ryNqvb\">Ricardo Teod\u00f3sio &#8211; trzykrotny zwyci\u0119zca etapowy ERC, pojedzie drugim i20 dla zespo\u0142u.<\/span><\/span><\/span><\/p>\n\n\n\n<p>Breen, kt\u00f3ry ma du\u017ce do\u015bwiadczenie w ERC, wykorzysta\u0142 t\u0119 seri\u0119 jako platform\u0119 startow\u0105 dla swojej kariery na najwy\u017cszym poziomie. <\/p>\n\n\n\n<p>32-latek wygra\u0142 pi\u0119\u0107 rajd\u00f3w ERC i trzykrotnie ko\u0144czy\u0142 zawody w pierwszej tr\u00f3jce mistrzostw.<\/p>\n\n\n\n<figure class=\"wp-block-image size-large\"><img fetchpriority=\"high\" decoding=\"async\" width=\"1024\" height=\"576\" src=\"https:\/\/www.worldrally.eu\/wp-content\/uploads\/2023\/02\/1ABC-1024x576.jpeg\" alt=\"\" class=\"wp-image-626\" srcset=\"https:\/\/www.worldrally.eu\/wp-content\/uploads\/2023\/02\/1ABC-1024x576.jpeg 1024w, https:\/\/www.worldrally.eu\/wp-content\/uploads\/2023\/02\/1ABC-300x169.jpeg 300w, https:\/\/www.worldrally.eu\/wp-content\/uploads\/2023\/02\/1ABC-768x432.jpeg 768w, https:\/\/www.worldrally.eu\/wp-content\/uploads\/2023\/02\/1ABC-1280x720.jpeg 1280w, https:\/\/www.worldrally.eu\/wp-content\/uploads\/2023\/02\/1ABC.jpeg 1400w\" sizes=\"(max-width: 1024px) 100vw, 1024px\" \/><figcaption class=\"wp-element-caption\">Foto- FIAerc<\/figcaption><\/figure>\n","protected":false},"excerpt":{"rendered":"<p>Craig Breen, kierowca Hyundaia WRC, powr\u00f3ci w tym roku do Rajdowych Mistrzostw Europy FIA, a Irlandczyk wystartuje w otwieraj\u0105cym sezon Rajdzie Serras de Fafe, kt\u00f3ry odb\u0119dzie si\u0119 10-12 marca. Samoch\u00f3d b\u0119dzie je\u017adzi\u0142 pod szyldem Hyundai Portugal, a wyjazd b\u0119dzie cz\u0119\u015bci\u0105 pe\u0142nego programu mistrzostw Portugalii, kt\u00f3ry Breen podejmie jako dodatek do swoich zobowi\u0105za\u0144 w WRC. Ricardo [&hellip;]<\/p>\n","protected":false},"author":3,"featured_media":257,"comment_status":"closed","ping_status":"closed","sticky":false,"template":"","format":"standard","meta":{"footnotes":""},"categories":[4],"tags":[],"class_list":["post-625","post","type-post","status-publish","format-standard","has-post-thumbnail","hentry","category-erc"],"aioseo_notices":[],"cc_featured_image_caption":{"caption_text":"Foto- FIAerc","source_text":"","source_url":""},"_links":{"self":[{"href":"https:\/\/www.worldrally.eu\/index.php\/wp-json\/wp\/v2\/posts\/625","targetHints":{"allow":["GET"]}}],"collection":[{"href":"https:\/\/www.worldrally.eu\/index.php\/wp-json\/wp\/v2\/posts"}],"about":[{"href":"https:\/\/www.worldrally.eu\/index.php\/wp-json\/wp\/v2\/types\/post"}],"author":[{"embeddable":true,"href":"https:\/\/www.worldrally.eu\/index.php\/wp-json\/wp\/v2\/users\/3"}],"replies":[{"embeddable":true,"href":"https:\/\/www.worldrally.eu\/index.php\/wp-json\/wp\/v2\/comments?post=625"}],"version-history":[{"count":1,"href":"https:\/\/www.worldrally.eu\/index.php\/wp-json\/wp\/v2\/posts\/625\/revisions"}],"predecessor-version":[{"id":627,"href":"https:\/\/www.worldrally.eu\/index.php\/wp-json\/wp\/v2\/posts\/625\/revisions\/627"}],"wp:featuredmedia":[{"embeddable":true,"href":"https:\/\/www.worldrally.eu\/index.php\/wp-json\/wp\/v2\/media\/257"}],"wp:attachment":[{"href":"https:\/\/www.worldrally.eu\/index.php\/wp-json\/wp\/v2\/media?parent=625"}],"wp:term":[{"taxonomy":"category","embeddable":true,"href":"https:\/\/www.worldrally.eu\/index.php\/wp-json\/wp\/v2\/categories?post=625"},{"taxonomy":"post_tag","embeddable":true,"href":"https:\/\/www.worldrally.eu\/index.php\/wp-json\/wp\/v2\/tags?post=625"}],"curies":[{"name":"wp","href":"https:\/\/api.w.org\/{rel}","templated":true}]}}