{"id":618,"date":"2023-01-17T22:47:00","date_gmt":"2023-01-17T22:47:00","guid":{"rendered":"https:\/\/www.worldrally.eu\/?p=618"},"modified":"2023-02-24T22:51:43","modified_gmt":"2023-02-24T22:51:43","slug":"awans-pelliera-do-junior-wrc","status":"publish","type":"post","link":"https:\/\/www.worldrally.eu\/index.php\/2023\/01\/17\/awans-pelliera-do-junior-wrc\/","title":{"rendered":"Awans Pelliera do Junior WRC"},"content":{"rendered":"\n<p class=\"wp-block-paragraph\">Wielokrotnie nagradzany mistrz FIA Junior ERC Laurent Pellier zbli\u017cy\u0142 si\u0119 o krok do wzi\u0119cia udzia\u0142u w konkursie Junior WRC w zesz\u0142ym tygodniu po ujawnieniu wst\u0119pnej listy zarejestrowanych kierowc\u00f3w na rok 2023.<\/p>\n\n\n\n<p class=\"wp-block-paragraph\"> Nagrod\u0105 dla Pelliera za zdobycie tytu\u0142u FIA Junior ERC w 2022 roku jest szansa na zdobycie chwa\u0142y JWRC w tym sezonie uzbrojony w wyposa\u017conego w opony Pirelli Forda Fiesta Rally3 prowadzonego przez M-Sport Poland.<\/p>\n\n\n\n<p class=\"wp-block-paragraph\"><em>\u201eUczestnictwo w JWRC to z pewno\u015bci\u0105 spe\u0142nienie marze\u0144\u201d <\/em>\u2014 powiedzia\u0142 Pellier, kt\u00f3ry zdoby\u0142 tytu\u0142 Junior ERC<\/p>\n\n\n\n<p class=\"wp-block-paragraph\"><em>\u201eTo niesamowite i nie mog\u0119 si\u0119 doczeka\u0107 tych wielkich wydarze\u0144, poniewa\u017c odkryj\u0119 wiele rzeczy\u201d.<\/em><\/p>\n\n\n\n<p class=\"wp-block-paragraph\"><em>\u201eJunior ERC to bardzo dobra platforma i ca\u0142kowicie zgadzam si\u0119 z tym, co ostatnio powiedzia\u0142 Chris Ingram o mo\u017cliwo\u015bciach, jakie daje\u201d<\/em> \u2013 powiedzia\u0142 Francuz. <\/p>\n\n\n\n<p class=\"wp-block-paragraph\"><em>\u201eMia\u0142em dwie okazje w ERC, cztery lata temu w Peugeot Sport [do wygrania serii jednej marki Volant Peugeot] i rok temu w Opel Motorsport\u201d.<\/em><\/p>\n\n\n\n<figure class=\"wp-block-image size-large\"><img fetchpriority=\"high\" decoding=\"async\" width=\"1024\" height=\"683\" src=\"https:\/\/www.worldrally.eu\/wp-content\/uploads\/2023\/02\/143-1-1024x683.jpg\" alt=\"\" class=\"wp-image-619\" srcset=\"https:\/\/www.worldrally.eu\/wp-content\/uploads\/2023\/02\/143-1-1024x683.jpg 1024w, https:\/\/www.worldrally.eu\/wp-content\/uploads\/2023\/02\/143-1-300x200.jpg 300w, https:\/\/www.worldrally.eu\/wp-content\/uploads\/2023\/02\/143-1-768x512.jpg 768w, https:\/\/www.worldrally.eu\/wp-content\/uploads\/2023\/02\/143-1-1536x1024.jpg 1536w, https:\/\/www.worldrally.eu\/wp-content\/uploads\/2023\/02\/143-1-446x297.jpg 446w, https:\/\/www.worldrally.eu\/wp-content\/uploads\/2023\/02\/143-1.jpg 1620w\" sizes=\"(max-width: 1024px) 100vw, 1024px\" \/><figcaption class=\"wp-element-caption\">Foto- PhotoMS \/ Adam Owczarek<\/figcaption><\/figure>\n","protected":false},"excerpt":{"rendered":"<p>Wielokrotnie nagradzany mistrz FIA Junior ERC Laurent Pellier zbli\u017cy\u0142 si\u0119 o krok do wzi\u0119cia udzia\u0142u w konkursie Junior WRC w zesz\u0142ym tygodniu po ujawnieniu wst\u0119pnej listy zarejestrowanych kierowc\u00f3w na rok 2023. Nagrod\u0105 dla Pelliera za zdobycie tytu\u0142u FIA Junior ERC w 2022 roku jest szansa na zdobycie chwa\u0142y JWRC w tym sezonie uzbrojony w wyposa\u017conego [&hellip;]<\/p>\n","protected":false},"author":2,"featured_media":158,"comment_status":"closed","ping_status":"closed","sticky":false,"template":"","format":"standard","meta":{"_monsterinsights_skip_tracking":false,"_monsterinsights_sitenote_active":false,"_monsterinsights_sitenote_note":"","_monsterinsights_sitenote_category":0,"footnotes":""},"categories":[4],"tags":[],"class_list":["post-618","post","type-post","status-publish","format-standard","has-post-thumbnail","hentry","category-erc"],"aioseo_notices":[],"aioseo_head":"\n\t\t<!-- All in One SEO 4.9.9 - aioseo.com -->\n\t<meta name=\"description\" content=\"Wielokrotnie nagradzany mistrz FIA Junior ERC Laurent Pellier zbli\u017cy\u0142 si\u0119 o krok do wzi\u0119cia udzia\u0142u w konkursie Junior WRC w zesz\u0142ym tygodniu po ujawnieniu wst\u0119pnej listy zarejestrowanych kierowc\u00f3w na rok 2023. Nagrod\u0105 dla Pelliera za zdobycie tytu\u0142u FIA Junior ERC w 2022 roku jest szansa na zdobycie chwa\u0142y JWRC w tym sezonie uzbrojony w wyposa\u017conego\" \/>\n\t<meta name=\"robots\" content=\"max-image-preview:large\" \/>\n\t<meta name=\"author\" content=\"Magdalena\"\/>\n\t<link rel=\"canonical\" href=\"https:\/\/www.worldrally.eu\/index.php\/2023\/01\/17\/awans-pelliera-do-junior-wrc\/\" \/>\n\t<meta name=\"generator\" content=\"All in One SEO (AIOSEO) 4.9.9\" \/>\n\t\t<meta property=\"og:locale\" content=\"en_GB\" \/>\n\t\t<meta property=\"og:site_name\" content=\"WorldRally.eu \u00bb\" \/>\n\t\t<meta property=\"og:type\" content=\"article\" \/>\n\t\t<meta property=\"og:title\" content=\"Awans Pelliera do Junior WRC \u00bb WorldRally.eu\" \/>\n\t\t<meta property=\"og:description\" content=\"Wielokrotnie nagradzany mistrz FIA Junior ERC Laurent Pellier zbli\u017cy\u0142 si\u0119 o krok do wzi\u0119cia udzia\u0142u w konkursie Junior WRC w zesz\u0142ym tygodniu po ujawnieniu wst\u0119pnej listy zarejestrowanych kierowc\u00f3w na rok 2023. Nagrod\u0105 dla Pelliera za zdobycie tytu\u0142u FIA Junior ERC w 2022 roku jest szansa na zdobycie chwa\u0142y JWRC w tym sezonie uzbrojony w wyposa\u017conego\" \/>\n\t\t<meta property=\"og:url\" content=\"https:\/\/www.worldrally.eu\/index.php\/2023\/01\/17\/awans-pelliera-do-junior-wrc\/\" \/>\n\t\t<meta property=\"og:image\" content=\"https:\/\/www.worldrally.eu\/wp-content\/uploads\/2023\/02\/1.jpg\" \/>\n\t\t<meta property=\"og:image:secure_url\" content=\"https:\/\/www.worldrally.eu\/wp-content\/uploads\/2023\/02\/1.jpg\" \/>\n\t\t<meta property=\"og:image:width\" content=\"1400\" \/>\n\t\t<meta property=\"og:image:height\" content=\"788\" \/>\n\t\t<meta property=\"article:published_time\" content=\"2023-01-17T22:47:00+00:00\" \/>\n\t\t<meta property=\"article:modified_time\" content=\"2023-02-24T22:51:43+00:00\" \/>\n\t\t<meta name=\"twitter:card\" content=\"summary_large_image\" \/>\n\t\t<meta name=\"twitter:title\" content=\"Awans Pelliera do Junior WRC \u00bb WorldRally.eu\" \/>\n\t\t<meta name=\"twitter:description\" content=\"Wielokrotnie nagradzany mistrz FIA Junior ERC Laurent Pellier zbli\u017cy\u0142 si\u0119 o krok do wzi\u0119cia udzia\u0142u w konkursie Junior WRC w zesz\u0142ym tygodniu po ujawnieniu wst\u0119pnej listy zarejestrowanych kierowc\u00f3w na rok 2023. Nagrod\u0105 dla Pelliera za zdobycie tytu\u0142u FIA Junior ERC w 2022 roku jest szansa na zdobycie chwa\u0142y JWRC w tym sezonie uzbrojony w wyposa\u017conego\" \/>\n\t\t<meta name=\"twitter:image\" content=\"https:\/\/www.worldrally.eu\/wp-content\/uploads\/2023\/02\/1.jpg\" \/>\n\t\t<script type=\"application\/ld+json\" class=\"aioseo-schema\">\n\t\t\t{\"@context\":\"https:\\\/\\\/schema.org\",\"@graph\":[{\"@type\":\"BlogPosting\",\"@id\":\"https:\\\/\\\/www.worldrally.eu\\\/index.php\\\/2023\\\/01\\\/17\\\/awans-pelliera-do-junior-wrc\\\/#blogposting\",\"name\":\"Awans Pelliera do Junior WRC \\u00bb WorldRally.eu\",\"headline\":\"Awans Pelliera do Junior WRC\",\"author\":{\"@id\":\"https:\\\/\\\/www.worldrally.eu\\\/index.php\\\/author\\\/magdalena\\\/#author\"},\"publisher\":{\"@id\":\"https:\\\/\\\/www.worldrally.eu\\\/#organization\"},\"image\":{\"@type\":\"ImageObject\",\"url\":\"https:\\\/\\\/www.worldrally.eu\\\/wp-content\\\/uploads\\\/2023\\\/02\\\/1.jpg\",\"width\":1400,\"height\":788},\"datePublished\":\"2023-01-17T22:47:00+00:00\",\"dateModified\":\"2023-02-24T22:51:43+00:00\",\"inLanguage\":\"en-GB\",\"mainEntityOfPage\":{\"@id\":\"https:\\\/\\\/www.worldrally.eu\\\/index.php\\\/2023\\\/01\\\/17\\\/awans-pelliera-do-junior-wrc\\\/#webpage\"},\"isPartOf\":{\"@id\":\"https:\\\/\\\/www.worldrally.eu\\\/index.php\\\/2023\\\/01\\\/17\\\/awans-pelliera-do-junior-wrc\\\/#webpage\"},\"articleSection\":\"ERC\"},{\"@type\":\"BreadcrumbList\",\"@id\":\"https:\\\/\\\/www.worldrally.eu\\\/index.php\\\/2023\\\/01\\\/17\\\/awans-pelliera-do-junior-wrc\\\/#breadcrumblist\",\"itemListElement\":[{\"@type\":\"ListItem\",\"@id\":\"https:\\\/\\\/www.worldrally.eu#listItem\",\"position\":1,\"name\":\"Home\",\"item\":\"https:\\\/\\\/www.worldrally.eu\",\"nextItem\":{\"@type\":\"ListItem\",\"@id\":\"https:\\\/\\\/www.worldrally.eu\\\/index.php\\\/category\\\/erc\\\/#listItem\",\"name\":\"ERC\"}},{\"@type\":\"ListItem\",\"@id\":\"https:\\\/\\\/www.worldrally.eu\\\/index.php\\\/category\\\/erc\\\/#listItem\",\"position\":2,\"name\":\"ERC\",\"item\":\"https:\\\/\\\/www.worldrally.eu\\\/index.php\\\/category\\\/erc\\\/\",\"nextItem\":{\"@type\":\"ListItem\",\"@id\":\"https:\\\/\\\/www.worldrally.eu\\\/index.php\\\/2023\\\/01\\\/17\\\/awans-pelliera-do-junior-wrc\\\/#listItem\",\"name\":\"Awans Pelliera do Junior WRC\"},\"previousItem\":{\"@type\":\"ListItem\",\"@id\":\"https:\\\/\\\/www.worldrally.eu#listItem\",\"name\":\"Home\"}},{\"@type\":\"ListItem\",\"@id\":\"https:\\\/\\\/www.worldrally.eu\\\/index.php\\\/2023\\\/01\\\/17\\\/awans-pelliera-do-junior-wrc\\\/#listItem\",\"position\":3,\"name\":\"Awans Pelliera do Junior WRC\",\"previousItem\":{\"@type\":\"ListItem\",\"@id\":\"https:\\\/\\\/www.worldrally.eu\\\/index.php\\\/category\\\/erc\\\/#listItem\",\"name\":\"ERC\"}}]},{\"@type\":\"Organization\",\"@id\":\"https:\\\/\\\/www.worldrally.eu\\\/#organization\",\"name\":\"WorldRally.eu\",\"url\":\"https:\\\/\\\/www.worldrally.eu\\\/\",\"logo\":{\"@type\":\"ImageObject\",\"url\":\"https:\\\/\\\/www.worldrally.eu\\\/wp-content\\\/uploads\\\/2026\\\/01\\\/cropped-logo-3.png\",\"@id\":\"https:\\\/\\\/www.worldrally.eu\\\/index.php\\\/2023\\\/01\\\/17\\\/awans-pelliera-do-junior-wrc\\\/#organizationLogo\",\"width\":2039,\"height\":756},\"image\":{\"@id\":\"https:\\\/\\\/www.worldrally.eu\\\/index.php\\\/2023\\\/01\\\/17\\\/awans-pelliera-do-junior-wrc\\\/#organizationLogo\"}},{\"@type\":\"Person\",\"@id\":\"https:\\\/\\\/www.worldrally.eu\\\/index.php\\\/author\\\/magdalena\\\/#author\",\"url\":\"https:\\\/\\\/www.worldrally.eu\\\/index.php\\\/author\\\/magdalena\\\/\",\"name\":\"Magdalena\",\"image\":{\"@type\":\"ImageObject\",\"@id\":\"https:\\\/\\\/www.worldrally.eu\\\/index.php\\\/2023\\\/01\\\/17\\\/awans-pelliera-do-junior-wrc\\\/#authorImage\",\"url\":\"https:\\\/\\\/secure.gravatar.com\\\/avatar\\\/853239b46cec38ba30b48d2b091f5538817cc78bdc0944c9ef7408579307e2ea?s=96&d=mm&r=g\",\"width\":96,\"height\":96,\"caption\":\"Magdalena\"}},{\"@type\":\"WebPage\",\"@id\":\"https:\\\/\\\/www.worldrally.eu\\\/index.php\\\/2023\\\/01\\\/17\\\/awans-pelliera-do-junior-wrc\\\/#webpage\",\"url\":\"https:\\\/\\\/www.worldrally.eu\\\/index.php\\\/2023\\\/01\\\/17\\\/awans-pelliera-do-junior-wrc\\\/\",\"name\":\"Awans Pelliera do Junior WRC \\u00bb WorldRally.eu\",\"description\":\"Wielokrotnie nagradzany mistrz FIA Junior ERC Laurent Pellier zbli\\u017cy\\u0142 si\\u0119 o krok do wzi\\u0119cia udzia\\u0142u w konkursie Junior WRC w zesz\\u0142ym tygodniu po ujawnieniu wst\\u0119pnej listy zarejestrowanych kierowc\\u00f3w na rok 2023. Nagrod\\u0105 dla Pelliera za zdobycie tytu\\u0142u FIA Junior ERC w 2022 roku jest szansa na zdobycie chwa\\u0142y JWRC w tym sezonie uzbrojony w wyposa\\u017conego\",\"inLanguage\":\"en-GB\",\"isPartOf\":{\"@id\":\"https:\\\/\\\/www.worldrally.eu\\\/#website\"},\"breadcrumb\":{\"@id\":\"https:\\\/\\\/www.worldrally.eu\\\/index.php\\\/2023\\\/01\\\/17\\\/awans-pelliera-do-junior-wrc\\\/#breadcrumblist\"},\"author\":{\"@id\":\"https:\\\/\\\/www.worldrally.eu\\\/index.php\\\/author\\\/magdalena\\\/#author\"},\"creator\":{\"@id\":\"https:\\\/\\\/www.worldrally.eu\\\/index.php\\\/author\\\/magdalena\\\/#author\"},\"image\":{\"@type\":\"ImageObject\",\"url\":\"https:\\\/\\\/www.worldrally.eu\\\/wp-content\\\/uploads\\\/2023\\\/02\\\/1.jpg\",\"@id\":\"https:\\\/\\\/www.worldrally.eu\\\/index.php\\\/2023\\\/01\\\/17\\\/awans-pelliera-do-junior-wrc\\\/#mainImage\",\"width\":1400,\"height\":788},\"primaryImageOfPage\":{\"@id\":\"https:\\\/\\\/www.worldrally.eu\\\/index.php\\\/2023\\\/01\\\/17\\\/awans-pelliera-do-junior-wrc\\\/#mainImage\"},\"datePublished\":\"2023-01-17T22:47:00+00:00\",\"dateModified\":\"2023-02-24T22:51:43+00:00\"},{\"@type\":\"WebSite\",\"@id\":\"https:\\\/\\\/www.worldrally.eu\\\/#website\",\"url\":\"https:\\\/\\\/www.worldrally.eu\\\/\",\"name\":\"WorldRally.eu\",\"inLanguage\":\"en-GB\",\"publisher\":{\"@id\":\"https:\\\/\\\/www.worldrally.eu\\\/#organization\"}}]}\n\t\t<\/script>\n\t\t<!-- All in One SEO -->\n\n","aioseo_head_json":{"title":"Awans Pelliera do Junior WRC \u00bb WorldRally.eu","description":"Wielokrotnie nagradzany mistrz FIA Junior ERC Laurent Pellier zbli\u017cy\u0142 si\u0119 o krok do wzi\u0119cia udzia\u0142u w konkursie Junior WRC w zesz\u0142ym tygodniu po ujawnieniu wst\u0119pnej listy zarejestrowanych kierowc\u00f3w na rok 2023. Nagrod\u0105 dla Pelliera za zdobycie tytu\u0142u FIA Junior ERC w 2022 roku jest szansa na zdobycie chwa\u0142y JWRC w tym sezonie uzbrojony w wyposa\u017conego","canonical_url":"https:\/\/www.worldrally.eu\/index.php\/2023\/01\/17\/awans-pelliera-do-junior-wrc\/","robots":"max-image-preview:large","keywords":"","webmasterTools":{"miscellaneous":""},"schema":{"@context":"https:\/\/schema.org","@graph":[{"@type":"BlogPosting","@id":"https:\/\/www.worldrally.eu\/index.php\/2023\/01\/17\/awans-pelliera-do-junior-wrc\/#blogposting","name":"Awans Pelliera do Junior WRC \u00bb WorldRally.eu","headline":"Awans Pelliera do Junior WRC","author":{"@id":"https:\/\/www.worldrally.eu\/index.php\/author\/magdalena\/#author"},"publisher":{"@id":"https:\/\/www.worldrally.eu\/#organization"},"image":{"@type":"ImageObject","url":"https:\/\/www.worldrally.eu\/wp-content\/uploads\/2023\/02\/1.jpg","width":1400,"height":788},"datePublished":"2023-01-17T22:47:00+00:00","dateModified":"2023-02-24T22:51:43+00:00","inLanguage":"en-GB","mainEntityOfPage":{"@id":"https:\/\/www.worldrally.eu\/index.php\/2023\/01\/17\/awans-pelliera-do-junior-wrc\/#webpage"},"isPartOf":{"@id":"https:\/\/www.worldrally.eu\/index.php\/2023\/01\/17\/awans-pelliera-do-junior-wrc\/#webpage"},"articleSection":"ERC"},{"@type":"BreadcrumbList","@id":"https:\/\/www.worldrally.eu\/index.php\/2023\/01\/17\/awans-pelliera-do-junior-wrc\/#breadcrumblist","itemListElement":[{"@type":"ListItem","@id":"https:\/\/www.worldrally.eu#listItem","position":1,"name":"Home","item":"https:\/\/www.worldrally.eu","nextItem":{"@type":"ListItem","@id":"https:\/\/www.worldrally.eu\/index.php\/category\/erc\/#listItem","name":"ERC"}},{"@type":"ListItem","@id":"https:\/\/www.worldrally.eu\/index.php\/category\/erc\/#listItem","position":2,"name":"ERC","item":"https:\/\/www.worldrally.eu\/index.php\/category\/erc\/","nextItem":{"@type":"ListItem","@id":"https:\/\/www.worldrally.eu\/index.php\/2023\/01\/17\/awans-pelliera-do-junior-wrc\/#listItem","name":"Awans Pelliera do Junior WRC"},"previousItem":{"@type":"ListItem","@id":"https:\/\/www.worldrally.eu#listItem","name":"Home"}},{"@type":"ListItem","@id":"https:\/\/www.worldrally.eu\/index.php\/2023\/01\/17\/awans-pelliera-do-junior-wrc\/#listItem","position":3,"name":"Awans Pelliera do Junior WRC","previousItem":{"@type":"ListItem","@id":"https:\/\/www.worldrally.eu\/index.php\/category\/erc\/#listItem","name":"ERC"}}]},{"@type":"Organization","@id":"https:\/\/www.worldrally.eu\/#organization","name":"WorldRally.eu","url":"https:\/\/www.worldrally.eu\/","logo":{"@type":"ImageObject","url":"https:\/\/www.worldrally.eu\/wp-content\/uploads\/2026\/01\/cropped-logo-3.png","@id":"https:\/\/www.worldrally.eu\/index.php\/2023\/01\/17\/awans-pelliera-do-junior-wrc\/#organizationLogo","width":2039,"height":756},"image":{"@id":"https:\/\/www.worldrally.eu\/index.php\/2023\/01\/17\/awans-pelliera-do-junior-wrc\/#organizationLogo"}},{"@type":"Person","@id":"https:\/\/www.worldrally.eu\/index.php\/author\/magdalena\/#author","url":"https:\/\/www.worldrally.eu\/index.php\/author\/magdalena\/","name":"Magdalena","image":{"@type":"ImageObject","@id":"https:\/\/www.worldrally.eu\/index.php\/2023\/01\/17\/awans-pelliera-do-junior-wrc\/#authorImage","url":"https:\/\/secure.gravatar.com\/avatar\/853239b46cec38ba30b48d2b091f5538817cc78bdc0944c9ef7408579307e2ea?s=96&d=mm&r=g","width":96,"height":96,"caption":"Magdalena"}},{"@type":"WebPage","@id":"https:\/\/www.worldrally.eu\/index.php\/2023\/01\/17\/awans-pelliera-do-junior-wrc\/#webpage","url":"https:\/\/www.worldrally.eu\/index.php\/2023\/01\/17\/awans-pelliera-do-junior-wrc\/","name":"Awans Pelliera do Junior WRC \u00bb WorldRally.eu","description":"Wielokrotnie nagradzany mistrz FIA Junior ERC Laurent Pellier zbli\u017cy\u0142 si\u0119 o krok do wzi\u0119cia udzia\u0142u w konkursie Junior WRC w zesz\u0142ym tygodniu po ujawnieniu wst\u0119pnej listy zarejestrowanych kierowc\u00f3w na rok 2023. Nagrod\u0105 dla Pelliera za zdobycie tytu\u0142u FIA Junior ERC w 2022 roku jest szansa na zdobycie chwa\u0142y JWRC w tym sezonie uzbrojony w wyposa\u017conego","inLanguage":"en-GB","isPartOf":{"@id":"https:\/\/www.worldrally.eu\/#website"},"breadcrumb":{"@id":"https:\/\/www.worldrally.eu\/index.php\/2023\/01\/17\/awans-pelliera-do-junior-wrc\/#breadcrumblist"},"author":{"@id":"https:\/\/www.worldrally.eu\/index.php\/author\/magdalena\/#author"},"creator":{"@id":"https:\/\/www.worldrally.eu\/index.php\/author\/magdalena\/#author"},"image":{"@type":"ImageObject","url":"https:\/\/www.worldrally.eu\/wp-content\/uploads\/2023\/02\/1.jpg","@id":"https:\/\/www.worldrally.eu\/index.php\/2023\/01\/17\/awans-pelliera-do-junior-wrc\/#mainImage","width":1400,"height":788},"primaryImageOfPage":{"@id":"https:\/\/www.worldrally.eu\/index.php\/2023\/01\/17\/awans-pelliera-do-junior-wrc\/#mainImage"},"datePublished":"2023-01-17T22:47:00+00:00","dateModified":"2023-02-24T22:51:43+00:00"},{"@type":"WebSite","@id":"https:\/\/www.worldrally.eu\/#website","url":"https:\/\/www.worldrally.eu\/","name":"WorldRally.eu","inLanguage":"en-GB","publisher":{"@id":"https:\/\/www.worldrally.eu\/#organization"}}]},"og:locale":"en_GB","og:site_name":"WorldRally.eu \u00bb","og:type":"article","og:title":"Awans Pelliera do Junior WRC \u00bb WorldRally.eu","og:description":"Wielokrotnie nagradzany mistrz FIA Junior ERC Laurent Pellier zbli\u017cy\u0142 si\u0119 o krok do wzi\u0119cia udzia\u0142u w konkursie Junior WRC w zesz\u0142ym tygodniu po ujawnieniu wst\u0119pnej listy zarejestrowanych kierowc\u00f3w na rok 2023. Nagrod\u0105 dla Pelliera za zdobycie tytu\u0142u FIA Junior ERC w 2022 roku jest szansa na zdobycie chwa\u0142y JWRC w tym sezonie uzbrojony w wyposa\u017conego","og:url":"https:\/\/www.worldrally.eu\/index.php\/2023\/01\/17\/awans-pelliera-do-junior-wrc\/","og:image":"https:\/\/www.worldrally.eu\/wp-content\/uploads\/2023\/02\/1.jpg","og:image:secure_url":"https:\/\/www.worldrally.eu\/wp-content\/uploads\/2023\/02\/1.jpg","og:image:width":1400,"og:image:height":788,"article:published_time":"2023-01-17T22:47:00+00:00","article:modified_time":"2023-02-24T22:51:43+00:00","twitter:card":"summary_large_image","twitter:title":"Awans Pelliera do Junior WRC \u00bb WorldRally.eu","twitter:description":"Wielokrotnie nagradzany mistrz FIA Junior ERC Laurent Pellier zbli\u017cy\u0142 si\u0119 o krok do wzi\u0119cia udzia\u0142u w konkursie Junior WRC w zesz\u0142ym tygodniu po ujawnieniu wst\u0119pnej listy zarejestrowanych kierowc\u00f3w na rok 2023. Nagrod\u0105 dla Pelliera za zdobycie tytu\u0142u FIA Junior ERC w 2022 roku jest szansa na zdobycie chwa\u0142y JWRC w tym sezonie uzbrojony w wyposa\u017conego","twitter:image":"https:\/\/www.worldrally.eu\/wp-content\/uploads\/2023\/02\/1.jpg"},"aioseo_meta_data":{"post_id":"618","title":null,"description":null,"keywords":null,"keyphrases":null,"primary_term":null,"canonical_url":null,"og_title":null,"og_description":null,"og_object_type":"default","og_image_type":"default","og_image_url":null,"og_image_width":null,"og_image_height":null,"og_image_custom_url":null,"og_image_custom_fields":null,"og_video":null,"og_custom_url":null,"og_article_section":null,"og_article_tags":null,"twitter_use_og":false,"twitter_card":"default","twitter_image_type":"default","twitter_image_url":null,"twitter_image_custom_url":null,"twitter_image_custom_fields":null,"twitter_title":null,"twitter_description":null,"schema":{"blockGraphs":[],"customGraphs":[],"default":{"data":{"Article":[],"Course":[],"Dataset":[],"FAQPage":[],"Movie":[],"Person":[],"Product":[],"ProductReview":[],"Car":[],"Recipe":[],"Service":[],"SoftwareApplication":[],"WebPage":[]},"graphName":"","isEnabled":true},"graphs":[]},"schema_type":"default","schema_type_options":null,"pillar_content":false,"robots_default":true,"robots_noindex":false,"robots_noarchive":false,"robots_nosnippet":false,"robots_nofollow":false,"robots_noimageindex":false,"robots_noodp":false,"robots_notranslate":false,"robots_max_snippet":null,"robots_max_videopreview":null,"robots_max_imagepreview":"large","priority":null,"frequency":null,"local_seo":null,"breadcrumb_settings":null,"limit_modified_date":false,"ai":null,"created":"2025-03-22 05:53:43","updated":"2025-10-26 08:33:41","seo_analyzer_scan_date":null},"aioseo_breadcrumb":"<div class=\"aioseo-breadcrumbs\"><span class=\"aioseo-breadcrumb\">\n\t\t\t<a href=\"https:\/\/www.worldrally.eu\" title=\"Home\">Home<\/a>\n\t\t<\/span><span class=\"aioseo-breadcrumb-separator\">&raquo;<\/span><span class=\"aioseo-breadcrumb\">\n\t\t\t<a href=\"https:\/\/www.worldrally.eu\/index.php\/category\/erc\/\" title=\"ERC\">ERC<\/a>\n\t\t<\/span><span class=\"aioseo-breadcrumb-separator\">&raquo;<\/span><span class=\"aioseo-breadcrumb\">\n\t\t\tAwans Pelliera do Junior WRC\n\t\t<\/span><\/div>","aioseo_breadcrumb_json":[{"label":"Home","link":"https:\/\/www.worldrally.eu"},{"label":"ERC","link":"https:\/\/www.worldrally.eu\/index.php\/category\/erc\/"},{"label":"Awans Pelliera do Junior WRC","link":"https:\/\/www.worldrally.eu\/index.php\/2023\/01\/17\/awans-pelliera-do-junior-wrc\/"}],"cc_featured_image_caption":{"caption_text":"Foto- FIAerc","source_text":"","source_url":""},"_links":{"self":[{"href":"https:\/\/www.worldrally.eu\/index.php\/wp-json\/wp\/v2\/posts\/618","targetHints":{"allow":["GET"]}}],"collection":[{"href":"https:\/\/www.worldrally.eu\/index.php\/wp-json\/wp\/v2\/posts"}],"about":[{"href":"https:\/\/www.worldrally.eu\/index.php\/wp-json\/wp\/v2\/types\/post"}],"author":[{"embeddable":true,"href":"https:\/\/www.worldrally.eu\/index.php\/wp-json\/wp\/v2\/users\/2"}],"replies":[{"embeddable":true,"href":"https:\/\/www.worldrally.eu\/index.php\/wp-json\/wp\/v2\/comments?post=618"}],"version-history":[{"count":1,"href":"https:\/\/www.worldrally.eu\/index.php\/wp-json\/wp\/v2\/posts\/618\/revisions"}],"predecessor-version":[{"id":620,"href":"https:\/\/www.worldrally.eu\/index.php\/wp-json\/wp\/v2\/posts\/618\/revisions\/620"}],"wp:featuredmedia":[{"embeddable":true,"href":"https:\/\/www.worldrally.eu\/index.php\/wp-json\/wp\/v2\/media\/158"}],"wp:attachment":[{"href":"https:\/\/www.worldrally.eu\/index.php\/wp-json\/wp\/v2\/media?parent=618"}],"wp:term":[{"taxonomy":"category","embeddable":true,"href":"https:\/\/www.worldrally.eu\/index.php\/wp-json\/wp\/v2\/categories?post=618"},{"taxonomy":"post_tag","embeddable":true,"href":"https:\/\/www.worldrally.eu\/index.php\/wp-json\/wp\/v2\/tags?post=618"}],"curies":[{"name":"wp","href":"https:\/\/api.w.org\/{rel}","templated":true}]}}