{"id":610,"date":"2023-01-03T22:34:00","date_gmt":"2023-01-03T22:34:00","guid":{"rendered":"https:\/\/www.worldrally.eu\/?p=610"},"modified":"2023-02-24T22:38:59","modified_gmt":"2023-02-24T22:38:59","slug":"azcona-wyczyn-liareny-jest-imponujacy","status":"publish","type":"post","link":"https:\/\/www.worldrally.eu\/index.php\/2023\/01\/03\/azcona-wyczyn-liareny-jest-imponujacy\/","title":{"rendered":"Azcona &#8211; wyczyn LIareny jest imponuj\u0105cy"},"content":{"rendered":"\n<p>Przemawiaj\u0105c po spotkaniu z Llaren\u0105 podczas rozdania nagr\u00f3d FIA we W\u0142oszech w zesz\u0142ym miesi\u0105cu, Azcona powiedzia\u0142: <\/p>\n\n\n\n<p><em>\u201eEfr\u00e9n jest moim wielkim przyjacielem, je\u017adzili\u015bmy w kartingu, kiedy byli\u015bmy dzie\u0107mi. Jeste\u015bmy w podobnym wieku i mieszkamy bardzo blisko siebie w Hiszpanii. Znamy si\u0119 od czasu naszej kariery kartingowej i mieli\u015bmy okazj\u0119 troch\u0119 porozmawia\u0107 w Bolonii. \u201eKiedy sko\u0144czyli\u015bmy w kartingu, on pojecha\u0142 w jedn\u0105 stron\u0119 na rajdy, a ja na wy\u015bcigi samochod\u00f3w turystycznych. Mieli\u015bmy r\u00f3\u017cne kariery, ale w ko\u0144cu by\u0142em bardzo szcz\u0119\u015bliwy, \u017ce uko\u0144czy\u0142em rozdanie nagr\u00f3d FIA razem z Efr\u00e9nem<\/em>.<\/p>\n\n\n\n<p><em> \u201eOn by\u0142 mistrzem Europy, ja by\u0142em mistrzem \u015bwiata i du\u017co o tym rozmawiali\u015bmy. To, co osi\u0105gn\u0119li\u015bmy, by\u0142o imponuj\u0105ce i ja r\u00f3wnie\u017c jestem bardzo szcz\u0119\u015bliwy z jego powodu. To, co zrobi\u0142, jest niesamowite i bardzo mi\u0142o by\u0142o go zobaczy\u0107 na imprezie. Zas\u0142u\u017cy\u0142 na zdobycie mistrzostwa\u201d.<\/em><\/p>\n\n\n\n<figure class=\"wp-block-image size-large\"><img fetchpriority=\"high\" decoding=\"async\" width=\"1024\" height=\"576\" src=\"https:\/\/www.worldrally.eu\/wp-content\/uploads\/2023\/02\/1B-1024x576.jpg\" alt=\"\" class=\"wp-image-613\" srcset=\"https:\/\/www.worldrally.eu\/wp-content\/uploads\/2023\/02\/1B-1024x576.jpg 1024w, https:\/\/www.worldrally.eu\/wp-content\/uploads\/2023\/02\/1B-300x169.jpg 300w, https:\/\/www.worldrally.eu\/wp-content\/uploads\/2023\/02\/1B-768x432.jpg 768w, https:\/\/www.worldrally.eu\/wp-content\/uploads\/2023\/02\/1B-1280x720.jpg 1280w, https:\/\/www.worldrally.eu\/wp-content\/uploads\/2023\/02\/1B.jpg 1400w\" sizes=\"(max-width: 1024px) 100vw, 1024px\" \/><figcaption class=\"wp-element-caption\">Foto- FIAerc<\/figcaption><\/figure>\n\n\n\n<p>Podczas gdy wy\u015bcigi samochod\u00f3w turystycznych pozostaj\u0105 priorytetem Azcony, 26-latek z przyjemno\u015bci\u0105 spr\u00f3buje rajd\u00f3w o rozmiar.<\/p>\n\n\n\n<p><em>&#8211; Na pewno chcia\u0142bym spr\u00f3bowa\u0107 &#8211; powiedzia\u0142. \u201eW \u017cyciu tego nie pr\u00f3bowa\u0142em, ale poniewa\u017c jestem w Hyundai Motorsport, robi\u0105 WRC i maj\u0105 samochody Rally2, to jest co\u015b, o czym ju\u017c z nimi rozmawiam. Nie wiem, w jakiej imprezie, ale spr\u00f3buj\u0119 i my\u015bl\u0119, \u017ce s\u0105 szcz\u0119\u015bliwi, \u017ce daj\u0105 mi mo\u017cliwo\u015b\u0107 spr\u00f3bowania czego\u015b w samochodzie rajdowym. To co\u015b, co chcia\u0142bym zrobi\u0107 i staram si\u0119 to zrobi\u0107. Z Hyundaiem , to najlepsze miejsce, aby to zrobi\u0107\u201d.<\/em><\/p>\n\n\n\n<p>Pilotowany przez Sar\u0119 Fern\u00e1ndez, 27-letni Llarena zosta\u0142 pierwszym hiszpa\u0144skim mistrzem ERC od czasu Antonio Zaniniego w 1980 roku, kiedy zdoby\u0142 tytu\u0142 dla zespo\u0142u MRF Tyres na Barum Czech Rally Zl\u00edn w sierpniu ubieg\u0142ego roku. Tymczasem Azcona wygra\u0142 WTCR 2022 \u2013 Puchar \u015awiata Samochod\u00f3w Turystycznych, b\u0119d\u0105c pierwszym Hiszpanem, kt\u00f3ry zdoby\u0142 najwy\u017csze wyr\u00f3\u017cnienie w tej kategorii.<\/p>\n","protected":false},"excerpt":{"rendered":"<p>Przemawiaj\u0105c po spotkaniu z Llaren\u0105 podczas rozdania nagr\u00f3d FIA we W\u0142oszech w zesz\u0142ym miesi\u0105cu, Azcona powiedzia\u0142: \u201eEfr\u00e9n jest moim wielkim przyjacielem, je\u017adzili\u015bmy w kartingu, kiedy byli\u015bmy dzie\u0107mi. Jeste\u015bmy w podobnym wieku i mieszkamy bardzo blisko siebie w Hiszpanii. Znamy si\u0119 od czasu naszej kariery kartingowej i mieli\u015bmy okazj\u0119 troch\u0119 porozmawia\u0107 w Bolonii. \u201eKiedy sko\u0144czyli\u015bmy w [&hellip;]<\/p>\n","protected":false},"author":2,"featured_media":611,"comment_status":"closed","ping_status":"closed","sticky":false,"template":"","format":"standard","meta":{"footnotes":""},"categories":[4],"tags":[],"class_list":["post-610","post","type-post","status-publish","format-standard","has-post-thumbnail","hentry","category-erc"],"aioseo_notices":[],"cc_featured_image_caption":{"caption_text":"Foto- Internet","source_text":"","source_url":""},"_links":{"self":[{"href":"https:\/\/www.worldrally.eu\/index.php\/wp-json\/wp\/v2\/posts\/610","targetHints":{"allow":["GET"]}}],"collection":[{"href":"https:\/\/www.worldrally.eu\/index.php\/wp-json\/wp\/v2\/posts"}],"about":[{"href":"https:\/\/www.worldrally.eu\/index.php\/wp-json\/wp\/v2\/types\/post"}],"author":[{"embeddable":true,"href":"https:\/\/www.worldrally.eu\/index.php\/wp-json\/wp\/v2\/users\/2"}],"replies":[{"embeddable":true,"href":"https:\/\/www.worldrally.eu\/index.php\/wp-json\/wp\/v2\/comments?post=610"}],"version-history":[{"count":2,"href":"https:\/\/www.worldrally.eu\/index.php\/wp-json\/wp\/v2\/posts\/610\/revisions"}],"predecessor-version":[{"id":614,"href":"https:\/\/www.worldrally.eu\/index.php\/wp-json\/wp\/v2\/posts\/610\/revisions\/614"}],"wp:featuredmedia":[{"embeddable":true,"href":"https:\/\/www.worldrally.eu\/index.php\/wp-json\/wp\/v2\/media\/611"}],"wp:attachment":[{"href":"https:\/\/www.worldrally.eu\/index.php\/wp-json\/wp\/v2\/media?parent=610"}],"wp:term":[{"taxonomy":"category","embeddable":true,"href":"https:\/\/www.worldrally.eu\/index.php\/wp-json\/wp\/v2\/categories?post=610"},{"taxonomy":"post_tag","embeddable":true,"href":"https:\/\/www.worldrally.eu\/index.php\/wp-json\/wp\/v2\/tags?post=610"}],"curies":[{"name":"wp","href":"https:\/\/api.w.org\/{rel}","templated":true}]}}