{"id":602,"date":"2022-10-21T18:55:00","date_gmt":"2022-10-21T18:55:00","guid":{"rendered":"https:\/\/www.worldrally.eu\/?p=602"},"modified":"2023-02-24T19:03:22","modified_gmt":"2023-02-24T19:03:22","slug":"bonato-liderem","status":"publish","type":"post","link":"https:\/\/www.worldrally.eu\/index.php\/2022\/10\/21\/bonato-liderem\/","title":{"rendered":"Bonato liderem"},"content":{"rendered":"\n<p class=\"wp-block-paragraph\">Yoann Bonato i Efr\u00e9n Llarena tocz\u0105 zaci\u0119t\u0105 walk\u0119 o fotel lidera i wygran w RallyRACC Catalunya-Costa Daurada pod koniec pierwszej p\u0119tli etap\u00f3w \u2013 dziel\u0105 ich zaledwie cztery sekundy po zaledwie 60 km rywalizacji.<\/p>\n\n\n\n<p class=\"wp-block-paragraph\">\u015awie\u017co upieczony Rajdowy Mistrz Europy, Llarena, pokaza\u0142,\u017ce nie przypadkowo zosta\u0142 mistrzem i by\u0142 najszybszy w pierwszym odcinku specjalnym i natychmiast uzyska\u0142 przewag\u0119 3,6 sekundy, ale Bonato nie pozosta\u0142 bez odpowiedzi redukuj\u0105c przewag\u0119 na drugim etapie, zanim odwr\u00f3ci\u0142 sytuacj\u0119 w stosunku do swojego rywala z MRF Tyres na trzecim odcinku specjalnym<\/p>\n\n\n\n<p class=\"wp-block-paragraph\">Najd\u0142u\u017cszy etap na 22,64 km  Bonata jecha\u0142 bezb\u0142\u0119dnie i wyprzedzi\u0142 Llaren\u0119 o 5,4 sekundy i awansuj\u0105c tym samym na lidera w ostatniej rundzie tego sezonu.<\/p>\n\n\n\n<p class=\"wp-block-paragraph\"><em>\u201ePo Wyspach Kanaryjskich i Rzymie przybyli\u015bmy tutaj, spodziewaj\u0105c si\u0119 kolejnej bliskiej bitwy z Efr\u00e9nem\u201d <\/em>\u2014 pomy\u015bla\u0142 Bonato.<\/p>\n\n\n\n<p class=\"wp-block-paragraph\"><em> \u201eWarunki by\u0142y trudne, szczeg\u00f3lnie na dw\u00f3ch pierwszych i ostatnim etapie, a my dbali\u015bmy o to, aby unikn\u0105\u0107 przebicia, ale nasze Micheliny spisywa\u0142y si\u0119 dobrze. Teraz musimy kontynuowa\u0107 t\u0119 sam\u0105 drog\u0119 \u2013 szczeg\u00f3lnie nie mog\u0119 si\u0119 doczeka\u0107 wieczornych etap\u00f3w po zmroku\u201d.<\/em> &#8211; doda\u0142<\/p>\n\n\n\n<figure class=\"wp-block-table\"><table><tbody><tr><td>1.<\/td><td><img decoding=\"async\" src=\"https:\/\/www.ewrc-results.com\/images\/flags2\/france.png\" alt=\"flag\"><br>#102<\/td><td><img decoding=\"async\" src=\"https:\/\/www.ewrc-results.com\/images\/icon\/citroen2009.png\" alt=\"logo\"> <a href=\"https:\/\/www.ewrc-results.com\/entryinfo\/74919-rallyracc-catalunya-costa-daurada-erc-2022\/3507610\/\">Bonato Yoann &#8211; Boulloud Benjamin<\/a><br>Citro\u00ebn C3 Rally2 <img decoding=\"async\" src=\"https:\/\/www.ewrc-results.com\/images\/tyres\/michelin_red.png\" alt=\"tyre\"><\/td><td>RC2<\/td><td>35:46.4<br><\/td><td><\/td><td>99.7<\/td><\/tr><tr><td>2.<\/td><td><img decoding=\"async\" src=\"https:\/\/www.ewrc-results.com\/images\/flags2\/spain.png\" alt=\"flag\"><br>#101<\/td><td><img decoding=\"async\" src=\"https:\/\/www.ewrc-results.com\/images\/icon\/skoda.png\" alt=\"logo\"> <a href=\"https:\/\/www.ewrc-results.com\/entryinfo\/74919-rallyracc-catalunya-costa-daurada-erc-2022\/3507608\/\">Llarena Efr\u00e9n &#8211; Fern\u00e1ndez Sara<\/a><br>\u0160koda Fabia Rally2 evo <img decoding=\"async\" src=\"https:\/\/www.ewrc-results.com\/images\/tyres\/mrf3.png\" alt=\"tyre\"><\/td><td>RC2<\/td><td>35:50.6<br><\/td><td>+4.2<br>+4.2<\/td><td>99.5<br>0.07<\/td><\/tr><tr><td>3.<\/td><td><img decoding=\"async\" src=\"https:\/\/www.ewrc-results.com\/images\/flags2\/hungary.png\" alt=\"flag\"><br>#105<\/td><td><img decoding=\"async\" src=\"https:\/\/www.ewrc-results.com\/images\/icon\/skoda.png\" alt=\"logo\"> <a href=\"https:\/\/www.ewrc-results.com\/entryinfo\/74919-rallyracc-catalunya-costa-daurada-erc-2022\/3508434\/\">L\u00e1szl\u00f3 Martin &#8211; Berendi D\u00e1vid<\/a><br>\u0160koda Fabia Rally2 evo <img decoding=\"async\" src=\"https:\/\/www.ewrc-results.com\/images\/tyres\/pirelli_red.png\" alt=\"tyre\"><\/td><td>RC2<\/td><td>36:18.1<br><\/td><td>+31.7<br>+27.5<\/td><td>98.3<br>0.53<\/td><\/tr><tr><td>4.<\/td><td><img decoding=\"async\" src=\"https:\/\/www.ewrc-results.com\/images\/flags2\/spain.png\" alt=\"flag\"><br>#106<\/td><td><img decoding=\"async\" src=\"https:\/\/www.ewrc-results.com\/images\/icon\/skoda.png\" alt=\"logo\"> <a href=\"https:\/\/www.ewrc-results.com\/entryinfo\/74919-rallyracc-catalunya-costa-daurada-erc-2022\/3508435\/\">Pons Xevi &#8211; Haro \u00c1lex<\/a><br>\u0160koda Fabia Rally2 evo <img decoding=\"async\" src=\"https:\/\/www.ewrc-results.com\/images\/tyres\/hankook.png\" alt=\"tyre\"><\/td><td>RC2<\/td><td>36:58.4<br><\/td><td>+1:12.0<br>+40.3<\/td><td>96.5<br>1.21<\/td><\/tr><tr><td>5.<br>+1<\/td><td><img decoding=\"async\" src=\"https:\/\/www.ewrc-results.com\/images\/flags2\/spain.png\" alt=\"flag\"><br>#104<\/td><td><img decoding=\"async\" src=\"https:\/\/www.ewrc-results.com\/images\/icon\/skoda.png\" alt=\"logo\"> <a href=\"https:\/\/www.ewrc-results.com\/entryinfo\/74919-rallyracc-catalunya-costa-daurada-erc-2022\/3508433\/\">Pardo Siota J. &#8211; P\u00e9rez Fern\u00e1ndez A.<\/a><br>\u0160koda Fabia Rally2 evo <img decoding=\"async\" src=\"https:\/\/www.ewrc-results.com\/images\/tyres\/mrf3.png\" alt=\"tyre\"><\/td><td>RC2<\/td><td>37:09.8<br><\/td><td>+1:23.4<br>+11.4<\/td><td>96.0<br>1.40<\/td><\/tr><tr><td>6.<br>\u22121<\/td><td><img decoding=\"async\" src=\"https:\/\/www.ewrc-results.com\/images\/flags2\/france.png\" alt=\"flag\"><br>#110<\/td><td><img decoding=\"async\" src=\"https:\/\/www.ewrc-results.com\/images\/icon\/opel.png\" alt=\"logo\"> <a href=\"https:\/\/www.ewrc-results.com\/entryinfo\/74919-rallyracc-catalunya-costa-daurada-erc-2022\/3507617\/\">Pellier Laurent &#8211; Pelamourgues M.<\/a><br>Opel Corsa Rally4 <img decoding=\"async\" src=\"https:\/\/www.ewrc-results.com\/images\/tyres\/pirelli_red.png\" alt=\"tyre\"><\/td><td>RC4<\/td><td>37:17.5<br><\/td><td>+1:31.1<br>+7.7<\/td><td>95.7<br>1.53<\/td><\/tr><tr><td>7.<\/td><td><img decoding=\"async\" src=\"https:\/\/www.ewrc-results.com\/images\/flags2\/spain.png\" alt=\"flag\"><br>#108<\/td><td><img decoding=\"async\" src=\"https:\/\/www.ewrc-results.com\/images\/icon\/suzuki.png\" alt=\"logo\"> <a href=\"https:\/\/www.ewrc-results.com\/entryinfo\/74919-rallyracc-catalunya-costa-daurada-erc-2022\/3507616\/\">Monarri Alberto &#8211; Odriozola Borja<\/a><br>Suzuki Swift R4LLY S <img decoding=\"async\" src=\"https:\/\/www.ewrc-results.com\/images\/tyres\/michelin_red.png\" alt=\"tyre\"><\/td><td>RC2<\/td><td>37:23.9<br><\/td><td>+1:37.5<br>+6.4<\/td><td>95.4<br>1.64<\/td><\/tr><tr><td>8.<br>+3<\/td><td><img decoding=\"async\" src=\"https:\/\/www.ewrc-results.com\/images\/flags2\/italy.png\" alt=\"flag\"><br>#103<\/td><td><img decoding=\"async\" src=\"https:\/\/www.ewrc-results.com\/images\/icon\/skoda.png\" alt=\"logo\"> <a href=\"https:\/\/www.ewrc-results.com\/entryinfo\/74919-rallyracc-catalunya-costa-daurada-erc-2022\/3507609\/\">Battistolli A. &#8211; Scattolin S.<\/a><br>\u0160koda Fabia Rally2 evo <img decoding=\"async\" src=\"https:\/\/www.ewrc-results.com\/images\/tyres\/pirelli_red.png\" alt=\"tyre\"><\/td><td>RC2<\/td><td>37:57.4<br><\/td><td>+2:11.0<br>+33.5<\/td><td>94.0<br>2.20<\/td><\/tr><tr><td>9.<br>\u22121<\/td><td><img decoding=\"async\" src=\"https:\/\/www.ewrc-results.com\/images\/flags2\/italy.png\" alt=\"flag\"><br>#111<\/td><td><img decoding=\"async\" src=\"https:\/\/www.ewrc-results.com\/images\/icon\/renault2015.png\" alt=\"logo\"> <a href=\"https:\/\/www.ewrc-results.com\/entryinfo\/74919-rallyracc-catalunya-costa-daurada-erc-2022\/3507613\/\">Mabellini Andrea &#8211; Lenzi Virginia<\/a><br>Renault Clio Rally4 <img decoding=\"async\" src=\"https:\/\/www.ewrc-results.com\/images\/tyres\/pirelli_red.png\" alt=\"tyre\"><\/td><td>RC4<\/td><td>38:06.2<br><\/td><td>+2:19.8<br>+8.8<\/td><td>93.6<br>2.35<\/td><\/tr><tr><td>10.<\/td><td><img decoding=\"async\" src=\"https:\/\/www.ewrc-results.com\/images\/flags2\/andorra.png\" alt=\"flag\"><br>#107<\/td><td><img decoding=\"async\" src=\"https:\/\/www.ewrc-results.com\/images\/icon\/suzuki.png\" alt=\"logo\"> <a href=\"https:\/\/www.ewrc-results.com\/entryinfo\/74919-rallyracc-catalunya-costa-daurada-erc-2022\/3507614\/\">Vinyes Dabad Joan &#8211; Mercader J.<\/a><br>Suzuki Swift R4LLY S <img decoding=\"async\" src=\"https:\/\/www.ewrc-results.com\/images\/tyres\/michelin_red.png\" alt=\"tyre\"><\/td><td>RC2<\/td><td>38:10.0<br><\/td><td>+2:23.6<br>+3.8<\/td><td>93.5<br>2.42<\/td><\/tr><\/tbody><\/table><\/figure>\n","protected":false},"excerpt":{"rendered":"<p>Yoann Bonato i Efr\u00e9n Llarena tocz\u0105 zaci\u0119t\u0105 walk\u0119 o fotel lidera i wygran w RallyRACC Catalunya-Costa Daurada pod koniec pierwszej p\u0119tli etap\u00f3w \u2013 dziel\u0105 ich zaledwie cztery sekundy po zaledwie 60 km rywalizacji. \u015awie\u017co upieczony Rajdowy Mistrz Europy, Llarena, pokaza\u0142,\u017ce nie przypadkowo zosta\u0142 mistrzem i by\u0142 najszybszy w pierwszym odcinku specjalnym i natychmiast uzyska\u0142 przewag\u0119 [&hellip;]<\/p>\n","protected":false},"author":2,"featured_media":603,"comment_status":"closed","ping_status":"closed","sticky":false,"template":"","format":"standard","meta":{"_monsterinsights_skip_tracking":false,"_monsterinsights_sitenote_active":false,"_monsterinsights_sitenote_note":"","_monsterinsights_sitenote_category":0,"footnotes":""},"categories":[4],"tags":[],"class_list":["post-602","post","type-post","status-publish","format-standard","has-post-thumbnail","hentry","category-erc"],"aioseo_notices":[],"aioseo_head":"\n\t\t<!-- All in One SEO 4.9.9 - aioseo.com -->\n\t<meta name=\"description\" content=\"Yoann Bonato i Efr\u00e9n Llarena tocz\u0105 zaci\u0119t\u0105 walk\u0119 o fotel lidera i wygran w RallyRACC Catalunya-Costa Daurada pod koniec pierwszej p\u0119tli etap\u00f3w \u2013 dziel\u0105 ich zaledwie cztery sekundy po zaledwie 60 km rywalizacji. \u015awie\u017co upieczony Rajdowy Mistrz Europy, Llarena, pokaza\u0142,\u017ce nie przypadkowo zosta\u0142 mistrzem i by\u0142 najszybszy w pierwszym odcinku specjalnym i natychmiast uzyska\u0142 przewag\u0119\" \/>\n\t<meta name=\"robots\" content=\"max-image-preview:large\" \/>\n\t<meta name=\"author\" content=\"Magdalena\"\/>\n\t<link rel=\"canonical\" href=\"https:\/\/www.worldrally.eu\/index.php\/2022\/10\/21\/bonato-liderem\/\" \/>\n\t<meta name=\"generator\" content=\"All in One SEO (AIOSEO) 4.9.9\" \/>\n\t\t<meta property=\"og:locale\" content=\"en_GB\" \/>\n\t\t<meta property=\"og:site_name\" content=\"WorldRally.eu \u00bb\" \/>\n\t\t<meta property=\"og:type\" content=\"article\" \/>\n\t\t<meta property=\"og:title\" content=\"Bonato liderem \u00bb WorldRally.eu\" \/>\n\t\t<meta property=\"og:description\" content=\"Yoann Bonato i Efr\u00e9n Llarena tocz\u0105 zaci\u0119t\u0105 walk\u0119 o fotel lidera i wygran w RallyRACC Catalunya-Costa Daurada pod koniec pierwszej p\u0119tli etap\u00f3w \u2013 dziel\u0105 ich zaledwie cztery sekundy po zaledwie 60 km rywalizacji. \u015awie\u017co upieczony Rajdowy Mistrz Europy, Llarena, pokaza\u0142,\u017ce nie przypadkowo zosta\u0142 mistrzem i by\u0142 najszybszy w pierwszym odcinku specjalnym i natychmiast uzyska\u0142 przewag\u0119\" \/>\n\t\t<meta property=\"og:url\" content=\"https:\/\/www.worldrally.eu\/index.php\/2022\/10\/21\/bonato-liderem\/\" \/>\n\t\t<meta property=\"og:image\" content=\"https:\/\/www.worldrally.eu\/wp-content\/uploads\/2023\/02\/bonato-1.jpg\" \/>\n\t\t<meta property=\"og:image:secure_url\" content=\"https:\/\/www.worldrally.eu\/wp-content\/uploads\/2023\/02\/bonato-1.jpg\" \/>\n\t\t<meta property=\"og:image:width\" content=\"1400\" \/>\n\t\t<meta property=\"og:image:height\" content=\"788\" \/>\n\t\t<meta property=\"article:published_time\" content=\"2022-10-21T18:55:00+00:00\" \/>\n\t\t<meta property=\"article:modified_time\" content=\"2023-02-24T19:03:22+00:00\" \/>\n\t\t<meta name=\"twitter:card\" content=\"summary_large_image\" \/>\n\t\t<meta name=\"twitter:title\" content=\"Bonato liderem \u00bb WorldRally.eu\" \/>\n\t\t<meta name=\"twitter:description\" content=\"Yoann Bonato i Efr\u00e9n Llarena tocz\u0105 zaci\u0119t\u0105 walk\u0119 o fotel lidera i wygran w RallyRACC Catalunya-Costa Daurada pod koniec pierwszej p\u0119tli etap\u00f3w \u2013 dziel\u0105 ich zaledwie cztery sekundy po zaledwie 60 km rywalizacji. \u015awie\u017co upieczony Rajdowy Mistrz Europy, Llarena, pokaza\u0142,\u017ce nie przypadkowo zosta\u0142 mistrzem i by\u0142 najszybszy w pierwszym odcinku specjalnym i natychmiast uzyska\u0142 przewag\u0119\" \/>\n\t\t<meta name=\"twitter:image\" content=\"https:\/\/www.worldrally.eu\/wp-content\/uploads\/2023\/02\/bonato-1.jpg\" \/>\n\t\t<script type=\"application\/ld+json\" class=\"aioseo-schema\">\n\t\t\t{\"@context\":\"https:\\\/\\\/schema.org\",\"@graph\":[{\"@type\":\"BlogPosting\",\"@id\":\"https:\\\/\\\/www.worldrally.eu\\\/index.php\\\/2022\\\/10\\\/21\\\/bonato-liderem\\\/#blogposting\",\"name\":\"Bonato liderem \\u00bb WorldRally.eu\",\"headline\":\"Bonato liderem\",\"author\":{\"@id\":\"https:\\\/\\\/www.worldrally.eu\\\/index.php\\\/author\\\/magdalena\\\/#author\"},\"publisher\":{\"@id\":\"https:\\\/\\\/www.worldrally.eu\\\/#organization\"},\"image\":{\"@type\":\"ImageObject\",\"url\":\"https:\\\/\\\/www.worldrally.eu\\\/wp-content\\\/uploads\\\/2023\\\/02\\\/bonato-1.jpg\",\"width\":1400,\"height\":788},\"datePublished\":\"2022-10-21T18:55:00+00:00\",\"dateModified\":\"2023-02-24T19:03:22+00:00\",\"inLanguage\":\"en-GB\",\"mainEntityOfPage\":{\"@id\":\"https:\\\/\\\/www.worldrally.eu\\\/index.php\\\/2022\\\/10\\\/21\\\/bonato-liderem\\\/#webpage\"},\"isPartOf\":{\"@id\":\"https:\\\/\\\/www.worldrally.eu\\\/index.php\\\/2022\\\/10\\\/21\\\/bonato-liderem\\\/#webpage\"},\"articleSection\":\"ERC\"},{\"@type\":\"BreadcrumbList\",\"@id\":\"https:\\\/\\\/www.worldrally.eu\\\/index.php\\\/2022\\\/10\\\/21\\\/bonato-liderem\\\/#breadcrumblist\",\"itemListElement\":[{\"@type\":\"ListItem\",\"@id\":\"https:\\\/\\\/www.worldrally.eu#listItem\",\"position\":1,\"name\":\"Home\",\"item\":\"https:\\\/\\\/www.worldrally.eu\",\"nextItem\":{\"@type\":\"ListItem\",\"@id\":\"https:\\\/\\\/www.worldrally.eu\\\/index.php\\\/category\\\/erc\\\/#listItem\",\"name\":\"ERC\"}},{\"@type\":\"ListItem\",\"@id\":\"https:\\\/\\\/www.worldrally.eu\\\/index.php\\\/category\\\/erc\\\/#listItem\",\"position\":2,\"name\":\"ERC\",\"item\":\"https:\\\/\\\/www.worldrally.eu\\\/index.php\\\/category\\\/erc\\\/\",\"nextItem\":{\"@type\":\"ListItem\",\"@id\":\"https:\\\/\\\/www.worldrally.eu\\\/index.php\\\/2022\\\/10\\\/21\\\/bonato-liderem\\\/#listItem\",\"name\":\"Bonato liderem\"},\"previousItem\":{\"@type\":\"ListItem\",\"@id\":\"https:\\\/\\\/www.worldrally.eu#listItem\",\"name\":\"Home\"}},{\"@type\":\"ListItem\",\"@id\":\"https:\\\/\\\/www.worldrally.eu\\\/index.php\\\/2022\\\/10\\\/21\\\/bonato-liderem\\\/#listItem\",\"position\":3,\"name\":\"Bonato liderem\",\"previousItem\":{\"@type\":\"ListItem\",\"@id\":\"https:\\\/\\\/www.worldrally.eu\\\/index.php\\\/category\\\/erc\\\/#listItem\",\"name\":\"ERC\"}}]},{\"@type\":\"Organization\",\"@id\":\"https:\\\/\\\/www.worldrally.eu\\\/#organization\",\"name\":\"WorldRally.eu\",\"url\":\"https:\\\/\\\/www.worldrally.eu\\\/\",\"logo\":{\"@type\":\"ImageObject\",\"url\":\"https:\\\/\\\/www.worldrally.eu\\\/wp-content\\\/uploads\\\/2026\\\/01\\\/cropped-logo-3.png\",\"@id\":\"https:\\\/\\\/www.worldrally.eu\\\/index.php\\\/2022\\\/10\\\/21\\\/bonato-liderem\\\/#organizationLogo\",\"width\":2039,\"height\":756},\"image\":{\"@id\":\"https:\\\/\\\/www.worldrally.eu\\\/index.php\\\/2022\\\/10\\\/21\\\/bonato-liderem\\\/#organizationLogo\"}},{\"@type\":\"Person\",\"@id\":\"https:\\\/\\\/www.worldrally.eu\\\/index.php\\\/author\\\/magdalena\\\/#author\",\"url\":\"https:\\\/\\\/www.worldrally.eu\\\/index.php\\\/author\\\/magdalena\\\/\",\"name\":\"Magdalena\",\"image\":{\"@type\":\"ImageObject\",\"@id\":\"https:\\\/\\\/www.worldrally.eu\\\/index.php\\\/2022\\\/10\\\/21\\\/bonato-liderem\\\/#authorImage\",\"url\":\"https:\\\/\\\/secure.gravatar.com\\\/avatar\\\/853239b46cec38ba30b48d2b091f5538817cc78bdc0944c9ef7408579307e2ea?s=96&d=mm&r=g\",\"width\":96,\"height\":96,\"caption\":\"Magdalena\"}},{\"@type\":\"WebPage\",\"@id\":\"https:\\\/\\\/www.worldrally.eu\\\/index.php\\\/2022\\\/10\\\/21\\\/bonato-liderem\\\/#webpage\",\"url\":\"https:\\\/\\\/www.worldrally.eu\\\/index.php\\\/2022\\\/10\\\/21\\\/bonato-liderem\\\/\",\"name\":\"Bonato liderem \\u00bb WorldRally.eu\",\"description\":\"Yoann Bonato i Efr\\u00e9n Llarena tocz\\u0105 zaci\\u0119t\\u0105 walk\\u0119 o fotel lidera i wygran w RallyRACC Catalunya-Costa Daurada pod koniec pierwszej p\\u0119tli etap\\u00f3w \\u2013 dziel\\u0105 ich zaledwie cztery sekundy po zaledwie 60 km rywalizacji. \\u015awie\\u017co upieczony Rajdowy Mistrz Europy, Llarena, pokaza\\u0142,\\u017ce nie przypadkowo zosta\\u0142 mistrzem i by\\u0142 najszybszy w pierwszym odcinku specjalnym i natychmiast uzyska\\u0142 przewag\\u0119\",\"inLanguage\":\"en-GB\",\"isPartOf\":{\"@id\":\"https:\\\/\\\/www.worldrally.eu\\\/#website\"},\"breadcrumb\":{\"@id\":\"https:\\\/\\\/www.worldrally.eu\\\/index.php\\\/2022\\\/10\\\/21\\\/bonato-liderem\\\/#breadcrumblist\"},\"author\":{\"@id\":\"https:\\\/\\\/www.worldrally.eu\\\/index.php\\\/author\\\/magdalena\\\/#author\"},\"creator\":{\"@id\":\"https:\\\/\\\/www.worldrally.eu\\\/index.php\\\/author\\\/magdalena\\\/#author\"},\"image\":{\"@type\":\"ImageObject\",\"url\":\"https:\\\/\\\/www.worldrally.eu\\\/wp-content\\\/uploads\\\/2023\\\/02\\\/bonato-1.jpg\",\"@id\":\"https:\\\/\\\/www.worldrally.eu\\\/index.php\\\/2022\\\/10\\\/21\\\/bonato-liderem\\\/#mainImage\",\"width\":1400,\"height\":788},\"primaryImageOfPage\":{\"@id\":\"https:\\\/\\\/www.worldrally.eu\\\/index.php\\\/2022\\\/10\\\/21\\\/bonato-liderem\\\/#mainImage\"},\"datePublished\":\"2022-10-21T18:55:00+00:00\",\"dateModified\":\"2023-02-24T19:03:22+00:00\"},{\"@type\":\"WebSite\",\"@id\":\"https:\\\/\\\/www.worldrally.eu\\\/#website\",\"url\":\"https:\\\/\\\/www.worldrally.eu\\\/\",\"name\":\"WorldRally.eu\",\"inLanguage\":\"en-GB\",\"publisher\":{\"@id\":\"https:\\\/\\\/www.worldrally.eu\\\/#organization\"}}]}\n\t\t<\/script>\n\t\t<!-- All in One SEO -->\n\n","aioseo_head_json":{"title":"Bonato liderem \u00bb WorldRally.eu","description":"Yoann Bonato i Efr\u00e9n Llarena tocz\u0105 zaci\u0119t\u0105 walk\u0119 o fotel lidera i wygran w RallyRACC Catalunya-Costa Daurada pod koniec pierwszej p\u0119tli etap\u00f3w \u2013 dziel\u0105 ich zaledwie cztery sekundy po zaledwie 60 km rywalizacji. \u015awie\u017co upieczony Rajdowy Mistrz Europy, Llarena, pokaza\u0142,\u017ce nie przypadkowo zosta\u0142 mistrzem i by\u0142 najszybszy w pierwszym odcinku specjalnym i natychmiast uzyska\u0142 przewag\u0119","canonical_url":"https:\/\/www.worldrally.eu\/index.php\/2022\/10\/21\/bonato-liderem\/","robots":"max-image-preview:large","keywords":"","webmasterTools":{"miscellaneous":""},"schema":{"@context":"https:\/\/schema.org","@graph":[{"@type":"BlogPosting","@id":"https:\/\/www.worldrally.eu\/index.php\/2022\/10\/21\/bonato-liderem\/#blogposting","name":"Bonato liderem \u00bb WorldRally.eu","headline":"Bonato liderem","author":{"@id":"https:\/\/www.worldrally.eu\/index.php\/author\/magdalena\/#author"},"publisher":{"@id":"https:\/\/www.worldrally.eu\/#organization"},"image":{"@type":"ImageObject","url":"https:\/\/www.worldrally.eu\/wp-content\/uploads\/2023\/02\/bonato-1.jpg","width":1400,"height":788},"datePublished":"2022-10-21T18:55:00+00:00","dateModified":"2023-02-24T19:03:22+00:00","inLanguage":"en-GB","mainEntityOfPage":{"@id":"https:\/\/www.worldrally.eu\/index.php\/2022\/10\/21\/bonato-liderem\/#webpage"},"isPartOf":{"@id":"https:\/\/www.worldrally.eu\/index.php\/2022\/10\/21\/bonato-liderem\/#webpage"},"articleSection":"ERC"},{"@type":"BreadcrumbList","@id":"https:\/\/www.worldrally.eu\/index.php\/2022\/10\/21\/bonato-liderem\/#breadcrumblist","itemListElement":[{"@type":"ListItem","@id":"https:\/\/www.worldrally.eu#listItem","position":1,"name":"Home","item":"https:\/\/www.worldrally.eu","nextItem":{"@type":"ListItem","@id":"https:\/\/www.worldrally.eu\/index.php\/category\/erc\/#listItem","name":"ERC"}},{"@type":"ListItem","@id":"https:\/\/www.worldrally.eu\/index.php\/category\/erc\/#listItem","position":2,"name":"ERC","item":"https:\/\/www.worldrally.eu\/index.php\/category\/erc\/","nextItem":{"@type":"ListItem","@id":"https:\/\/www.worldrally.eu\/index.php\/2022\/10\/21\/bonato-liderem\/#listItem","name":"Bonato liderem"},"previousItem":{"@type":"ListItem","@id":"https:\/\/www.worldrally.eu#listItem","name":"Home"}},{"@type":"ListItem","@id":"https:\/\/www.worldrally.eu\/index.php\/2022\/10\/21\/bonato-liderem\/#listItem","position":3,"name":"Bonato liderem","previousItem":{"@type":"ListItem","@id":"https:\/\/www.worldrally.eu\/index.php\/category\/erc\/#listItem","name":"ERC"}}]},{"@type":"Organization","@id":"https:\/\/www.worldrally.eu\/#organization","name":"WorldRally.eu","url":"https:\/\/www.worldrally.eu\/","logo":{"@type":"ImageObject","url":"https:\/\/www.worldrally.eu\/wp-content\/uploads\/2026\/01\/cropped-logo-3.png","@id":"https:\/\/www.worldrally.eu\/index.php\/2022\/10\/21\/bonato-liderem\/#organizationLogo","width":2039,"height":756},"image":{"@id":"https:\/\/www.worldrally.eu\/index.php\/2022\/10\/21\/bonato-liderem\/#organizationLogo"}},{"@type":"Person","@id":"https:\/\/www.worldrally.eu\/index.php\/author\/magdalena\/#author","url":"https:\/\/www.worldrally.eu\/index.php\/author\/magdalena\/","name":"Magdalena","image":{"@type":"ImageObject","@id":"https:\/\/www.worldrally.eu\/index.php\/2022\/10\/21\/bonato-liderem\/#authorImage","url":"https:\/\/secure.gravatar.com\/avatar\/853239b46cec38ba30b48d2b091f5538817cc78bdc0944c9ef7408579307e2ea?s=96&d=mm&r=g","width":96,"height":96,"caption":"Magdalena"}},{"@type":"WebPage","@id":"https:\/\/www.worldrally.eu\/index.php\/2022\/10\/21\/bonato-liderem\/#webpage","url":"https:\/\/www.worldrally.eu\/index.php\/2022\/10\/21\/bonato-liderem\/","name":"Bonato liderem \u00bb WorldRally.eu","description":"Yoann Bonato i Efr\u00e9n Llarena tocz\u0105 zaci\u0119t\u0105 walk\u0119 o fotel lidera i wygran w RallyRACC Catalunya-Costa Daurada pod koniec pierwszej p\u0119tli etap\u00f3w \u2013 dziel\u0105 ich zaledwie cztery sekundy po zaledwie 60 km rywalizacji. \u015awie\u017co upieczony Rajdowy Mistrz Europy, Llarena, pokaza\u0142,\u017ce nie przypadkowo zosta\u0142 mistrzem i by\u0142 najszybszy w pierwszym odcinku specjalnym i natychmiast uzyska\u0142 przewag\u0119","inLanguage":"en-GB","isPartOf":{"@id":"https:\/\/www.worldrally.eu\/#website"},"breadcrumb":{"@id":"https:\/\/www.worldrally.eu\/index.php\/2022\/10\/21\/bonato-liderem\/#breadcrumblist"},"author":{"@id":"https:\/\/www.worldrally.eu\/index.php\/author\/magdalena\/#author"},"creator":{"@id":"https:\/\/www.worldrally.eu\/index.php\/author\/magdalena\/#author"},"image":{"@type":"ImageObject","url":"https:\/\/www.worldrally.eu\/wp-content\/uploads\/2023\/02\/bonato-1.jpg","@id":"https:\/\/www.worldrally.eu\/index.php\/2022\/10\/21\/bonato-liderem\/#mainImage","width":1400,"height":788},"primaryImageOfPage":{"@id":"https:\/\/www.worldrally.eu\/index.php\/2022\/10\/21\/bonato-liderem\/#mainImage"},"datePublished":"2022-10-21T18:55:00+00:00","dateModified":"2023-02-24T19:03:22+00:00"},{"@type":"WebSite","@id":"https:\/\/www.worldrally.eu\/#website","url":"https:\/\/www.worldrally.eu\/","name":"WorldRally.eu","inLanguage":"en-GB","publisher":{"@id":"https:\/\/www.worldrally.eu\/#organization"}}]},"og:locale":"en_GB","og:site_name":"WorldRally.eu \u00bb","og:type":"article","og:title":"Bonato liderem \u00bb WorldRally.eu","og:description":"Yoann Bonato i Efr\u00e9n Llarena tocz\u0105 zaci\u0119t\u0105 walk\u0119 o fotel lidera i wygran w RallyRACC Catalunya-Costa Daurada pod koniec pierwszej p\u0119tli etap\u00f3w \u2013 dziel\u0105 ich zaledwie cztery sekundy po zaledwie 60 km rywalizacji. \u015awie\u017co upieczony Rajdowy Mistrz Europy, Llarena, pokaza\u0142,\u017ce nie przypadkowo zosta\u0142 mistrzem i by\u0142 najszybszy w pierwszym odcinku specjalnym i natychmiast uzyska\u0142 przewag\u0119","og:url":"https:\/\/www.worldrally.eu\/index.php\/2022\/10\/21\/bonato-liderem\/","og:image":"https:\/\/www.worldrally.eu\/wp-content\/uploads\/2023\/02\/bonato-1.jpg","og:image:secure_url":"https:\/\/www.worldrally.eu\/wp-content\/uploads\/2023\/02\/bonato-1.jpg","og:image:width":1400,"og:image:height":788,"article:published_time":"2022-10-21T18:55:00+00:00","article:modified_time":"2023-02-24T19:03:22+00:00","twitter:card":"summary_large_image","twitter:title":"Bonato liderem \u00bb WorldRally.eu","twitter:description":"Yoann Bonato i Efr\u00e9n Llarena tocz\u0105 zaci\u0119t\u0105 walk\u0119 o fotel lidera i wygran w RallyRACC Catalunya-Costa Daurada pod koniec pierwszej p\u0119tli etap\u00f3w \u2013 dziel\u0105 ich zaledwie cztery sekundy po zaledwie 60 km rywalizacji. \u015awie\u017co upieczony Rajdowy Mistrz Europy, Llarena, pokaza\u0142,\u017ce nie przypadkowo zosta\u0142 mistrzem i by\u0142 najszybszy w pierwszym odcinku specjalnym i natychmiast uzyska\u0142 przewag\u0119","twitter:image":"https:\/\/www.worldrally.eu\/wp-content\/uploads\/2023\/02\/bonato-1.jpg"},"aioseo_meta_data":{"post_id":"602","title":null,"description":null,"keywords":null,"keyphrases":null,"primary_term":null,"canonical_url":null,"og_title":null,"og_description":null,"og_object_type":"default","og_image_type":"default","og_image_url":null,"og_image_width":null,"og_image_height":null,"og_image_custom_url":null,"og_image_custom_fields":null,"og_video":null,"og_custom_url":null,"og_article_section":null,"og_article_tags":null,"twitter_use_og":false,"twitter_card":"default","twitter_image_type":"default","twitter_image_url":null,"twitter_image_custom_url":null,"twitter_image_custom_fields":null,"twitter_title":null,"twitter_description":null,"schema":{"blockGraphs":[],"customGraphs":[],"default":{"data":{"Article":[],"Course":[],"Dataset":[],"FAQPage":[],"Movie":[],"Person":[],"Product":[],"ProductReview":[],"Car":[],"Recipe":[],"Service":[],"SoftwareApplication":[],"WebPage":[]},"graphName":"","isEnabled":true},"graphs":[]},"schema_type":"default","schema_type_options":null,"pillar_content":false,"robots_default":true,"robots_noindex":false,"robots_noarchive":false,"robots_nosnippet":false,"robots_nofollow":false,"robots_noimageindex":false,"robots_noodp":false,"robots_notranslate":false,"robots_max_snippet":null,"robots_max_videopreview":null,"robots_max_imagepreview":"large","priority":null,"frequency":null,"local_seo":null,"breadcrumb_settings":null,"limit_modified_date":false,"ai":null,"created":"2025-03-22 05:52:34","updated":"2025-10-26 08:32:27","seo_analyzer_scan_date":null},"aioseo_breadcrumb":"<div class=\"aioseo-breadcrumbs\"><span class=\"aioseo-breadcrumb\">\n\t\t\t<a href=\"https:\/\/www.worldrally.eu\" title=\"Home\">Home<\/a>\n\t\t<\/span><span class=\"aioseo-breadcrumb-separator\">&raquo;<\/span><span class=\"aioseo-breadcrumb\">\n\t\t\t<a href=\"https:\/\/www.worldrally.eu\/index.php\/category\/erc\/\" title=\"ERC\">ERC<\/a>\n\t\t<\/span><span class=\"aioseo-breadcrumb-separator\">&raquo;<\/span><span class=\"aioseo-breadcrumb\">\n\t\t\tBonato liderem\n\t\t<\/span><\/div>","aioseo_breadcrumb_json":[{"label":"Home","link":"https:\/\/www.worldrally.eu"},{"label":"ERC","link":"https:\/\/www.worldrally.eu\/index.php\/category\/erc\/"},{"label":"Bonato liderem","link":"https:\/\/www.worldrally.eu\/index.php\/2022\/10\/21\/bonato-liderem\/"}],"cc_featured_image_caption":{"caption_text":"Foto - FIAerc","source_text":"","source_url":""},"_links":{"self":[{"href":"https:\/\/www.worldrally.eu\/index.php\/wp-json\/wp\/v2\/posts\/602","targetHints":{"allow":["GET"]}}],"collection":[{"href":"https:\/\/www.worldrally.eu\/index.php\/wp-json\/wp\/v2\/posts"}],"about":[{"href":"https:\/\/www.worldrally.eu\/index.php\/wp-json\/wp\/v2\/types\/post"}],"author":[{"embeddable":true,"href":"https:\/\/www.worldrally.eu\/index.php\/wp-json\/wp\/v2\/users\/2"}],"replies":[{"embeddable":true,"href":"https:\/\/www.worldrally.eu\/index.php\/wp-json\/wp\/v2\/comments?post=602"}],"version-history":[{"count":1,"href":"https:\/\/www.worldrally.eu\/index.php\/wp-json\/wp\/v2\/posts\/602\/revisions"}],"predecessor-version":[{"id":604,"href":"https:\/\/www.worldrally.eu\/index.php\/wp-json\/wp\/v2\/posts\/602\/revisions\/604"}],"wp:featuredmedia":[{"embeddable":true,"href":"https:\/\/www.worldrally.eu\/index.php\/wp-json\/wp\/v2\/media\/603"}],"wp:attachment":[{"href":"https:\/\/www.worldrally.eu\/index.php\/wp-json\/wp\/v2\/media?parent=602"}],"wp:term":[{"taxonomy":"category","embeddable":true,"href":"https:\/\/www.worldrally.eu\/index.php\/wp-json\/wp\/v2\/categories?post=602"},{"taxonomy":"post_tag","embeddable":true,"href":"https:\/\/www.worldrally.eu\/index.php\/wp-json\/wp\/v2\/tags?post=602"}],"curies":[{"name":"wp","href":"https:\/\/api.w.org\/{rel}","templated":true}]}}