{"id":596,"date":"2022-09-21T18:22:00","date_gmt":"2022-09-21T18:22:00","guid":{"rendered":"https:\/\/www.worldrally.eu\/?p=596"},"modified":"2023-02-24T18:35:07","modified_gmt":"2023-02-24T18:35:07","slug":"kristensson-patrzy-w-przyszlosc","status":"publish","type":"post","link":"https:\/\/www.worldrally.eu\/index.php\/2022\/09\/21\/kristensson-patrzy-w-przyszlosc\/","title":{"rendered":"Kristensson patrzy w przysz\u0142o\u015b\u0107."},"content":{"rendered":"\n<p class=\"wp-block-paragraph\">Szwedzki kierowca pokaza\u0142 tempo, kt\u00f3re rzuca\u0142o wyzwanie wielu do\u015bwiadczonym kierowc\u0105 we wszystkich trzech rundach ERC, w kt\u00f3rych bra\u0142 udzia\u0142 w tym roku, zajmuj\u0105c drugie miejsce w klasyfikacji generalnej na szutrze Rajdu Polski, co jest jego najlepszym dotychczas wynikiem.<\/p>\n\n\n\n<figure class=\"wp-block-image size-large\"><img fetchpriority=\"high\" decoding=\"async\" width=\"1024\" height=\"683\" src=\"https:\/\/www.worldrally.eu\/wp-content\/uploads\/2023\/02\/IMG_7522-1024x683.jpg\" alt=\"\" class=\"wp-image-597\" srcset=\"https:\/\/www.worldrally.eu\/wp-content\/uploads\/2023\/02\/IMG_7522-1024x683.jpg 1024w, https:\/\/www.worldrally.eu\/wp-content\/uploads\/2023\/02\/IMG_7522-300x200.jpg 300w, https:\/\/www.worldrally.eu\/wp-content\/uploads\/2023\/02\/IMG_7522-768x512.jpg 768w, https:\/\/www.worldrally.eu\/wp-content\/uploads\/2023\/02\/IMG_7522-1536x1024.jpg 1536w, https:\/\/www.worldrally.eu\/wp-content\/uploads\/2023\/02\/IMG_7522-446x297.jpg 446w, https:\/\/www.worldrally.eu\/wp-content\/uploads\/2023\/02\/IMG_7522.jpg 1620w\" sizes=\"(max-width: 1024px) 100vw, 1024px\" \/><figcaption class=\"wp-element-caption\">Foto &#8211; PhotoMS \/ Adam Owczarek<\/figcaption><\/figure>\n\n\n\n<p class=\"wp-block-paragraph\">Przebita opona wyrzuci\u0142a Kristenssona z czo\u0142\u00f3wki trio na \u0141otwie, a wycieczka terenowa okaza\u0142a si\u0119 kosztowna podczas zesz\u0142omiesi\u0119cznego Barum Czech Rally Zl\u00edn, ale kierowca Hyundaia i20 pozostaje pozytywnie nastawiony do swoich wyst\u0119p\u00f3w i ju\u017c zacz\u0105\u0142 pracowa\u0107 nad swoimi planami na 2023 rok \u2013 kt\u00f3re mog\u0105 obejmowa\u0107 wi\u0119cej wyst\u0119p\u00f3w w ERC.<\/p>\n\n\n\n<p class=\"wp-block-paragraph\"><em>\u201ePracuj\u0119 naprawd\u0119 ci\u0119\u017cko w tej chwili, aby\u015bmy mogli spr\u00f3bowa\u0107 zrobi\u0107 kolejny krok\u201d<\/em> &#8211; powiedzia\u0142 Kristensson w wywiadzie dla FIAerc.<\/p>\n\n\n\n<p class=\"wp-block-paragraph\"> <em>\u201eOczywi\u015bcie chcia\u0142bym przejecha\u0107 ca\u0142y sezon w ERC \u2013 ale prawda jest taka, \u017ce nie wiem jeszcze, co b\u0119dzie mo\u017cliwe. \u201eOdby\u0142em kilka dobrych spotka\u0144, dyskutowali\u015bmy i planowali\u015bmy wiele rzeczy na przysz\u0142y rok, ale obecnie sytuacja gospodarcza w Szwecji i na ca\u0142ym \u015bwiecie \u2013 zw\u0142aszcza w sektorze energetycznym \u2013 jest szalona<\/em>&#8220;<\/p>\n\n\n\n<figure class=\"wp-block-image size-large\"><img decoding=\"async\" width=\"1024\" height=\"683\" src=\"https:\/\/www.worldrally.eu\/wp-content\/uploads\/2023\/02\/IMG_7537-1024x683.jpg\" alt=\"\" class=\"wp-image-598\" srcset=\"https:\/\/www.worldrally.eu\/wp-content\/uploads\/2023\/02\/IMG_7537-1024x683.jpg 1024w, https:\/\/www.worldrally.eu\/wp-content\/uploads\/2023\/02\/IMG_7537-300x200.jpg 300w, https:\/\/www.worldrally.eu\/wp-content\/uploads\/2023\/02\/IMG_7537-768x512.jpg 768w, https:\/\/www.worldrally.eu\/wp-content\/uploads\/2023\/02\/IMG_7537-1536x1024.jpg 1536w, https:\/\/www.worldrally.eu\/wp-content\/uploads\/2023\/02\/IMG_7537-446x297.jpg 446w, https:\/\/www.worldrally.eu\/wp-content\/uploads\/2023\/02\/IMG_7537.jpg 1620w\" sizes=\"(max-width: 1024px) 100vw, 1024px\" \/><figcaption class=\"wp-element-caption\">Foto &#8211; PhotoMS \/ Adam OWczarek<\/figcaption><\/figure>\n\n\n\n<p class=\"wp-block-paragraph\"><\/p>\n\n\n\n<p class=\"wp-block-paragraph\">Sporadyczne zaanga\u017cowanie Kristenssona w ERC zosta\u0142o uzupe\u0142nione dalszymi przejazdami jego zespo\u0142u Kowax 2BRally na imprezach regionalnych w Polsce, Czechach i w Szwecji. Rozpocz\u0105wszy rok z planami wystartowania w zaledwie sze\u015bciu rajdach, 31-latek ma teraz dwucyfrow\u0105 liczb\u0119 &#8211; co\u015b, co uwa\u017ca za kluczowe dla jego szybkiego rozwoju.<\/p>\n\n\n\n<figure class=\"wp-block-image size-large\"><img decoding=\"async\" width=\"1024\" height=\"683\" src=\"https:\/\/www.worldrally.eu\/wp-content\/uploads\/2023\/02\/Tom-1-1024x683.jpg\" alt=\"\" class=\"wp-image-599\" srcset=\"https:\/\/www.worldrally.eu\/wp-content\/uploads\/2023\/02\/Tom-1-1024x683.jpg 1024w, https:\/\/www.worldrally.eu\/wp-content\/uploads\/2023\/02\/Tom-1-300x200.jpg 300w, https:\/\/www.worldrally.eu\/wp-content\/uploads\/2023\/02\/Tom-1-768x512.jpg 768w, https:\/\/www.worldrally.eu\/wp-content\/uploads\/2023\/02\/Tom-1-1536x1024.jpg 1536w, https:\/\/www.worldrally.eu\/wp-content\/uploads\/2023\/02\/Tom-1-446x297.jpg 446w, https:\/\/www.worldrally.eu\/wp-content\/uploads\/2023\/02\/Tom-1.jpg 1620w\" sizes=\"(max-width: 1024px) 100vw, 1024px\" \/><figcaption class=\"wp-element-caption\">Foto &#8211; PnotoMS \/ Adam Owczarek<\/figcaption><\/figure>\n\n\n\n<p class=\"wp-block-paragraph\"><\/p>\n\n\n\n<p class=\"wp-block-paragraph\"><em>\u201ePierwotny plan na pocz\u0105tku zak\u0142ada\u0142 dwa rajdy o mistrzostwo Szwecji, trzy ERC i jeden WRC\u201d<\/em> \u2013 wyja\u015bni\u0142. \u201e<em>By\u0142oby marzeniem po prostu przejecha\u0107 sze\u015b\u0107 rajd\u00f3w bez \u017cadnych problem\u00f3w i by\u0107 mo\u017ce jedno zwyci\u0119stwo w klasyfikacji generalnej. Na razie wygl\u0105da na to, \u017ce rozegramy 16 rajd\u00f3w, a ja mam pi\u0119\u0107 zwyci\u0119stw w klasyfikacji generalnej<\/em>&#8220;<\/p>\n","protected":false},"excerpt":{"rendered":"<p>Szwedzki kierowca pokaza\u0142 tempo, kt\u00f3re rzuca\u0142o wyzwanie wielu do\u015bwiadczonym kierowc\u0105 we wszystkich trzech rundach ERC, w kt\u00f3rych bra\u0142 udzia\u0142 w tym roku, zajmuj\u0105c drugie miejsce w klasyfikacji generalnej na szutrze Rajdu Polski, co jest jego najlepszym dotychczas wynikiem. Przebita opona wyrzuci\u0142a Kristenssona z czo\u0142\u00f3wki trio na \u0141otwie, a wycieczka terenowa okaza\u0142a si\u0119 kosztowna podczas zesz\u0142omiesi\u0119cznego [&hellip;]<\/p>\n","protected":false},"author":1,"featured_media":601,"comment_status":"closed","ping_status":"closed","sticky":false,"template":"","format":"standard","meta":{"_monsterinsights_skip_tracking":false,"_monsterinsights_sitenote_active":false,"_monsterinsights_sitenote_note":"","_monsterinsights_sitenote_category":0,"footnotes":""},"categories":[4],"tags":[],"class_list":["post-596","post","type-post","status-publish","format-standard","has-post-thumbnail","hentry","category-erc"],"aioseo_notices":[],"aioseo_head":"\n\t\t<!-- All in One SEO 4.9.9 - aioseo.com -->\n\t<meta name=\"description\" content=\"Szwedzki kierowca pokaza\u0142 tempo, kt\u00f3re rzuca\u0142o wyzwanie wielu do\u015bwiadczonym kierowc\u0105 we wszystkich trzech rundach ERC, w kt\u00f3rych bra\u0142 udzia\u0142 w tym roku, zajmuj\u0105c drugie miejsce w klasyfikacji generalnej na szutrze Rajdu Polski, co jest jego najlepszym dotychczas wynikiem. Przebita opona wyrzuci\u0142a Kristenssona z czo\u0142\u00f3wki trio na \u0141otwie, a wycieczka terenowa okaza\u0142a si\u0119 kosztowna podczas zesz\u0142omiesi\u0119cznego\" \/>\n\t<meta name=\"robots\" content=\"max-image-preview:large\" \/>\n\t<meta name=\"author\" content=\"Junior\"\/>\n\t<link rel=\"canonical\" href=\"https:\/\/www.worldrally.eu\/index.php\/2022\/09\/21\/kristensson-patrzy-w-przyszlosc\/\" \/>\n\t<meta name=\"generator\" content=\"All in One SEO (AIOSEO) 4.9.9\" \/>\n\t\t<meta property=\"og:locale\" content=\"en_GB\" \/>\n\t\t<meta property=\"og:site_name\" content=\"WorldRally.eu \u00bb\" \/>\n\t\t<meta property=\"og:type\" content=\"article\" \/>\n\t\t<meta property=\"og:title\" content=\"Kristensson patrzy w przysz\u0142o\u015b\u0107. \u00bb WorldRally.eu\" \/>\n\t\t<meta property=\"og:description\" content=\"Szwedzki kierowca pokaza\u0142 tempo, kt\u00f3re rzuca\u0142o wyzwanie wielu do\u015bwiadczonym kierowc\u0105 we wszystkich trzech rundach ERC, w kt\u00f3rych bra\u0142 udzia\u0142 w tym roku, zajmuj\u0105c drugie miejsce w klasyfikacji generalnej na szutrze Rajdu Polski, co jest jego najlepszym dotychczas wynikiem. Przebita opona wyrzuci\u0142a Kristenssona z czo\u0142\u00f3wki trio na \u0141otwie, a wycieczka terenowa okaza\u0142a si\u0119 kosztowna podczas zesz\u0142omiesi\u0119cznego\" \/>\n\t\t<meta property=\"og:url\" content=\"https:\/\/www.worldrally.eu\/index.php\/2022\/09\/21\/kristensson-patrzy-w-przyszlosc\/\" \/>\n\t\t<meta property=\"og:image\" content=\"https:\/\/www.worldrally.eu\/wp-content\/uploads\/2022\/09\/Tom.jpg\" \/>\n\t\t<meta property=\"og:image:secure_url\" content=\"https:\/\/www.worldrally.eu\/wp-content\/uploads\/2022\/09\/Tom.jpg\" \/>\n\t\t<meta property=\"og:image:width\" content=\"1400\" \/>\n\t\t<meta property=\"og:image:height\" content=\"788\" \/>\n\t\t<meta property=\"article:published_time\" content=\"2022-09-21T18:22:00+00:00\" \/>\n\t\t<meta property=\"article:modified_time\" content=\"2023-02-24T18:35:07+00:00\" \/>\n\t\t<meta name=\"twitter:card\" content=\"summary_large_image\" \/>\n\t\t<meta name=\"twitter:title\" content=\"Kristensson patrzy w przysz\u0142o\u015b\u0107. \u00bb WorldRally.eu\" \/>\n\t\t<meta name=\"twitter:description\" content=\"Szwedzki kierowca pokaza\u0142 tempo, kt\u00f3re rzuca\u0142o wyzwanie wielu do\u015bwiadczonym kierowc\u0105 we wszystkich trzech rundach ERC, w kt\u00f3rych bra\u0142 udzia\u0142 w tym roku, zajmuj\u0105c drugie miejsce w klasyfikacji generalnej na szutrze Rajdu Polski, co jest jego najlepszym dotychczas wynikiem. Przebita opona wyrzuci\u0142a Kristenssona z czo\u0142\u00f3wki trio na \u0141otwie, a wycieczka terenowa okaza\u0142a si\u0119 kosztowna podczas zesz\u0142omiesi\u0119cznego\" \/>\n\t\t<meta name=\"twitter:image\" content=\"https:\/\/www.worldrally.eu\/wp-content\/uploads\/2022\/09\/Tom.jpg\" \/>\n\t\t<script type=\"application\/ld+json\" class=\"aioseo-schema\">\n\t\t\t{\"@context\":\"https:\\\/\\\/schema.org\",\"@graph\":[{\"@type\":\"BlogPosting\",\"@id\":\"https:\\\/\\\/www.worldrally.eu\\\/index.php\\\/2022\\\/09\\\/21\\\/kristensson-patrzy-w-przyszlosc\\\/#blogposting\",\"name\":\"Kristensson patrzy w przysz\\u0142o\\u015b\\u0107. \\u00bb WorldRally.eu\",\"headline\":\"Kristensson patrzy w przysz\\u0142o\\u015b\\u0107.\",\"author\":{\"@id\":\"https:\\\/\\\/www.worldrally.eu\\\/index.php\\\/author\\\/admin\\\/#author\"},\"publisher\":{\"@id\":\"https:\\\/\\\/www.worldrally.eu\\\/#organization\"},\"image\":{\"@type\":\"ImageObject\",\"url\":\"https:\\\/\\\/www.worldrally.eu\\\/wp-content\\\/uploads\\\/2022\\\/09\\\/Tom.jpg\",\"width\":1400,\"height\":788},\"datePublished\":\"2022-09-21T18:22:00+00:00\",\"dateModified\":\"2023-02-24T18:35:07+00:00\",\"inLanguage\":\"en-GB\",\"mainEntityOfPage\":{\"@id\":\"https:\\\/\\\/www.worldrally.eu\\\/index.php\\\/2022\\\/09\\\/21\\\/kristensson-patrzy-w-przyszlosc\\\/#webpage\"},\"isPartOf\":{\"@id\":\"https:\\\/\\\/www.worldrally.eu\\\/index.php\\\/2022\\\/09\\\/21\\\/kristensson-patrzy-w-przyszlosc\\\/#webpage\"},\"articleSection\":\"ERC\"},{\"@type\":\"BreadcrumbList\",\"@id\":\"https:\\\/\\\/www.worldrally.eu\\\/index.php\\\/2022\\\/09\\\/21\\\/kristensson-patrzy-w-przyszlosc\\\/#breadcrumblist\",\"itemListElement\":[{\"@type\":\"ListItem\",\"@id\":\"https:\\\/\\\/www.worldrally.eu#listItem\",\"position\":1,\"name\":\"Home\",\"item\":\"https:\\\/\\\/www.worldrally.eu\",\"nextItem\":{\"@type\":\"ListItem\",\"@id\":\"https:\\\/\\\/www.worldrally.eu\\\/index.php\\\/category\\\/erc\\\/#listItem\",\"name\":\"ERC\"}},{\"@type\":\"ListItem\",\"@id\":\"https:\\\/\\\/www.worldrally.eu\\\/index.php\\\/category\\\/erc\\\/#listItem\",\"position\":2,\"name\":\"ERC\",\"item\":\"https:\\\/\\\/www.worldrally.eu\\\/index.php\\\/category\\\/erc\\\/\",\"nextItem\":{\"@type\":\"ListItem\",\"@id\":\"https:\\\/\\\/www.worldrally.eu\\\/index.php\\\/2022\\\/09\\\/21\\\/kristensson-patrzy-w-przyszlosc\\\/#listItem\",\"name\":\"Kristensson patrzy w przysz\\u0142o\\u015b\\u0107.\"},\"previousItem\":{\"@type\":\"ListItem\",\"@id\":\"https:\\\/\\\/www.worldrally.eu#listItem\",\"name\":\"Home\"}},{\"@type\":\"ListItem\",\"@id\":\"https:\\\/\\\/www.worldrally.eu\\\/index.php\\\/2022\\\/09\\\/21\\\/kristensson-patrzy-w-przyszlosc\\\/#listItem\",\"position\":3,\"name\":\"Kristensson patrzy w przysz\\u0142o\\u015b\\u0107.\",\"previousItem\":{\"@type\":\"ListItem\",\"@id\":\"https:\\\/\\\/www.worldrally.eu\\\/index.php\\\/category\\\/erc\\\/#listItem\",\"name\":\"ERC\"}}]},{\"@type\":\"Organization\",\"@id\":\"https:\\\/\\\/www.worldrally.eu\\\/#organization\",\"name\":\"WorldRally.eu\",\"url\":\"https:\\\/\\\/www.worldrally.eu\\\/\",\"logo\":{\"@type\":\"ImageObject\",\"url\":\"https:\\\/\\\/www.worldrally.eu\\\/wp-content\\\/uploads\\\/2026\\\/01\\\/cropped-logo-3.png\",\"@id\":\"https:\\\/\\\/www.worldrally.eu\\\/index.php\\\/2022\\\/09\\\/21\\\/kristensson-patrzy-w-przyszlosc\\\/#organizationLogo\",\"width\":2039,\"height\":756},\"image\":{\"@id\":\"https:\\\/\\\/www.worldrally.eu\\\/index.php\\\/2022\\\/09\\\/21\\\/kristensson-patrzy-w-przyszlosc\\\/#organizationLogo\"}},{\"@type\":\"Person\",\"@id\":\"https:\\\/\\\/www.worldrally.eu\\\/index.php\\\/author\\\/admin\\\/#author\",\"url\":\"https:\\\/\\\/www.worldrally.eu\\\/index.php\\\/author\\\/admin\\\/\",\"name\":\"Junior\",\"image\":{\"@type\":\"ImageObject\",\"@id\":\"https:\\\/\\\/www.worldrally.eu\\\/index.php\\\/2022\\\/09\\\/21\\\/kristensson-patrzy-w-przyszlosc\\\/#authorImage\",\"url\":\"https:\\\/\\\/secure.gravatar.com\\\/avatar\\\/5bd369ac0447285dc20b588693ca1756d0179a7f957258050a42a968bf3b9d0a?s=96&d=mm&r=g\",\"width\":96,\"height\":96,\"caption\":\"Junior\"}},{\"@type\":\"WebPage\",\"@id\":\"https:\\\/\\\/www.worldrally.eu\\\/index.php\\\/2022\\\/09\\\/21\\\/kristensson-patrzy-w-przyszlosc\\\/#webpage\",\"url\":\"https:\\\/\\\/www.worldrally.eu\\\/index.php\\\/2022\\\/09\\\/21\\\/kristensson-patrzy-w-przyszlosc\\\/\",\"name\":\"Kristensson patrzy w przysz\\u0142o\\u015b\\u0107. \\u00bb WorldRally.eu\",\"description\":\"Szwedzki kierowca pokaza\\u0142 tempo, kt\\u00f3re rzuca\\u0142o wyzwanie wielu do\\u015bwiadczonym kierowc\\u0105 we wszystkich trzech rundach ERC, w kt\\u00f3rych bra\\u0142 udzia\\u0142 w tym roku, zajmuj\\u0105c drugie miejsce w klasyfikacji generalnej na szutrze Rajdu Polski, co jest jego najlepszym dotychczas wynikiem. Przebita opona wyrzuci\\u0142a Kristenssona z czo\\u0142\\u00f3wki trio na \\u0141otwie, a wycieczka terenowa okaza\\u0142a si\\u0119 kosztowna podczas zesz\\u0142omiesi\\u0119cznego\",\"inLanguage\":\"en-GB\",\"isPartOf\":{\"@id\":\"https:\\\/\\\/www.worldrally.eu\\\/#website\"},\"breadcrumb\":{\"@id\":\"https:\\\/\\\/www.worldrally.eu\\\/index.php\\\/2022\\\/09\\\/21\\\/kristensson-patrzy-w-przyszlosc\\\/#breadcrumblist\"},\"author\":{\"@id\":\"https:\\\/\\\/www.worldrally.eu\\\/index.php\\\/author\\\/admin\\\/#author\"},\"creator\":{\"@id\":\"https:\\\/\\\/www.worldrally.eu\\\/index.php\\\/author\\\/admin\\\/#author\"},\"image\":{\"@type\":\"ImageObject\",\"url\":\"https:\\\/\\\/www.worldrally.eu\\\/wp-content\\\/uploads\\\/2022\\\/09\\\/Tom.jpg\",\"@id\":\"https:\\\/\\\/www.worldrally.eu\\\/index.php\\\/2022\\\/09\\\/21\\\/kristensson-patrzy-w-przyszlosc\\\/#mainImage\",\"width\":1400,\"height\":788},\"primaryImageOfPage\":{\"@id\":\"https:\\\/\\\/www.worldrally.eu\\\/index.php\\\/2022\\\/09\\\/21\\\/kristensson-patrzy-w-przyszlosc\\\/#mainImage\"},\"datePublished\":\"2022-09-21T18:22:00+00:00\",\"dateModified\":\"2023-02-24T18:35:07+00:00\"},{\"@type\":\"WebSite\",\"@id\":\"https:\\\/\\\/www.worldrally.eu\\\/#website\",\"url\":\"https:\\\/\\\/www.worldrally.eu\\\/\",\"name\":\"WorldRally.eu\",\"inLanguage\":\"en-GB\",\"publisher\":{\"@id\":\"https:\\\/\\\/www.worldrally.eu\\\/#organization\"}}]}\n\t\t<\/script>\n\t\t<!-- All in One SEO -->\n\n","aioseo_head_json":{"title":"Kristensson patrzy w przysz\u0142o\u015b\u0107. \u00bb WorldRally.eu","description":"Szwedzki kierowca pokaza\u0142 tempo, kt\u00f3re rzuca\u0142o wyzwanie wielu do\u015bwiadczonym kierowc\u0105 we wszystkich trzech rundach ERC, w kt\u00f3rych bra\u0142 udzia\u0142 w tym roku, zajmuj\u0105c drugie miejsce w klasyfikacji generalnej na szutrze Rajdu Polski, co jest jego najlepszym dotychczas wynikiem. Przebita opona wyrzuci\u0142a Kristenssona z czo\u0142\u00f3wki trio na \u0141otwie, a wycieczka terenowa okaza\u0142a si\u0119 kosztowna podczas zesz\u0142omiesi\u0119cznego","canonical_url":"https:\/\/www.worldrally.eu\/index.php\/2022\/09\/21\/kristensson-patrzy-w-przyszlosc\/","robots":"max-image-preview:large","keywords":"","webmasterTools":{"miscellaneous":""},"schema":{"@context":"https:\/\/schema.org","@graph":[{"@type":"BlogPosting","@id":"https:\/\/www.worldrally.eu\/index.php\/2022\/09\/21\/kristensson-patrzy-w-przyszlosc\/#blogposting","name":"Kristensson patrzy w przysz\u0142o\u015b\u0107. \u00bb WorldRally.eu","headline":"Kristensson patrzy w przysz\u0142o\u015b\u0107.","author":{"@id":"https:\/\/www.worldrally.eu\/index.php\/author\/admin\/#author"},"publisher":{"@id":"https:\/\/www.worldrally.eu\/#organization"},"image":{"@type":"ImageObject","url":"https:\/\/www.worldrally.eu\/wp-content\/uploads\/2022\/09\/Tom.jpg","width":1400,"height":788},"datePublished":"2022-09-21T18:22:00+00:00","dateModified":"2023-02-24T18:35:07+00:00","inLanguage":"en-GB","mainEntityOfPage":{"@id":"https:\/\/www.worldrally.eu\/index.php\/2022\/09\/21\/kristensson-patrzy-w-przyszlosc\/#webpage"},"isPartOf":{"@id":"https:\/\/www.worldrally.eu\/index.php\/2022\/09\/21\/kristensson-patrzy-w-przyszlosc\/#webpage"},"articleSection":"ERC"},{"@type":"BreadcrumbList","@id":"https:\/\/www.worldrally.eu\/index.php\/2022\/09\/21\/kristensson-patrzy-w-przyszlosc\/#breadcrumblist","itemListElement":[{"@type":"ListItem","@id":"https:\/\/www.worldrally.eu#listItem","position":1,"name":"Home","item":"https:\/\/www.worldrally.eu","nextItem":{"@type":"ListItem","@id":"https:\/\/www.worldrally.eu\/index.php\/category\/erc\/#listItem","name":"ERC"}},{"@type":"ListItem","@id":"https:\/\/www.worldrally.eu\/index.php\/category\/erc\/#listItem","position":2,"name":"ERC","item":"https:\/\/www.worldrally.eu\/index.php\/category\/erc\/","nextItem":{"@type":"ListItem","@id":"https:\/\/www.worldrally.eu\/index.php\/2022\/09\/21\/kristensson-patrzy-w-przyszlosc\/#listItem","name":"Kristensson patrzy w przysz\u0142o\u015b\u0107."},"previousItem":{"@type":"ListItem","@id":"https:\/\/www.worldrally.eu#listItem","name":"Home"}},{"@type":"ListItem","@id":"https:\/\/www.worldrally.eu\/index.php\/2022\/09\/21\/kristensson-patrzy-w-przyszlosc\/#listItem","position":3,"name":"Kristensson patrzy w przysz\u0142o\u015b\u0107.","previousItem":{"@type":"ListItem","@id":"https:\/\/www.worldrally.eu\/index.php\/category\/erc\/#listItem","name":"ERC"}}]},{"@type":"Organization","@id":"https:\/\/www.worldrally.eu\/#organization","name":"WorldRally.eu","url":"https:\/\/www.worldrally.eu\/","logo":{"@type":"ImageObject","url":"https:\/\/www.worldrally.eu\/wp-content\/uploads\/2026\/01\/cropped-logo-3.png","@id":"https:\/\/www.worldrally.eu\/index.php\/2022\/09\/21\/kristensson-patrzy-w-przyszlosc\/#organizationLogo","width":2039,"height":756},"image":{"@id":"https:\/\/www.worldrally.eu\/index.php\/2022\/09\/21\/kristensson-patrzy-w-przyszlosc\/#organizationLogo"}},{"@type":"Person","@id":"https:\/\/www.worldrally.eu\/index.php\/author\/admin\/#author","url":"https:\/\/www.worldrally.eu\/index.php\/author\/admin\/","name":"Junior","image":{"@type":"ImageObject","@id":"https:\/\/www.worldrally.eu\/index.php\/2022\/09\/21\/kristensson-patrzy-w-przyszlosc\/#authorImage","url":"https:\/\/secure.gravatar.com\/avatar\/5bd369ac0447285dc20b588693ca1756d0179a7f957258050a42a968bf3b9d0a?s=96&d=mm&r=g","width":96,"height":96,"caption":"Junior"}},{"@type":"WebPage","@id":"https:\/\/www.worldrally.eu\/index.php\/2022\/09\/21\/kristensson-patrzy-w-przyszlosc\/#webpage","url":"https:\/\/www.worldrally.eu\/index.php\/2022\/09\/21\/kristensson-patrzy-w-przyszlosc\/","name":"Kristensson patrzy w przysz\u0142o\u015b\u0107. \u00bb WorldRally.eu","description":"Szwedzki kierowca pokaza\u0142 tempo, kt\u00f3re rzuca\u0142o wyzwanie wielu do\u015bwiadczonym kierowc\u0105 we wszystkich trzech rundach ERC, w kt\u00f3rych bra\u0142 udzia\u0142 w tym roku, zajmuj\u0105c drugie miejsce w klasyfikacji generalnej na szutrze Rajdu Polski, co jest jego najlepszym dotychczas wynikiem. Przebita opona wyrzuci\u0142a Kristenssona z czo\u0142\u00f3wki trio na \u0141otwie, a wycieczka terenowa okaza\u0142a si\u0119 kosztowna podczas zesz\u0142omiesi\u0119cznego","inLanguage":"en-GB","isPartOf":{"@id":"https:\/\/www.worldrally.eu\/#website"},"breadcrumb":{"@id":"https:\/\/www.worldrally.eu\/index.php\/2022\/09\/21\/kristensson-patrzy-w-przyszlosc\/#breadcrumblist"},"author":{"@id":"https:\/\/www.worldrally.eu\/index.php\/author\/admin\/#author"},"creator":{"@id":"https:\/\/www.worldrally.eu\/index.php\/author\/admin\/#author"},"image":{"@type":"ImageObject","url":"https:\/\/www.worldrally.eu\/wp-content\/uploads\/2022\/09\/Tom.jpg","@id":"https:\/\/www.worldrally.eu\/index.php\/2022\/09\/21\/kristensson-patrzy-w-przyszlosc\/#mainImage","width":1400,"height":788},"primaryImageOfPage":{"@id":"https:\/\/www.worldrally.eu\/index.php\/2022\/09\/21\/kristensson-patrzy-w-przyszlosc\/#mainImage"},"datePublished":"2022-09-21T18:22:00+00:00","dateModified":"2023-02-24T18:35:07+00:00"},{"@type":"WebSite","@id":"https:\/\/www.worldrally.eu\/#website","url":"https:\/\/www.worldrally.eu\/","name":"WorldRally.eu","inLanguage":"en-GB","publisher":{"@id":"https:\/\/www.worldrally.eu\/#organization"}}]},"og:locale":"en_GB","og:site_name":"WorldRally.eu \u00bb","og:type":"article","og:title":"Kristensson patrzy w przysz\u0142o\u015b\u0107. \u00bb WorldRally.eu","og:description":"Szwedzki kierowca pokaza\u0142 tempo, kt\u00f3re rzuca\u0142o wyzwanie wielu do\u015bwiadczonym kierowc\u0105 we wszystkich trzech rundach ERC, w kt\u00f3rych bra\u0142 udzia\u0142 w tym roku, zajmuj\u0105c drugie miejsce w klasyfikacji generalnej na szutrze Rajdu Polski, co jest jego najlepszym dotychczas wynikiem. Przebita opona wyrzuci\u0142a Kristenssona z czo\u0142\u00f3wki trio na \u0141otwie, a wycieczka terenowa okaza\u0142a si\u0119 kosztowna podczas zesz\u0142omiesi\u0119cznego","og:url":"https:\/\/www.worldrally.eu\/index.php\/2022\/09\/21\/kristensson-patrzy-w-przyszlosc\/","og:image":"https:\/\/www.worldrally.eu\/wp-content\/uploads\/2022\/09\/Tom.jpg","og:image:secure_url":"https:\/\/www.worldrally.eu\/wp-content\/uploads\/2022\/09\/Tom.jpg","og:image:width":1400,"og:image:height":788,"article:published_time":"2022-09-21T18:22:00+00:00","article:modified_time":"2023-02-24T18:35:07+00:00","twitter:card":"summary_large_image","twitter:title":"Kristensson patrzy w przysz\u0142o\u015b\u0107. \u00bb WorldRally.eu","twitter:description":"Szwedzki kierowca pokaza\u0142 tempo, kt\u00f3re rzuca\u0142o wyzwanie wielu do\u015bwiadczonym kierowc\u0105 we wszystkich trzech rundach ERC, w kt\u00f3rych bra\u0142 udzia\u0142 w tym roku, zajmuj\u0105c drugie miejsce w klasyfikacji generalnej na szutrze Rajdu Polski, co jest jego najlepszym dotychczas wynikiem. Przebita opona wyrzuci\u0142a Kristenssona z czo\u0142\u00f3wki trio na \u0141otwie, a wycieczka terenowa okaza\u0142a si\u0119 kosztowna podczas zesz\u0142omiesi\u0119cznego","twitter:image":"https:\/\/www.worldrally.eu\/wp-content\/uploads\/2022\/09\/Tom.jpg"},"aioseo_meta_data":{"post_id":"596","title":null,"description":null,"keywords":null,"keyphrases":null,"primary_term":null,"canonical_url":null,"og_title":null,"og_description":null,"og_object_type":"default","og_image_type":"default","og_image_url":null,"og_image_width":null,"og_image_height":null,"og_image_custom_url":null,"og_image_custom_fields":null,"og_video":null,"og_custom_url":null,"og_article_section":null,"og_article_tags":null,"twitter_use_og":false,"twitter_card":"default","twitter_image_type":"default","twitter_image_url":null,"twitter_image_custom_url":null,"twitter_image_custom_fields":null,"twitter_title":null,"twitter_description":null,"schema":{"blockGraphs":[],"customGraphs":[],"default":{"data":{"Article":[],"Course":[],"Dataset":[],"FAQPage":[],"Movie":[],"Person":[],"Product":[],"ProductReview":[],"Car":[],"Recipe":[],"Service":[],"SoftwareApplication":[],"WebPage":[]},"graphName":"","isEnabled":true},"graphs":[]},"schema_type":"default","schema_type_options":null,"pillar_content":false,"robots_default":true,"robots_noindex":false,"robots_noarchive":false,"robots_nosnippet":false,"robots_nofollow":false,"robots_noimageindex":false,"robots_noodp":false,"robots_notranslate":false,"robots_max_snippet":null,"robots_max_videopreview":null,"robots_max_imagepreview":"large","priority":null,"frequency":null,"local_seo":null,"breadcrumb_settings":null,"limit_modified_date":false,"ai":null,"created":"2025-03-22 05:52:34","updated":"2025-10-26 08:32:27","seo_analyzer_scan_date":null},"aioseo_breadcrumb":"<div class=\"aioseo-breadcrumbs\"><span class=\"aioseo-breadcrumb\">\n\t\t\t<a href=\"https:\/\/www.worldrally.eu\" title=\"Home\">Home<\/a>\n\t\t<\/span><span class=\"aioseo-breadcrumb-separator\">&raquo;<\/span><span class=\"aioseo-breadcrumb\">\n\t\t\t<a href=\"https:\/\/www.worldrally.eu\/index.php\/category\/erc\/\" title=\"ERC\">ERC<\/a>\n\t\t<\/span><span class=\"aioseo-breadcrumb-separator\">&raquo;<\/span><span class=\"aioseo-breadcrumb\">\n\t\t\tKristensson patrzy w przysz\u0142o\u015b\u0107.\n\t\t<\/span><\/div>","aioseo_breadcrumb_json":[{"label":"Home","link":"https:\/\/www.worldrally.eu"},{"label":"ERC","link":"https:\/\/www.worldrally.eu\/index.php\/category\/erc\/"},{"label":"Kristensson patrzy w przysz\u0142o\u015b\u0107.","link":"https:\/\/www.worldrally.eu\/index.php\/2022\/09\/21\/kristensson-patrzy-w-przyszlosc\/"}],"cc_featured_image_caption":{"caption_text":"Foto - FIAerc","source_text":"","source_url":""},"_links":{"self":[{"href":"https:\/\/www.worldrally.eu\/index.php\/wp-json\/wp\/v2\/posts\/596","targetHints":{"allow":["GET"]}}],"collection":[{"href":"https:\/\/www.worldrally.eu\/index.php\/wp-json\/wp\/v2\/posts"}],"about":[{"href":"https:\/\/www.worldrally.eu\/index.php\/wp-json\/wp\/v2\/types\/post"}],"author":[{"embeddable":true,"href":"https:\/\/www.worldrally.eu\/index.php\/wp-json\/wp\/v2\/users\/1"}],"replies":[{"embeddable":true,"href":"https:\/\/www.worldrally.eu\/index.php\/wp-json\/wp\/v2\/comments?post=596"}],"version-history":[{"count":1,"href":"https:\/\/www.worldrally.eu\/index.php\/wp-json\/wp\/v2\/posts\/596\/revisions"}],"predecessor-version":[{"id":600,"href":"https:\/\/www.worldrally.eu\/index.php\/wp-json\/wp\/v2\/posts\/596\/revisions\/600"}],"wp:featuredmedia":[{"embeddable":true,"href":"https:\/\/www.worldrally.eu\/index.php\/wp-json\/wp\/v2\/media\/601"}],"wp:attachment":[{"href":"https:\/\/www.worldrally.eu\/index.php\/wp-json\/wp\/v2\/media?parent=596"}],"wp:term":[{"taxonomy":"category","embeddable":true,"href":"https:\/\/www.worldrally.eu\/index.php\/wp-json\/wp\/v2\/categories?post=596"},{"taxonomy":"post_tag","embeddable":true,"href":"https:\/\/www.worldrally.eu\/index.php\/wp-json\/wp\/v2\/tags?post=596"}],"curies":[{"name":"wp","href":"https:\/\/api.w.org\/{rel}","templated":true}]}}