{"id":582,"date":"2022-08-27T15:00:00","date_gmt":"2022-08-27T15:00:00","guid":{"rendered":"https:\/\/www.worldrally.eu\/?p=582"},"modified":"2023-02-24T15:08:37","modified_gmt":"2023-02-24T15:08:37","slug":"kopecky-wygrywa-otwarcie-barum","status":"publish","type":"post","link":"https:\/\/www.worldrally.eu\/index.php\/2022\/08\/27\/kopecky-wygrywa-otwarcie-barum\/","title":{"rendered":"Kopeck\u00fd wygrywa otwarcie Barum"},"content":{"rendered":"\n<p class=\"wp-block-paragraph\">Miejscowy bohater Jan Kopeck\u00fd wygra\u0142 wieczorny super odcinek specjalny w pi\u0105tek i tym samym obj\u0105\u0142 prowadzenie w Barum Czech Rally Zl\u00edn. Tysi\u0105ce fan\u00f3w wype\u0142ni\u0142o ulice Zl\u00edna, gdy w ciemno\u015bciach rozpocz\u0119\u0142a si\u0119 bardzo widowiskowa przedostatnia runda Rajdowych Mistrzostw Europy FIA.<\/p>\n\n\n\n<p class=\"wp-block-paragraph\"><em>\u201eNa tego rodzaju scenie nie mo\u017cna tak wiele zyska\u0107, ale mo\u017cna wiele straci\u0107\u201d<\/em> \u2013 powiedzia\u0142 Kopeck\u00fd, wielokrotny zwyci\u0119zca imprezy. <\/p>\n\n\n\n<p class=\"wp-block-paragraph\"><em>\u201eStaramy si\u0119 znale\u017a\u0107 ka\u017cd\u0105 sekund\u0119, a to tylko cz\u0119\u015b\u0107 gry na super odcinkach specjalnych. Starali\u015bmy si\u0119 da\u0107 z siebie wszystko i dobrze, \u017ce byli\u015bmy najszybsi&#8221; <\/em>&#8211; doda\u0142.<\/p>\n\n\n\n<figure class=\"wp-block-image size-large\"><img fetchpriority=\"high\" decoding=\"async\" width=\"1024\" height=\"576\" src=\"https:\/\/www.worldrally.eu\/wp-content\/uploads\/2023\/02\/Wagner-1-1024x576.jpeg\" alt=\"\" class=\"wp-image-583\" srcset=\"https:\/\/www.worldrally.eu\/wp-content\/uploads\/2023\/02\/Wagner-1-1024x576.jpeg 1024w, https:\/\/www.worldrally.eu\/wp-content\/uploads\/2023\/02\/Wagner-1-300x169.jpeg 300w, https:\/\/www.worldrally.eu\/wp-content\/uploads\/2023\/02\/Wagner-1-768x432.jpeg 768w, https:\/\/www.worldrally.eu\/wp-content\/uploads\/2023\/02\/Wagner-1-1280x720.jpeg 1280w, https:\/\/www.worldrally.eu\/wp-content\/uploads\/2023\/02\/Wagner-1.jpeg 1400w\" sizes=\"(max-width: 1024px) 100vw, 1024px\" \/><figcaption class=\"wp-element-caption\">Foto &#8211; FIAerc<\/figcaption><\/figure>\n\n\n\n<figure class=\"wp-block-table\"><table><tbody><tr><td>1.<\/td><td><img decoding=\"async\" src=\"https:\/\/www.ewrc-results.com\/images\/flags2\/czech.png\" alt=\"flag\"><br>#4<\/td><td><img decoding=\"async\" src=\"https:\/\/www.ewrc-results.com\/images\/icon\/skoda.png\" alt=\"logo\"> <a href=\"https:\/\/www.ewrc-results.com\/entryinfo\/74891-barum-czech-rally-zlin-2022\/3452897\/\">Kopeck\u00fd Jan &#8211; Hlou\u0161ek Jan<\/a><br>\u0160koda Fabia Rally2 evo <img decoding=\"async\" src=\"https:\/\/www.ewrc-results.com\/images\/tyres\/pirelli_red.png\" alt=\"tyre\"><\/td><td>RC2<\/td><td>7:07.1<br><\/td><td><\/td><td>80.7<\/td><\/tr><tr><td>2.<\/td><td><img decoding=\"async\" src=\"https:\/\/www.ewrc-results.com\/images\/flags2\/austria2.png\" alt=\"flag\"><br>#11<\/td><td><img decoding=\"async\" src=\"https:\/\/www.ewrc-results.com\/images\/icon\/skoda.png\" alt=\"logo\"> <a href=\"https:\/\/www.ewrc-results.com\/entryinfo\/74891-barum-czech-rally-zlin-2022\/3452913\/\">Wagner Simon &#8211; Winter Gerald<\/a><br>\u0160koda Fabia Rally2 evo <img decoding=\"async\" src=\"https:\/\/www.ewrc-results.com\/images\/tyres\/michelin_red.png\" alt=\"tyre\"><\/td><td>RC2<\/td><td>7:08.5<br><\/td><td>+1.4<br>+1.4<\/td><td>80.4<br>0.15<\/td><\/tr><tr><td>3.<\/td><td><img decoding=\"async\" src=\"https:\/\/www.ewrc-results.com\/images\/flags2\/czech.png\" alt=\"flag\"><br>#76<\/td><td><img decoding=\"async\" src=\"https:\/\/www.ewrc-results.com\/images\/icon\/ford.png\" alt=\"logo\"> <a href=\"https:\/\/www.ewrc-results.com\/entryinfo\/74891-barum-czech-rally-zlin-2022\/3453091\/\">Pech V\u00e1clav jun. &#8211; Uhel Petr<\/a><br>Ford Focus RS WRC &#8217;06 <img decoding=\"async\" src=\"https:\/\/www.ewrc-results.com\/images\/tyres\/pirelli_red.png\" alt=\"tyre\"><\/td><td>RN9<\/td><td>7:10.6<br><\/td><td>+3.5<br>+2.1<\/td><td>80.0<br>0.37<\/td><\/tr><tr><td>4.<\/td><td><img decoding=\"async\" src=\"https:\/\/www.ewrc-results.com\/images\/flags2\/czech.png\" alt=\"flag\"><br>#12<\/td><td><img decoding=\"async\" src=\"https:\/\/www.ewrc-results.com\/images\/icon\/skoda.png\" alt=\"logo\"> <a href=\"https:\/\/www.ewrc-results.com\/entryinfo\/74891-barum-czech-rally-zlin-2022\/3452916\/\">Mare\u0161 Filip &#8211; Bucha Radovan<\/a><br>\u0160koda Fabia Rally2 evo <img decoding=\"async\" src=\"https:\/\/www.ewrc-results.com\/images\/tyres\/pirelli_red.png\" alt=\"tyre\"><\/td><td>RC2<\/td><td>7:12.7<br><\/td><td>+5.6<br>+2.1<\/td><td>79.6<br>0.59<\/td><\/tr><tr><td>5.<\/td><td><img decoding=\"async\" src=\"https:\/\/www.ewrc-results.com\/images\/flags2\/czech.png\" alt=\"flag\"><br>#14<\/td><td><img decoding=\"async\" src=\"https:\/\/www.ewrc-results.com\/images\/icon\/skoda.png\" alt=\"logo\"> <a href=\"https:\/\/www.ewrc-results.com\/entryinfo\/74891-barum-czech-rally-zlin-2022\/3452918\/\">B\u0159ez\u00edk Adam &#8211; Kraj\u010da Ond\u0159ej<\/a><br>\u0160koda Fabia R5 <img decoding=\"async\" src=\"https:\/\/www.ewrc-results.com\/images\/tyres\/michelin_red.png\" alt=\"tyre\"><\/td><td>RC2<\/td><td>7:13.2<br><\/td><td>+6.1<br>+0.5<\/td><td>79.5<br>0.64<\/td><\/tr><tr><td>6.<\/td><td><img decoding=\"async\" src=\"https:\/\/www.ewrc-results.com\/images\/flags2\/czech.png\" alt=\"flag\"><br>#46<\/td><td><img decoding=\"async\" src=\"https:\/\/www.ewrc-results.com\/images\/icon\/skoda.png\" alt=\"logo\"> <a href=\"https:\/\/www.ewrc-results.com\/entryinfo\/74891-barum-czech-rally-zlin-2022\/3453006\/\">St\u0159\u00edtesk\u00fd Dominik &#8211; Hovorka J.<\/a><br>\u0160koda Fabia R5 <img decoding=\"async\" src=\"https:\/\/www.ewrc-results.com\/images\/tyres\/hankook.png\" alt=\"tyre\"><\/td><td>RC2<\/td><td>7:14.9<br><\/td><td>+7.8<br>+1.7<\/td><td>79.2<br>0.82<\/td><\/tr><tr><td>7.<\/td><td><img decoding=\"async\" src=\"https:\/\/www.ewrc-results.com\/images\/flags2\/spain.png\" alt=\"flag\"><br>#1<\/td><td><img decoding=\"async\" src=\"https:\/\/www.ewrc-results.com\/images\/icon\/skoda.png\" alt=\"logo\"> <a href=\"https:\/\/www.ewrc-results.com\/entryinfo\/74891-barum-czech-rally-zlin-2022\/3452890\/\">Llarena Efr\u00e9n &#8211; Fern\u00e1ndez Sara<\/a><br>\u0160koda Fabia Rally2 evo <img decoding=\"async\" src=\"https:\/\/www.ewrc-results.com\/images\/tyres\/mrf3.png\" alt=\"tyre\"><\/td><td>RC2<\/td><td>7:17.0<br><\/td><td>+9.9<br>+2.1<\/td><td>78.8<br>1.03<\/td><\/tr><tr><td>8.<\/td><td><img decoding=\"async\" src=\"https:\/\/www.ewrc-results.com\/images\/flags2\/hungary.png\" alt=\"flag\"><br>#47<\/td><td><img decoding=\"async\" src=\"https:\/\/www.ewrc-results.com\/images\/icon\/skoda.png\" alt=\"logo\"> <a href=\"https:\/\/www.ewrc-results.com\/entryinfo\/74891-barum-czech-rally-zlin-2022\/3453007\/\">Csom\u00f3s Mikl\u00f3s &#8211; Nagy Attila<\/a><br>\u0160koda Fabia R5 <img decoding=\"async\" src=\"https:\/\/www.ewrc-results.com\/images\/tyres\/hankook.png\" alt=\"tyre\"><\/td><td>RC2<\/td><td>7:17.5<br><\/td><td>+10.4<br>+0.5<\/td><td>78.7<br>1.09<\/td><\/tr><tr><td>9.<\/td><td><img decoding=\"async\" src=\"https:\/\/www.ewrc-results.com\/images\/flags2\/czech.png\" alt=\"flag\"><br>#6<\/td><td><img decoding=\"async\" src=\"https:\/\/www.ewrc-results.com\/images\/icon\/ford.png\" alt=\"logo\"> <a href=\"https:\/\/www.ewrc-results.com\/entryinfo\/74891-barum-czech-rally-zlin-2022\/3452903\/\">Cais Erik &#8211; T\u011b\u0161\u00ednsk\u00fd Petr<\/a><br>Ford Fiesta Rally2 <img decoding=\"async\" src=\"https:\/\/www.ewrc-results.com\/images\/tyres\/michelin_red.png\" alt=\"tyre\"><\/td><td>RC2<\/td><td>7:19.0<br><\/td><td>+11.9<br>+1.5<\/td><td>78.5<br>1.24<\/td><\/tr><tr><td>10.<\/td><td><img decoding=\"async\" src=\"https:\/\/www.ewrc-results.com\/images\/flags2\/italy.png\" alt=\"flag\"><br>#5<\/td><td><img decoding=\"async\" src=\"https:\/\/www.ewrc-results.com\/images\/icon\/skoda.png\" alt=\"logo\"> <a href=\"https:\/\/www.ewrc-results.com\/entryinfo\/74891-barum-czech-rally-zlin-2022\/3452902\/\">Battistolli A. &#8211; Scattolin S.<\/a><br>\u0160koda Fabia Rally2 evo <img decoding=\"async\" src=\"https:\/\/www.ewrc-results.com\/images\/tyres\/pirelli_red.png\" alt=\"tyre\"><\/td><td>RC2<\/td><td>7:19.1<br><\/td><td>+12.0<br>+0.1<\/td><td>78.5<br>1.25<\/td><\/tr><\/tbody><\/table><\/figure>\n","protected":false},"excerpt":{"rendered":"<p>Miejscowy bohater Jan Kopeck\u00fd wygra\u0142 wieczorny super odcinek specjalny w pi\u0105tek i tym samym obj\u0105\u0142 prowadzenie w Barum Czech Rally Zl\u00edn. Tysi\u0105ce fan\u00f3w wype\u0142ni\u0142o ulice Zl\u00edna, gdy w ciemno\u015bciach rozpocz\u0119\u0142a si\u0119 bardzo widowiskowa przedostatnia runda Rajdowych Mistrzostw Europy FIA. \u201eNa tego rodzaju scenie nie mo\u017cna tak wiele zyska\u0107, ale mo\u017cna wiele straci\u0107\u201d \u2013 powiedzia\u0142 Kopeck\u00fd, [&hellip;]<\/p>\n","protected":false},"author":2,"featured_media":584,"comment_status":"closed","ping_status":"closed","sticky":false,"template":"","format":"standard","meta":{"_monsterinsights_skip_tracking":false,"_monsterinsights_sitenote_active":false,"_monsterinsights_sitenote_note":"","_monsterinsights_sitenote_category":0,"footnotes":""},"categories":[4],"tags":[],"class_list":["post-582","post","type-post","status-publish","format-standard","has-post-thumbnail","hentry","category-erc"],"aioseo_notices":[],"aioseo_head":"\n\t\t<!-- All in One SEO 4.9.9 - aioseo.com -->\n\t<meta name=\"description\" content=\"Miejscowy bohater Jan Kopeck\u00fd wygra\u0142 wieczorny super odcinek specjalny w pi\u0105tek i tym samym obj\u0105\u0142 prowadzenie w Barum Czech Rally Zl\u00edn. Tysi\u0105ce fan\u00f3w wype\u0142ni\u0142o ulice Zl\u00edna, gdy w ciemno\u015bciach rozpocz\u0119\u0142a si\u0119 bardzo widowiskowa przedostatnia runda Rajdowych Mistrzostw Europy FIA. \u201eNa tego rodzaju scenie nie mo\u017cna tak wiele zyska\u0107, ale mo\u017cna wiele straci\u0107\u201d \u2013 powiedzia\u0142 Kopeck\u00fd,\" \/>\n\t<meta name=\"robots\" content=\"max-image-preview:large\" \/>\n\t<meta name=\"author\" content=\"Magdalena\"\/>\n\t<link rel=\"canonical\" href=\"https:\/\/www.worldrally.eu\/index.php\/2022\/08\/27\/kopecky-wygrywa-otwarcie-barum\/\" \/>\n\t<meta name=\"generator\" content=\"All in One SEO (AIOSEO) 4.9.9\" \/>\n\t\t<meta property=\"og:locale\" content=\"en_GB\" \/>\n\t\t<meta property=\"og:site_name\" content=\"WorldRally.eu \u00bb\" \/>\n\t\t<meta property=\"og:type\" content=\"article\" \/>\n\t\t<meta property=\"og:title\" content=\"Kopeck\u00fd wygrywa otwarcie Barum \u00bb WorldRally.eu\" \/>\n\t\t<meta property=\"og:description\" content=\"Miejscowy bohater Jan Kopeck\u00fd wygra\u0142 wieczorny super odcinek specjalny w pi\u0105tek i tym samym obj\u0105\u0142 prowadzenie w Barum Czech Rally Zl\u00edn. Tysi\u0105ce fan\u00f3w wype\u0142ni\u0142o ulice Zl\u00edna, gdy w ciemno\u015bciach rozpocz\u0119\u0142a si\u0119 bardzo widowiskowa przedostatnia runda Rajdowych Mistrzostw Europy FIA. \u201eNa tego rodzaju scenie nie mo\u017cna tak wiele zyska\u0107, ale mo\u017cna wiele straci\u0107\u201d \u2013 powiedzia\u0142 Kopeck\u00fd,\" \/>\n\t\t<meta property=\"og:url\" content=\"https:\/\/www.worldrally.eu\/index.php\/2022\/08\/27\/kopecky-wygrywa-otwarcie-barum\/\" \/>\n\t\t<meta property=\"og:image\" content=\"https:\/\/www.worldrally.eu\/wp-content\/uploads\/2023\/02\/Kopecki-2.jpeg\" \/>\n\t\t<meta property=\"og:image:secure_url\" content=\"https:\/\/www.worldrally.eu\/wp-content\/uploads\/2023\/02\/Kopecki-2.jpeg\" \/>\n\t\t<meta property=\"og:image:width\" content=\"1400\" \/>\n\t\t<meta property=\"og:image:height\" content=\"788\" \/>\n\t\t<meta property=\"article:published_time\" content=\"2022-08-27T15:00:00+00:00\" \/>\n\t\t<meta property=\"article:modified_time\" content=\"2023-02-24T15:08:37+00:00\" \/>\n\t\t<meta name=\"twitter:card\" content=\"summary_large_image\" \/>\n\t\t<meta name=\"twitter:title\" content=\"Kopeck\u00fd wygrywa otwarcie Barum \u00bb WorldRally.eu\" \/>\n\t\t<meta name=\"twitter:description\" content=\"Miejscowy bohater Jan Kopeck\u00fd wygra\u0142 wieczorny super odcinek specjalny w pi\u0105tek i tym samym obj\u0105\u0142 prowadzenie w Barum Czech Rally Zl\u00edn. Tysi\u0105ce fan\u00f3w wype\u0142ni\u0142o ulice Zl\u00edna, gdy w ciemno\u015bciach rozpocz\u0119\u0142a si\u0119 bardzo widowiskowa przedostatnia runda Rajdowych Mistrzostw Europy FIA. \u201eNa tego rodzaju scenie nie mo\u017cna tak wiele zyska\u0107, ale mo\u017cna wiele straci\u0107\u201d \u2013 powiedzia\u0142 Kopeck\u00fd,\" \/>\n\t\t<meta name=\"twitter:image\" content=\"https:\/\/www.worldrally.eu\/wp-content\/uploads\/2023\/02\/Kopecki-2.jpeg\" \/>\n\t\t<script type=\"application\/ld+json\" class=\"aioseo-schema\">\n\t\t\t{\"@context\":\"https:\\\/\\\/schema.org\",\"@graph\":[{\"@type\":\"BlogPosting\",\"@id\":\"https:\\\/\\\/www.worldrally.eu\\\/index.php\\\/2022\\\/08\\\/27\\\/kopecky-wygrywa-otwarcie-barum\\\/#blogposting\",\"name\":\"Kopeck\\u00fd wygrywa otwarcie Barum \\u00bb WorldRally.eu\",\"headline\":\"Kopeck\\u00fd wygrywa otwarcie Barum\",\"author\":{\"@id\":\"https:\\\/\\\/www.worldrally.eu\\\/index.php\\\/author\\\/magdalena\\\/#author\"},\"publisher\":{\"@id\":\"https:\\\/\\\/www.worldrally.eu\\\/#organization\"},\"image\":{\"@type\":\"ImageObject\",\"url\":\"https:\\\/\\\/www.worldrally.eu\\\/wp-content\\\/uploads\\\/2023\\\/02\\\/Kopecki-2.jpeg\",\"width\":1400,\"height\":788},\"datePublished\":\"2022-08-27T15:00:00+00:00\",\"dateModified\":\"2023-02-24T15:08:37+00:00\",\"inLanguage\":\"en-GB\",\"mainEntityOfPage\":{\"@id\":\"https:\\\/\\\/www.worldrally.eu\\\/index.php\\\/2022\\\/08\\\/27\\\/kopecky-wygrywa-otwarcie-barum\\\/#webpage\"},\"isPartOf\":{\"@id\":\"https:\\\/\\\/www.worldrally.eu\\\/index.php\\\/2022\\\/08\\\/27\\\/kopecky-wygrywa-otwarcie-barum\\\/#webpage\"},\"articleSection\":\"ERC\"},{\"@type\":\"BreadcrumbList\",\"@id\":\"https:\\\/\\\/www.worldrally.eu\\\/index.php\\\/2022\\\/08\\\/27\\\/kopecky-wygrywa-otwarcie-barum\\\/#breadcrumblist\",\"itemListElement\":[{\"@type\":\"ListItem\",\"@id\":\"https:\\\/\\\/www.worldrally.eu#listItem\",\"position\":1,\"name\":\"Home\",\"item\":\"https:\\\/\\\/www.worldrally.eu\",\"nextItem\":{\"@type\":\"ListItem\",\"@id\":\"https:\\\/\\\/www.worldrally.eu\\\/index.php\\\/category\\\/erc\\\/#listItem\",\"name\":\"ERC\"}},{\"@type\":\"ListItem\",\"@id\":\"https:\\\/\\\/www.worldrally.eu\\\/index.php\\\/category\\\/erc\\\/#listItem\",\"position\":2,\"name\":\"ERC\",\"item\":\"https:\\\/\\\/www.worldrally.eu\\\/index.php\\\/category\\\/erc\\\/\",\"nextItem\":{\"@type\":\"ListItem\",\"@id\":\"https:\\\/\\\/www.worldrally.eu\\\/index.php\\\/2022\\\/08\\\/27\\\/kopecky-wygrywa-otwarcie-barum\\\/#listItem\",\"name\":\"Kopeck\\u00fd wygrywa otwarcie Barum\"},\"previousItem\":{\"@type\":\"ListItem\",\"@id\":\"https:\\\/\\\/www.worldrally.eu#listItem\",\"name\":\"Home\"}},{\"@type\":\"ListItem\",\"@id\":\"https:\\\/\\\/www.worldrally.eu\\\/index.php\\\/2022\\\/08\\\/27\\\/kopecky-wygrywa-otwarcie-barum\\\/#listItem\",\"position\":3,\"name\":\"Kopeck\\u00fd wygrywa otwarcie Barum\",\"previousItem\":{\"@type\":\"ListItem\",\"@id\":\"https:\\\/\\\/www.worldrally.eu\\\/index.php\\\/category\\\/erc\\\/#listItem\",\"name\":\"ERC\"}}]},{\"@type\":\"Organization\",\"@id\":\"https:\\\/\\\/www.worldrally.eu\\\/#organization\",\"name\":\"WorldRally.eu\",\"url\":\"https:\\\/\\\/www.worldrally.eu\\\/\",\"logo\":{\"@type\":\"ImageObject\",\"url\":\"https:\\\/\\\/www.worldrally.eu\\\/wp-content\\\/uploads\\\/2026\\\/01\\\/cropped-logo-3.png\",\"@id\":\"https:\\\/\\\/www.worldrally.eu\\\/index.php\\\/2022\\\/08\\\/27\\\/kopecky-wygrywa-otwarcie-barum\\\/#organizationLogo\",\"width\":2039,\"height\":756},\"image\":{\"@id\":\"https:\\\/\\\/www.worldrally.eu\\\/index.php\\\/2022\\\/08\\\/27\\\/kopecky-wygrywa-otwarcie-barum\\\/#organizationLogo\"}},{\"@type\":\"Person\",\"@id\":\"https:\\\/\\\/www.worldrally.eu\\\/index.php\\\/author\\\/magdalena\\\/#author\",\"url\":\"https:\\\/\\\/www.worldrally.eu\\\/index.php\\\/author\\\/magdalena\\\/\",\"name\":\"Magdalena\",\"image\":{\"@type\":\"ImageObject\",\"@id\":\"https:\\\/\\\/www.worldrally.eu\\\/index.php\\\/2022\\\/08\\\/27\\\/kopecky-wygrywa-otwarcie-barum\\\/#authorImage\",\"url\":\"https:\\\/\\\/secure.gravatar.com\\\/avatar\\\/853239b46cec38ba30b48d2b091f5538817cc78bdc0944c9ef7408579307e2ea?s=96&d=mm&r=g\",\"width\":96,\"height\":96,\"caption\":\"Magdalena\"}},{\"@type\":\"WebPage\",\"@id\":\"https:\\\/\\\/www.worldrally.eu\\\/index.php\\\/2022\\\/08\\\/27\\\/kopecky-wygrywa-otwarcie-barum\\\/#webpage\",\"url\":\"https:\\\/\\\/www.worldrally.eu\\\/index.php\\\/2022\\\/08\\\/27\\\/kopecky-wygrywa-otwarcie-barum\\\/\",\"name\":\"Kopeck\\u00fd wygrywa otwarcie Barum \\u00bb WorldRally.eu\",\"description\":\"Miejscowy bohater Jan Kopeck\\u00fd wygra\\u0142 wieczorny super odcinek specjalny w pi\\u0105tek i tym samym obj\\u0105\\u0142 prowadzenie w Barum Czech Rally Zl\\u00edn. Tysi\\u0105ce fan\\u00f3w wype\\u0142ni\\u0142o ulice Zl\\u00edna, gdy w ciemno\\u015bciach rozpocz\\u0119\\u0142a si\\u0119 bardzo widowiskowa przedostatnia runda Rajdowych Mistrzostw Europy FIA. \\u201eNa tego rodzaju scenie nie mo\\u017cna tak wiele zyska\\u0107, ale mo\\u017cna wiele straci\\u0107\\u201d \\u2013 powiedzia\\u0142 Kopeck\\u00fd,\",\"inLanguage\":\"en-GB\",\"isPartOf\":{\"@id\":\"https:\\\/\\\/www.worldrally.eu\\\/#website\"},\"breadcrumb\":{\"@id\":\"https:\\\/\\\/www.worldrally.eu\\\/index.php\\\/2022\\\/08\\\/27\\\/kopecky-wygrywa-otwarcie-barum\\\/#breadcrumblist\"},\"author\":{\"@id\":\"https:\\\/\\\/www.worldrally.eu\\\/index.php\\\/author\\\/magdalena\\\/#author\"},\"creator\":{\"@id\":\"https:\\\/\\\/www.worldrally.eu\\\/index.php\\\/author\\\/magdalena\\\/#author\"},\"image\":{\"@type\":\"ImageObject\",\"url\":\"https:\\\/\\\/www.worldrally.eu\\\/wp-content\\\/uploads\\\/2023\\\/02\\\/Kopecki-2.jpeg\",\"@id\":\"https:\\\/\\\/www.worldrally.eu\\\/index.php\\\/2022\\\/08\\\/27\\\/kopecky-wygrywa-otwarcie-barum\\\/#mainImage\",\"width\":1400,\"height\":788},\"primaryImageOfPage\":{\"@id\":\"https:\\\/\\\/www.worldrally.eu\\\/index.php\\\/2022\\\/08\\\/27\\\/kopecky-wygrywa-otwarcie-barum\\\/#mainImage\"},\"datePublished\":\"2022-08-27T15:00:00+00:00\",\"dateModified\":\"2023-02-24T15:08:37+00:00\"},{\"@type\":\"WebSite\",\"@id\":\"https:\\\/\\\/www.worldrally.eu\\\/#website\",\"url\":\"https:\\\/\\\/www.worldrally.eu\\\/\",\"name\":\"WorldRally.eu\",\"inLanguage\":\"en-GB\",\"publisher\":{\"@id\":\"https:\\\/\\\/www.worldrally.eu\\\/#organization\"}}]}\n\t\t<\/script>\n\t\t<!-- All in One SEO -->\n\n","aioseo_head_json":{"title":"Kopeck\u00fd wygrywa otwarcie Barum \u00bb WorldRally.eu","description":"Miejscowy bohater Jan Kopeck\u00fd wygra\u0142 wieczorny super odcinek specjalny w pi\u0105tek i tym samym obj\u0105\u0142 prowadzenie w Barum Czech Rally Zl\u00edn. Tysi\u0105ce fan\u00f3w wype\u0142ni\u0142o ulice Zl\u00edna, gdy w ciemno\u015bciach rozpocz\u0119\u0142a si\u0119 bardzo widowiskowa przedostatnia runda Rajdowych Mistrzostw Europy FIA. \u201eNa tego rodzaju scenie nie mo\u017cna tak wiele zyska\u0107, ale mo\u017cna wiele straci\u0107\u201d \u2013 powiedzia\u0142 Kopeck\u00fd,","canonical_url":"https:\/\/www.worldrally.eu\/index.php\/2022\/08\/27\/kopecky-wygrywa-otwarcie-barum\/","robots":"max-image-preview:large","keywords":"","webmasterTools":{"miscellaneous":""},"schema":{"@context":"https:\/\/schema.org","@graph":[{"@type":"BlogPosting","@id":"https:\/\/www.worldrally.eu\/index.php\/2022\/08\/27\/kopecky-wygrywa-otwarcie-barum\/#blogposting","name":"Kopeck\u00fd wygrywa otwarcie Barum \u00bb WorldRally.eu","headline":"Kopeck\u00fd wygrywa otwarcie Barum","author":{"@id":"https:\/\/www.worldrally.eu\/index.php\/author\/magdalena\/#author"},"publisher":{"@id":"https:\/\/www.worldrally.eu\/#organization"},"image":{"@type":"ImageObject","url":"https:\/\/www.worldrally.eu\/wp-content\/uploads\/2023\/02\/Kopecki-2.jpeg","width":1400,"height":788},"datePublished":"2022-08-27T15:00:00+00:00","dateModified":"2023-02-24T15:08:37+00:00","inLanguage":"en-GB","mainEntityOfPage":{"@id":"https:\/\/www.worldrally.eu\/index.php\/2022\/08\/27\/kopecky-wygrywa-otwarcie-barum\/#webpage"},"isPartOf":{"@id":"https:\/\/www.worldrally.eu\/index.php\/2022\/08\/27\/kopecky-wygrywa-otwarcie-barum\/#webpage"},"articleSection":"ERC"},{"@type":"BreadcrumbList","@id":"https:\/\/www.worldrally.eu\/index.php\/2022\/08\/27\/kopecky-wygrywa-otwarcie-barum\/#breadcrumblist","itemListElement":[{"@type":"ListItem","@id":"https:\/\/www.worldrally.eu#listItem","position":1,"name":"Home","item":"https:\/\/www.worldrally.eu","nextItem":{"@type":"ListItem","@id":"https:\/\/www.worldrally.eu\/index.php\/category\/erc\/#listItem","name":"ERC"}},{"@type":"ListItem","@id":"https:\/\/www.worldrally.eu\/index.php\/category\/erc\/#listItem","position":2,"name":"ERC","item":"https:\/\/www.worldrally.eu\/index.php\/category\/erc\/","nextItem":{"@type":"ListItem","@id":"https:\/\/www.worldrally.eu\/index.php\/2022\/08\/27\/kopecky-wygrywa-otwarcie-barum\/#listItem","name":"Kopeck\u00fd wygrywa otwarcie Barum"},"previousItem":{"@type":"ListItem","@id":"https:\/\/www.worldrally.eu#listItem","name":"Home"}},{"@type":"ListItem","@id":"https:\/\/www.worldrally.eu\/index.php\/2022\/08\/27\/kopecky-wygrywa-otwarcie-barum\/#listItem","position":3,"name":"Kopeck\u00fd wygrywa otwarcie Barum","previousItem":{"@type":"ListItem","@id":"https:\/\/www.worldrally.eu\/index.php\/category\/erc\/#listItem","name":"ERC"}}]},{"@type":"Organization","@id":"https:\/\/www.worldrally.eu\/#organization","name":"WorldRally.eu","url":"https:\/\/www.worldrally.eu\/","logo":{"@type":"ImageObject","url":"https:\/\/www.worldrally.eu\/wp-content\/uploads\/2026\/01\/cropped-logo-3.png","@id":"https:\/\/www.worldrally.eu\/index.php\/2022\/08\/27\/kopecky-wygrywa-otwarcie-barum\/#organizationLogo","width":2039,"height":756},"image":{"@id":"https:\/\/www.worldrally.eu\/index.php\/2022\/08\/27\/kopecky-wygrywa-otwarcie-barum\/#organizationLogo"}},{"@type":"Person","@id":"https:\/\/www.worldrally.eu\/index.php\/author\/magdalena\/#author","url":"https:\/\/www.worldrally.eu\/index.php\/author\/magdalena\/","name":"Magdalena","image":{"@type":"ImageObject","@id":"https:\/\/www.worldrally.eu\/index.php\/2022\/08\/27\/kopecky-wygrywa-otwarcie-barum\/#authorImage","url":"https:\/\/secure.gravatar.com\/avatar\/853239b46cec38ba30b48d2b091f5538817cc78bdc0944c9ef7408579307e2ea?s=96&d=mm&r=g","width":96,"height":96,"caption":"Magdalena"}},{"@type":"WebPage","@id":"https:\/\/www.worldrally.eu\/index.php\/2022\/08\/27\/kopecky-wygrywa-otwarcie-barum\/#webpage","url":"https:\/\/www.worldrally.eu\/index.php\/2022\/08\/27\/kopecky-wygrywa-otwarcie-barum\/","name":"Kopeck\u00fd wygrywa otwarcie Barum \u00bb WorldRally.eu","description":"Miejscowy bohater Jan Kopeck\u00fd wygra\u0142 wieczorny super odcinek specjalny w pi\u0105tek i tym samym obj\u0105\u0142 prowadzenie w Barum Czech Rally Zl\u00edn. Tysi\u0105ce fan\u00f3w wype\u0142ni\u0142o ulice Zl\u00edna, gdy w ciemno\u015bciach rozpocz\u0119\u0142a si\u0119 bardzo widowiskowa przedostatnia runda Rajdowych Mistrzostw Europy FIA. \u201eNa tego rodzaju scenie nie mo\u017cna tak wiele zyska\u0107, ale mo\u017cna wiele straci\u0107\u201d \u2013 powiedzia\u0142 Kopeck\u00fd,","inLanguage":"en-GB","isPartOf":{"@id":"https:\/\/www.worldrally.eu\/#website"},"breadcrumb":{"@id":"https:\/\/www.worldrally.eu\/index.php\/2022\/08\/27\/kopecky-wygrywa-otwarcie-barum\/#breadcrumblist"},"author":{"@id":"https:\/\/www.worldrally.eu\/index.php\/author\/magdalena\/#author"},"creator":{"@id":"https:\/\/www.worldrally.eu\/index.php\/author\/magdalena\/#author"},"image":{"@type":"ImageObject","url":"https:\/\/www.worldrally.eu\/wp-content\/uploads\/2023\/02\/Kopecki-2.jpeg","@id":"https:\/\/www.worldrally.eu\/index.php\/2022\/08\/27\/kopecky-wygrywa-otwarcie-barum\/#mainImage","width":1400,"height":788},"primaryImageOfPage":{"@id":"https:\/\/www.worldrally.eu\/index.php\/2022\/08\/27\/kopecky-wygrywa-otwarcie-barum\/#mainImage"},"datePublished":"2022-08-27T15:00:00+00:00","dateModified":"2023-02-24T15:08:37+00:00"},{"@type":"WebSite","@id":"https:\/\/www.worldrally.eu\/#website","url":"https:\/\/www.worldrally.eu\/","name":"WorldRally.eu","inLanguage":"en-GB","publisher":{"@id":"https:\/\/www.worldrally.eu\/#organization"}}]},"og:locale":"en_GB","og:site_name":"WorldRally.eu \u00bb","og:type":"article","og:title":"Kopeck\u00fd wygrywa otwarcie Barum \u00bb WorldRally.eu","og:description":"Miejscowy bohater Jan Kopeck\u00fd wygra\u0142 wieczorny super odcinek specjalny w pi\u0105tek i tym samym obj\u0105\u0142 prowadzenie w Barum Czech Rally Zl\u00edn. Tysi\u0105ce fan\u00f3w wype\u0142ni\u0142o ulice Zl\u00edna, gdy w ciemno\u015bciach rozpocz\u0119\u0142a si\u0119 bardzo widowiskowa przedostatnia runda Rajdowych Mistrzostw Europy FIA. \u201eNa tego rodzaju scenie nie mo\u017cna tak wiele zyska\u0107, ale mo\u017cna wiele straci\u0107\u201d \u2013 powiedzia\u0142 Kopeck\u00fd,","og:url":"https:\/\/www.worldrally.eu\/index.php\/2022\/08\/27\/kopecky-wygrywa-otwarcie-barum\/","og:image":"https:\/\/www.worldrally.eu\/wp-content\/uploads\/2023\/02\/Kopecki-2.jpeg","og:image:secure_url":"https:\/\/www.worldrally.eu\/wp-content\/uploads\/2023\/02\/Kopecki-2.jpeg","og:image:width":1400,"og:image:height":788,"article:published_time":"2022-08-27T15:00:00+00:00","article:modified_time":"2023-02-24T15:08:37+00:00","twitter:card":"summary_large_image","twitter:title":"Kopeck\u00fd wygrywa otwarcie Barum \u00bb WorldRally.eu","twitter:description":"Miejscowy bohater Jan Kopeck\u00fd wygra\u0142 wieczorny super odcinek specjalny w pi\u0105tek i tym samym obj\u0105\u0142 prowadzenie w Barum Czech Rally Zl\u00edn. Tysi\u0105ce fan\u00f3w wype\u0142ni\u0142o ulice Zl\u00edna, gdy w ciemno\u015bciach rozpocz\u0119\u0142a si\u0119 bardzo widowiskowa przedostatnia runda Rajdowych Mistrzostw Europy FIA. \u201eNa tego rodzaju scenie nie mo\u017cna tak wiele zyska\u0107, ale mo\u017cna wiele straci\u0107\u201d \u2013 powiedzia\u0142 Kopeck\u00fd,","twitter:image":"https:\/\/www.worldrally.eu\/wp-content\/uploads\/2023\/02\/Kopecki-2.jpeg"},"aioseo_meta_data":{"post_id":"582","title":null,"description":null,"keywords":null,"keyphrases":null,"primary_term":null,"canonical_url":null,"og_title":null,"og_description":null,"og_object_type":"default","og_image_type":"default","og_image_url":null,"og_image_width":null,"og_image_height":null,"og_image_custom_url":null,"og_image_custom_fields":null,"og_video":null,"og_custom_url":null,"og_article_section":null,"og_article_tags":null,"twitter_use_og":false,"twitter_card":"default","twitter_image_type":"default","twitter_image_url":null,"twitter_image_custom_url":null,"twitter_image_custom_fields":null,"twitter_title":null,"twitter_description":null,"schema":{"blockGraphs":[],"customGraphs":[],"default":{"data":{"Article":[],"Course":[],"Dataset":[],"FAQPage":[],"Movie":[],"Person":[],"Product":[],"ProductReview":[],"Car":[],"Recipe":[],"Service":[],"SoftwareApplication":[],"WebPage":[]},"graphName":"","isEnabled":true},"graphs":[]},"schema_type":"default","schema_type_options":null,"pillar_content":false,"robots_default":true,"robots_noindex":false,"robots_noarchive":false,"robots_nosnippet":false,"robots_nofollow":false,"robots_noimageindex":false,"robots_noodp":false,"robots_notranslate":false,"robots_max_snippet":null,"robots_max_videopreview":null,"robots_max_imagepreview":"large","priority":null,"frequency":null,"local_seo":null,"breadcrumb_settings":null,"limit_modified_date":false,"ai":null,"created":"2025-03-22 05:52:34","updated":"2025-10-26 08:30:05","seo_analyzer_scan_date":null},"aioseo_breadcrumb":"<div class=\"aioseo-breadcrumbs\"><span class=\"aioseo-breadcrumb\">\n\t\t\t<a href=\"https:\/\/www.worldrally.eu\" title=\"Home\">Home<\/a>\n\t\t<\/span><span class=\"aioseo-breadcrumb-separator\">&raquo;<\/span><span class=\"aioseo-breadcrumb\">\n\t\t\t<a href=\"https:\/\/www.worldrally.eu\/index.php\/category\/erc\/\" title=\"ERC\">ERC<\/a>\n\t\t<\/span><span class=\"aioseo-breadcrumb-separator\">&raquo;<\/span><span class=\"aioseo-breadcrumb\">\n\t\t\tKopeck\u00fd wygrywa otwarcie Barum\n\t\t<\/span><\/div>","aioseo_breadcrumb_json":[{"label":"Home","link":"https:\/\/www.worldrally.eu"},{"label":"ERC","link":"https:\/\/www.worldrally.eu\/index.php\/category\/erc\/"},{"label":"Kopeck\u00fd wygrywa otwarcie Barum","link":"https:\/\/www.worldrally.eu\/index.php\/2022\/08\/27\/kopecky-wygrywa-otwarcie-barum\/"}],"cc_featured_image_caption":{"caption_text":"Foto - FIAerc","source_text":"","source_url":""},"_links":{"self":[{"href":"https:\/\/www.worldrally.eu\/index.php\/wp-json\/wp\/v2\/posts\/582","targetHints":{"allow":["GET"]}}],"collection":[{"href":"https:\/\/www.worldrally.eu\/index.php\/wp-json\/wp\/v2\/posts"}],"about":[{"href":"https:\/\/www.worldrally.eu\/index.php\/wp-json\/wp\/v2\/types\/post"}],"author":[{"embeddable":true,"href":"https:\/\/www.worldrally.eu\/index.php\/wp-json\/wp\/v2\/users\/2"}],"replies":[{"embeddable":true,"href":"https:\/\/www.worldrally.eu\/index.php\/wp-json\/wp\/v2\/comments?post=582"}],"version-history":[{"count":1,"href":"https:\/\/www.worldrally.eu\/index.php\/wp-json\/wp\/v2\/posts\/582\/revisions"}],"predecessor-version":[{"id":585,"href":"https:\/\/www.worldrally.eu\/index.php\/wp-json\/wp\/v2\/posts\/582\/revisions\/585"}],"wp:featuredmedia":[{"embeddable":true,"href":"https:\/\/www.worldrally.eu\/index.php\/wp-json\/wp\/v2\/media\/584"}],"wp:attachment":[{"href":"https:\/\/www.worldrally.eu\/index.php\/wp-json\/wp\/v2\/media?parent=582"}],"wp:term":[{"taxonomy":"category","embeddable":true,"href":"https:\/\/www.worldrally.eu\/index.php\/wp-json\/wp\/v2\/categories?post=582"},{"taxonomy":"post_tag","embeddable":true,"href":"https:\/\/www.worldrally.eu\/index.php\/wp-json\/wp\/v2\/tags?post=582"}],"curies":[{"name":"wp","href":"https:\/\/api.w.org\/{rel}","templated":true}]}}