{"id":562,"date":"2022-08-09T13:18:00","date_gmt":"2022-08-09T13:18:00","guid":{"rendered":"https:\/\/www.worldrally.eu\/?p=562"},"modified":"2023-02-24T13:46:56","modified_gmt":"2023-02-24T13:46:56","slug":"monarri-kamien-spadl-mi-z-serca","status":"publish","type":"post","link":"https:\/\/www.worldrally.eu\/index.php\/2022\/08\/09\/monarri-kamien-spadl-mi-z-serca\/","title":{"rendered":"Monarri &#8211; kamie\u0144 spad\u0142 mi z serca"},"content":{"rendered":"\n<p>Kierowca Suzuki Motor Ib\u00e9rica, Alberto Monarri, odni\u00f3s\u0142 ulg\u0119, odnosz\u0105c swoje pierwsze zwyci\u0119stwo w ERC Open w swojej karierze podczas Rally di Roma Capitale w zesz\u0142ym miesi\u0105cu.<\/p>\n\n\n\n<p>Hiszpan do\u0142\u0105czy\u0142 do zespo\u0142u Swift R4LLY S na pocz\u0105tku sezonu do kt\u00f3rego w sk\u0142ad zaliczamy si\u0119 dwa auta rajdowe, ale n\u0119ka\u0142y go problemy mechaniczne na Azorach, Wyspach Kanaryjskich, a tak\u017ce w Polsce co jak sam powiedzia\u0142 w jednym z wywiad\u00f3w, \u017ce ten ci\u0119\u017cki kamie\u0144 le\u017cy mu na sercu.<\/p>\n\n\n\n<p><em>\u201eOczywi\u015bcie bardzo potrzebowa\u0142em tego wyniku dla siebie, ale tak\u017ce dla ca\u0142ego zespo\u0142u\u201d<\/em> \u2013 powiedzia\u0142 Monarri w wywiadzie dla FIAERC<\/p>\n\n\n\n<p><em>\u201eWszyscy pracowali bardzo ci\u0119\u017cko przez ca\u0142y rok i szcz\u0119\u015bcie nie przychodzi\u0142o do nas. \u201eAle teraz jestem bardzo szcz\u0119\u015bliwy \u2013 naprawd\u0119 potrzebowa\u0142em tego zwyci\u0119stwa, a teraz nie mo\u017cemy si\u0119 doczeka\u0107 Rajdu Barum Czech i mam nadziej\u0119, \u017ce b\u0119dziemy mogli kontynuowa\u0107 w ten sam spos\u00f3b.\u201d<\/em><\/p>\n\n\n\n<p>Monarri wyja\u015bni\u0142 wyzwania zwi\u0105zane z utrzymaniem osi\u0105g\u00f3w przez ca\u0142y rajd \u2013 zw\u0142aszcza na 32-kilometrowym odcinku specjalnym, takim jak Rocca di Cave \u2013 Subiaco. <\/p>\n\n\n\n<p><em>\u201eTo by\u0142o naprawd\u0119 trudne. By\u0142o kilka bardzo d\u0142ugich odcink\u00f3w specjalnych i by\u0107 mo\u017ce najgorsze temperatury do rajd\u00f3w \u2013 momentami dochodzi\u0142o do 44 stopni&#8221; &#8211; <\/em>doda\u0142<\/p>\n\n\n\n<p>Oczekuje si\u0119, \u017ce Suzuki wystawi dwa samochody Swifft R4LLY S dla Monarri i Vinyes na Barum Czech Rally  jeszcze w tym miesi\u0105cu.<\/p>\n","protected":false},"excerpt":{"rendered":"<p>Kierowca Suzuki Motor Ib\u00e9rica, Alberto Monarri, odni\u00f3s\u0142 ulg\u0119, odnosz\u0105c swoje pierwsze zwyci\u0119stwo w ERC Open w swojej karierze podczas Rally di Roma Capitale w zesz\u0142ym miesi\u0105cu. Hiszpan do\u0142\u0105czy\u0142 do zespo\u0142u Swift R4LLY S na pocz\u0105tku sezonu do kt\u00f3rego w sk\u0142ad zaliczamy si\u0119 dwa auta rajdowe, ale n\u0119ka\u0142y go problemy mechaniczne na Azorach, Wyspach Kanaryjskich, a [&hellip;]<\/p>\n","protected":false},"author":3,"featured_media":563,"comment_status":"closed","ping_status":"closed","sticky":false,"template":"","format":"standard","meta":{"footnotes":""},"categories":[4],"tags":[],"class_list":["post-562","post","type-post","status-publish","format-standard","has-post-thumbnail","hentry","category-erc"],"aioseo_notices":[],"cc_featured_image_caption":{"caption_text":"Foto - PhotoMS \/ Adam Owczarek","source_text":"","source_url":""},"_links":{"self":[{"href":"https:\/\/www.worldrally.eu\/index.php\/wp-json\/wp\/v2\/posts\/562","targetHints":{"allow":["GET"]}}],"collection":[{"href":"https:\/\/www.worldrally.eu\/index.php\/wp-json\/wp\/v2\/posts"}],"about":[{"href":"https:\/\/www.worldrally.eu\/index.php\/wp-json\/wp\/v2\/types\/post"}],"author":[{"embeddable":true,"href":"https:\/\/www.worldrally.eu\/index.php\/wp-json\/wp\/v2\/users\/3"}],"replies":[{"embeddable":true,"href":"https:\/\/www.worldrally.eu\/index.php\/wp-json\/wp\/v2\/comments?post=562"}],"version-history":[{"count":1,"href":"https:\/\/www.worldrally.eu\/index.php\/wp-json\/wp\/v2\/posts\/562\/revisions"}],"predecessor-version":[{"id":564,"href":"https:\/\/www.worldrally.eu\/index.php\/wp-json\/wp\/v2\/posts\/562\/revisions\/564"}],"wp:featuredmedia":[{"embeddable":true,"href":"https:\/\/www.worldrally.eu\/index.php\/wp-json\/wp\/v2\/media\/563"}],"wp:attachment":[{"href":"https:\/\/www.worldrally.eu\/index.php\/wp-json\/wp\/v2\/media?parent=562"}],"wp:term":[{"taxonomy":"category","embeddable":true,"href":"https:\/\/www.worldrally.eu\/index.php\/wp-json\/wp\/v2\/categories?post=562"},{"taxonomy":"post_tag","embeddable":true,"href":"https:\/\/www.worldrally.eu\/index.php\/wp-json\/wp\/v2\/tags?post=562"}],"curies":[{"name":"wp","href":"https:\/\/api.w.org\/{rel}","templated":true}]}}