{"id":545,"date":"2022-07-22T07:46:00","date_gmt":"2022-07-22T07:46:00","guid":{"rendered":"https:\/\/www.worldrally.eu\/?p=545"},"modified":"2023-02-24T08:08:25","modified_gmt":"2023-02-24T08:08:25","slug":"de-tommaso-wygrywa-otwarcie","status":"publish","type":"post","link":"https:\/\/www.worldrally.eu\/index.php\/2022\/07\/22\/de-tommaso-wygrywa-otwarcie\/","title":{"rendered":"De Tommaso wygrywa otwarcie"},"content":{"rendered":"\n<p class=\"wp-block-paragraph\">Rajd stolicy Rzymu rozpoczyna si\u0119 specjalnym wydarzeniem, kt\u00f3re ko\u0144czy si\u0119 przed Koloseum, w dziesi\u0105t\u0105 rocznic\u0119 obchodzono pokazem w sercu Rzymu, w wy\u015bcigu przed samym koloseum.  Miejscowy kierowca Basso Giandomenico jad\u0105cy samochodem Hyundai i20 N Rally2 uzyskuje najlepszy czas przejazdu jednak\u017ce po analizie okaza\u0142o si\u0119, i\u017c kierowca pope\u0142ni\u0142 falstart.<\/p>\n\n\n\n<p class=\"wp-block-paragraph\">Po tym jak Basso otrzyma\u0142 10 sekund kary na fotel lidera wskoczy\u0142 De Tommaso, zawodnik \u0160kody Fabia Rally2, wyprzedzaj\u0105c, Andre\u0119 Crugnol\u0119, Citro\u00ebna C3 Rally2 o 1,6 sekundy.<\/p>\n\n\n\n<p class=\"wp-block-paragraph\"><em>\u201ePodoba\u0142 mi si\u0119 ten pi\u0119kny etap, ale zobaczymy, co stanie si\u0119 jutro\u201d<\/em>, powiedzia\u0142 z u\u015bmiechem De Tommaso. <\/p>\n\n\n\n<p class=\"wp-block-paragraph\"><em>\u201eMy\u015bl\u0119, \u017ce to b\u0119dzie bardzo trudny rajd, a odcinki specjalne s\u0105 bardzo wymagaj\u0105ce\u201d.<\/em> &#8211; doda\u0142<\/p>\n\n\n\n<p class=\"wp-block-paragraph\">Gwiazda zespo\u0142u MRF Tyres \u0160koda, Simone Campedelli,uzyska\u0142 trzeci czas zaledwie o dwie dziesi\u0105te sekundy za Crugnol\u0105. <\/p>\n\n\n\n<p class=\"wp-block-paragraph\"><\/p>\n\n\n\n<p class=\"wp-block-paragraph\">Polskie za\u0142ogi troch\u0119 bardziej na dalszych pozycjach, najlepsza z nich Kotarba \u0141ukasz \/ Kotarba Tomasz jad\u0105ca samochodem marki Citro\u00ebn C3 Rally2 uplasowali si\u0119 na 14\/ tej pozycji trac\u0105c ponad sze\u015b\u0107 sekund do lidera.<\/p>\n\n\n\n<p class=\"wp-block-paragraph\">Grzyb Grzegorz \/ Bini\u0119da Adam w \u0160koda Fabia Rally2 evo uzyskali czas daj\u0105cy im dwudziest\u0105 pozycje a Wid\u0142ak Igor \/ Dymurski Daniel w Ford Fiesta Rally3 zostali sklasyfikowani na 51 miejscu.<\/p>\n\n\n\n<figure class=\"wp-block-table\"><table><tbody><tr><td>1.<\/td><td><img decoding=\"async\" src=\"https:\/\/www.ewrc-results.com\/images\/flags2\/italy.png\" alt=\"flag\"><br>#15<\/td><td><img decoding=\"async\" src=\"https:\/\/www.ewrc-results.com\/images\/icon\/skoda.png\" alt=\"logo\"> <a href=\"https:\/\/www.ewrc-results.com\/entryinfo\/73887-rally-di-roma-capitale-2022\/3425590\/\">De Tommaso Damiano &#8211; Ascalone G.<\/a><br>\u0160koda Fabia Rally2 evo <img decoding=\"async\" src=\"https:\/\/www.ewrc-results.com\/images\/tyres\/pirelli_red.png\" alt=\"tyre\"><\/td><td>RC2<\/td><td>1:42.6<br><\/td><td><\/td><td>59.6<\/td><\/tr><tr><td>2.<\/td><td><img decoding=\"async\" src=\"https:\/\/www.ewrc-results.com\/images\/flags2\/italy.png\" alt=\"flag\"><br>#14<\/td><td><img decoding=\"async\" src=\"https:\/\/www.ewrc-results.com\/images\/icon\/citroen2009.png\" alt=\"logo\"> <a href=\"https:\/\/www.ewrc-results.com\/entryinfo\/73887-rally-di-roma-capitale-2022\/3425588\/\">Crugnola Andrea &#8211; Ometto P.<\/a><br>Citro\u00ebn C3 Rally2 <img decoding=\"async\" src=\"https:\/\/www.ewrc-results.com\/images\/tyres\/pirelli_red.png\" alt=\"tyre\"><\/td><td>RC2<\/td><td>1:44.2<br><\/td><td>+1.6<br>+1.6<\/td><td>58.7<br>0.94<\/td><\/tr><tr><td>3.<\/td><td><img decoding=\"async\" src=\"https:\/\/www.ewrc-results.com\/images\/flags2\/italy.png\" alt=\"flag\"><br>#8<\/td><td><img decoding=\"async\" src=\"https:\/\/www.ewrc-results.com\/images\/icon\/skoda.png\" alt=\"logo\"> <a href=\"https:\/\/www.ewrc-results.com\/entryinfo\/73887-rally-di-roma-capitale-2022\/3425580\/\">Campedelli Simone &#8211; Canton Tania<\/a><br>\u0160koda Fabia Rally2 evo <img decoding=\"async\" src=\"https:\/\/www.ewrc-results.com\/images\/tyres\/mrf3.png\" alt=\"tyre\"><\/td><td>RC2<\/td><td>1:44.4<br><\/td><td>+1.8<br>+0.2<\/td><td>58.6<br>1.06<\/td><\/tr><tr><td>4.<\/td><td><img decoding=\"async\" src=\"https:\/\/www.ewrc-results.com\/images\/flags2\/france.png\" alt=\"flag\"><br>#9<\/td><td><img decoding=\"async\" src=\"https:\/\/www.ewrc-results.com\/images\/icon\/citroen2009.png\" alt=\"logo\"> <a href=\"https:\/\/www.ewrc-results.com\/entryinfo\/73887-rally-di-roma-capitale-2022\/3425583\/\">Bonato Yoann &#8211; Boulloud Benjamin<\/a><br>Citro\u00ebn C3 Rally2 <img decoding=\"async\" src=\"https:\/\/www.ewrc-results.com\/images\/tyres\/michelin_red.png\" alt=\"tyre\"><\/td><td>RC2<\/td><td>1:44.5<br><\/td><td>+1.9<br>+0.1<\/td><td>58.6<br>1.12<\/td><\/tr><tr><td>5.<\/td><td><img decoding=\"async\" src=\"https:\/\/www.ewrc-results.com\/images\/flags2\/romania.png\" alt=\"flag\"><br>#3<\/td><td><img decoding=\"async\" src=\"https:\/\/www.ewrc-results.com\/images\/icon\/skoda.png\" alt=\"logo\"> <a href=\"https:\/\/www.ewrc-results.com\/entryinfo\/73887-rally-di-roma-capitale-2022\/3425565\/\">Tempestini Simone &#8211; Itu Sergiu<\/a><br>\u0160koda Fabia Rally2 evo <img decoding=\"async\" src=\"https:\/\/www.ewrc-results.com\/images\/tyres\/michelin_red.png\" alt=\"tyre\"><\/td><td>RC2<\/td><td>1:45.7<br><\/td><td>+3.1<br>+1.2<\/td><td>57.9<br>1.82<\/td><\/tr><tr><td>=<\/td><td><img decoding=\"async\" src=\"https:\/\/www.ewrc-results.com\/images\/flags2\/estonia.png\" alt=\"flag\"><br>#6<\/td><td><img decoding=\"async\" src=\"https:\/\/www.ewrc-results.com\/images\/icon\/ford.png\" alt=\"logo\"> <a href=\"https:\/\/www.ewrc-results.com\/entryinfo\/73887-rally-di-roma-capitale-2022\/3425577\/\">Torn Ken &#8211; J\u00e4rveoja Ken<\/a><br>Ford Fiesta Rally2 <img decoding=\"async\" src=\"https:\/\/www.ewrc-results.com\/images\/tyres\/pirelli_red.png\" alt=\"tyre\"><\/td><td>RC2<\/td><td>1:45.7<br><\/td><td>+3.1<br>+0.0<\/td><td>57.9<br>1.82<\/td><\/tr><tr><td>=<\/td><td><img decoding=\"async\" src=\"https:\/\/www.ewrc-results.com\/images\/flags2\/latvia.png\" alt=\"flag\"><br>#7<\/td><td><img decoding=\"async\" src=\"https:\/\/www.ewrc-results.com\/images\/icon\/skoda.png\" alt=\"logo\"> <a href=\"https:\/\/www.ewrc-results.com\/entryinfo\/73887-rally-di-roma-capitale-2022\/3425579\/\">Sesks M\u0101rti\u0146\u0161 &#8211; Francis R.<\/a><br>\u0160koda Fabia Rally2 evo <img decoding=\"async\" src=\"https:\/\/www.ewrc-results.com\/images\/tyres\/mrf3.png\" alt=\"tyre\"><\/td><td>RC2<\/td><td>1:45.7<br><\/td><td>+3.1<br>+0.0<\/td><td>57.9<br>1.82<\/td><\/tr><tr><td>8.<\/td><td><img decoding=\"async\" src=\"https:\/\/www.ewrc-results.com\/images\/flags2\/italy.png\" alt=\"flag\"><br>#4<\/td><td><img decoding=\"async\" src=\"https:\/\/www.ewrc-results.com\/images\/icon\/skoda.png\" alt=\"logo\"> <a href=\"https:\/\/www.ewrc-results.com\/entryinfo\/73887-rally-di-roma-capitale-2022\/3425570\/\">Battistolli Alberto &#8211; Fappani D.<\/a><br>\u0160koda Fabia Rally2 evo <img decoding=\"async\" src=\"https:\/\/www.ewrc-results.com\/images\/tyres\/pirelli_red.png\" alt=\"tyre\"><\/td><td>RC2<\/td><td>1:45.9<br><\/td><td>+3.3<br>+0.2<\/td><td>57.8<br>1.94<\/td><\/tr><tr><td>9.<\/td><td><img decoding=\"async\" src=\"https:\/\/www.ewrc-results.com\/images\/flags2\/italy.png\" alt=\"flag\"><br>#16<\/td><td><img decoding=\"async\" src=\"https:\/\/www.ewrc-results.com\/images\/icon\/skoda.png\" alt=\"logo\"> <a href=\"https:\/\/www.ewrc-results.com\/entryinfo\/73887-rally-di-roma-capitale-2022\/3425592\/\">Andolfi Fabio &#8211; Fenoli Manuel<\/a><br>\u0160koda Fabia Rally2 evo <img decoding=\"async\" src=\"https:\/\/www.ewrc-results.com\/images\/tyres\/michelin_red.png\" alt=\"tyre\"><\/td><td>RC2<\/td><td>1:46.4<br><\/td><td>+3.8<br>+0.5<\/td><td>57.5<br>2.24<\/td><\/tr><tr><td>10.<\/td><td><img decoding=\"async\" src=\"https:\/\/www.ewrc-results.com\/images\/flags2\/italy.png\" alt=\"flag\"><br>#19<\/td><td><img decoding=\"async\" src=\"https:\/\/www.ewrc-results.com\/images\/icon\/skoda.png\" alt=\"logo\"> <a href=\"https:\/\/www.ewrc-results.com\/entryinfo\/73887-rally-di-roma-capitale-2022\/3425597\/\">Scattolon G. &#8211; Bernacchini G.<\/a><br>\u0160koda Fabia Rally2 evo <img decoding=\"async\" src=\"https:\/\/www.ewrc-results.com\/images\/tyres\/pirelli_red.png\" alt=\"tyre\"><\/td><td>RC2<\/td><td>1:47.5<br><\/td><td>+4.9<br>+1.1<\/td><td>56.9<br>2.88<\/td><\/tr><\/tbody><\/table><\/figure>\n\n\n\n<p class=\"wp-block-paragraph\"><\/p>\n","protected":false},"excerpt":{"rendered":"<p>Rajd stolicy Rzymu rozpoczyna si\u0119 specjalnym wydarzeniem, kt\u00f3re ko\u0144czy si\u0119 przed Koloseum, w dziesi\u0105t\u0105 rocznic\u0119 obchodzono pokazem w sercu Rzymu, w wy\u015bcigu przed samym koloseum. Miejscowy kierowca Basso Giandomenico jad\u0105cy samochodem Hyundai i20 N Rally2 uzyskuje najlepszy czas przejazdu jednak\u017ce po analizie okaza\u0142o si\u0119, i\u017c kierowca pope\u0142ni\u0142 falstart. Po tym jak Basso otrzyma\u0142 10 sekund [&hellip;]<\/p>\n","protected":false},"author":2,"featured_media":546,"comment_status":"closed","ping_status":"closed","sticky":false,"template":"","format":"standard","meta":{"_monsterinsights_skip_tracking":false,"_monsterinsights_sitenote_active":false,"_monsterinsights_sitenote_note":"","_monsterinsights_sitenote_category":0,"footnotes":""},"categories":[4],"tags":[],"class_list":["post-545","post","type-post","status-publish","format-standard","has-post-thumbnail","hentry","category-erc"],"aioseo_notices":[],"aioseo_head":"\n\t\t<!-- All in One SEO 4.9.9 - aioseo.com -->\n\t<meta name=\"description\" content=\"Rajd stolicy Rzymu rozpoczyna si\u0119 specjalnym wydarzeniem, kt\u00f3re ko\u0144czy si\u0119 przed Koloseum, w dziesi\u0105t\u0105 rocznic\u0119 obchodzono pokazem w sercu Rzymu, w wy\u015bcigu przed samym koloseum. Miejscowy kierowca Basso Giandomenico jad\u0105cy samochodem Hyundai i20 N Rally2 uzyskuje najlepszy czas przejazdu jednak\u017ce po analizie okaza\u0142o si\u0119, i\u017c kierowca pope\u0142ni\u0142 falstart. Po tym jak Basso otrzyma\u0142 10 sekund\" \/>\n\t<meta name=\"robots\" content=\"max-image-preview:large\" \/>\n\t<meta name=\"author\" content=\"Magdalena\"\/>\n\t<link rel=\"canonical\" href=\"https:\/\/www.worldrally.eu\/index.php\/2022\/07\/22\/de-tommaso-wygrywa-otwarcie\/\" \/>\n\t<meta name=\"generator\" content=\"All in One SEO (AIOSEO) 4.9.9\" \/>\n\t\t<meta property=\"og:locale\" content=\"en_GB\" \/>\n\t\t<meta property=\"og:site_name\" content=\"WorldRally.eu \u00bb\" \/>\n\t\t<meta property=\"og:type\" content=\"article\" \/>\n\t\t<meta property=\"og:title\" content=\"De Tommaso wygrywa otwarcie \u00bb WorldRally.eu\" \/>\n\t\t<meta property=\"og:description\" content=\"Rajd stolicy Rzymu rozpoczyna si\u0119 specjalnym wydarzeniem, kt\u00f3re ko\u0144czy si\u0119 przed Koloseum, w dziesi\u0105t\u0105 rocznic\u0119 obchodzono pokazem w sercu Rzymu, w wy\u015bcigu przed samym koloseum. Miejscowy kierowca Basso Giandomenico jad\u0105cy samochodem Hyundai i20 N Rally2 uzyskuje najlepszy czas przejazdu jednak\u017ce po analizie okaza\u0142o si\u0119, i\u017c kierowca pope\u0142ni\u0142 falstart. Po tym jak Basso otrzyma\u0142 10 sekund\" \/>\n\t\t<meta property=\"og:url\" content=\"https:\/\/www.worldrally.eu\/index.php\/2022\/07\/22\/de-tommaso-wygrywa-otwarcie\/\" \/>\n\t\t<meta property=\"og:image\" content=\"https:\/\/www.worldrally.eu\/wp-content\/uploads\/2023\/02\/Tomasso.jpg\" \/>\n\t\t<meta property=\"og:image:secure_url\" content=\"https:\/\/www.worldrally.eu\/wp-content\/uploads\/2023\/02\/Tomasso.jpg\" \/>\n\t\t<meta property=\"og:image:width\" content=\"1400\" \/>\n\t\t<meta property=\"og:image:height\" content=\"788\" \/>\n\t\t<meta property=\"article:published_time\" content=\"2022-07-22T07:46:00+00:00\" \/>\n\t\t<meta property=\"article:modified_time\" content=\"2023-02-24T08:08:25+00:00\" \/>\n\t\t<meta name=\"twitter:card\" content=\"summary_large_image\" \/>\n\t\t<meta name=\"twitter:title\" content=\"De Tommaso wygrywa otwarcie \u00bb WorldRally.eu\" \/>\n\t\t<meta name=\"twitter:description\" content=\"Rajd stolicy Rzymu rozpoczyna si\u0119 specjalnym wydarzeniem, kt\u00f3re ko\u0144czy si\u0119 przed Koloseum, w dziesi\u0105t\u0105 rocznic\u0119 obchodzono pokazem w sercu Rzymu, w wy\u015bcigu przed samym koloseum. Miejscowy kierowca Basso Giandomenico jad\u0105cy samochodem Hyundai i20 N Rally2 uzyskuje najlepszy czas przejazdu jednak\u017ce po analizie okaza\u0142o si\u0119, i\u017c kierowca pope\u0142ni\u0142 falstart. Po tym jak Basso otrzyma\u0142 10 sekund\" \/>\n\t\t<meta name=\"twitter:image\" content=\"https:\/\/www.worldrally.eu\/wp-content\/uploads\/2023\/02\/Tomasso.jpg\" \/>\n\t\t<script type=\"application\/ld+json\" class=\"aioseo-schema\">\n\t\t\t{\"@context\":\"https:\\\/\\\/schema.org\",\"@graph\":[{\"@type\":\"BlogPosting\",\"@id\":\"https:\\\/\\\/www.worldrally.eu\\\/index.php\\\/2022\\\/07\\\/22\\\/de-tommaso-wygrywa-otwarcie\\\/#blogposting\",\"name\":\"De Tommaso wygrywa otwarcie \\u00bb WorldRally.eu\",\"headline\":\"De Tommaso wygrywa otwarcie\",\"author\":{\"@id\":\"https:\\\/\\\/www.worldrally.eu\\\/index.php\\\/author\\\/magdalena\\\/#author\"},\"publisher\":{\"@id\":\"https:\\\/\\\/www.worldrally.eu\\\/#organization\"},\"image\":{\"@type\":\"ImageObject\",\"url\":\"https:\\\/\\\/www.worldrally.eu\\\/wp-content\\\/uploads\\\/2023\\\/02\\\/Tomasso.jpg\",\"width\":1400,\"height\":788},\"datePublished\":\"2022-07-22T07:46:00+00:00\",\"dateModified\":\"2023-02-24T08:08:25+00:00\",\"inLanguage\":\"en-GB\",\"mainEntityOfPage\":{\"@id\":\"https:\\\/\\\/www.worldrally.eu\\\/index.php\\\/2022\\\/07\\\/22\\\/de-tommaso-wygrywa-otwarcie\\\/#webpage\"},\"isPartOf\":{\"@id\":\"https:\\\/\\\/www.worldrally.eu\\\/index.php\\\/2022\\\/07\\\/22\\\/de-tommaso-wygrywa-otwarcie\\\/#webpage\"},\"articleSection\":\"ERC\"},{\"@type\":\"BreadcrumbList\",\"@id\":\"https:\\\/\\\/www.worldrally.eu\\\/index.php\\\/2022\\\/07\\\/22\\\/de-tommaso-wygrywa-otwarcie\\\/#breadcrumblist\",\"itemListElement\":[{\"@type\":\"ListItem\",\"@id\":\"https:\\\/\\\/www.worldrally.eu#listItem\",\"position\":1,\"name\":\"Home\",\"item\":\"https:\\\/\\\/www.worldrally.eu\",\"nextItem\":{\"@type\":\"ListItem\",\"@id\":\"https:\\\/\\\/www.worldrally.eu\\\/index.php\\\/category\\\/erc\\\/#listItem\",\"name\":\"ERC\"}},{\"@type\":\"ListItem\",\"@id\":\"https:\\\/\\\/www.worldrally.eu\\\/index.php\\\/category\\\/erc\\\/#listItem\",\"position\":2,\"name\":\"ERC\",\"item\":\"https:\\\/\\\/www.worldrally.eu\\\/index.php\\\/category\\\/erc\\\/\",\"nextItem\":{\"@type\":\"ListItem\",\"@id\":\"https:\\\/\\\/www.worldrally.eu\\\/index.php\\\/2022\\\/07\\\/22\\\/de-tommaso-wygrywa-otwarcie\\\/#listItem\",\"name\":\"De Tommaso wygrywa otwarcie\"},\"previousItem\":{\"@type\":\"ListItem\",\"@id\":\"https:\\\/\\\/www.worldrally.eu#listItem\",\"name\":\"Home\"}},{\"@type\":\"ListItem\",\"@id\":\"https:\\\/\\\/www.worldrally.eu\\\/index.php\\\/2022\\\/07\\\/22\\\/de-tommaso-wygrywa-otwarcie\\\/#listItem\",\"position\":3,\"name\":\"De Tommaso wygrywa otwarcie\",\"previousItem\":{\"@type\":\"ListItem\",\"@id\":\"https:\\\/\\\/www.worldrally.eu\\\/index.php\\\/category\\\/erc\\\/#listItem\",\"name\":\"ERC\"}}]},{\"@type\":\"Organization\",\"@id\":\"https:\\\/\\\/www.worldrally.eu\\\/#organization\",\"name\":\"WorldRally.eu\",\"url\":\"https:\\\/\\\/www.worldrally.eu\\\/\",\"logo\":{\"@type\":\"ImageObject\",\"url\":\"https:\\\/\\\/www.worldrally.eu\\\/wp-content\\\/uploads\\\/2026\\\/01\\\/cropped-logo-3.png\",\"@id\":\"https:\\\/\\\/www.worldrally.eu\\\/index.php\\\/2022\\\/07\\\/22\\\/de-tommaso-wygrywa-otwarcie\\\/#organizationLogo\",\"width\":2039,\"height\":756},\"image\":{\"@id\":\"https:\\\/\\\/www.worldrally.eu\\\/index.php\\\/2022\\\/07\\\/22\\\/de-tommaso-wygrywa-otwarcie\\\/#organizationLogo\"}},{\"@type\":\"Person\",\"@id\":\"https:\\\/\\\/www.worldrally.eu\\\/index.php\\\/author\\\/magdalena\\\/#author\",\"url\":\"https:\\\/\\\/www.worldrally.eu\\\/index.php\\\/author\\\/magdalena\\\/\",\"name\":\"Magdalena\",\"image\":{\"@type\":\"ImageObject\",\"@id\":\"https:\\\/\\\/www.worldrally.eu\\\/index.php\\\/2022\\\/07\\\/22\\\/de-tommaso-wygrywa-otwarcie\\\/#authorImage\",\"url\":\"https:\\\/\\\/secure.gravatar.com\\\/avatar\\\/853239b46cec38ba30b48d2b091f5538817cc78bdc0944c9ef7408579307e2ea?s=96&d=mm&r=g\",\"width\":96,\"height\":96,\"caption\":\"Magdalena\"}},{\"@type\":\"WebPage\",\"@id\":\"https:\\\/\\\/www.worldrally.eu\\\/index.php\\\/2022\\\/07\\\/22\\\/de-tommaso-wygrywa-otwarcie\\\/#webpage\",\"url\":\"https:\\\/\\\/www.worldrally.eu\\\/index.php\\\/2022\\\/07\\\/22\\\/de-tommaso-wygrywa-otwarcie\\\/\",\"name\":\"De Tommaso wygrywa otwarcie \\u00bb WorldRally.eu\",\"description\":\"Rajd stolicy Rzymu rozpoczyna si\\u0119 specjalnym wydarzeniem, kt\\u00f3re ko\\u0144czy si\\u0119 przed Koloseum, w dziesi\\u0105t\\u0105 rocznic\\u0119 obchodzono pokazem w sercu Rzymu, w wy\\u015bcigu przed samym koloseum. Miejscowy kierowca Basso Giandomenico jad\\u0105cy samochodem Hyundai i20 N Rally2 uzyskuje najlepszy czas przejazdu jednak\\u017ce po analizie okaza\\u0142o si\\u0119, i\\u017c kierowca pope\\u0142ni\\u0142 falstart. Po tym jak Basso otrzyma\\u0142 10 sekund\",\"inLanguage\":\"en-GB\",\"isPartOf\":{\"@id\":\"https:\\\/\\\/www.worldrally.eu\\\/#website\"},\"breadcrumb\":{\"@id\":\"https:\\\/\\\/www.worldrally.eu\\\/index.php\\\/2022\\\/07\\\/22\\\/de-tommaso-wygrywa-otwarcie\\\/#breadcrumblist\"},\"author\":{\"@id\":\"https:\\\/\\\/www.worldrally.eu\\\/index.php\\\/author\\\/magdalena\\\/#author\"},\"creator\":{\"@id\":\"https:\\\/\\\/www.worldrally.eu\\\/index.php\\\/author\\\/magdalena\\\/#author\"},\"image\":{\"@type\":\"ImageObject\",\"url\":\"https:\\\/\\\/www.worldrally.eu\\\/wp-content\\\/uploads\\\/2023\\\/02\\\/Tomasso.jpg\",\"@id\":\"https:\\\/\\\/www.worldrally.eu\\\/index.php\\\/2022\\\/07\\\/22\\\/de-tommaso-wygrywa-otwarcie\\\/#mainImage\",\"width\":1400,\"height\":788},\"primaryImageOfPage\":{\"@id\":\"https:\\\/\\\/www.worldrally.eu\\\/index.php\\\/2022\\\/07\\\/22\\\/de-tommaso-wygrywa-otwarcie\\\/#mainImage\"},\"datePublished\":\"2022-07-22T07:46:00+00:00\",\"dateModified\":\"2023-02-24T08:08:25+00:00\"},{\"@type\":\"WebSite\",\"@id\":\"https:\\\/\\\/www.worldrally.eu\\\/#website\",\"url\":\"https:\\\/\\\/www.worldrally.eu\\\/\",\"name\":\"WorldRally.eu\",\"inLanguage\":\"en-GB\",\"publisher\":{\"@id\":\"https:\\\/\\\/www.worldrally.eu\\\/#organization\"}}]}\n\t\t<\/script>\n\t\t<!-- All in One SEO -->\n\n","aioseo_head_json":{"title":"De Tommaso wygrywa otwarcie \u00bb WorldRally.eu","description":"Rajd stolicy Rzymu rozpoczyna si\u0119 specjalnym wydarzeniem, kt\u00f3re ko\u0144czy si\u0119 przed Koloseum, w dziesi\u0105t\u0105 rocznic\u0119 obchodzono pokazem w sercu Rzymu, w wy\u015bcigu przed samym koloseum. Miejscowy kierowca Basso Giandomenico jad\u0105cy samochodem Hyundai i20 N Rally2 uzyskuje najlepszy czas przejazdu jednak\u017ce po analizie okaza\u0142o si\u0119, i\u017c kierowca pope\u0142ni\u0142 falstart. Po tym jak Basso otrzyma\u0142 10 sekund","canonical_url":"https:\/\/www.worldrally.eu\/index.php\/2022\/07\/22\/de-tommaso-wygrywa-otwarcie\/","robots":"max-image-preview:large","keywords":"","webmasterTools":{"miscellaneous":""},"schema":{"@context":"https:\/\/schema.org","@graph":[{"@type":"BlogPosting","@id":"https:\/\/www.worldrally.eu\/index.php\/2022\/07\/22\/de-tommaso-wygrywa-otwarcie\/#blogposting","name":"De Tommaso wygrywa otwarcie \u00bb WorldRally.eu","headline":"De Tommaso wygrywa otwarcie","author":{"@id":"https:\/\/www.worldrally.eu\/index.php\/author\/magdalena\/#author"},"publisher":{"@id":"https:\/\/www.worldrally.eu\/#organization"},"image":{"@type":"ImageObject","url":"https:\/\/www.worldrally.eu\/wp-content\/uploads\/2023\/02\/Tomasso.jpg","width":1400,"height":788},"datePublished":"2022-07-22T07:46:00+00:00","dateModified":"2023-02-24T08:08:25+00:00","inLanguage":"en-GB","mainEntityOfPage":{"@id":"https:\/\/www.worldrally.eu\/index.php\/2022\/07\/22\/de-tommaso-wygrywa-otwarcie\/#webpage"},"isPartOf":{"@id":"https:\/\/www.worldrally.eu\/index.php\/2022\/07\/22\/de-tommaso-wygrywa-otwarcie\/#webpage"},"articleSection":"ERC"},{"@type":"BreadcrumbList","@id":"https:\/\/www.worldrally.eu\/index.php\/2022\/07\/22\/de-tommaso-wygrywa-otwarcie\/#breadcrumblist","itemListElement":[{"@type":"ListItem","@id":"https:\/\/www.worldrally.eu#listItem","position":1,"name":"Home","item":"https:\/\/www.worldrally.eu","nextItem":{"@type":"ListItem","@id":"https:\/\/www.worldrally.eu\/index.php\/category\/erc\/#listItem","name":"ERC"}},{"@type":"ListItem","@id":"https:\/\/www.worldrally.eu\/index.php\/category\/erc\/#listItem","position":2,"name":"ERC","item":"https:\/\/www.worldrally.eu\/index.php\/category\/erc\/","nextItem":{"@type":"ListItem","@id":"https:\/\/www.worldrally.eu\/index.php\/2022\/07\/22\/de-tommaso-wygrywa-otwarcie\/#listItem","name":"De Tommaso wygrywa otwarcie"},"previousItem":{"@type":"ListItem","@id":"https:\/\/www.worldrally.eu#listItem","name":"Home"}},{"@type":"ListItem","@id":"https:\/\/www.worldrally.eu\/index.php\/2022\/07\/22\/de-tommaso-wygrywa-otwarcie\/#listItem","position":3,"name":"De Tommaso wygrywa otwarcie","previousItem":{"@type":"ListItem","@id":"https:\/\/www.worldrally.eu\/index.php\/category\/erc\/#listItem","name":"ERC"}}]},{"@type":"Organization","@id":"https:\/\/www.worldrally.eu\/#organization","name":"WorldRally.eu","url":"https:\/\/www.worldrally.eu\/","logo":{"@type":"ImageObject","url":"https:\/\/www.worldrally.eu\/wp-content\/uploads\/2026\/01\/cropped-logo-3.png","@id":"https:\/\/www.worldrally.eu\/index.php\/2022\/07\/22\/de-tommaso-wygrywa-otwarcie\/#organizationLogo","width":2039,"height":756},"image":{"@id":"https:\/\/www.worldrally.eu\/index.php\/2022\/07\/22\/de-tommaso-wygrywa-otwarcie\/#organizationLogo"}},{"@type":"Person","@id":"https:\/\/www.worldrally.eu\/index.php\/author\/magdalena\/#author","url":"https:\/\/www.worldrally.eu\/index.php\/author\/magdalena\/","name":"Magdalena","image":{"@type":"ImageObject","@id":"https:\/\/www.worldrally.eu\/index.php\/2022\/07\/22\/de-tommaso-wygrywa-otwarcie\/#authorImage","url":"https:\/\/secure.gravatar.com\/avatar\/853239b46cec38ba30b48d2b091f5538817cc78bdc0944c9ef7408579307e2ea?s=96&d=mm&r=g","width":96,"height":96,"caption":"Magdalena"}},{"@type":"WebPage","@id":"https:\/\/www.worldrally.eu\/index.php\/2022\/07\/22\/de-tommaso-wygrywa-otwarcie\/#webpage","url":"https:\/\/www.worldrally.eu\/index.php\/2022\/07\/22\/de-tommaso-wygrywa-otwarcie\/","name":"De Tommaso wygrywa otwarcie \u00bb WorldRally.eu","description":"Rajd stolicy Rzymu rozpoczyna si\u0119 specjalnym wydarzeniem, kt\u00f3re ko\u0144czy si\u0119 przed Koloseum, w dziesi\u0105t\u0105 rocznic\u0119 obchodzono pokazem w sercu Rzymu, w wy\u015bcigu przed samym koloseum. Miejscowy kierowca Basso Giandomenico jad\u0105cy samochodem Hyundai i20 N Rally2 uzyskuje najlepszy czas przejazdu jednak\u017ce po analizie okaza\u0142o si\u0119, i\u017c kierowca pope\u0142ni\u0142 falstart. Po tym jak Basso otrzyma\u0142 10 sekund","inLanguage":"en-GB","isPartOf":{"@id":"https:\/\/www.worldrally.eu\/#website"},"breadcrumb":{"@id":"https:\/\/www.worldrally.eu\/index.php\/2022\/07\/22\/de-tommaso-wygrywa-otwarcie\/#breadcrumblist"},"author":{"@id":"https:\/\/www.worldrally.eu\/index.php\/author\/magdalena\/#author"},"creator":{"@id":"https:\/\/www.worldrally.eu\/index.php\/author\/magdalena\/#author"},"image":{"@type":"ImageObject","url":"https:\/\/www.worldrally.eu\/wp-content\/uploads\/2023\/02\/Tomasso.jpg","@id":"https:\/\/www.worldrally.eu\/index.php\/2022\/07\/22\/de-tommaso-wygrywa-otwarcie\/#mainImage","width":1400,"height":788},"primaryImageOfPage":{"@id":"https:\/\/www.worldrally.eu\/index.php\/2022\/07\/22\/de-tommaso-wygrywa-otwarcie\/#mainImage"},"datePublished":"2022-07-22T07:46:00+00:00","dateModified":"2023-02-24T08:08:25+00:00"},{"@type":"WebSite","@id":"https:\/\/www.worldrally.eu\/#website","url":"https:\/\/www.worldrally.eu\/","name":"WorldRally.eu","inLanguage":"en-GB","publisher":{"@id":"https:\/\/www.worldrally.eu\/#organization"}}]},"og:locale":"en_GB","og:site_name":"WorldRally.eu \u00bb","og:type":"article","og:title":"De Tommaso wygrywa otwarcie \u00bb WorldRally.eu","og:description":"Rajd stolicy Rzymu rozpoczyna si\u0119 specjalnym wydarzeniem, kt\u00f3re ko\u0144czy si\u0119 przed Koloseum, w dziesi\u0105t\u0105 rocznic\u0119 obchodzono pokazem w sercu Rzymu, w wy\u015bcigu przed samym koloseum. Miejscowy kierowca Basso Giandomenico jad\u0105cy samochodem Hyundai i20 N Rally2 uzyskuje najlepszy czas przejazdu jednak\u017ce po analizie okaza\u0142o si\u0119, i\u017c kierowca pope\u0142ni\u0142 falstart. Po tym jak Basso otrzyma\u0142 10 sekund","og:url":"https:\/\/www.worldrally.eu\/index.php\/2022\/07\/22\/de-tommaso-wygrywa-otwarcie\/","og:image":"https:\/\/www.worldrally.eu\/wp-content\/uploads\/2023\/02\/Tomasso.jpg","og:image:secure_url":"https:\/\/www.worldrally.eu\/wp-content\/uploads\/2023\/02\/Tomasso.jpg","og:image:width":1400,"og:image:height":788,"article:published_time":"2022-07-22T07:46:00+00:00","article:modified_time":"2023-02-24T08:08:25+00:00","twitter:card":"summary_large_image","twitter:title":"De Tommaso wygrywa otwarcie \u00bb WorldRally.eu","twitter:description":"Rajd stolicy Rzymu rozpoczyna si\u0119 specjalnym wydarzeniem, kt\u00f3re ko\u0144czy si\u0119 przed Koloseum, w dziesi\u0105t\u0105 rocznic\u0119 obchodzono pokazem w sercu Rzymu, w wy\u015bcigu przed samym koloseum. Miejscowy kierowca Basso Giandomenico jad\u0105cy samochodem Hyundai i20 N Rally2 uzyskuje najlepszy czas przejazdu jednak\u017ce po analizie okaza\u0142o si\u0119, i\u017c kierowca pope\u0142ni\u0142 falstart. Po tym jak Basso otrzyma\u0142 10 sekund","twitter:image":"https:\/\/www.worldrally.eu\/wp-content\/uploads\/2023\/02\/Tomasso.jpg"},"aioseo_meta_data":{"post_id":"545","title":null,"description":null,"keywords":null,"keyphrases":null,"primary_term":null,"canonical_url":null,"og_title":null,"og_description":null,"og_object_type":"default","og_image_type":"default","og_image_url":null,"og_image_width":null,"og_image_height":null,"og_image_custom_url":null,"og_image_custom_fields":null,"og_video":null,"og_custom_url":null,"og_article_section":null,"og_article_tags":null,"twitter_use_og":false,"twitter_card":"default","twitter_image_type":"default","twitter_image_url":null,"twitter_image_custom_url":null,"twitter_image_custom_fields":null,"twitter_title":null,"twitter_description":null,"schema":{"blockGraphs":[],"customGraphs":[],"default":{"data":{"Article":[],"Course":[],"Dataset":[],"FAQPage":[],"Movie":[],"Person":[],"Product":[],"ProductReview":[],"Car":[],"Recipe":[],"Service":[],"SoftwareApplication":[],"WebPage":[]},"graphName":"","isEnabled":true},"graphs":[]},"schema_type":"default","schema_type_options":null,"pillar_content":false,"robots_default":true,"robots_noindex":false,"robots_noarchive":false,"robots_nosnippet":false,"robots_nofollow":false,"robots_noimageindex":false,"robots_noodp":false,"robots_notranslate":false,"robots_max_snippet":null,"robots_max_videopreview":null,"robots_max_imagepreview":"large","priority":null,"frequency":null,"local_seo":null,"breadcrumb_settings":null,"limit_modified_date":false,"ai":null,"created":"2025-03-22 05:51:19","updated":"2025-10-26 08:29:00","seo_analyzer_scan_date":null},"aioseo_breadcrumb":"<div class=\"aioseo-breadcrumbs\"><span class=\"aioseo-breadcrumb\">\n\t\t\t<a href=\"https:\/\/www.worldrally.eu\" title=\"Home\">Home<\/a>\n\t\t<\/span><span class=\"aioseo-breadcrumb-separator\">&raquo;<\/span><span class=\"aioseo-breadcrumb\">\n\t\t\t<a href=\"https:\/\/www.worldrally.eu\/index.php\/category\/erc\/\" title=\"ERC\">ERC<\/a>\n\t\t<\/span><span class=\"aioseo-breadcrumb-separator\">&raquo;<\/span><span class=\"aioseo-breadcrumb\">\n\t\t\tDe Tommaso wygrywa otwarcie\n\t\t<\/span><\/div>","aioseo_breadcrumb_json":[{"label":"Home","link":"https:\/\/www.worldrally.eu"},{"label":"ERC","link":"https:\/\/www.worldrally.eu\/index.php\/category\/erc\/"},{"label":"De Tommaso wygrywa otwarcie","link":"https:\/\/www.worldrally.eu\/index.php\/2022\/07\/22\/de-tommaso-wygrywa-otwarcie\/"}],"cc_featured_image_caption":{"caption_text":"Foto - FIAerc","source_text":"","source_url":""},"_links":{"self":[{"href":"https:\/\/www.worldrally.eu\/index.php\/wp-json\/wp\/v2\/posts\/545","targetHints":{"allow":["GET"]}}],"collection":[{"href":"https:\/\/www.worldrally.eu\/index.php\/wp-json\/wp\/v2\/posts"}],"about":[{"href":"https:\/\/www.worldrally.eu\/index.php\/wp-json\/wp\/v2\/types\/post"}],"author":[{"embeddable":true,"href":"https:\/\/www.worldrally.eu\/index.php\/wp-json\/wp\/v2\/users\/2"}],"replies":[{"embeddable":true,"href":"https:\/\/www.worldrally.eu\/index.php\/wp-json\/wp\/v2\/comments?post=545"}],"version-history":[{"count":1,"href":"https:\/\/www.worldrally.eu\/index.php\/wp-json\/wp\/v2\/posts\/545\/revisions"}],"predecessor-version":[{"id":547,"href":"https:\/\/www.worldrally.eu\/index.php\/wp-json\/wp\/v2\/posts\/545\/revisions\/547"}],"wp:featuredmedia":[{"embeddable":true,"href":"https:\/\/www.worldrally.eu\/index.php\/wp-json\/wp\/v2\/media\/546"}],"wp:attachment":[{"href":"https:\/\/www.worldrally.eu\/index.php\/wp-json\/wp\/v2\/media?parent=545"}],"wp:term":[{"taxonomy":"category","embeddable":true,"href":"https:\/\/www.worldrally.eu\/index.php\/wp-json\/wp\/v2\/categories?post=545"},{"taxonomy":"post_tag","embeddable":true,"href":"https:\/\/www.worldrally.eu\/index.php\/wp-json\/wp\/v2\/tags?post=545"}],"curies":[{"name":"wp","href":"https:\/\/api.w.org\/{rel}","templated":true}]}}