{"id":533,"date":"2023-02-23T20:24:26","date_gmt":"2023-02-23T20:24:26","guid":{"rendered":"https:\/\/www.worldrally.eu\/?p=533"},"modified":"2023-02-23T20:24:27","modified_gmt":"2023-02-23T20:24:27","slug":"mrf-oglasza-kolejnego-kierowce","status":"publish","type":"post","link":"https:\/\/www.worldrally.eu\/index.php\/2023\/02\/23\/mrf-oglasza-kolejnego-kierowce\/","title":{"rendered":"MRF og\u0142asza kolejnego kierowc\u0119."},"content":{"rendered":"\n<p class=\"wp-block-paragraph\">Tym razem zesp\u00f3\u0142 MRF Tyres postawi\u0142 na m\u0142odego w\u0142oskiego kierowc\u0119 Andrea Mabellini, kt\u00f3rego pilotem b\u0119dzie Virginia Lenzi a \u015bciga\u0107 si\u0119 b\u0119d\u0105 autem \u0160kody Fabia Rally2 gdzie ich debiut w tej klasie zobaczymy ju\u017c niebawem w Rally Serras de Fafe<\/p>\n\n\n\n<figure class=\"wp-block-image size-large\"><img fetchpriority=\"high\" decoding=\"async\" width=\"1024\" height=\"576\" src=\"https:\/\/www.worldrally.eu\/wp-content\/uploads\/2023\/02\/MRF2-1024x576.jpg\" alt=\"\" class=\"wp-image-535\" srcset=\"https:\/\/www.worldrally.eu\/wp-content\/uploads\/2023\/02\/MRF2-1024x576.jpg 1024w, https:\/\/www.worldrally.eu\/wp-content\/uploads\/2023\/02\/MRF2-300x169.jpg 300w, https:\/\/www.worldrally.eu\/wp-content\/uploads\/2023\/02\/MRF2-768x432.jpg 768w, https:\/\/www.worldrally.eu\/wp-content\/uploads\/2023\/02\/MRF2-1280x720.jpg 1280w, https:\/\/www.worldrally.eu\/wp-content\/uploads\/2023\/02\/MRF2.jpg 1400w\" sizes=\"(max-width: 1024px) 100vw, 1024px\" \/><figcaption class=\"wp-element-caption\">Foto- FIAerc<\/figcaption><\/figure>\n\n\n\n<p class=\"wp-block-paragraph\"><\/p>\n\n\n\n<p class=\"wp-block-paragraph\"><\/p>\n\n\n\n<p class=\"wp-block-paragraph\">Mabellini w ubieg\u0142ym sezonie mia\u0142 do dyspozycji Renault Clio Rally4 z nap\u0119dem na przednie ko\u0142a a jego jazd\u0119 mo\u017cna by\u0142 podziwia\u0107 podczas 78 Rajdu Polski w Miko\u0142ajkach.<\/p>\n\n\n\n<figure class=\"wp-block-image size-large\"><img decoding=\"async\" width=\"1024\" height=\"619\" src=\"https:\/\/www.worldrally.eu\/wp-content\/uploads\/2023\/02\/M11-1-1024x619.jpg\" alt=\"\" class=\"wp-image-538\" srcset=\"https:\/\/www.worldrally.eu\/wp-content\/uploads\/2023\/02\/M11-1-1024x619.jpg 1024w, https:\/\/www.worldrally.eu\/wp-content\/uploads\/2023\/02\/M11-1-300x181.jpg 300w, https:\/\/www.worldrally.eu\/wp-content\/uploads\/2023\/02\/M11-1-768x464.jpg 768w, https:\/\/www.worldrally.eu\/wp-content\/uploads\/2023\/02\/M11-1-1536x929.jpg 1536w, https:\/\/www.worldrally.eu\/wp-content\/uploads\/2023\/02\/M11-1.jpg 1786w\" sizes=\"(max-width: 1024px) 100vw, 1024px\" \/><figcaption class=\"wp-element-caption\">Foto &#8211; PhotoMS \/ Adam Owczarek<\/figcaption><\/figure>\n\n\n\n<p class=\"wp-block-paragraph\"><em>\u201eTo dla nas naprawd\u0119 ekscytuj\u0105ca wiadomo\u015b\u0107<\/em> <em>i chc\u0119 bardzo podzi\u0119kowa\u0107 firmie MRF Tyres i wszystkim naszym partnerom, dzi\u0119ki kt\u00f3rym by\u0142o to mo\u017cliwe. B\u0119dziemy rywalizowa\u0107 z Fabi\u0105 Rally2 Evo, my\u015bl\u0119, \u017ce mniej wi\u0119cej przez po\u0142ow\u0119 sezonu. Nast\u0119pnie, je\u015bli b\u0119dziemy mieli mo\u017cliwo\u015bci, przejdziemy do Fabii RS Rally2, ale wszystko zale\u017cy od tego, czy \u0160koda b\u0119dzie w stanie dostarczy\u0107 nam nowe auto.&#8221;<\/em> -powiedzia\u0142 Mabellini<\/p>\n\n\n\n<p class=\"wp-block-paragraph\"><\/p>\n","protected":false},"excerpt":{"rendered":"<p>Tym razem zesp\u00f3\u0142 MRF Tyres postawi\u0142 na m\u0142odego w\u0142oskiego kierowc\u0119 Andrea Mabellini, kt\u00f3rego pilotem b\u0119dzie Virginia Lenzi a \u015bciga\u0107 si\u0119 b\u0119d\u0105 autem \u0160kody Fabia Rally2 gdzie ich debiut w tej klasie zobaczymy ju\u017c niebawem w Rally Serras de Fafe Mabellini w ubieg\u0142ym sezonie mia\u0142 do dyspozycji Renault Clio Rally4 z nap\u0119dem na przednie ko\u0142a a [&hellip;]<\/p>\n","protected":false},"author":1,"featured_media":534,"comment_status":"closed","ping_status":"closed","sticky":false,"template":"","format":"standard","meta":{"_monsterinsights_skip_tracking":false,"_monsterinsights_sitenote_active":false,"_monsterinsights_sitenote_note":"","_monsterinsights_sitenote_category":0,"footnotes":""},"categories":[4],"tags":[],"class_list":["post-533","post","type-post","status-publish","format-standard","has-post-thumbnail","hentry","category-erc"],"aioseo_notices":[],"aioseo_head":"\n\t\t<!-- All in One SEO 4.9.9 - aioseo.com -->\n\t<meta name=\"description\" content=\"Tym razem zesp\u00f3\u0142 MRF Tyres postawi\u0142 na m\u0142odego w\u0142oskiego kierowc\u0119 Andrea Mabellini, kt\u00f3rego pilotem b\u0119dzie Virginia Lenzi a \u015bciga\u0107 si\u0119 b\u0119d\u0105 autem \u0160kody Fabia Rally2 gdzie ich debiut w tej klasie zobaczymy ju\u017c niebawem w Rally Serras de Fafe Mabellini w ubieg\u0142ym sezonie mia\u0142 do dyspozycji Renault Clio Rally4 z nap\u0119dem na przednie ko\u0142a a\" \/>\n\t<meta name=\"robots\" content=\"max-image-preview:large\" \/>\n\t<meta name=\"author\" content=\"Junior\"\/>\n\t<link rel=\"canonical\" href=\"https:\/\/www.worldrally.eu\/index.php\/2023\/02\/23\/mrf-oglasza-kolejnego-kierowce\/\" \/>\n\t<meta name=\"generator\" content=\"All in One SEO (AIOSEO) 4.9.9\" \/>\n\t\t<meta property=\"og:locale\" content=\"en_GB\" \/>\n\t\t<meta property=\"og:site_name\" content=\"WorldRally.eu \u00bb\" \/>\n\t\t<meta property=\"og:type\" content=\"article\" \/>\n\t\t<meta property=\"og:title\" content=\"MRF og\u0142asza kolejnego kierowc\u0119. \u00bb WorldRally.eu\" \/>\n\t\t<meta property=\"og:description\" content=\"Tym razem zesp\u00f3\u0142 MRF Tyres postawi\u0142 na m\u0142odego w\u0142oskiego kierowc\u0119 Andrea Mabellini, kt\u00f3rego pilotem b\u0119dzie Virginia Lenzi a \u015bciga\u0107 si\u0119 b\u0119d\u0105 autem \u0160kody Fabia Rally2 gdzie ich debiut w tej klasie zobaczymy ju\u017c niebawem w Rally Serras de Fafe Mabellini w ubieg\u0142ym sezonie mia\u0142 do dyspozycji Renault Clio Rally4 z nap\u0119dem na przednie ko\u0142a a\" \/>\n\t\t<meta property=\"og:url\" content=\"https:\/\/www.worldrally.eu\/index.php\/2023\/02\/23\/mrf-oglasza-kolejnego-kierowce\/\" \/>\n\t\t<meta property=\"og:image\" content=\"https:\/\/www.worldrally.eu\/wp-content\/uploads\/2023\/02\/MRF1.jpg\" \/>\n\t\t<meta property=\"og:image:secure_url\" content=\"https:\/\/www.worldrally.eu\/wp-content\/uploads\/2023\/02\/MRF1.jpg\" \/>\n\t\t<meta property=\"og:image:width\" content=\"1400\" \/>\n\t\t<meta property=\"og:image:height\" content=\"788\" \/>\n\t\t<meta property=\"article:published_time\" content=\"2023-02-23T20:24:26+00:00\" \/>\n\t\t<meta property=\"article:modified_time\" content=\"2023-02-23T20:24:27+00:00\" \/>\n\t\t<meta name=\"twitter:card\" content=\"summary_large_image\" \/>\n\t\t<meta name=\"twitter:title\" content=\"MRF og\u0142asza kolejnego kierowc\u0119. \u00bb WorldRally.eu\" \/>\n\t\t<meta name=\"twitter:description\" content=\"Tym razem zesp\u00f3\u0142 MRF Tyres postawi\u0142 na m\u0142odego w\u0142oskiego kierowc\u0119 Andrea Mabellini, kt\u00f3rego pilotem b\u0119dzie Virginia Lenzi a \u015bciga\u0107 si\u0119 b\u0119d\u0105 autem \u0160kody Fabia Rally2 gdzie ich debiut w tej klasie zobaczymy ju\u017c niebawem w Rally Serras de Fafe Mabellini w ubieg\u0142ym sezonie mia\u0142 do dyspozycji Renault Clio Rally4 z nap\u0119dem na przednie ko\u0142a a\" \/>\n\t\t<meta name=\"twitter:image\" content=\"https:\/\/www.worldrally.eu\/wp-content\/uploads\/2023\/02\/MRF1.jpg\" \/>\n\t\t<script type=\"application\/ld+json\" class=\"aioseo-schema\">\n\t\t\t{\"@context\":\"https:\\\/\\\/schema.org\",\"@graph\":[{\"@type\":\"BlogPosting\",\"@id\":\"https:\\\/\\\/www.worldrally.eu\\\/index.php\\\/2023\\\/02\\\/23\\\/mrf-oglasza-kolejnego-kierowce\\\/#blogposting\",\"name\":\"MRF og\\u0142asza kolejnego kierowc\\u0119. \\u00bb WorldRally.eu\",\"headline\":\"MRF og\\u0142asza kolejnego kierowc\\u0119.\",\"author\":{\"@id\":\"https:\\\/\\\/www.worldrally.eu\\\/index.php\\\/author\\\/admin\\\/#author\"},\"publisher\":{\"@id\":\"https:\\\/\\\/www.worldrally.eu\\\/#organization\"},\"image\":{\"@type\":\"ImageObject\",\"url\":\"https:\\\/\\\/www.worldrally.eu\\\/wp-content\\\/uploads\\\/2023\\\/02\\\/MRF1.jpg\",\"width\":1400,\"height\":788},\"datePublished\":\"2023-02-23T20:24:26+00:00\",\"dateModified\":\"2023-02-23T20:24:27+00:00\",\"inLanguage\":\"en-GB\",\"mainEntityOfPage\":{\"@id\":\"https:\\\/\\\/www.worldrally.eu\\\/index.php\\\/2023\\\/02\\\/23\\\/mrf-oglasza-kolejnego-kierowce\\\/#webpage\"},\"isPartOf\":{\"@id\":\"https:\\\/\\\/www.worldrally.eu\\\/index.php\\\/2023\\\/02\\\/23\\\/mrf-oglasza-kolejnego-kierowce\\\/#webpage\"},\"articleSection\":\"ERC\"},{\"@type\":\"BreadcrumbList\",\"@id\":\"https:\\\/\\\/www.worldrally.eu\\\/index.php\\\/2023\\\/02\\\/23\\\/mrf-oglasza-kolejnego-kierowce\\\/#breadcrumblist\",\"itemListElement\":[{\"@type\":\"ListItem\",\"@id\":\"https:\\\/\\\/www.worldrally.eu#listItem\",\"position\":1,\"name\":\"Home\",\"item\":\"https:\\\/\\\/www.worldrally.eu\",\"nextItem\":{\"@type\":\"ListItem\",\"@id\":\"https:\\\/\\\/www.worldrally.eu\\\/index.php\\\/category\\\/erc\\\/#listItem\",\"name\":\"ERC\"}},{\"@type\":\"ListItem\",\"@id\":\"https:\\\/\\\/www.worldrally.eu\\\/index.php\\\/category\\\/erc\\\/#listItem\",\"position\":2,\"name\":\"ERC\",\"item\":\"https:\\\/\\\/www.worldrally.eu\\\/index.php\\\/category\\\/erc\\\/\",\"nextItem\":{\"@type\":\"ListItem\",\"@id\":\"https:\\\/\\\/www.worldrally.eu\\\/index.php\\\/2023\\\/02\\\/23\\\/mrf-oglasza-kolejnego-kierowce\\\/#listItem\",\"name\":\"MRF og\\u0142asza kolejnego kierowc\\u0119.\"},\"previousItem\":{\"@type\":\"ListItem\",\"@id\":\"https:\\\/\\\/www.worldrally.eu#listItem\",\"name\":\"Home\"}},{\"@type\":\"ListItem\",\"@id\":\"https:\\\/\\\/www.worldrally.eu\\\/index.php\\\/2023\\\/02\\\/23\\\/mrf-oglasza-kolejnego-kierowce\\\/#listItem\",\"position\":3,\"name\":\"MRF og\\u0142asza kolejnego kierowc\\u0119.\",\"previousItem\":{\"@type\":\"ListItem\",\"@id\":\"https:\\\/\\\/www.worldrally.eu\\\/index.php\\\/category\\\/erc\\\/#listItem\",\"name\":\"ERC\"}}]},{\"@type\":\"Organization\",\"@id\":\"https:\\\/\\\/www.worldrally.eu\\\/#organization\",\"name\":\"WorldRally.eu\",\"url\":\"https:\\\/\\\/www.worldrally.eu\\\/\",\"logo\":{\"@type\":\"ImageObject\",\"url\":\"https:\\\/\\\/www.worldrally.eu\\\/wp-content\\\/uploads\\\/2026\\\/01\\\/cropped-logo-3.png\",\"@id\":\"https:\\\/\\\/www.worldrally.eu\\\/index.php\\\/2023\\\/02\\\/23\\\/mrf-oglasza-kolejnego-kierowce\\\/#organizationLogo\",\"width\":2039,\"height\":756},\"image\":{\"@id\":\"https:\\\/\\\/www.worldrally.eu\\\/index.php\\\/2023\\\/02\\\/23\\\/mrf-oglasza-kolejnego-kierowce\\\/#organizationLogo\"}},{\"@type\":\"Person\",\"@id\":\"https:\\\/\\\/www.worldrally.eu\\\/index.php\\\/author\\\/admin\\\/#author\",\"url\":\"https:\\\/\\\/www.worldrally.eu\\\/index.php\\\/author\\\/admin\\\/\",\"name\":\"Junior\",\"image\":{\"@type\":\"ImageObject\",\"@id\":\"https:\\\/\\\/www.worldrally.eu\\\/index.php\\\/2023\\\/02\\\/23\\\/mrf-oglasza-kolejnego-kierowce\\\/#authorImage\",\"url\":\"https:\\\/\\\/secure.gravatar.com\\\/avatar\\\/5bd369ac0447285dc20b588693ca1756d0179a7f957258050a42a968bf3b9d0a?s=96&d=mm&r=g\",\"width\":96,\"height\":96,\"caption\":\"Junior\"}},{\"@type\":\"WebPage\",\"@id\":\"https:\\\/\\\/www.worldrally.eu\\\/index.php\\\/2023\\\/02\\\/23\\\/mrf-oglasza-kolejnego-kierowce\\\/#webpage\",\"url\":\"https:\\\/\\\/www.worldrally.eu\\\/index.php\\\/2023\\\/02\\\/23\\\/mrf-oglasza-kolejnego-kierowce\\\/\",\"name\":\"MRF og\\u0142asza kolejnego kierowc\\u0119. \\u00bb WorldRally.eu\",\"description\":\"Tym razem zesp\\u00f3\\u0142 MRF Tyres postawi\\u0142 na m\\u0142odego w\\u0142oskiego kierowc\\u0119 Andrea Mabellini, kt\\u00f3rego pilotem b\\u0119dzie Virginia Lenzi a \\u015bciga\\u0107 si\\u0119 b\\u0119d\\u0105 autem \\u0160kody Fabia Rally2 gdzie ich debiut w tej klasie zobaczymy ju\\u017c niebawem w Rally Serras de Fafe Mabellini w ubieg\\u0142ym sezonie mia\\u0142 do dyspozycji Renault Clio Rally4 z nap\\u0119dem na przednie ko\\u0142a a\",\"inLanguage\":\"en-GB\",\"isPartOf\":{\"@id\":\"https:\\\/\\\/www.worldrally.eu\\\/#website\"},\"breadcrumb\":{\"@id\":\"https:\\\/\\\/www.worldrally.eu\\\/index.php\\\/2023\\\/02\\\/23\\\/mrf-oglasza-kolejnego-kierowce\\\/#breadcrumblist\"},\"author\":{\"@id\":\"https:\\\/\\\/www.worldrally.eu\\\/index.php\\\/author\\\/admin\\\/#author\"},\"creator\":{\"@id\":\"https:\\\/\\\/www.worldrally.eu\\\/index.php\\\/author\\\/admin\\\/#author\"},\"image\":{\"@type\":\"ImageObject\",\"url\":\"https:\\\/\\\/www.worldrally.eu\\\/wp-content\\\/uploads\\\/2023\\\/02\\\/MRF1.jpg\",\"@id\":\"https:\\\/\\\/www.worldrally.eu\\\/index.php\\\/2023\\\/02\\\/23\\\/mrf-oglasza-kolejnego-kierowce\\\/#mainImage\",\"width\":1400,\"height\":788},\"primaryImageOfPage\":{\"@id\":\"https:\\\/\\\/www.worldrally.eu\\\/index.php\\\/2023\\\/02\\\/23\\\/mrf-oglasza-kolejnego-kierowce\\\/#mainImage\"},\"datePublished\":\"2023-02-23T20:24:26+00:00\",\"dateModified\":\"2023-02-23T20:24:27+00:00\"},{\"@type\":\"WebSite\",\"@id\":\"https:\\\/\\\/www.worldrally.eu\\\/#website\",\"url\":\"https:\\\/\\\/www.worldrally.eu\\\/\",\"name\":\"WorldRally.eu\",\"inLanguage\":\"en-GB\",\"publisher\":{\"@id\":\"https:\\\/\\\/www.worldrally.eu\\\/#organization\"}}]}\n\t\t<\/script>\n\t\t<!-- All in One SEO -->\n\n","aioseo_head_json":{"title":"MRF og\u0142asza kolejnego kierowc\u0119. \u00bb WorldRally.eu","description":"Tym razem zesp\u00f3\u0142 MRF Tyres postawi\u0142 na m\u0142odego w\u0142oskiego kierowc\u0119 Andrea Mabellini, kt\u00f3rego pilotem b\u0119dzie Virginia Lenzi a \u015bciga\u0107 si\u0119 b\u0119d\u0105 autem \u0160kody Fabia Rally2 gdzie ich debiut w tej klasie zobaczymy ju\u017c niebawem w Rally Serras de Fafe Mabellini w ubieg\u0142ym sezonie mia\u0142 do dyspozycji Renault Clio Rally4 z nap\u0119dem na przednie ko\u0142a a","canonical_url":"https:\/\/www.worldrally.eu\/index.php\/2023\/02\/23\/mrf-oglasza-kolejnego-kierowce\/","robots":"max-image-preview:large","keywords":"","webmasterTools":{"miscellaneous":""},"schema":{"@context":"https:\/\/schema.org","@graph":[{"@type":"BlogPosting","@id":"https:\/\/www.worldrally.eu\/index.php\/2023\/02\/23\/mrf-oglasza-kolejnego-kierowce\/#blogposting","name":"MRF og\u0142asza kolejnego kierowc\u0119. \u00bb WorldRally.eu","headline":"MRF og\u0142asza kolejnego kierowc\u0119.","author":{"@id":"https:\/\/www.worldrally.eu\/index.php\/author\/admin\/#author"},"publisher":{"@id":"https:\/\/www.worldrally.eu\/#organization"},"image":{"@type":"ImageObject","url":"https:\/\/www.worldrally.eu\/wp-content\/uploads\/2023\/02\/MRF1.jpg","width":1400,"height":788},"datePublished":"2023-02-23T20:24:26+00:00","dateModified":"2023-02-23T20:24:27+00:00","inLanguage":"en-GB","mainEntityOfPage":{"@id":"https:\/\/www.worldrally.eu\/index.php\/2023\/02\/23\/mrf-oglasza-kolejnego-kierowce\/#webpage"},"isPartOf":{"@id":"https:\/\/www.worldrally.eu\/index.php\/2023\/02\/23\/mrf-oglasza-kolejnego-kierowce\/#webpage"},"articleSection":"ERC"},{"@type":"BreadcrumbList","@id":"https:\/\/www.worldrally.eu\/index.php\/2023\/02\/23\/mrf-oglasza-kolejnego-kierowce\/#breadcrumblist","itemListElement":[{"@type":"ListItem","@id":"https:\/\/www.worldrally.eu#listItem","position":1,"name":"Home","item":"https:\/\/www.worldrally.eu","nextItem":{"@type":"ListItem","@id":"https:\/\/www.worldrally.eu\/index.php\/category\/erc\/#listItem","name":"ERC"}},{"@type":"ListItem","@id":"https:\/\/www.worldrally.eu\/index.php\/category\/erc\/#listItem","position":2,"name":"ERC","item":"https:\/\/www.worldrally.eu\/index.php\/category\/erc\/","nextItem":{"@type":"ListItem","@id":"https:\/\/www.worldrally.eu\/index.php\/2023\/02\/23\/mrf-oglasza-kolejnego-kierowce\/#listItem","name":"MRF og\u0142asza kolejnego kierowc\u0119."},"previousItem":{"@type":"ListItem","@id":"https:\/\/www.worldrally.eu#listItem","name":"Home"}},{"@type":"ListItem","@id":"https:\/\/www.worldrally.eu\/index.php\/2023\/02\/23\/mrf-oglasza-kolejnego-kierowce\/#listItem","position":3,"name":"MRF og\u0142asza kolejnego kierowc\u0119.","previousItem":{"@type":"ListItem","@id":"https:\/\/www.worldrally.eu\/index.php\/category\/erc\/#listItem","name":"ERC"}}]},{"@type":"Organization","@id":"https:\/\/www.worldrally.eu\/#organization","name":"WorldRally.eu","url":"https:\/\/www.worldrally.eu\/","logo":{"@type":"ImageObject","url":"https:\/\/www.worldrally.eu\/wp-content\/uploads\/2026\/01\/cropped-logo-3.png","@id":"https:\/\/www.worldrally.eu\/index.php\/2023\/02\/23\/mrf-oglasza-kolejnego-kierowce\/#organizationLogo","width":2039,"height":756},"image":{"@id":"https:\/\/www.worldrally.eu\/index.php\/2023\/02\/23\/mrf-oglasza-kolejnego-kierowce\/#organizationLogo"}},{"@type":"Person","@id":"https:\/\/www.worldrally.eu\/index.php\/author\/admin\/#author","url":"https:\/\/www.worldrally.eu\/index.php\/author\/admin\/","name":"Junior","image":{"@type":"ImageObject","@id":"https:\/\/www.worldrally.eu\/index.php\/2023\/02\/23\/mrf-oglasza-kolejnego-kierowce\/#authorImage","url":"https:\/\/secure.gravatar.com\/avatar\/5bd369ac0447285dc20b588693ca1756d0179a7f957258050a42a968bf3b9d0a?s=96&d=mm&r=g","width":96,"height":96,"caption":"Junior"}},{"@type":"WebPage","@id":"https:\/\/www.worldrally.eu\/index.php\/2023\/02\/23\/mrf-oglasza-kolejnego-kierowce\/#webpage","url":"https:\/\/www.worldrally.eu\/index.php\/2023\/02\/23\/mrf-oglasza-kolejnego-kierowce\/","name":"MRF og\u0142asza kolejnego kierowc\u0119. \u00bb WorldRally.eu","description":"Tym razem zesp\u00f3\u0142 MRF Tyres postawi\u0142 na m\u0142odego w\u0142oskiego kierowc\u0119 Andrea Mabellini, kt\u00f3rego pilotem b\u0119dzie Virginia Lenzi a \u015bciga\u0107 si\u0119 b\u0119d\u0105 autem \u0160kody Fabia Rally2 gdzie ich debiut w tej klasie zobaczymy ju\u017c niebawem w Rally Serras de Fafe Mabellini w ubieg\u0142ym sezonie mia\u0142 do dyspozycji Renault Clio Rally4 z nap\u0119dem na przednie ko\u0142a a","inLanguage":"en-GB","isPartOf":{"@id":"https:\/\/www.worldrally.eu\/#website"},"breadcrumb":{"@id":"https:\/\/www.worldrally.eu\/index.php\/2023\/02\/23\/mrf-oglasza-kolejnego-kierowce\/#breadcrumblist"},"author":{"@id":"https:\/\/www.worldrally.eu\/index.php\/author\/admin\/#author"},"creator":{"@id":"https:\/\/www.worldrally.eu\/index.php\/author\/admin\/#author"},"image":{"@type":"ImageObject","url":"https:\/\/www.worldrally.eu\/wp-content\/uploads\/2023\/02\/MRF1.jpg","@id":"https:\/\/www.worldrally.eu\/index.php\/2023\/02\/23\/mrf-oglasza-kolejnego-kierowce\/#mainImage","width":1400,"height":788},"primaryImageOfPage":{"@id":"https:\/\/www.worldrally.eu\/index.php\/2023\/02\/23\/mrf-oglasza-kolejnego-kierowce\/#mainImage"},"datePublished":"2023-02-23T20:24:26+00:00","dateModified":"2023-02-23T20:24:27+00:00"},{"@type":"WebSite","@id":"https:\/\/www.worldrally.eu\/#website","url":"https:\/\/www.worldrally.eu\/","name":"WorldRally.eu","inLanguage":"en-GB","publisher":{"@id":"https:\/\/www.worldrally.eu\/#organization"}}]},"og:locale":"en_GB","og:site_name":"WorldRally.eu \u00bb","og:type":"article","og:title":"MRF og\u0142asza kolejnego kierowc\u0119. \u00bb WorldRally.eu","og:description":"Tym razem zesp\u00f3\u0142 MRF Tyres postawi\u0142 na m\u0142odego w\u0142oskiego kierowc\u0119 Andrea Mabellini, kt\u00f3rego pilotem b\u0119dzie Virginia Lenzi a \u015bciga\u0107 si\u0119 b\u0119d\u0105 autem \u0160kody Fabia Rally2 gdzie ich debiut w tej klasie zobaczymy ju\u017c niebawem w Rally Serras de Fafe Mabellini w ubieg\u0142ym sezonie mia\u0142 do dyspozycji Renault Clio Rally4 z nap\u0119dem na przednie ko\u0142a a","og:url":"https:\/\/www.worldrally.eu\/index.php\/2023\/02\/23\/mrf-oglasza-kolejnego-kierowce\/","og:image":"https:\/\/www.worldrally.eu\/wp-content\/uploads\/2023\/02\/MRF1.jpg","og:image:secure_url":"https:\/\/www.worldrally.eu\/wp-content\/uploads\/2023\/02\/MRF1.jpg","og:image:width":1400,"og:image:height":788,"article:published_time":"2023-02-23T20:24:26+00:00","article:modified_time":"2023-02-23T20:24:27+00:00","twitter:card":"summary_large_image","twitter:title":"MRF og\u0142asza kolejnego kierowc\u0119. \u00bb WorldRally.eu","twitter:description":"Tym razem zesp\u00f3\u0142 MRF Tyres postawi\u0142 na m\u0142odego w\u0142oskiego kierowc\u0119 Andrea Mabellini, kt\u00f3rego pilotem b\u0119dzie Virginia Lenzi a \u015bciga\u0107 si\u0119 b\u0119d\u0105 autem \u0160kody Fabia Rally2 gdzie ich debiut w tej klasie zobaczymy ju\u017c niebawem w Rally Serras de Fafe Mabellini w ubieg\u0142ym sezonie mia\u0142 do dyspozycji Renault Clio Rally4 z nap\u0119dem na przednie ko\u0142a a","twitter:image":"https:\/\/www.worldrally.eu\/wp-content\/uploads\/2023\/02\/MRF1.jpg"},"aioseo_meta_data":{"post_id":"533","title":null,"description":null,"keywords":null,"keyphrases":null,"primary_term":null,"canonical_url":null,"og_title":null,"og_description":null,"og_object_type":"default","og_image_type":"default","og_image_url":null,"og_image_width":null,"og_image_height":null,"og_image_custom_url":null,"og_image_custom_fields":null,"og_video":null,"og_custom_url":null,"og_article_section":null,"og_article_tags":null,"twitter_use_og":false,"twitter_card":"default","twitter_image_type":"default","twitter_image_url":null,"twitter_image_custom_url":null,"twitter_image_custom_fields":null,"twitter_title":null,"twitter_description":null,"schema":{"blockGraphs":[],"customGraphs":[],"default":{"data":{"Article":[],"Course":[],"Dataset":[],"FAQPage":[],"Movie":[],"Person":[],"Product":[],"ProductReview":[],"Car":[],"Recipe":[],"Service":[],"SoftwareApplication":[],"WebPage":[]},"graphName":"","isEnabled":true},"graphs":[]},"schema_type":"default","schema_type_options":null,"pillar_content":false,"robots_default":true,"robots_noindex":false,"robots_noarchive":false,"robots_nosnippet":false,"robots_nofollow":false,"robots_noimageindex":false,"robots_noodp":false,"robots_notranslate":false,"robots_max_snippet":null,"robots_max_videopreview":null,"robots_max_imagepreview":"large","priority":null,"frequency":null,"local_seo":null,"breadcrumb_settings":null,"limit_modified_date":false,"ai":null,"created":"2025-03-22 05:58:40","updated":"2025-10-26 09:04:14","seo_analyzer_scan_date":null},"aioseo_breadcrumb":"<div class=\"aioseo-breadcrumbs\"><span class=\"aioseo-breadcrumb\">\n\t\t\t<a href=\"https:\/\/www.worldrally.eu\" title=\"Home\">Home<\/a>\n\t\t<\/span><span class=\"aioseo-breadcrumb-separator\">&raquo;<\/span><span class=\"aioseo-breadcrumb\">\n\t\t\t<a href=\"https:\/\/www.worldrally.eu\/index.php\/category\/erc\/\" title=\"ERC\">ERC<\/a>\n\t\t<\/span><span class=\"aioseo-breadcrumb-separator\">&raquo;<\/span><span class=\"aioseo-breadcrumb\">\n\t\t\tMRF og\u0142asza kolejnego kierowc\u0119.\n\t\t<\/span><\/div>","aioseo_breadcrumb_json":[{"label":"Home","link":"https:\/\/www.worldrally.eu"},{"label":"ERC","link":"https:\/\/www.worldrally.eu\/index.php\/category\/erc\/"},{"label":"MRF og\u0142asza kolejnego kierowc\u0119.","link":"https:\/\/www.worldrally.eu\/index.php\/2023\/02\/23\/mrf-oglasza-kolejnego-kierowce\/"}],"cc_featured_image_caption":{"caption_text":"Foto- FIAerc","source_text":"","source_url":""},"_links":{"self":[{"href":"https:\/\/www.worldrally.eu\/index.php\/wp-json\/wp\/v2\/posts\/533","targetHints":{"allow":["GET"]}}],"collection":[{"href":"https:\/\/www.worldrally.eu\/index.php\/wp-json\/wp\/v2\/posts"}],"about":[{"href":"https:\/\/www.worldrally.eu\/index.php\/wp-json\/wp\/v2\/types\/post"}],"author":[{"embeddable":true,"href":"https:\/\/www.worldrally.eu\/index.php\/wp-json\/wp\/v2\/users\/1"}],"replies":[{"embeddable":true,"href":"https:\/\/www.worldrally.eu\/index.php\/wp-json\/wp\/v2\/comments?post=533"}],"version-history":[{"count":1,"href":"https:\/\/www.worldrally.eu\/index.php\/wp-json\/wp\/v2\/posts\/533\/revisions"}],"predecessor-version":[{"id":539,"href":"https:\/\/www.worldrally.eu\/index.php\/wp-json\/wp\/v2\/posts\/533\/revisions\/539"}],"wp:featuredmedia":[{"embeddable":true,"href":"https:\/\/www.worldrally.eu\/index.php\/wp-json\/wp\/v2\/media\/534"}],"wp:attachment":[{"href":"https:\/\/www.worldrally.eu\/index.php\/wp-json\/wp\/v2\/media?parent=533"}],"wp:term":[{"taxonomy":"category","embeddable":true,"href":"https:\/\/www.worldrally.eu\/index.php\/wp-json\/wp\/v2\/categories?post=533"},{"taxonomy":"post_tag","embeddable":true,"href":"https:\/\/www.worldrally.eu\/index.php\/wp-json\/wp\/v2\/tags?post=533"}],"curies":[{"name":"wp","href":"https:\/\/api.w.org\/{rel}","templated":true}]}}