{"id":529,"date":"2023-02-23T19:50:05","date_gmt":"2023-02-23T19:50:05","guid":{"rendered":"https:\/\/www.worldrally.eu\/?p=529"},"modified":"2023-02-23T19:50:41","modified_gmt":"2023-02-23T19:50:41","slug":"dwie-polskie-zalogi-w-rajdzie-meksyku","status":"publish","type":"post","link":"https:\/\/www.worldrally.eu\/index.php\/2023\/02\/23\/dwie-polskie-zalogi-w-rajdzie-meksyku\/","title":{"rendered":"Dwie polskie za\u0142ogi w Rajdzie Meksyku"},"content":{"rendered":"\n<p class=\"wp-block-paragraph\">FIA opublikowa\u0142a list\u0119 zg\u0142osze\u0144 zawodnik\u00f3w do Rajdu Meksyku, gdzie tym razem dwie polskie za\u0142ogi b\u0119d\u0119 reprezentowa\u0107 nasz kraj.<\/p>\n\n\n\n<p class=\"wp-block-paragraph\">Opr\u00f3cz Kajetana Kajetanowicza i Macieja Szczepaniaka na starcie stawi si\u0119 te\u017c Daniel Chwist i Kamil Heller w aucie Skoda Fabia Rally2 EVO.<\/p>\n\n\n\n<p class=\"wp-block-paragraph\">Z czo\u0142\u00f3wki mi\u0119dzynarodowej ponownie pojawi si\u0119 Sebastien Ogier w Toyota GR Yaris Rall1, kt\u00f3ry w tym roku startowa\u0142 w pierwszej rundzie Rajdowych Mistrzostw \u015awiata zdobywaj\u0105c pierwsze miejsce.<\/p>\n\n\n\n<p class=\"wp-block-paragraph\">Sw\u00f3j pierwszy start w tym sezonie odnotuje Dani Sordo, tory b\u0119dzie reprezentowa\u0142 barwy Hyundai Motorsport wraz z Neuvillem i Lappim.<\/p>\n\n\n\n<p class=\"wp-block-paragraph\">By\u0142y kierowca WRC, Gus Greensmith, tak\u017ce zaznaczy swoj\u0105 obecno\u015bci aczkolwiek w klasie WRC2 .z w\u0142asnym zespo\u0142em i bedzie mia\u0142 do dyspozycji now\u0105 \u0160kod\u0119 Fabia RS Rally2, Anglik zmierzy si\u0119 z by\u0142ym koleg\u0105 Adrienem Fourmaux, kt\u00f3ry zrezygnowa\u0142 z Fiesty Rally2 i b\u0119dzie prowadzi\u0142 auto przygotowane przez M-Sport. <\/p>\n\n\n\n<p class=\"wp-block-paragraph\">Oliver Solberg, kt\u00f3ry wygra\u0142 swoja klas\u0119 w Rajdzie Szwecji nie omieszka pojawi\u0107 si\u0119 w Meksyku gdzie b\u0119dzie godnym przeciwnikiem dla pozosta\u0142ych do\u015bwiadczonych kierowc\u00f3w.<\/p>\n\n\n\n<p class=\"wp-block-paragraph\">>> <a rel=\"noreferrer noopener\" href=\"https:\/\/www.wrc.com\/?proxy=redaktion\/Season-2023-NEWS\/WRC\/February\/Guanajuato-Rally-Mexico-Entry-List.pdf\" data-type=\"URL\" data-id=\"https:\/\/www.wrc.com\/?proxy=redaktion\/Season-2023-NEWS\/WRC\/February\/Guanajuato-Rally-Mexico-Entry-List.pdf\" target=\"_blank\">Pe\u0142na lista zg\u0142osze\u0144<\/a> &lt;&lt;<\/p>\n\n\n\n<p class=\"wp-block-paragraph\"><\/p>\n","protected":false},"excerpt":{"rendered":"<p>FIA opublikowa\u0142a list\u0119 zg\u0142osze\u0144 zawodnik\u00f3w do Rajdu Meksyku, gdzie tym razem dwie polskie za\u0142ogi b\u0119d\u0119 reprezentowa\u0107 nasz kraj. Opr\u00f3cz Kajetana Kajetanowicza i Macieja Szczepaniaka na starcie stawi si\u0119 te\u017c Daniel Chwist i Kamil Heller w aucie Skoda Fabia Rally2 EVO. Z czo\u0142\u00f3wki mi\u0119dzynarodowej ponownie pojawi si\u0119 Sebastien Ogier w Toyota GR Yaris Rall1, kt\u00f3ry w [&hellip;]<\/p>\n","protected":false},"author":1,"featured_media":530,"comment_status":"closed","ping_status":"closed","sticky":false,"template":"","format":"standard","meta":{"_monsterinsights_skip_tracking":false,"_monsterinsights_sitenote_active":false,"_monsterinsights_sitenote_note":"","_monsterinsights_sitenote_category":0,"footnotes":""},"categories":[3],"tags":[],"class_list":["post-529","post","type-post","status-publish","format-standard","has-post-thumbnail","hentry","category-wrc"],"aioseo_notices":[],"aioseo_head":"\n\t\t<!-- All in One SEO 4.9.9 - aioseo.com -->\n\t<meta name=\"description\" content=\"FIA opublikowa\u0142a list\u0119 zg\u0142osze\u0144 zawodnik\u00f3w do Rajdu Meksyku, gdzie tym razem dwie polskie za\u0142ogi b\u0119d\u0119 reprezentowa\u0107 nasz kraj. Opr\u00f3cz Kajetana Kajetanowicza i Macieja Szczepaniaka na starcie stawi si\u0119 te\u017c Daniel Chwist i Kamil Heller w aucie Skoda Fabia Rally2 EVO. Z czo\u0142\u00f3wki mi\u0119dzynarodowej ponownie pojawi si\u0119 Sebastien Ogier w Toyota GR Yaris Rall1, kt\u00f3ry w\" \/>\n\t<meta name=\"robots\" content=\"max-image-preview:large\" \/>\n\t<meta name=\"author\" content=\"Junior\"\/>\n\t<link rel=\"canonical\" href=\"https:\/\/www.worldrally.eu\/index.php\/2023\/02\/23\/dwie-polskie-zalogi-w-rajdzie-meksyku\/\" \/>\n\t<meta name=\"generator\" content=\"All in One SEO (AIOSEO) 4.9.9\" \/>\n\t\t<meta property=\"og:locale\" content=\"en_GB\" \/>\n\t\t<meta property=\"og:site_name\" content=\"WorldRally.eu \u00bb\" \/>\n\t\t<meta property=\"og:type\" content=\"article\" \/>\n\t\t<meta property=\"og:title\" content=\"Dwie polskie za\u0142ogi w Rajdzie Meksyku \u00bb WorldRally.eu\" \/>\n\t\t<meta property=\"og:description\" content=\"FIA opublikowa\u0142a list\u0119 zg\u0142osze\u0144 zawodnik\u00f3w do Rajdu Meksyku, gdzie tym razem dwie polskie za\u0142ogi b\u0119d\u0119 reprezentowa\u0107 nasz kraj. Opr\u00f3cz Kajetana Kajetanowicza i Macieja Szczepaniaka na starcie stawi si\u0119 te\u017c Daniel Chwist i Kamil Heller w aucie Skoda Fabia Rally2 EVO. Z czo\u0142\u00f3wki mi\u0119dzynarodowej ponownie pojawi si\u0119 Sebastien Ogier w Toyota GR Yaris Rall1, kt\u00f3ry w\" \/>\n\t\t<meta property=\"og:url\" content=\"https:\/\/www.worldrally.eu\/index.php\/2023\/02\/23\/dwie-polskie-zalogi-w-rajdzie-meksyku\/\" \/>\n\t\t<meta property=\"og:image\" content=\"https:\/\/www.worldrally.eu\/wp-content\/uploads\/2023\/02\/k1.jpg\" \/>\n\t\t<meta property=\"og:image:secure_url\" content=\"https:\/\/www.worldrally.eu\/wp-content\/uploads\/2023\/02\/k1.jpg\" \/>\n\t\t<meta property=\"og:image:width\" content=\"1867\" \/>\n\t\t<meta property=\"og:image:height\" content=\"1080\" \/>\n\t\t<meta property=\"article:published_time\" content=\"2023-02-23T19:50:05+00:00\" \/>\n\t\t<meta property=\"article:modified_time\" content=\"2023-02-23T19:50:41+00:00\" \/>\n\t\t<meta name=\"twitter:card\" content=\"summary_large_image\" \/>\n\t\t<meta name=\"twitter:title\" content=\"Dwie polskie za\u0142ogi w Rajdzie Meksyku \u00bb WorldRally.eu\" \/>\n\t\t<meta name=\"twitter:description\" content=\"FIA opublikowa\u0142a list\u0119 zg\u0142osze\u0144 zawodnik\u00f3w do Rajdu Meksyku, gdzie tym razem dwie polskie za\u0142ogi b\u0119d\u0119 reprezentowa\u0107 nasz kraj. Opr\u00f3cz Kajetana Kajetanowicza i Macieja Szczepaniaka na starcie stawi si\u0119 te\u017c Daniel Chwist i Kamil Heller w aucie Skoda Fabia Rally2 EVO. Z czo\u0142\u00f3wki mi\u0119dzynarodowej ponownie pojawi si\u0119 Sebastien Ogier w Toyota GR Yaris Rall1, kt\u00f3ry w\" \/>\n\t\t<meta name=\"twitter:image\" content=\"https:\/\/www.worldrally.eu\/wp-content\/uploads\/2023\/02\/k1.jpg\" \/>\n\t\t<script type=\"application\/ld+json\" class=\"aioseo-schema\">\n\t\t\t{\"@context\":\"https:\\\/\\\/schema.org\",\"@graph\":[{\"@type\":\"BlogPosting\",\"@id\":\"https:\\\/\\\/www.worldrally.eu\\\/index.php\\\/2023\\\/02\\\/23\\\/dwie-polskie-zalogi-w-rajdzie-meksyku\\\/#blogposting\",\"name\":\"Dwie polskie za\\u0142ogi w Rajdzie Meksyku \\u00bb WorldRally.eu\",\"headline\":\"Dwie polskie za\\u0142ogi w Rajdzie Meksyku\",\"author\":{\"@id\":\"https:\\\/\\\/www.worldrally.eu\\\/index.php\\\/author\\\/admin\\\/#author\"},\"publisher\":{\"@id\":\"https:\\\/\\\/www.worldrally.eu\\\/#organization\"},\"image\":{\"@type\":\"ImageObject\",\"url\":\"https:\\\/\\\/www.worldrally.eu\\\/wp-content\\\/uploads\\\/2023\\\/02\\\/k1.jpg\",\"width\":1867,\"height\":1080},\"datePublished\":\"2023-02-23T19:50:05+00:00\",\"dateModified\":\"2023-02-23T19:50:41+00:00\",\"inLanguage\":\"en-GB\",\"mainEntityOfPage\":{\"@id\":\"https:\\\/\\\/www.worldrally.eu\\\/index.php\\\/2023\\\/02\\\/23\\\/dwie-polskie-zalogi-w-rajdzie-meksyku\\\/#webpage\"},\"isPartOf\":{\"@id\":\"https:\\\/\\\/www.worldrally.eu\\\/index.php\\\/2023\\\/02\\\/23\\\/dwie-polskie-zalogi-w-rajdzie-meksyku\\\/#webpage\"},\"articleSection\":\"WRC\"},{\"@type\":\"BreadcrumbList\",\"@id\":\"https:\\\/\\\/www.worldrally.eu\\\/index.php\\\/2023\\\/02\\\/23\\\/dwie-polskie-zalogi-w-rajdzie-meksyku\\\/#breadcrumblist\",\"itemListElement\":[{\"@type\":\"ListItem\",\"@id\":\"https:\\\/\\\/www.worldrally.eu#listItem\",\"position\":1,\"name\":\"Home\",\"item\":\"https:\\\/\\\/www.worldrally.eu\",\"nextItem\":{\"@type\":\"ListItem\",\"@id\":\"https:\\\/\\\/www.worldrally.eu\\\/index.php\\\/category\\\/wrc\\\/#listItem\",\"name\":\"WRC\"}},{\"@type\":\"ListItem\",\"@id\":\"https:\\\/\\\/www.worldrally.eu\\\/index.php\\\/category\\\/wrc\\\/#listItem\",\"position\":2,\"name\":\"WRC\",\"item\":\"https:\\\/\\\/www.worldrally.eu\\\/index.php\\\/category\\\/wrc\\\/\",\"nextItem\":{\"@type\":\"ListItem\",\"@id\":\"https:\\\/\\\/www.worldrally.eu\\\/index.php\\\/2023\\\/02\\\/23\\\/dwie-polskie-zalogi-w-rajdzie-meksyku\\\/#listItem\",\"name\":\"Dwie polskie za\\u0142ogi w Rajdzie Meksyku\"},\"previousItem\":{\"@type\":\"ListItem\",\"@id\":\"https:\\\/\\\/www.worldrally.eu#listItem\",\"name\":\"Home\"}},{\"@type\":\"ListItem\",\"@id\":\"https:\\\/\\\/www.worldrally.eu\\\/index.php\\\/2023\\\/02\\\/23\\\/dwie-polskie-zalogi-w-rajdzie-meksyku\\\/#listItem\",\"position\":3,\"name\":\"Dwie polskie za\\u0142ogi w Rajdzie Meksyku\",\"previousItem\":{\"@type\":\"ListItem\",\"@id\":\"https:\\\/\\\/www.worldrally.eu\\\/index.php\\\/category\\\/wrc\\\/#listItem\",\"name\":\"WRC\"}}]},{\"@type\":\"Organization\",\"@id\":\"https:\\\/\\\/www.worldrally.eu\\\/#organization\",\"name\":\"WorldRally.eu\",\"url\":\"https:\\\/\\\/www.worldrally.eu\\\/\",\"logo\":{\"@type\":\"ImageObject\",\"url\":\"https:\\\/\\\/www.worldrally.eu\\\/wp-content\\\/uploads\\\/2026\\\/01\\\/cropped-logo-3.png\",\"@id\":\"https:\\\/\\\/www.worldrally.eu\\\/index.php\\\/2023\\\/02\\\/23\\\/dwie-polskie-zalogi-w-rajdzie-meksyku\\\/#organizationLogo\",\"width\":2039,\"height\":756},\"image\":{\"@id\":\"https:\\\/\\\/www.worldrally.eu\\\/index.php\\\/2023\\\/02\\\/23\\\/dwie-polskie-zalogi-w-rajdzie-meksyku\\\/#organizationLogo\"}},{\"@type\":\"Person\",\"@id\":\"https:\\\/\\\/www.worldrally.eu\\\/index.php\\\/author\\\/admin\\\/#author\",\"url\":\"https:\\\/\\\/www.worldrally.eu\\\/index.php\\\/author\\\/admin\\\/\",\"name\":\"Junior\",\"image\":{\"@type\":\"ImageObject\",\"@id\":\"https:\\\/\\\/www.worldrally.eu\\\/index.php\\\/2023\\\/02\\\/23\\\/dwie-polskie-zalogi-w-rajdzie-meksyku\\\/#authorImage\",\"url\":\"https:\\\/\\\/secure.gravatar.com\\\/avatar\\\/5bd369ac0447285dc20b588693ca1756d0179a7f957258050a42a968bf3b9d0a?s=96&d=mm&r=g\",\"width\":96,\"height\":96,\"caption\":\"Junior\"}},{\"@type\":\"WebPage\",\"@id\":\"https:\\\/\\\/www.worldrally.eu\\\/index.php\\\/2023\\\/02\\\/23\\\/dwie-polskie-zalogi-w-rajdzie-meksyku\\\/#webpage\",\"url\":\"https:\\\/\\\/www.worldrally.eu\\\/index.php\\\/2023\\\/02\\\/23\\\/dwie-polskie-zalogi-w-rajdzie-meksyku\\\/\",\"name\":\"Dwie polskie za\\u0142ogi w Rajdzie Meksyku \\u00bb WorldRally.eu\",\"description\":\"FIA opublikowa\\u0142a list\\u0119 zg\\u0142osze\\u0144 zawodnik\\u00f3w do Rajdu Meksyku, gdzie tym razem dwie polskie za\\u0142ogi b\\u0119d\\u0119 reprezentowa\\u0107 nasz kraj. Opr\\u00f3cz Kajetana Kajetanowicza i Macieja Szczepaniaka na starcie stawi si\\u0119 te\\u017c Daniel Chwist i Kamil Heller w aucie Skoda Fabia Rally2 EVO. Z czo\\u0142\\u00f3wki mi\\u0119dzynarodowej ponownie pojawi si\\u0119 Sebastien Ogier w Toyota GR Yaris Rall1, kt\\u00f3ry w\",\"inLanguage\":\"en-GB\",\"isPartOf\":{\"@id\":\"https:\\\/\\\/www.worldrally.eu\\\/#website\"},\"breadcrumb\":{\"@id\":\"https:\\\/\\\/www.worldrally.eu\\\/index.php\\\/2023\\\/02\\\/23\\\/dwie-polskie-zalogi-w-rajdzie-meksyku\\\/#breadcrumblist\"},\"author\":{\"@id\":\"https:\\\/\\\/www.worldrally.eu\\\/index.php\\\/author\\\/admin\\\/#author\"},\"creator\":{\"@id\":\"https:\\\/\\\/www.worldrally.eu\\\/index.php\\\/author\\\/admin\\\/#author\"},\"image\":{\"@type\":\"ImageObject\",\"url\":\"https:\\\/\\\/www.worldrally.eu\\\/wp-content\\\/uploads\\\/2023\\\/02\\\/k1.jpg\",\"@id\":\"https:\\\/\\\/www.worldrally.eu\\\/index.php\\\/2023\\\/02\\\/23\\\/dwie-polskie-zalogi-w-rajdzie-meksyku\\\/#mainImage\",\"width\":1867,\"height\":1080},\"primaryImageOfPage\":{\"@id\":\"https:\\\/\\\/www.worldrally.eu\\\/index.php\\\/2023\\\/02\\\/23\\\/dwie-polskie-zalogi-w-rajdzie-meksyku\\\/#mainImage\"},\"datePublished\":\"2023-02-23T19:50:05+00:00\",\"dateModified\":\"2023-02-23T19:50:41+00:00\"},{\"@type\":\"WebSite\",\"@id\":\"https:\\\/\\\/www.worldrally.eu\\\/#website\",\"url\":\"https:\\\/\\\/www.worldrally.eu\\\/\",\"name\":\"WorldRally.eu\",\"inLanguage\":\"en-GB\",\"publisher\":{\"@id\":\"https:\\\/\\\/www.worldrally.eu\\\/#organization\"}}]}\n\t\t<\/script>\n\t\t<!-- All in One SEO -->\n\n","aioseo_head_json":{"title":"Dwie polskie za\u0142ogi w Rajdzie Meksyku \u00bb WorldRally.eu","description":"FIA opublikowa\u0142a list\u0119 zg\u0142osze\u0144 zawodnik\u00f3w do Rajdu Meksyku, gdzie tym razem dwie polskie za\u0142ogi b\u0119d\u0119 reprezentowa\u0107 nasz kraj. Opr\u00f3cz Kajetana Kajetanowicza i Macieja Szczepaniaka na starcie stawi si\u0119 te\u017c Daniel Chwist i Kamil Heller w aucie Skoda Fabia Rally2 EVO. Z czo\u0142\u00f3wki mi\u0119dzynarodowej ponownie pojawi si\u0119 Sebastien Ogier w Toyota GR Yaris Rall1, kt\u00f3ry w","canonical_url":"https:\/\/www.worldrally.eu\/index.php\/2023\/02\/23\/dwie-polskie-zalogi-w-rajdzie-meksyku\/","robots":"max-image-preview:large","keywords":"","webmasterTools":{"miscellaneous":""},"schema":{"@context":"https:\/\/schema.org","@graph":[{"@type":"BlogPosting","@id":"https:\/\/www.worldrally.eu\/index.php\/2023\/02\/23\/dwie-polskie-zalogi-w-rajdzie-meksyku\/#blogposting","name":"Dwie polskie za\u0142ogi w Rajdzie Meksyku \u00bb WorldRally.eu","headline":"Dwie polskie za\u0142ogi w Rajdzie Meksyku","author":{"@id":"https:\/\/www.worldrally.eu\/index.php\/author\/admin\/#author"},"publisher":{"@id":"https:\/\/www.worldrally.eu\/#organization"},"image":{"@type":"ImageObject","url":"https:\/\/www.worldrally.eu\/wp-content\/uploads\/2023\/02\/k1.jpg","width":1867,"height":1080},"datePublished":"2023-02-23T19:50:05+00:00","dateModified":"2023-02-23T19:50:41+00:00","inLanguage":"en-GB","mainEntityOfPage":{"@id":"https:\/\/www.worldrally.eu\/index.php\/2023\/02\/23\/dwie-polskie-zalogi-w-rajdzie-meksyku\/#webpage"},"isPartOf":{"@id":"https:\/\/www.worldrally.eu\/index.php\/2023\/02\/23\/dwie-polskie-zalogi-w-rajdzie-meksyku\/#webpage"},"articleSection":"WRC"},{"@type":"BreadcrumbList","@id":"https:\/\/www.worldrally.eu\/index.php\/2023\/02\/23\/dwie-polskie-zalogi-w-rajdzie-meksyku\/#breadcrumblist","itemListElement":[{"@type":"ListItem","@id":"https:\/\/www.worldrally.eu#listItem","position":1,"name":"Home","item":"https:\/\/www.worldrally.eu","nextItem":{"@type":"ListItem","@id":"https:\/\/www.worldrally.eu\/index.php\/category\/wrc\/#listItem","name":"WRC"}},{"@type":"ListItem","@id":"https:\/\/www.worldrally.eu\/index.php\/category\/wrc\/#listItem","position":2,"name":"WRC","item":"https:\/\/www.worldrally.eu\/index.php\/category\/wrc\/","nextItem":{"@type":"ListItem","@id":"https:\/\/www.worldrally.eu\/index.php\/2023\/02\/23\/dwie-polskie-zalogi-w-rajdzie-meksyku\/#listItem","name":"Dwie polskie za\u0142ogi w Rajdzie Meksyku"},"previousItem":{"@type":"ListItem","@id":"https:\/\/www.worldrally.eu#listItem","name":"Home"}},{"@type":"ListItem","@id":"https:\/\/www.worldrally.eu\/index.php\/2023\/02\/23\/dwie-polskie-zalogi-w-rajdzie-meksyku\/#listItem","position":3,"name":"Dwie polskie za\u0142ogi w Rajdzie Meksyku","previousItem":{"@type":"ListItem","@id":"https:\/\/www.worldrally.eu\/index.php\/category\/wrc\/#listItem","name":"WRC"}}]},{"@type":"Organization","@id":"https:\/\/www.worldrally.eu\/#organization","name":"WorldRally.eu","url":"https:\/\/www.worldrally.eu\/","logo":{"@type":"ImageObject","url":"https:\/\/www.worldrally.eu\/wp-content\/uploads\/2026\/01\/cropped-logo-3.png","@id":"https:\/\/www.worldrally.eu\/index.php\/2023\/02\/23\/dwie-polskie-zalogi-w-rajdzie-meksyku\/#organizationLogo","width":2039,"height":756},"image":{"@id":"https:\/\/www.worldrally.eu\/index.php\/2023\/02\/23\/dwie-polskie-zalogi-w-rajdzie-meksyku\/#organizationLogo"}},{"@type":"Person","@id":"https:\/\/www.worldrally.eu\/index.php\/author\/admin\/#author","url":"https:\/\/www.worldrally.eu\/index.php\/author\/admin\/","name":"Junior","image":{"@type":"ImageObject","@id":"https:\/\/www.worldrally.eu\/index.php\/2023\/02\/23\/dwie-polskie-zalogi-w-rajdzie-meksyku\/#authorImage","url":"https:\/\/secure.gravatar.com\/avatar\/5bd369ac0447285dc20b588693ca1756d0179a7f957258050a42a968bf3b9d0a?s=96&d=mm&r=g","width":96,"height":96,"caption":"Junior"}},{"@type":"WebPage","@id":"https:\/\/www.worldrally.eu\/index.php\/2023\/02\/23\/dwie-polskie-zalogi-w-rajdzie-meksyku\/#webpage","url":"https:\/\/www.worldrally.eu\/index.php\/2023\/02\/23\/dwie-polskie-zalogi-w-rajdzie-meksyku\/","name":"Dwie polskie za\u0142ogi w Rajdzie Meksyku \u00bb WorldRally.eu","description":"FIA opublikowa\u0142a list\u0119 zg\u0142osze\u0144 zawodnik\u00f3w do Rajdu Meksyku, gdzie tym razem dwie polskie za\u0142ogi b\u0119d\u0119 reprezentowa\u0107 nasz kraj. Opr\u00f3cz Kajetana Kajetanowicza i Macieja Szczepaniaka na starcie stawi si\u0119 te\u017c Daniel Chwist i Kamil Heller w aucie Skoda Fabia Rally2 EVO. Z czo\u0142\u00f3wki mi\u0119dzynarodowej ponownie pojawi si\u0119 Sebastien Ogier w Toyota GR Yaris Rall1, kt\u00f3ry w","inLanguage":"en-GB","isPartOf":{"@id":"https:\/\/www.worldrally.eu\/#website"},"breadcrumb":{"@id":"https:\/\/www.worldrally.eu\/index.php\/2023\/02\/23\/dwie-polskie-zalogi-w-rajdzie-meksyku\/#breadcrumblist"},"author":{"@id":"https:\/\/www.worldrally.eu\/index.php\/author\/admin\/#author"},"creator":{"@id":"https:\/\/www.worldrally.eu\/index.php\/author\/admin\/#author"},"image":{"@type":"ImageObject","url":"https:\/\/www.worldrally.eu\/wp-content\/uploads\/2023\/02\/k1.jpg","@id":"https:\/\/www.worldrally.eu\/index.php\/2023\/02\/23\/dwie-polskie-zalogi-w-rajdzie-meksyku\/#mainImage","width":1867,"height":1080},"primaryImageOfPage":{"@id":"https:\/\/www.worldrally.eu\/index.php\/2023\/02\/23\/dwie-polskie-zalogi-w-rajdzie-meksyku\/#mainImage"},"datePublished":"2023-02-23T19:50:05+00:00","dateModified":"2023-02-23T19:50:41+00:00"},{"@type":"WebSite","@id":"https:\/\/www.worldrally.eu\/#website","url":"https:\/\/www.worldrally.eu\/","name":"WorldRally.eu","inLanguage":"en-GB","publisher":{"@id":"https:\/\/www.worldrally.eu\/#organization"}}]},"og:locale":"en_GB","og:site_name":"WorldRally.eu \u00bb","og:type":"article","og:title":"Dwie polskie za\u0142ogi w Rajdzie Meksyku \u00bb WorldRally.eu","og:description":"FIA opublikowa\u0142a list\u0119 zg\u0142osze\u0144 zawodnik\u00f3w do Rajdu Meksyku, gdzie tym razem dwie polskie za\u0142ogi b\u0119d\u0119 reprezentowa\u0107 nasz kraj. Opr\u00f3cz Kajetana Kajetanowicza i Macieja Szczepaniaka na starcie stawi si\u0119 te\u017c Daniel Chwist i Kamil Heller w aucie Skoda Fabia Rally2 EVO. Z czo\u0142\u00f3wki mi\u0119dzynarodowej ponownie pojawi si\u0119 Sebastien Ogier w Toyota GR Yaris Rall1, kt\u00f3ry w","og:url":"https:\/\/www.worldrally.eu\/index.php\/2023\/02\/23\/dwie-polskie-zalogi-w-rajdzie-meksyku\/","og:image":"https:\/\/www.worldrally.eu\/wp-content\/uploads\/2023\/02\/k1.jpg","og:image:secure_url":"https:\/\/www.worldrally.eu\/wp-content\/uploads\/2023\/02\/k1.jpg","og:image:width":1867,"og:image:height":1080,"article:published_time":"2023-02-23T19:50:05+00:00","article:modified_time":"2023-02-23T19:50:41+00:00","twitter:card":"summary_large_image","twitter:title":"Dwie polskie za\u0142ogi w Rajdzie Meksyku \u00bb WorldRally.eu","twitter:description":"FIA opublikowa\u0142a list\u0119 zg\u0142osze\u0144 zawodnik\u00f3w do Rajdu Meksyku, gdzie tym razem dwie polskie za\u0142ogi b\u0119d\u0119 reprezentowa\u0107 nasz kraj. Opr\u00f3cz Kajetana Kajetanowicza i Macieja Szczepaniaka na starcie stawi si\u0119 te\u017c Daniel Chwist i Kamil Heller w aucie Skoda Fabia Rally2 EVO. Z czo\u0142\u00f3wki mi\u0119dzynarodowej ponownie pojawi si\u0119 Sebastien Ogier w Toyota GR Yaris Rall1, kt\u00f3ry w","twitter:image":"https:\/\/www.worldrally.eu\/wp-content\/uploads\/2023\/02\/k1.jpg"},"aioseo_meta_data":{"post_id":"529","title":null,"description":null,"keywords":null,"keyphrases":null,"primary_term":null,"canonical_url":null,"og_title":null,"og_description":null,"og_object_type":"default","og_image_type":"default","og_image_url":null,"og_image_width":null,"og_image_height":null,"og_image_custom_url":null,"og_image_custom_fields":null,"og_video":null,"og_custom_url":null,"og_article_section":null,"og_article_tags":null,"twitter_use_og":false,"twitter_card":"default","twitter_image_type":"default","twitter_image_url":null,"twitter_image_custom_url":null,"twitter_image_custom_fields":null,"twitter_title":null,"twitter_description":null,"schema":{"blockGraphs":[],"customGraphs":[],"default":{"data":{"Article":[],"Course":[],"Dataset":[],"FAQPage":[],"Movie":[],"Person":[],"Product":[],"ProductReview":[],"Car":[],"Recipe":[],"Service":[],"SoftwareApplication":[],"WebPage":[]},"graphName":"","isEnabled":true},"graphs":[]},"schema_type":"default","schema_type_options":null,"pillar_content":false,"robots_default":true,"robots_noindex":false,"robots_noarchive":false,"robots_nosnippet":false,"robots_nofollow":false,"robots_noimageindex":false,"robots_noodp":false,"robots_notranslate":false,"robots_max_snippet":null,"robots_max_videopreview":null,"robots_max_imagepreview":"large","priority":null,"frequency":null,"local_seo":null,"breadcrumb_settings":null,"limit_modified_date":false,"ai":null,"created":"2025-03-22 05:58:40","updated":"2025-10-26 09:04:14","seo_analyzer_scan_date":null},"aioseo_breadcrumb":"<div class=\"aioseo-breadcrumbs\"><span class=\"aioseo-breadcrumb\">\n\t\t\t<a href=\"https:\/\/www.worldrally.eu\" title=\"Home\">Home<\/a>\n\t\t<\/span><span class=\"aioseo-breadcrumb-separator\">&raquo;<\/span><span class=\"aioseo-breadcrumb\">\n\t\t\t<a href=\"https:\/\/www.worldrally.eu\/index.php\/category\/wrc\/\" title=\"WRC\">WRC<\/a>\n\t\t<\/span><span class=\"aioseo-breadcrumb-separator\">&raquo;<\/span><span class=\"aioseo-breadcrumb\">\n\t\t\tDwie polskie za\u0142ogi w Rajdzie Meksyku\n\t\t<\/span><\/div>","aioseo_breadcrumb_json":[{"label":"Home","link":"https:\/\/www.worldrally.eu"},{"label":"WRC","link":"https:\/\/www.worldrally.eu\/index.php\/category\/wrc\/"},{"label":"Dwie polskie za\u0142ogi w Rajdzie Meksyku","link":"https:\/\/www.worldrally.eu\/index.php\/2023\/02\/23\/dwie-polskie-zalogi-w-rajdzie-meksyku\/"}],"cc_featured_image_caption":{"caption_text":"Foto - PhotoMS \/ Adam Owczarek","source_text":"","source_url":""},"_links":{"self":[{"href":"https:\/\/www.worldrally.eu\/index.php\/wp-json\/wp\/v2\/posts\/529","targetHints":{"allow":["GET"]}}],"collection":[{"href":"https:\/\/www.worldrally.eu\/index.php\/wp-json\/wp\/v2\/posts"}],"about":[{"href":"https:\/\/www.worldrally.eu\/index.php\/wp-json\/wp\/v2\/types\/post"}],"author":[{"embeddable":true,"href":"https:\/\/www.worldrally.eu\/index.php\/wp-json\/wp\/v2\/users\/1"}],"replies":[{"embeddable":true,"href":"https:\/\/www.worldrally.eu\/index.php\/wp-json\/wp\/v2\/comments?post=529"}],"version-history":[{"count":2,"href":"https:\/\/www.worldrally.eu\/index.php\/wp-json\/wp\/v2\/posts\/529\/revisions"}],"predecessor-version":[{"id":532,"href":"https:\/\/www.worldrally.eu\/index.php\/wp-json\/wp\/v2\/posts\/529\/revisions\/532"}],"wp:featuredmedia":[{"embeddable":true,"href":"https:\/\/www.worldrally.eu\/index.php\/wp-json\/wp\/v2\/media\/530"}],"wp:attachment":[{"href":"https:\/\/www.worldrally.eu\/index.php\/wp-json\/wp\/v2\/media?parent=529"}],"wp:term":[{"taxonomy":"category","embeddable":true,"href":"https:\/\/www.worldrally.eu\/index.php\/wp-json\/wp\/v2\/categories?post=529"},{"taxonomy":"post_tag","embeddable":true,"href":"https:\/\/www.worldrally.eu\/index.php\/wp-json\/wp\/v2\/tags?post=529"}],"curies":[{"name":"wp","href":"https:\/\/api.w.org\/{rel}","templated":true}]}}