{"id":520,"date":"2022-07-03T20:31:00","date_gmt":"2022-07-03T20:31:00","guid":{"rendered":"https:\/\/www.worldrally.eu\/?p=520"},"modified":"2023-02-22T20:50:04","modified_gmt":"2023-02-22T20:50:04","slug":"palomo-zwycieza-w-junior-erc","status":"publish","type":"post","link":"https:\/\/www.worldrally.eu\/index.php\/2022\/07\/03\/palomo-zwycieza-w-junior-erc\/","title":{"rendered":"Palomo zwyci\u0119\u017ca w Junior ERC"},"content":{"rendered":"\n<p class=\"wp-block-paragraph\">\u00d3scar Palomo odni\u00f3s\u0142 swoje dziewicze zwyci\u0119stwo w klasie Junior ERC podczas Rajdu Liepaja prowadzac swojego Peugeota 208 Rally4 od pocz\u0105tku do samego ko\u0144ca nie pope\u0142niaj\u0105c \u017cadnych b\u0142\u0119d\u00f3w<\/p>\n\n\n\n<p class=\"wp-block-paragraph\"><em>\u201eJestem bardzo szcz\u0119\u015bliwy. My\u015bl\u0119, \u017ce to by\u0142o wa\u017cne zwyci\u0119stwo dla zespo\u0142u, dla mnie i dla mistrzostw. Zamierzam nadal ci\u0119\u017cko pracowa\u0107\u201d <\/em>&#8211; wykrzykn\u0105\u0142 podekscytowany Palomo po zako\u0144czeniu Power Stage.<\/p>\n\n\n\n<p class=\"wp-block-paragraph\">18-letni Herranen zmniejszy\u0142 strat\u0119 do 11,3 sekundy przed decyduj\u0105cym w rajdzie Power Stage, ale Palomo by\u0142 najszybszy z tej dw\u00f3jki i trzyma\u0142 rywala na dystans nie oddaj\u0105c wcze\u015bniej zdobytego cennego czasu.<\/p>\n\n\n\n<figure class=\"wp-block-image size-large\"><img fetchpriority=\"high\" decoding=\"async\" width=\"1024\" height=\"683\" src=\"https:\/\/www.worldrally.eu\/wp-content\/uploads\/2023\/02\/21-1024x683.jpg\" alt=\"\" class=\"wp-image-522\" srcset=\"https:\/\/www.worldrally.eu\/wp-content\/uploads\/2023\/02\/21-1024x683.jpg 1024w, https:\/\/www.worldrally.eu\/wp-content\/uploads\/2023\/02\/21-300x200.jpg 300w, https:\/\/www.worldrally.eu\/wp-content\/uploads\/2023\/02\/21-768x512.jpg 768w, https:\/\/www.worldrally.eu\/wp-content\/uploads\/2023\/02\/21-1536x1024.jpg 1536w, https:\/\/www.worldrally.eu\/wp-content\/uploads\/2023\/02\/21-446x297.jpg 446w, https:\/\/www.worldrally.eu\/wp-content\/uploads\/2023\/02\/21.jpg 1620w\" sizes=\"(max-width: 1024px) 100vw, 1024px\" \/><figcaption class=\"wp-element-caption\">Foto- PhotoMS \/ Adam Owczarek<\/figcaption><\/figure>\n\n\n\n<p class=\"wp-block-paragraph\">Trzeci stopie\u0144 pad\u0142 nieoczekiwanie \u0142upem Benjamin Korhola po tym jak jego rywal Justasa Simaski spad\u0142 na sz\u00f3ste miejsce po tym jak w jego aucie w porannym ostatnim odcinku przebi\u0142 opon\u0119.<\/p>\n\n\n\n<p class=\"wp-block-paragraph\"><\/p>\n","protected":false},"excerpt":{"rendered":"<p>\u00d3scar Palomo odni\u00f3s\u0142 swoje dziewicze zwyci\u0119stwo w klasie Junior ERC podczas Rajdu Liepaja prowadzac swojego Peugeota 208 Rally4 od pocz\u0105tku do samego ko\u0144ca nie pope\u0142niaj\u0105c \u017cadnych b\u0142\u0119d\u00f3w \u201eJestem bardzo szcz\u0119\u015bliwy. My\u015bl\u0119, \u017ce to by\u0142o wa\u017cne zwyci\u0119stwo dla zespo\u0142u, dla mnie i dla mistrzostw. Zamierzam nadal ci\u0119\u017cko pracowa\u0107\u201d &#8211; wykrzykn\u0105\u0142 podekscytowany Palomo po zako\u0144czeniu Power Stage. [&hellip;]<\/p>\n","protected":false},"author":1,"featured_media":521,"comment_status":"closed","ping_status":"closed","sticky":false,"template":"","format":"standard","meta":{"_monsterinsights_skip_tracking":false,"_monsterinsights_sitenote_active":false,"_monsterinsights_sitenote_note":"","_monsterinsights_sitenote_category":0,"footnotes":""},"categories":[4],"tags":[],"class_list":["post-520","post","type-post","status-publish","format-standard","has-post-thumbnail","hentry","category-erc"],"aioseo_notices":[],"aioseo_head":"\n\t\t<!-- All in One SEO 4.9.9 - aioseo.com -->\n\t<meta name=\"description\" content=\"\u00d3scar Palomo odni\u00f3s\u0142 swoje dziewicze zwyci\u0119stwo w klasie Junior ERC podczas Rajdu Liepaja prowadzac swojego Peugeota 208 Rally4 od pocz\u0105tku do samego ko\u0144ca nie pope\u0142niaj\u0105c \u017cadnych b\u0142\u0119d\u00f3w \u201eJestem bardzo szcz\u0119\u015bliwy. My\u015bl\u0119, \u017ce to by\u0142o wa\u017cne zwyci\u0119stwo dla zespo\u0142u, dla mnie i dla mistrzostw. Zamierzam nadal ci\u0119\u017cko pracowa\u0107\u201d - wykrzykn\u0105\u0142 podekscytowany Palomo po zako\u0144czeniu Power Stage.\" \/>\n\t<meta name=\"robots\" content=\"max-image-preview:large\" \/>\n\t<meta name=\"author\" content=\"Junior\"\/>\n\t<link rel=\"canonical\" href=\"https:\/\/www.worldrally.eu\/index.php\/2022\/07\/03\/palomo-zwycieza-w-junior-erc\/\" \/>\n\t<meta name=\"generator\" content=\"All in One SEO (AIOSEO) 4.9.9\" \/>\n\t\t<meta property=\"og:locale\" content=\"en_GB\" \/>\n\t\t<meta property=\"og:site_name\" content=\"WorldRally.eu \u00bb\" \/>\n\t\t<meta property=\"og:type\" content=\"article\" \/>\n\t\t<meta property=\"og:title\" content=\"Palomo zwyci\u0119\u017ca w Junior ERC \u00bb WorldRally.eu\" \/>\n\t\t<meta property=\"og:description\" content=\"\u00d3scar Palomo odni\u00f3s\u0142 swoje dziewicze zwyci\u0119stwo w klasie Junior ERC podczas Rajdu Liepaja prowadzac swojego Peugeota 208 Rally4 od pocz\u0105tku do samego ko\u0144ca nie pope\u0142niaj\u0105c \u017cadnych b\u0142\u0119d\u00f3w \u201eJestem bardzo szcz\u0119\u015bliwy. My\u015bl\u0119, \u017ce to by\u0142o wa\u017cne zwyci\u0119stwo dla zespo\u0142u, dla mnie i dla mistrzostw. Zamierzam nadal ci\u0119\u017cko pracowa\u0107\u201d - wykrzykn\u0105\u0142 podekscytowany Palomo po zako\u0144czeniu Power Stage.\" \/>\n\t\t<meta property=\"og:url\" content=\"https:\/\/www.worldrally.eu\/index.php\/2022\/07\/03\/palomo-zwycieza-w-junior-erc\/\" \/>\n\t\t<meta property=\"og:image\" content=\"https:\/\/www.worldrally.eu\/wp-content\/uploads\/2023\/02\/26-2.jpg\" \/>\n\t\t<meta property=\"og:image:secure_url\" content=\"https:\/\/www.worldrally.eu\/wp-content\/uploads\/2023\/02\/26-2.jpg\" \/>\n\t\t<meta property=\"og:image:width\" content=\"1620\" \/>\n\t\t<meta property=\"og:image:height\" content=\"1080\" \/>\n\t\t<meta property=\"article:published_time\" content=\"2022-07-03T20:31:00+00:00\" \/>\n\t\t<meta property=\"article:modified_time\" content=\"2023-02-22T20:50:04+00:00\" \/>\n\t\t<meta name=\"twitter:card\" content=\"summary_large_image\" \/>\n\t\t<meta name=\"twitter:title\" content=\"Palomo zwyci\u0119\u017ca w Junior ERC \u00bb WorldRally.eu\" \/>\n\t\t<meta name=\"twitter:description\" content=\"\u00d3scar Palomo odni\u00f3s\u0142 swoje dziewicze zwyci\u0119stwo w klasie Junior ERC podczas Rajdu Liepaja prowadzac swojego Peugeota 208 Rally4 od pocz\u0105tku do samego ko\u0144ca nie pope\u0142niaj\u0105c \u017cadnych b\u0142\u0119d\u00f3w \u201eJestem bardzo szcz\u0119\u015bliwy. My\u015bl\u0119, \u017ce to by\u0142o wa\u017cne zwyci\u0119stwo dla zespo\u0142u, dla mnie i dla mistrzostw. Zamierzam nadal ci\u0119\u017cko pracowa\u0107\u201d - wykrzykn\u0105\u0142 podekscytowany Palomo po zako\u0144czeniu Power Stage.\" \/>\n\t\t<meta name=\"twitter:image\" content=\"https:\/\/www.worldrally.eu\/wp-content\/uploads\/2023\/02\/26-2.jpg\" \/>\n\t\t<script type=\"application\/ld+json\" class=\"aioseo-schema\">\n\t\t\t{\"@context\":\"https:\\\/\\\/schema.org\",\"@graph\":[{\"@type\":\"BlogPosting\",\"@id\":\"https:\\\/\\\/www.worldrally.eu\\\/index.php\\\/2022\\\/07\\\/03\\\/palomo-zwycieza-w-junior-erc\\\/#blogposting\",\"name\":\"Palomo zwyci\\u0119\\u017ca w Junior ERC \\u00bb WorldRally.eu\",\"headline\":\"Palomo zwyci\\u0119\\u017ca w Junior ERC\",\"author\":{\"@id\":\"https:\\\/\\\/www.worldrally.eu\\\/index.php\\\/author\\\/admin\\\/#author\"},\"publisher\":{\"@id\":\"https:\\\/\\\/www.worldrally.eu\\\/#organization\"},\"image\":{\"@type\":\"ImageObject\",\"url\":\"https:\\\/\\\/www.worldrally.eu\\\/wp-content\\\/uploads\\\/2023\\\/02\\\/26-2.jpg\",\"width\":1620,\"height\":1080},\"datePublished\":\"2022-07-03T20:31:00+00:00\",\"dateModified\":\"2023-02-22T20:50:04+00:00\",\"inLanguage\":\"en-GB\",\"mainEntityOfPage\":{\"@id\":\"https:\\\/\\\/www.worldrally.eu\\\/index.php\\\/2022\\\/07\\\/03\\\/palomo-zwycieza-w-junior-erc\\\/#webpage\"},\"isPartOf\":{\"@id\":\"https:\\\/\\\/www.worldrally.eu\\\/index.php\\\/2022\\\/07\\\/03\\\/palomo-zwycieza-w-junior-erc\\\/#webpage\"},\"articleSection\":\"ERC\"},{\"@type\":\"BreadcrumbList\",\"@id\":\"https:\\\/\\\/www.worldrally.eu\\\/index.php\\\/2022\\\/07\\\/03\\\/palomo-zwycieza-w-junior-erc\\\/#breadcrumblist\",\"itemListElement\":[{\"@type\":\"ListItem\",\"@id\":\"https:\\\/\\\/www.worldrally.eu#listItem\",\"position\":1,\"name\":\"Home\",\"item\":\"https:\\\/\\\/www.worldrally.eu\",\"nextItem\":{\"@type\":\"ListItem\",\"@id\":\"https:\\\/\\\/www.worldrally.eu\\\/index.php\\\/category\\\/erc\\\/#listItem\",\"name\":\"ERC\"}},{\"@type\":\"ListItem\",\"@id\":\"https:\\\/\\\/www.worldrally.eu\\\/index.php\\\/category\\\/erc\\\/#listItem\",\"position\":2,\"name\":\"ERC\",\"item\":\"https:\\\/\\\/www.worldrally.eu\\\/index.php\\\/category\\\/erc\\\/\",\"nextItem\":{\"@type\":\"ListItem\",\"@id\":\"https:\\\/\\\/www.worldrally.eu\\\/index.php\\\/2022\\\/07\\\/03\\\/palomo-zwycieza-w-junior-erc\\\/#listItem\",\"name\":\"Palomo zwyci\\u0119\\u017ca w Junior ERC\"},\"previousItem\":{\"@type\":\"ListItem\",\"@id\":\"https:\\\/\\\/www.worldrally.eu#listItem\",\"name\":\"Home\"}},{\"@type\":\"ListItem\",\"@id\":\"https:\\\/\\\/www.worldrally.eu\\\/index.php\\\/2022\\\/07\\\/03\\\/palomo-zwycieza-w-junior-erc\\\/#listItem\",\"position\":3,\"name\":\"Palomo zwyci\\u0119\\u017ca w Junior ERC\",\"previousItem\":{\"@type\":\"ListItem\",\"@id\":\"https:\\\/\\\/www.worldrally.eu\\\/index.php\\\/category\\\/erc\\\/#listItem\",\"name\":\"ERC\"}}]},{\"@type\":\"Organization\",\"@id\":\"https:\\\/\\\/www.worldrally.eu\\\/#organization\",\"name\":\"WorldRally.eu\",\"url\":\"https:\\\/\\\/www.worldrally.eu\\\/\",\"logo\":{\"@type\":\"ImageObject\",\"url\":\"https:\\\/\\\/www.worldrally.eu\\\/wp-content\\\/uploads\\\/2026\\\/01\\\/cropped-logo-3.png\",\"@id\":\"https:\\\/\\\/www.worldrally.eu\\\/index.php\\\/2022\\\/07\\\/03\\\/palomo-zwycieza-w-junior-erc\\\/#organizationLogo\",\"width\":2039,\"height\":756},\"image\":{\"@id\":\"https:\\\/\\\/www.worldrally.eu\\\/index.php\\\/2022\\\/07\\\/03\\\/palomo-zwycieza-w-junior-erc\\\/#organizationLogo\"}},{\"@type\":\"Person\",\"@id\":\"https:\\\/\\\/www.worldrally.eu\\\/index.php\\\/author\\\/admin\\\/#author\",\"url\":\"https:\\\/\\\/www.worldrally.eu\\\/index.php\\\/author\\\/admin\\\/\",\"name\":\"Junior\",\"image\":{\"@type\":\"ImageObject\",\"@id\":\"https:\\\/\\\/www.worldrally.eu\\\/index.php\\\/2022\\\/07\\\/03\\\/palomo-zwycieza-w-junior-erc\\\/#authorImage\",\"url\":\"https:\\\/\\\/secure.gravatar.com\\\/avatar\\\/5bd369ac0447285dc20b588693ca1756d0179a7f957258050a42a968bf3b9d0a?s=96&d=mm&r=g\",\"width\":96,\"height\":96,\"caption\":\"Junior\"}},{\"@type\":\"WebPage\",\"@id\":\"https:\\\/\\\/www.worldrally.eu\\\/index.php\\\/2022\\\/07\\\/03\\\/palomo-zwycieza-w-junior-erc\\\/#webpage\",\"url\":\"https:\\\/\\\/www.worldrally.eu\\\/index.php\\\/2022\\\/07\\\/03\\\/palomo-zwycieza-w-junior-erc\\\/\",\"name\":\"Palomo zwyci\\u0119\\u017ca w Junior ERC \\u00bb WorldRally.eu\",\"description\":\"\\u00d3scar Palomo odni\\u00f3s\\u0142 swoje dziewicze zwyci\\u0119stwo w klasie Junior ERC podczas Rajdu Liepaja prowadzac swojego Peugeota 208 Rally4 od pocz\\u0105tku do samego ko\\u0144ca nie pope\\u0142niaj\\u0105c \\u017cadnych b\\u0142\\u0119d\\u00f3w \\u201eJestem bardzo szcz\\u0119\\u015bliwy. My\\u015bl\\u0119, \\u017ce to by\\u0142o wa\\u017cne zwyci\\u0119stwo dla zespo\\u0142u, dla mnie i dla mistrzostw. Zamierzam nadal ci\\u0119\\u017cko pracowa\\u0107\\u201d - wykrzykn\\u0105\\u0142 podekscytowany Palomo po zako\\u0144czeniu Power Stage.\",\"inLanguage\":\"en-GB\",\"isPartOf\":{\"@id\":\"https:\\\/\\\/www.worldrally.eu\\\/#website\"},\"breadcrumb\":{\"@id\":\"https:\\\/\\\/www.worldrally.eu\\\/index.php\\\/2022\\\/07\\\/03\\\/palomo-zwycieza-w-junior-erc\\\/#breadcrumblist\"},\"author\":{\"@id\":\"https:\\\/\\\/www.worldrally.eu\\\/index.php\\\/author\\\/admin\\\/#author\"},\"creator\":{\"@id\":\"https:\\\/\\\/www.worldrally.eu\\\/index.php\\\/author\\\/admin\\\/#author\"},\"image\":{\"@type\":\"ImageObject\",\"url\":\"https:\\\/\\\/www.worldrally.eu\\\/wp-content\\\/uploads\\\/2023\\\/02\\\/26-2.jpg\",\"@id\":\"https:\\\/\\\/www.worldrally.eu\\\/index.php\\\/2022\\\/07\\\/03\\\/palomo-zwycieza-w-junior-erc\\\/#mainImage\",\"width\":1620,\"height\":1080},\"primaryImageOfPage\":{\"@id\":\"https:\\\/\\\/www.worldrally.eu\\\/index.php\\\/2022\\\/07\\\/03\\\/palomo-zwycieza-w-junior-erc\\\/#mainImage\"},\"datePublished\":\"2022-07-03T20:31:00+00:00\",\"dateModified\":\"2023-02-22T20:50:04+00:00\"},{\"@type\":\"WebSite\",\"@id\":\"https:\\\/\\\/www.worldrally.eu\\\/#website\",\"url\":\"https:\\\/\\\/www.worldrally.eu\\\/\",\"name\":\"WorldRally.eu\",\"inLanguage\":\"en-GB\",\"publisher\":{\"@id\":\"https:\\\/\\\/www.worldrally.eu\\\/#organization\"}}]}\n\t\t<\/script>\n\t\t<!-- All in One SEO -->\n\n","aioseo_head_json":{"title":"Palomo zwyci\u0119\u017ca w Junior ERC \u00bb WorldRally.eu","description":"\u00d3scar Palomo odni\u00f3s\u0142 swoje dziewicze zwyci\u0119stwo w klasie Junior ERC podczas Rajdu Liepaja prowadzac swojego Peugeota 208 Rally4 od pocz\u0105tku do samego ko\u0144ca nie pope\u0142niaj\u0105c \u017cadnych b\u0142\u0119d\u00f3w \u201eJestem bardzo szcz\u0119\u015bliwy. My\u015bl\u0119, \u017ce to by\u0142o wa\u017cne zwyci\u0119stwo dla zespo\u0142u, dla mnie i dla mistrzostw. Zamierzam nadal ci\u0119\u017cko pracowa\u0107\u201d - wykrzykn\u0105\u0142 podekscytowany Palomo po zako\u0144czeniu Power Stage.","canonical_url":"https:\/\/www.worldrally.eu\/index.php\/2022\/07\/03\/palomo-zwycieza-w-junior-erc\/","robots":"max-image-preview:large","keywords":"","webmasterTools":{"miscellaneous":""},"schema":{"@context":"https:\/\/schema.org","@graph":[{"@type":"BlogPosting","@id":"https:\/\/www.worldrally.eu\/index.php\/2022\/07\/03\/palomo-zwycieza-w-junior-erc\/#blogposting","name":"Palomo zwyci\u0119\u017ca w Junior ERC \u00bb WorldRally.eu","headline":"Palomo zwyci\u0119\u017ca w Junior ERC","author":{"@id":"https:\/\/www.worldrally.eu\/index.php\/author\/admin\/#author"},"publisher":{"@id":"https:\/\/www.worldrally.eu\/#organization"},"image":{"@type":"ImageObject","url":"https:\/\/www.worldrally.eu\/wp-content\/uploads\/2023\/02\/26-2.jpg","width":1620,"height":1080},"datePublished":"2022-07-03T20:31:00+00:00","dateModified":"2023-02-22T20:50:04+00:00","inLanguage":"en-GB","mainEntityOfPage":{"@id":"https:\/\/www.worldrally.eu\/index.php\/2022\/07\/03\/palomo-zwycieza-w-junior-erc\/#webpage"},"isPartOf":{"@id":"https:\/\/www.worldrally.eu\/index.php\/2022\/07\/03\/palomo-zwycieza-w-junior-erc\/#webpage"},"articleSection":"ERC"},{"@type":"BreadcrumbList","@id":"https:\/\/www.worldrally.eu\/index.php\/2022\/07\/03\/palomo-zwycieza-w-junior-erc\/#breadcrumblist","itemListElement":[{"@type":"ListItem","@id":"https:\/\/www.worldrally.eu#listItem","position":1,"name":"Home","item":"https:\/\/www.worldrally.eu","nextItem":{"@type":"ListItem","@id":"https:\/\/www.worldrally.eu\/index.php\/category\/erc\/#listItem","name":"ERC"}},{"@type":"ListItem","@id":"https:\/\/www.worldrally.eu\/index.php\/category\/erc\/#listItem","position":2,"name":"ERC","item":"https:\/\/www.worldrally.eu\/index.php\/category\/erc\/","nextItem":{"@type":"ListItem","@id":"https:\/\/www.worldrally.eu\/index.php\/2022\/07\/03\/palomo-zwycieza-w-junior-erc\/#listItem","name":"Palomo zwyci\u0119\u017ca w Junior ERC"},"previousItem":{"@type":"ListItem","@id":"https:\/\/www.worldrally.eu#listItem","name":"Home"}},{"@type":"ListItem","@id":"https:\/\/www.worldrally.eu\/index.php\/2022\/07\/03\/palomo-zwycieza-w-junior-erc\/#listItem","position":3,"name":"Palomo zwyci\u0119\u017ca w Junior ERC","previousItem":{"@type":"ListItem","@id":"https:\/\/www.worldrally.eu\/index.php\/category\/erc\/#listItem","name":"ERC"}}]},{"@type":"Organization","@id":"https:\/\/www.worldrally.eu\/#organization","name":"WorldRally.eu","url":"https:\/\/www.worldrally.eu\/","logo":{"@type":"ImageObject","url":"https:\/\/www.worldrally.eu\/wp-content\/uploads\/2026\/01\/cropped-logo-3.png","@id":"https:\/\/www.worldrally.eu\/index.php\/2022\/07\/03\/palomo-zwycieza-w-junior-erc\/#organizationLogo","width":2039,"height":756},"image":{"@id":"https:\/\/www.worldrally.eu\/index.php\/2022\/07\/03\/palomo-zwycieza-w-junior-erc\/#organizationLogo"}},{"@type":"Person","@id":"https:\/\/www.worldrally.eu\/index.php\/author\/admin\/#author","url":"https:\/\/www.worldrally.eu\/index.php\/author\/admin\/","name":"Junior","image":{"@type":"ImageObject","@id":"https:\/\/www.worldrally.eu\/index.php\/2022\/07\/03\/palomo-zwycieza-w-junior-erc\/#authorImage","url":"https:\/\/secure.gravatar.com\/avatar\/5bd369ac0447285dc20b588693ca1756d0179a7f957258050a42a968bf3b9d0a?s=96&d=mm&r=g","width":96,"height":96,"caption":"Junior"}},{"@type":"WebPage","@id":"https:\/\/www.worldrally.eu\/index.php\/2022\/07\/03\/palomo-zwycieza-w-junior-erc\/#webpage","url":"https:\/\/www.worldrally.eu\/index.php\/2022\/07\/03\/palomo-zwycieza-w-junior-erc\/","name":"Palomo zwyci\u0119\u017ca w Junior ERC \u00bb WorldRally.eu","description":"\u00d3scar Palomo odni\u00f3s\u0142 swoje dziewicze zwyci\u0119stwo w klasie Junior ERC podczas Rajdu Liepaja prowadzac swojego Peugeota 208 Rally4 od pocz\u0105tku do samego ko\u0144ca nie pope\u0142niaj\u0105c \u017cadnych b\u0142\u0119d\u00f3w \u201eJestem bardzo szcz\u0119\u015bliwy. My\u015bl\u0119, \u017ce to by\u0142o wa\u017cne zwyci\u0119stwo dla zespo\u0142u, dla mnie i dla mistrzostw. Zamierzam nadal ci\u0119\u017cko pracowa\u0107\u201d - wykrzykn\u0105\u0142 podekscytowany Palomo po zako\u0144czeniu Power Stage.","inLanguage":"en-GB","isPartOf":{"@id":"https:\/\/www.worldrally.eu\/#website"},"breadcrumb":{"@id":"https:\/\/www.worldrally.eu\/index.php\/2022\/07\/03\/palomo-zwycieza-w-junior-erc\/#breadcrumblist"},"author":{"@id":"https:\/\/www.worldrally.eu\/index.php\/author\/admin\/#author"},"creator":{"@id":"https:\/\/www.worldrally.eu\/index.php\/author\/admin\/#author"},"image":{"@type":"ImageObject","url":"https:\/\/www.worldrally.eu\/wp-content\/uploads\/2023\/02\/26-2.jpg","@id":"https:\/\/www.worldrally.eu\/index.php\/2022\/07\/03\/palomo-zwycieza-w-junior-erc\/#mainImage","width":1620,"height":1080},"primaryImageOfPage":{"@id":"https:\/\/www.worldrally.eu\/index.php\/2022\/07\/03\/palomo-zwycieza-w-junior-erc\/#mainImage"},"datePublished":"2022-07-03T20:31:00+00:00","dateModified":"2023-02-22T20:50:04+00:00"},{"@type":"WebSite","@id":"https:\/\/www.worldrally.eu\/#website","url":"https:\/\/www.worldrally.eu\/","name":"WorldRally.eu","inLanguage":"en-GB","publisher":{"@id":"https:\/\/www.worldrally.eu\/#organization"}}]},"og:locale":"en_GB","og:site_name":"WorldRally.eu \u00bb","og:type":"article","og:title":"Palomo zwyci\u0119\u017ca w Junior ERC \u00bb WorldRally.eu","og:description":"\u00d3scar Palomo odni\u00f3s\u0142 swoje dziewicze zwyci\u0119stwo w klasie Junior ERC podczas Rajdu Liepaja prowadzac swojego Peugeota 208 Rally4 od pocz\u0105tku do samego ko\u0144ca nie pope\u0142niaj\u0105c \u017cadnych b\u0142\u0119d\u00f3w \u201eJestem bardzo szcz\u0119\u015bliwy. My\u015bl\u0119, \u017ce to by\u0142o wa\u017cne zwyci\u0119stwo dla zespo\u0142u, dla mnie i dla mistrzostw. Zamierzam nadal ci\u0119\u017cko pracowa\u0107\u201d - wykrzykn\u0105\u0142 podekscytowany Palomo po zako\u0144czeniu Power Stage.","og:url":"https:\/\/www.worldrally.eu\/index.php\/2022\/07\/03\/palomo-zwycieza-w-junior-erc\/","og:image":"https:\/\/www.worldrally.eu\/wp-content\/uploads\/2023\/02\/26-2.jpg","og:image:secure_url":"https:\/\/www.worldrally.eu\/wp-content\/uploads\/2023\/02\/26-2.jpg","og:image:width":1620,"og:image:height":1080,"article:published_time":"2022-07-03T20:31:00+00:00","article:modified_time":"2023-02-22T20:50:04+00:00","twitter:card":"summary_large_image","twitter:title":"Palomo zwyci\u0119\u017ca w Junior ERC \u00bb WorldRally.eu","twitter:description":"\u00d3scar Palomo odni\u00f3s\u0142 swoje dziewicze zwyci\u0119stwo w klasie Junior ERC podczas Rajdu Liepaja prowadzac swojego Peugeota 208 Rally4 od pocz\u0105tku do samego ko\u0144ca nie pope\u0142niaj\u0105c \u017cadnych b\u0142\u0119d\u00f3w \u201eJestem bardzo szcz\u0119\u015bliwy. My\u015bl\u0119, \u017ce to by\u0142o wa\u017cne zwyci\u0119stwo dla zespo\u0142u, dla mnie i dla mistrzostw. Zamierzam nadal ci\u0119\u017cko pracowa\u0107\u201d - wykrzykn\u0105\u0142 podekscytowany Palomo po zako\u0144czeniu Power Stage.","twitter:image":"https:\/\/www.worldrally.eu\/wp-content\/uploads\/2023\/02\/26-2.jpg"},"aioseo_meta_data":{"post_id":"520","title":null,"description":null,"keywords":null,"keyphrases":null,"primary_term":null,"canonical_url":null,"og_title":null,"og_description":null,"og_object_type":"default","og_image_type":"default","og_image_url":null,"og_image_width":null,"og_image_height":null,"og_image_custom_url":null,"og_image_custom_fields":null,"og_video":null,"og_custom_url":null,"og_article_section":null,"og_article_tags":null,"twitter_use_og":false,"twitter_card":"default","twitter_image_type":"default","twitter_image_url":null,"twitter_image_custom_url":null,"twitter_image_custom_fields":null,"twitter_title":null,"twitter_description":null,"schema":{"blockGraphs":[],"customGraphs":[],"default":{"data":{"Article":[],"Course":[],"Dataset":[],"FAQPage":[],"Movie":[],"Person":[],"Product":[],"ProductReview":[],"Car":[],"Recipe":[],"Service":[],"SoftwareApplication":[],"WebPage":[]},"graphName":"","isEnabled":true},"graphs":[]},"schema_type":"default","schema_type_options":null,"pillar_content":false,"robots_default":true,"robots_noindex":false,"robots_noarchive":false,"robots_nosnippet":false,"robots_nofollow":false,"robots_noimageindex":false,"robots_noodp":false,"robots_notranslate":false,"robots_max_snippet":null,"robots_max_videopreview":null,"robots_max_imagepreview":"large","priority":null,"frequency":null,"local_seo":null,"breadcrumb_settings":null,"limit_modified_date":false,"ai":null,"created":"2025-03-22 05:50:12","updated":"2025-10-26 08:29:00","seo_analyzer_scan_date":null},"aioseo_breadcrumb":"<div class=\"aioseo-breadcrumbs\"><span class=\"aioseo-breadcrumb\">\n\t\t\t<a href=\"https:\/\/www.worldrally.eu\" title=\"Home\">Home<\/a>\n\t\t<\/span><span class=\"aioseo-breadcrumb-separator\">&raquo;<\/span><span class=\"aioseo-breadcrumb\">\n\t\t\t<a href=\"https:\/\/www.worldrally.eu\/index.php\/category\/erc\/\" title=\"ERC\">ERC<\/a>\n\t\t<\/span><span class=\"aioseo-breadcrumb-separator\">&raquo;<\/span><span class=\"aioseo-breadcrumb\">\n\t\t\tPalomo zwyci\u0119\u017ca w Junior ERC\n\t\t<\/span><\/div>","aioseo_breadcrumb_json":[{"label":"Home","link":"https:\/\/www.worldrally.eu"},{"label":"ERC","link":"https:\/\/www.worldrally.eu\/index.php\/category\/erc\/"},{"label":"Palomo zwyci\u0119\u017ca w Junior ERC","link":"https:\/\/www.worldrally.eu\/index.php\/2022\/07\/03\/palomo-zwycieza-w-junior-erc\/"}],"cc_featured_image_caption":{"caption_text":"Foto - PhotoMS \/ Adam Owczarek","source_text":"","source_url":""},"_links":{"self":[{"href":"https:\/\/www.worldrally.eu\/index.php\/wp-json\/wp\/v2\/posts\/520","targetHints":{"allow":["GET"]}}],"collection":[{"href":"https:\/\/www.worldrally.eu\/index.php\/wp-json\/wp\/v2\/posts"}],"about":[{"href":"https:\/\/www.worldrally.eu\/index.php\/wp-json\/wp\/v2\/types\/post"}],"author":[{"embeddable":true,"href":"https:\/\/www.worldrally.eu\/index.php\/wp-json\/wp\/v2\/users\/1"}],"replies":[{"embeddable":true,"href":"https:\/\/www.worldrally.eu\/index.php\/wp-json\/wp\/v2\/comments?post=520"}],"version-history":[{"count":1,"href":"https:\/\/www.worldrally.eu\/index.php\/wp-json\/wp\/v2\/posts\/520\/revisions"}],"predecessor-version":[{"id":523,"href":"https:\/\/www.worldrally.eu\/index.php\/wp-json\/wp\/v2\/posts\/520\/revisions\/523"}],"wp:featuredmedia":[{"embeddable":true,"href":"https:\/\/www.worldrally.eu\/index.php\/wp-json\/wp\/v2\/media\/521"}],"wp:attachment":[{"href":"https:\/\/www.worldrally.eu\/index.php\/wp-json\/wp\/v2\/media?parent=520"}],"wp:term":[{"taxonomy":"category","embeddable":true,"href":"https:\/\/www.worldrally.eu\/index.php\/wp-json\/wp\/v2\/categories?post=520"},{"taxonomy":"post_tag","embeddable":true,"href":"https:\/\/www.worldrally.eu\/index.php\/wp-json\/wp\/v2\/tags?post=520"}],"curies":[{"name":"wp","href":"https:\/\/api.w.org\/{rel}","templated":true}]}}