{"id":514,"date":"2022-07-02T19:24:00","date_gmt":"2022-07-02T19:24:00","guid":{"rendered":"https:\/\/www.worldrally.eu\/?p=514"},"modified":"2023-02-22T20:08:13","modified_gmt":"2023-02-22T20:08:13","slug":"sesks-na-topie","status":"publish","type":"post","link":"https:\/\/www.worldrally.eu\/index.php\/2022\/07\/02\/sesks-na-topie\/","title":{"rendered":"Sesks na topie"},"content":{"rendered":"\n<p class=\"wp-block-paragraph\">Ten uzdolniony 22-letni kierowca Martins Sesks na w\u0142asnym terenie wraz z nowym zespo\u0142em MRF Tyres by\u0142 dos\u0142ownie poza zasi\u0119giem innych prowadz\u0105c auto Skoda Fabia Rally2 pokona\u0142 o prawie 23 sekundy du\u017co bardziej do\u015bwiadczonego koleg\u0119 z zespo\u0142u. Sesks jecha\u0142 bezb\u0142\u0119dnie, tak jak by by\u0142 sam w tym rajdzie i z nikim nie rywalizowa\u0142, kontrolowa\u0142 sytuacje prawie od samego pocz\u0105tku sukcesywnie zwi\u0119kszaj\u0105c przewag\u0119 wygrywaj\u0105c poszczeg\u00f3lne odcinki specjalne.<\/p>\n\n\n\n<p class=\"wp-block-paragraph\"><em>\u201eW\u0142a\u015bciwie jestem troch\u0119 zaskoczony\u201d<\/em>, powiedzia\u0142 Sesks. <\/p>\n\n\n\n<p class=\"wp-block-paragraph\"><em>\u201eJest wiele miejsc, w kt\u00f3rych mog\u0119 si\u0119 poprawi\u0107 \u2013 nie tylko w byciu szybszym, ale tak\u017ce w precyzji i tak dalej. \u201eNa pewno by\u0142o kilka miejsc na drugiej p\u0119tli, w kt\u00f3rych mo\u017cna by\u0142o jecha\u0107 na pe\u0142nych obrotach, ale s\u0105 te\u017c miejsca, w kt\u00f3rych s\u0105 trudne koleiny i kamienie. \u201eDwadzie\u015bcia dwie sekundy wygl\u0105daj\u0105 ca\u0142kiem dobrze jak na pierwszy dzie\u0144, ale je\u015bli pope\u0142nisz jeden b\u0142\u0105d, nie ma \u017cadnej luki, wi\u0119c teraz jeste\u015bmy mieszank\u0105 bycia szybkim i pchania, a tak\u017ce troch\u0119 konserwatywnego\u201d<\/em> &#8211; doda\u0142. .<\/p>\n\n\n\n<p class=\"wp-block-paragraph\"><\/p>\n\n\n\n<p class=\"wp-block-paragraph\"><\/p>\n\n\n\n<p class=\"wp-block-paragraph\"><\/p>\n","protected":false},"excerpt":{"rendered":"<p>Ten uzdolniony 22-letni kierowca Martins Sesks na w\u0142asnym terenie wraz z nowym zespo\u0142em MRF Tyres by\u0142 dos\u0142ownie poza zasi\u0119giem innych prowadz\u0105c auto Skoda Fabia Rally2 pokona\u0142 o prawie 23 sekundy du\u017co bardziej do\u015bwiadczonego koleg\u0119 z zespo\u0142u. Sesks jecha\u0142 bezb\u0142\u0119dnie, tak jak by by\u0142 sam w tym rajdzie i z nikim nie rywalizowa\u0142, kontrolowa\u0142 sytuacje prawie [&hellip;]<\/p>\n","protected":false},"author":1,"featured_media":515,"comment_status":"closed","ping_status":"closed","sticky":false,"template":"","format":"standard","meta":{"_monsterinsights_skip_tracking":false,"_monsterinsights_sitenote_active":false,"_monsterinsights_sitenote_note":"","_monsterinsights_sitenote_category":0,"footnotes":""},"categories":[4],"tags":[],"class_list":["post-514","post","type-post","status-publish","format-standard","has-post-thumbnail","hentry","category-erc"],"aioseo_notices":[],"aioseo_head":"\n\t\t<!-- All in One SEO 4.9.9 - aioseo.com -->\n\t<meta name=\"description\" content=\"Ten uzdolniony 22-letni kierowca Martins Sesks na w\u0142asnym terenie wraz z nowym zespo\u0142em MRF Tyres by\u0142 dos\u0142ownie poza zasi\u0119giem innych prowadz\u0105c auto Skoda Fabia Rally2 pokona\u0142 o prawie 23 sekundy du\u017co bardziej do\u015bwiadczonego koleg\u0119 z zespo\u0142u. Sesks jecha\u0142 bezb\u0142\u0119dnie, tak jak by by\u0142 sam w tym rajdzie i z nikim nie rywalizowa\u0142, kontrolowa\u0142 sytuacje prawie\" \/>\n\t<meta name=\"robots\" content=\"max-image-preview:large\" \/>\n\t<meta name=\"author\" content=\"Junior\"\/>\n\t<link rel=\"canonical\" href=\"https:\/\/www.worldrally.eu\/index.php\/2022\/07\/02\/sesks-na-topie\/\" \/>\n\t<meta name=\"generator\" content=\"All in One SEO (AIOSEO) 4.9.9\" \/>\n\t\t<meta property=\"og:locale\" content=\"en_GB\" \/>\n\t\t<meta property=\"og:site_name\" content=\"WorldRally.eu \u00bb\" \/>\n\t\t<meta property=\"og:type\" content=\"article\" \/>\n\t\t<meta property=\"og:title\" content=\"Sesks na topie \u00bb WorldRally.eu\" \/>\n\t\t<meta property=\"og:description\" content=\"Ten uzdolniony 22-letni kierowca Martins Sesks na w\u0142asnym terenie wraz z nowym zespo\u0142em MRF Tyres by\u0142 dos\u0142ownie poza zasi\u0119giem innych prowadz\u0105c auto Skoda Fabia Rally2 pokona\u0142 o prawie 23 sekundy du\u017co bardziej do\u015bwiadczonego koleg\u0119 z zespo\u0142u. Sesks jecha\u0142 bezb\u0142\u0119dnie, tak jak by by\u0142 sam w tym rajdzie i z nikim nie rywalizowa\u0142, kontrolowa\u0142 sytuacje prawie\" \/>\n\t\t<meta property=\"og:url\" content=\"https:\/\/www.worldrally.eu\/index.php\/2022\/07\/02\/sesks-na-topie\/\" \/>\n\t\t<meta property=\"og:image\" content=\"https:\/\/www.worldrally.eu\/wp-content\/uploads\/2023\/02\/36.jpg\" \/>\n\t\t<meta property=\"og:image:secure_url\" content=\"https:\/\/www.worldrally.eu\/wp-content\/uploads\/2023\/02\/36.jpg\" \/>\n\t\t<meta property=\"og:image:width\" content=\"1620\" \/>\n\t\t<meta property=\"og:image:height\" content=\"1080\" \/>\n\t\t<meta property=\"article:published_time\" content=\"2022-07-02T19:24:00+00:00\" \/>\n\t\t<meta property=\"article:modified_time\" content=\"2023-02-22T20:08:13+00:00\" \/>\n\t\t<meta name=\"twitter:card\" content=\"summary_large_image\" \/>\n\t\t<meta name=\"twitter:title\" content=\"Sesks na topie \u00bb WorldRally.eu\" \/>\n\t\t<meta name=\"twitter:description\" content=\"Ten uzdolniony 22-letni kierowca Martins Sesks na w\u0142asnym terenie wraz z nowym zespo\u0142em MRF Tyres by\u0142 dos\u0142ownie poza zasi\u0119giem innych prowadz\u0105c auto Skoda Fabia Rally2 pokona\u0142 o prawie 23 sekundy du\u017co bardziej do\u015bwiadczonego koleg\u0119 z zespo\u0142u. Sesks jecha\u0142 bezb\u0142\u0119dnie, tak jak by by\u0142 sam w tym rajdzie i z nikim nie rywalizowa\u0142, kontrolowa\u0142 sytuacje prawie\" \/>\n\t\t<meta name=\"twitter:image\" content=\"https:\/\/www.worldrally.eu\/wp-content\/uploads\/2023\/02\/36.jpg\" \/>\n\t\t<script type=\"application\/ld+json\" class=\"aioseo-schema\">\n\t\t\t{\"@context\":\"https:\\\/\\\/schema.org\",\"@graph\":[{\"@type\":\"BlogPosting\",\"@id\":\"https:\\\/\\\/www.worldrally.eu\\\/index.php\\\/2022\\\/07\\\/02\\\/sesks-na-topie\\\/#blogposting\",\"name\":\"Sesks na topie \\u00bb WorldRally.eu\",\"headline\":\"Sesks na topie\",\"author\":{\"@id\":\"https:\\\/\\\/www.worldrally.eu\\\/index.php\\\/author\\\/admin\\\/#author\"},\"publisher\":{\"@id\":\"https:\\\/\\\/www.worldrally.eu\\\/#organization\"},\"image\":{\"@type\":\"ImageObject\",\"url\":\"https:\\\/\\\/www.worldrally.eu\\\/wp-content\\\/uploads\\\/2023\\\/02\\\/36.jpg\",\"width\":1620,\"height\":1080},\"datePublished\":\"2022-07-02T19:24:00+00:00\",\"dateModified\":\"2023-02-22T20:08:13+00:00\",\"inLanguage\":\"en-GB\",\"mainEntityOfPage\":{\"@id\":\"https:\\\/\\\/www.worldrally.eu\\\/index.php\\\/2022\\\/07\\\/02\\\/sesks-na-topie\\\/#webpage\"},\"isPartOf\":{\"@id\":\"https:\\\/\\\/www.worldrally.eu\\\/index.php\\\/2022\\\/07\\\/02\\\/sesks-na-topie\\\/#webpage\"},\"articleSection\":\"ERC\"},{\"@type\":\"BreadcrumbList\",\"@id\":\"https:\\\/\\\/www.worldrally.eu\\\/index.php\\\/2022\\\/07\\\/02\\\/sesks-na-topie\\\/#breadcrumblist\",\"itemListElement\":[{\"@type\":\"ListItem\",\"@id\":\"https:\\\/\\\/www.worldrally.eu#listItem\",\"position\":1,\"name\":\"Home\",\"item\":\"https:\\\/\\\/www.worldrally.eu\",\"nextItem\":{\"@type\":\"ListItem\",\"@id\":\"https:\\\/\\\/www.worldrally.eu\\\/index.php\\\/category\\\/erc\\\/#listItem\",\"name\":\"ERC\"}},{\"@type\":\"ListItem\",\"@id\":\"https:\\\/\\\/www.worldrally.eu\\\/index.php\\\/category\\\/erc\\\/#listItem\",\"position\":2,\"name\":\"ERC\",\"item\":\"https:\\\/\\\/www.worldrally.eu\\\/index.php\\\/category\\\/erc\\\/\",\"nextItem\":{\"@type\":\"ListItem\",\"@id\":\"https:\\\/\\\/www.worldrally.eu\\\/index.php\\\/2022\\\/07\\\/02\\\/sesks-na-topie\\\/#listItem\",\"name\":\"Sesks na topie\"},\"previousItem\":{\"@type\":\"ListItem\",\"@id\":\"https:\\\/\\\/www.worldrally.eu#listItem\",\"name\":\"Home\"}},{\"@type\":\"ListItem\",\"@id\":\"https:\\\/\\\/www.worldrally.eu\\\/index.php\\\/2022\\\/07\\\/02\\\/sesks-na-topie\\\/#listItem\",\"position\":3,\"name\":\"Sesks na topie\",\"previousItem\":{\"@type\":\"ListItem\",\"@id\":\"https:\\\/\\\/www.worldrally.eu\\\/index.php\\\/category\\\/erc\\\/#listItem\",\"name\":\"ERC\"}}]},{\"@type\":\"Organization\",\"@id\":\"https:\\\/\\\/www.worldrally.eu\\\/#organization\",\"name\":\"WorldRally.eu\",\"url\":\"https:\\\/\\\/www.worldrally.eu\\\/\",\"logo\":{\"@type\":\"ImageObject\",\"url\":\"https:\\\/\\\/www.worldrally.eu\\\/wp-content\\\/uploads\\\/2026\\\/01\\\/cropped-logo-3.png\",\"@id\":\"https:\\\/\\\/www.worldrally.eu\\\/index.php\\\/2022\\\/07\\\/02\\\/sesks-na-topie\\\/#organizationLogo\",\"width\":2039,\"height\":756},\"image\":{\"@id\":\"https:\\\/\\\/www.worldrally.eu\\\/index.php\\\/2022\\\/07\\\/02\\\/sesks-na-topie\\\/#organizationLogo\"}},{\"@type\":\"Person\",\"@id\":\"https:\\\/\\\/www.worldrally.eu\\\/index.php\\\/author\\\/admin\\\/#author\",\"url\":\"https:\\\/\\\/www.worldrally.eu\\\/index.php\\\/author\\\/admin\\\/\",\"name\":\"Junior\",\"image\":{\"@type\":\"ImageObject\",\"@id\":\"https:\\\/\\\/www.worldrally.eu\\\/index.php\\\/2022\\\/07\\\/02\\\/sesks-na-topie\\\/#authorImage\",\"url\":\"https:\\\/\\\/secure.gravatar.com\\\/avatar\\\/5bd369ac0447285dc20b588693ca1756d0179a7f957258050a42a968bf3b9d0a?s=96&d=mm&r=g\",\"width\":96,\"height\":96,\"caption\":\"Junior\"}},{\"@type\":\"WebPage\",\"@id\":\"https:\\\/\\\/www.worldrally.eu\\\/index.php\\\/2022\\\/07\\\/02\\\/sesks-na-topie\\\/#webpage\",\"url\":\"https:\\\/\\\/www.worldrally.eu\\\/index.php\\\/2022\\\/07\\\/02\\\/sesks-na-topie\\\/\",\"name\":\"Sesks na topie \\u00bb WorldRally.eu\",\"description\":\"Ten uzdolniony 22-letni kierowca Martins Sesks na w\\u0142asnym terenie wraz z nowym zespo\\u0142em MRF Tyres by\\u0142 dos\\u0142ownie poza zasi\\u0119giem innych prowadz\\u0105c auto Skoda Fabia Rally2 pokona\\u0142 o prawie 23 sekundy du\\u017co bardziej do\\u015bwiadczonego koleg\\u0119 z zespo\\u0142u. Sesks jecha\\u0142 bezb\\u0142\\u0119dnie, tak jak by by\\u0142 sam w tym rajdzie i z nikim nie rywalizowa\\u0142, kontrolowa\\u0142 sytuacje prawie\",\"inLanguage\":\"en-GB\",\"isPartOf\":{\"@id\":\"https:\\\/\\\/www.worldrally.eu\\\/#website\"},\"breadcrumb\":{\"@id\":\"https:\\\/\\\/www.worldrally.eu\\\/index.php\\\/2022\\\/07\\\/02\\\/sesks-na-topie\\\/#breadcrumblist\"},\"author\":{\"@id\":\"https:\\\/\\\/www.worldrally.eu\\\/index.php\\\/author\\\/admin\\\/#author\"},\"creator\":{\"@id\":\"https:\\\/\\\/www.worldrally.eu\\\/index.php\\\/author\\\/admin\\\/#author\"},\"image\":{\"@type\":\"ImageObject\",\"url\":\"https:\\\/\\\/www.worldrally.eu\\\/wp-content\\\/uploads\\\/2023\\\/02\\\/36.jpg\",\"@id\":\"https:\\\/\\\/www.worldrally.eu\\\/index.php\\\/2022\\\/07\\\/02\\\/sesks-na-topie\\\/#mainImage\",\"width\":1620,\"height\":1080},\"primaryImageOfPage\":{\"@id\":\"https:\\\/\\\/www.worldrally.eu\\\/index.php\\\/2022\\\/07\\\/02\\\/sesks-na-topie\\\/#mainImage\"},\"datePublished\":\"2022-07-02T19:24:00+00:00\",\"dateModified\":\"2023-02-22T20:08:13+00:00\"},{\"@type\":\"WebSite\",\"@id\":\"https:\\\/\\\/www.worldrally.eu\\\/#website\",\"url\":\"https:\\\/\\\/www.worldrally.eu\\\/\",\"name\":\"WorldRally.eu\",\"inLanguage\":\"en-GB\",\"publisher\":{\"@id\":\"https:\\\/\\\/www.worldrally.eu\\\/#organization\"}}]}\n\t\t<\/script>\n\t\t<!-- All in One SEO -->\n\n","aioseo_head_json":{"title":"Sesks na topie \u00bb WorldRally.eu","description":"Ten uzdolniony 22-letni kierowca Martins Sesks na w\u0142asnym terenie wraz z nowym zespo\u0142em MRF Tyres by\u0142 dos\u0142ownie poza zasi\u0119giem innych prowadz\u0105c auto Skoda Fabia Rally2 pokona\u0142 o prawie 23 sekundy du\u017co bardziej do\u015bwiadczonego koleg\u0119 z zespo\u0142u. Sesks jecha\u0142 bezb\u0142\u0119dnie, tak jak by by\u0142 sam w tym rajdzie i z nikim nie rywalizowa\u0142, kontrolowa\u0142 sytuacje prawie","canonical_url":"https:\/\/www.worldrally.eu\/index.php\/2022\/07\/02\/sesks-na-topie\/","robots":"max-image-preview:large","keywords":"","webmasterTools":{"miscellaneous":""},"schema":{"@context":"https:\/\/schema.org","@graph":[{"@type":"BlogPosting","@id":"https:\/\/www.worldrally.eu\/index.php\/2022\/07\/02\/sesks-na-topie\/#blogposting","name":"Sesks na topie \u00bb WorldRally.eu","headline":"Sesks na topie","author":{"@id":"https:\/\/www.worldrally.eu\/index.php\/author\/admin\/#author"},"publisher":{"@id":"https:\/\/www.worldrally.eu\/#organization"},"image":{"@type":"ImageObject","url":"https:\/\/www.worldrally.eu\/wp-content\/uploads\/2023\/02\/36.jpg","width":1620,"height":1080},"datePublished":"2022-07-02T19:24:00+00:00","dateModified":"2023-02-22T20:08:13+00:00","inLanguage":"en-GB","mainEntityOfPage":{"@id":"https:\/\/www.worldrally.eu\/index.php\/2022\/07\/02\/sesks-na-topie\/#webpage"},"isPartOf":{"@id":"https:\/\/www.worldrally.eu\/index.php\/2022\/07\/02\/sesks-na-topie\/#webpage"},"articleSection":"ERC"},{"@type":"BreadcrumbList","@id":"https:\/\/www.worldrally.eu\/index.php\/2022\/07\/02\/sesks-na-topie\/#breadcrumblist","itemListElement":[{"@type":"ListItem","@id":"https:\/\/www.worldrally.eu#listItem","position":1,"name":"Home","item":"https:\/\/www.worldrally.eu","nextItem":{"@type":"ListItem","@id":"https:\/\/www.worldrally.eu\/index.php\/category\/erc\/#listItem","name":"ERC"}},{"@type":"ListItem","@id":"https:\/\/www.worldrally.eu\/index.php\/category\/erc\/#listItem","position":2,"name":"ERC","item":"https:\/\/www.worldrally.eu\/index.php\/category\/erc\/","nextItem":{"@type":"ListItem","@id":"https:\/\/www.worldrally.eu\/index.php\/2022\/07\/02\/sesks-na-topie\/#listItem","name":"Sesks na topie"},"previousItem":{"@type":"ListItem","@id":"https:\/\/www.worldrally.eu#listItem","name":"Home"}},{"@type":"ListItem","@id":"https:\/\/www.worldrally.eu\/index.php\/2022\/07\/02\/sesks-na-topie\/#listItem","position":3,"name":"Sesks na topie","previousItem":{"@type":"ListItem","@id":"https:\/\/www.worldrally.eu\/index.php\/category\/erc\/#listItem","name":"ERC"}}]},{"@type":"Organization","@id":"https:\/\/www.worldrally.eu\/#organization","name":"WorldRally.eu","url":"https:\/\/www.worldrally.eu\/","logo":{"@type":"ImageObject","url":"https:\/\/www.worldrally.eu\/wp-content\/uploads\/2026\/01\/cropped-logo-3.png","@id":"https:\/\/www.worldrally.eu\/index.php\/2022\/07\/02\/sesks-na-topie\/#organizationLogo","width":2039,"height":756},"image":{"@id":"https:\/\/www.worldrally.eu\/index.php\/2022\/07\/02\/sesks-na-topie\/#organizationLogo"}},{"@type":"Person","@id":"https:\/\/www.worldrally.eu\/index.php\/author\/admin\/#author","url":"https:\/\/www.worldrally.eu\/index.php\/author\/admin\/","name":"Junior","image":{"@type":"ImageObject","@id":"https:\/\/www.worldrally.eu\/index.php\/2022\/07\/02\/sesks-na-topie\/#authorImage","url":"https:\/\/secure.gravatar.com\/avatar\/5bd369ac0447285dc20b588693ca1756d0179a7f957258050a42a968bf3b9d0a?s=96&d=mm&r=g","width":96,"height":96,"caption":"Junior"}},{"@type":"WebPage","@id":"https:\/\/www.worldrally.eu\/index.php\/2022\/07\/02\/sesks-na-topie\/#webpage","url":"https:\/\/www.worldrally.eu\/index.php\/2022\/07\/02\/sesks-na-topie\/","name":"Sesks na topie \u00bb WorldRally.eu","description":"Ten uzdolniony 22-letni kierowca Martins Sesks na w\u0142asnym terenie wraz z nowym zespo\u0142em MRF Tyres by\u0142 dos\u0142ownie poza zasi\u0119giem innych prowadz\u0105c auto Skoda Fabia Rally2 pokona\u0142 o prawie 23 sekundy du\u017co bardziej do\u015bwiadczonego koleg\u0119 z zespo\u0142u. Sesks jecha\u0142 bezb\u0142\u0119dnie, tak jak by by\u0142 sam w tym rajdzie i z nikim nie rywalizowa\u0142, kontrolowa\u0142 sytuacje prawie","inLanguage":"en-GB","isPartOf":{"@id":"https:\/\/www.worldrally.eu\/#website"},"breadcrumb":{"@id":"https:\/\/www.worldrally.eu\/index.php\/2022\/07\/02\/sesks-na-topie\/#breadcrumblist"},"author":{"@id":"https:\/\/www.worldrally.eu\/index.php\/author\/admin\/#author"},"creator":{"@id":"https:\/\/www.worldrally.eu\/index.php\/author\/admin\/#author"},"image":{"@type":"ImageObject","url":"https:\/\/www.worldrally.eu\/wp-content\/uploads\/2023\/02\/36.jpg","@id":"https:\/\/www.worldrally.eu\/index.php\/2022\/07\/02\/sesks-na-topie\/#mainImage","width":1620,"height":1080},"primaryImageOfPage":{"@id":"https:\/\/www.worldrally.eu\/index.php\/2022\/07\/02\/sesks-na-topie\/#mainImage"},"datePublished":"2022-07-02T19:24:00+00:00","dateModified":"2023-02-22T20:08:13+00:00"},{"@type":"WebSite","@id":"https:\/\/www.worldrally.eu\/#website","url":"https:\/\/www.worldrally.eu\/","name":"WorldRally.eu","inLanguage":"en-GB","publisher":{"@id":"https:\/\/www.worldrally.eu\/#organization"}}]},"og:locale":"en_GB","og:site_name":"WorldRally.eu \u00bb","og:type":"article","og:title":"Sesks na topie \u00bb WorldRally.eu","og:description":"Ten uzdolniony 22-letni kierowca Martins Sesks na w\u0142asnym terenie wraz z nowym zespo\u0142em MRF Tyres by\u0142 dos\u0142ownie poza zasi\u0119giem innych prowadz\u0105c auto Skoda Fabia Rally2 pokona\u0142 o prawie 23 sekundy du\u017co bardziej do\u015bwiadczonego koleg\u0119 z zespo\u0142u. Sesks jecha\u0142 bezb\u0142\u0119dnie, tak jak by by\u0142 sam w tym rajdzie i z nikim nie rywalizowa\u0142, kontrolowa\u0142 sytuacje prawie","og:url":"https:\/\/www.worldrally.eu\/index.php\/2022\/07\/02\/sesks-na-topie\/","og:image":"https:\/\/www.worldrally.eu\/wp-content\/uploads\/2023\/02\/36.jpg","og:image:secure_url":"https:\/\/www.worldrally.eu\/wp-content\/uploads\/2023\/02\/36.jpg","og:image:width":1620,"og:image:height":1080,"article:published_time":"2022-07-02T19:24:00+00:00","article:modified_time":"2023-02-22T20:08:13+00:00","twitter:card":"summary_large_image","twitter:title":"Sesks na topie \u00bb WorldRally.eu","twitter:description":"Ten uzdolniony 22-letni kierowca Martins Sesks na w\u0142asnym terenie wraz z nowym zespo\u0142em MRF Tyres by\u0142 dos\u0142ownie poza zasi\u0119giem innych prowadz\u0105c auto Skoda Fabia Rally2 pokona\u0142 o prawie 23 sekundy du\u017co bardziej do\u015bwiadczonego koleg\u0119 z zespo\u0142u. Sesks jecha\u0142 bezb\u0142\u0119dnie, tak jak by by\u0142 sam w tym rajdzie i z nikim nie rywalizowa\u0142, kontrolowa\u0142 sytuacje prawie","twitter:image":"https:\/\/www.worldrally.eu\/wp-content\/uploads\/2023\/02\/36.jpg"},"aioseo_meta_data":{"post_id":"514","title":null,"description":null,"keywords":null,"keyphrases":null,"primary_term":null,"canonical_url":null,"og_title":null,"og_description":null,"og_object_type":"default","og_image_type":"default","og_image_url":null,"og_image_width":null,"og_image_height":null,"og_image_custom_url":null,"og_image_custom_fields":null,"og_video":null,"og_custom_url":null,"og_article_section":null,"og_article_tags":null,"twitter_use_og":false,"twitter_card":"default","twitter_image_type":"default","twitter_image_url":null,"twitter_image_custom_url":null,"twitter_image_custom_fields":null,"twitter_title":null,"twitter_description":null,"schema":{"blockGraphs":[],"customGraphs":[],"default":{"data":{"Article":[],"Course":[],"Dataset":[],"FAQPage":[],"Movie":[],"Person":[],"Product":[],"ProductReview":[],"Car":[],"Recipe":[],"Service":[],"SoftwareApplication":[],"WebPage":[]},"graphName":"","isEnabled":true},"graphs":[]},"schema_type":"default","schema_type_options":null,"pillar_content":false,"robots_default":true,"robots_noindex":false,"robots_noarchive":false,"robots_nosnippet":false,"robots_nofollow":false,"robots_noimageindex":false,"robots_noodp":false,"robots_notranslate":false,"robots_max_snippet":null,"robots_max_videopreview":null,"robots_max_imagepreview":"large","priority":null,"frequency":null,"local_seo":null,"breadcrumb_settings":null,"limit_modified_date":false,"ai":null,"created":"2025-03-22 05:50:12","updated":"2025-10-26 08:29:00","seo_analyzer_scan_date":null},"aioseo_breadcrumb":"<div class=\"aioseo-breadcrumbs\"><span class=\"aioseo-breadcrumb\">\n\t\t\t<a href=\"https:\/\/www.worldrally.eu\" title=\"Home\">Home<\/a>\n\t\t<\/span><span class=\"aioseo-breadcrumb-separator\">&raquo;<\/span><span class=\"aioseo-breadcrumb\">\n\t\t\t<a href=\"https:\/\/www.worldrally.eu\/index.php\/category\/erc\/\" title=\"ERC\">ERC<\/a>\n\t\t<\/span><span class=\"aioseo-breadcrumb-separator\">&raquo;<\/span><span class=\"aioseo-breadcrumb\">\n\t\t\tSesks na topie\n\t\t<\/span><\/div>","aioseo_breadcrumb_json":[{"label":"Home","link":"https:\/\/www.worldrally.eu"},{"label":"ERC","link":"https:\/\/www.worldrally.eu\/index.php\/category\/erc\/"},{"label":"Sesks na topie","link":"https:\/\/www.worldrally.eu\/index.php\/2022\/07\/02\/sesks-na-topie\/"}],"cc_featured_image_caption":{"caption_text":"Foto - PhotoMS \/ Adam Owczarek","source_text":"","source_url":""},"_links":{"self":[{"href":"https:\/\/www.worldrally.eu\/index.php\/wp-json\/wp\/v2\/posts\/514","targetHints":{"allow":["GET"]}}],"collection":[{"href":"https:\/\/www.worldrally.eu\/index.php\/wp-json\/wp\/v2\/posts"}],"about":[{"href":"https:\/\/www.worldrally.eu\/index.php\/wp-json\/wp\/v2\/types\/post"}],"author":[{"embeddable":true,"href":"https:\/\/www.worldrally.eu\/index.php\/wp-json\/wp\/v2\/users\/1"}],"replies":[{"embeddable":true,"href":"https:\/\/www.worldrally.eu\/index.php\/wp-json\/wp\/v2\/comments?post=514"}],"version-history":[{"count":1,"href":"https:\/\/www.worldrally.eu\/index.php\/wp-json\/wp\/v2\/posts\/514\/revisions"}],"predecessor-version":[{"id":516,"href":"https:\/\/www.worldrally.eu\/index.php\/wp-json\/wp\/v2\/posts\/514\/revisions\/516"}],"wp:featuredmedia":[{"embeddable":true,"href":"https:\/\/www.worldrally.eu\/index.php\/wp-json\/wp\/v2\/media\/515"}],"wp:attachment":[{"href":"https:\/\/www.worldrally.eu\/index.php\/wp-json\/wp\/v2\/media?parent=514"}],"wp:term":[{"taxonomy":"category","embeddable":true,"href":"https:\/\/www.worldrally.eu\/index.php\/wp-json\/wp\/v2\/categories?post=514"},{"taxonomy":"post_tag","embeddable":true,"href":"https:\/\/www.worldrally.eu\/index.php\/wp-json\/wp\/v2\/tags?post=514"}],"curies":[{"name":"wp","href":"https:\/\/api.w.org\/{rel}","templated":true}]}}