{"id":507,"date":"2021-04-16T18:49:00","date_gmt":"2021-04-16T18:49:00","guid":{"rendered":"https:\/\/www.worldrally.eu\/?p=507"},"modified":"2023-02-22T18:56:39","modified_gmt":"2023-02-22T18:56:39","slug":"kajetanowicz-w-erc-polski","status":"publish","type":"post","link":"https:\/\/www.worldrally.eu\/index.php\/2021\/04\/16\/kajetanowicz-w-erc-polski\/","title":{"rendered":"Kajetanowicz w ERC Polski"},"content":{"rendered":"\n<p><\/p>\n\n\n\n<p>W 2021 roku w Rajdowych Mistrzostwach \u015awiata FIA 3 za kierownic\u0105 \u0160kody Fabia Rally2 Evo, przygotowuje si\u0119 do  rywalizacji Kajetan Kajetanowicz.<\/p>\n\n\n\n<p>Pilotowany przez  Macieja Szczepaniaka, Kajetanowicz rozpocznie swoj\u0105 kandydatur\u0119 w Rajdzie Chorwacji w dniach 22-25 kwietnia .<\/p>\n\n\n\n<p><em>\u201eNasz\u0105 bitw\u0119 o Rajdowe Mistrzostwa \u015awiata zaczynamy [w] Chorwacji<\/em>\u201d \u2013 powiedzia\u0142 Kajetanowicz. \u201e<em>Czekaj\u0105 na nas bardzo wymagaj\u0105ce odcinki specjalne ze zmienn\u0105 przyczepno\u015bci\u0105. B\u0119dzie du\u017co w\u0105skich i wyboistych odcink\u00f3w, my\u015bl\u0119, \u017ce uda\u0142o nam si\u0119 znale\u017a\u0107 podobne warunki do naszego testu. Jechali\u015bmy w r\u00f3\u017cnych warunkach \u2013 mo\u017ce podobnej pogody nie spotkamy w Chorwacji, ale pracowali\u015bmy nad ustawieniem auta, kt\u00f3re na pewno si\u0119 przyda. Czujemy siln\u0105 motywacj\u0119 do walki. Znam nasz\u0105 \u0160kod\u0119 bardzo dobrze, ale ma ona kilka nowych funkcji i dlatego ka\u017cdy testowy kilometr by\u0142 tak wa\u017cny, aby dostroi\u0107 ustawienia\u201d.<\/em><\/p>\n\n\n\n<p><\/p>\n","protected":false},"excerpt":{"rendered":"<p>W 2021 roku w Rajdowych Mistrzostwach \u015awiata FIA 3 za kierownic\u0105 \u0160kody Fabia Rally2 Evo, przygotowuje si\u0119 do rywalizacji Kajetan Kajetanowicz. Pilotowany przez Macieja Szczepaniaka, Kajetanowicz rozpocznie swoj\u0105 kandydatur\u0119 w Rajdzie Chorwacji w dniach 22-25 kwietnia . \u201eNasz\u0105 bitw\u0119 o Rajdowe Mistrzostwa \u015awiata zaczynamy [w] Chorwacji\u201d \u2013 powiedzia\u0142 Kajetanowicz. \u201eCzekaj\u0105 na nas bardzo wymagaj\u0105ce odcinki [&hellip;]<\/p>\n","protected":false},"author":2,"featured_media":508,"comment_status":"closed","ping_status":"closed","sticky":false,"template":"","format":"standard","meta":{"footnotes":""},"categories":[4],"tags":[],"class_list":["post-507","post","type-post","status-publish","format-standard","has-post-thumbnail","hentry","category-erc"],"aioseo_notices":[],"cc_featured_image_caption":{"caption_text":"FOTO-FIAerc","source_text":"","source_url":""},"_links":{"self":[{"href":"https:\/\/www.worldrally.eu\/index.php\/wp-json\/wp\/v2\/posts\/507","targetHints":{"allow":["GET"]}}],"collection":[{"href":"https:\/\/www.worldrally.eu\/index.php\/wp-json\/wp\/v2\/posts"}],"about":[{"href":"https:\/\/www.worldrally.eu\/index.php\/wp-json\/wp\/v2\/types\/post"}],"author":[{"embeddable":true,"href":"https:\/\/www.worldrally.eu\/index.php\/wp-json\/wp\/v2\/users\/2"}],"replies":[{"embeddable":true,"href":"https:\/\/www.worldrally.eu\/index.php\/wp-json\/wp\/v2\/comments?post=507"}],"version-history":[{"count":1,"href":"https:\/\/www.worldrally.eu\/index.php\/wp-json\/wp\/v2\/posts\/507\/revisions"}],"predecessor-version":[{"id":512,"href":"https:\/\/www.worldrally.eu\/index.php\/wp-json\/wp\/v2\/posts\/507\/revisions\/512"}],"wp:featuredmedia":[{"embeddable":true,"href":"https:\/\/www.worldrally.eu\/index.php\/wp-json\/wp\/v2\/media\/508"}],"wp:attachment":[{"href":"https:\/\/www.worldrally.eu\/index.php\/wp-json\/wp\/v2\/media?parent=507"}],"wp:term":[{"taxonomy":"category","embeddable":true,"href":"https:\/\/www.worldrally.eu\/index.php\/wp-json\/wp\/v2\/categories?post=507"},{"taxonomy":"post_tag","embeddable":true,"href":"https:\/\/www.worldrally.eu\/index.php\/wp-json\/wp\/v2\/tags?post=507"}],"curies":[{"name":"wp","href":"https:\/\/api.w.org\/{rel}","templated":true}]}}