{"id":502,"date":"2021-04-06T18:36:00","date_gmt":"2021-04-06T18:36:00","guid":{"rendered":"https:\/\/www.worldrally.eu\/?p=502"},"modified":"2023-02-22T18:45:33","modified_gmt":"2023-02-22T18:45:33","slug":"erc-w-polsce-z-wroblewski","status":"publish","type":"post","link":"https:\/\/www.worldrally.eu\/index.php\/2021\/04\/06\/erc-w-polsce-z-wroblewski\/","title":{"rendered":"ERC w Polsce z Wr\u00f3blewski"},"content":{"rendered":"\n<p>Podczas 77. Rajdu Polski w dniach 18-20 czerwca, Kacper Wr\u00f3blewski i pilot Jakub Wr\u00f3bel b\u0119d\u0105 mieli okazj\u0119 przygotowa\u0107 swoje tempo na tych samych szutrowych odcinkach, co stali bywalcy ERC.<\/p>\n\n\n\n<p>Mistrz Polski 2018 b\u0119dzie walczy\u0142 o mistrzostwo kraju dla ORLEN Team w wyposa\u017conej w Michelin \u0160kodzie Fabia Rally2 Evo.<\/p>\n\n\n\n<p><em>\u201eDobre przygotowanie naszych partner\u00f3w, \u015bwietny samoch\u00f3d, w kt\u00f3rym czujemy si\u0119 coraz pewniej \u2013 to wszystko razem daje nam wszelkie narz\u0119dzia do walki o czo\u0142owe miejsca w klasyfikacji ko\u0144cowej. Przede wszystkim jednak chcemy zapewni\u0107 naszym kibicom dobre widowisko sport\u00f3w motorowych, szczeg\u00f3lnie podczas Rajdu Polski, w kt\u00f3rym powalczymy zar\u00f3wno o mistrzostwo ERC, jak i mistrzostwo kraju.\u201d<\/em>-powiedzia\u0142 Wr\u00f3blewski.<\/p>\n\n\n\n<p>Pilot Wr\u00f3bel doda\u0142: <em>\u201eNasz poprzedni sezon by\u0142 skr\u00f3cony ze wzgl\u0119du na pandemi\u0119. W efekcie dzisiaj odczuwamy naprawd\u0119 wielki g\u0142\u00f3d rywalizacji. W por\u00f3wnaniu do zesz\u0142orocznych zmaga\u0144, teraz jeste\u015bmy bogatsi o liczne do\u015bwiadczenia, lepiej poznali\u015bmy swoje mocne i s\u0142abe strony. Dobrze pracowali\u015bmy w okresie przygotowawczym i wiemy, na czym musimy si\u0119 skupi\u0107 w nadchodz\u0105cych miesi\u0105cach.<\/em>\u201d<\/p>\n\n\n\n<p><\/p>\n","protected":false},"excerpt":{"rendered":"<p>Podczas 77. Rajdu Polski w dniach 18-20 czerwca, Kacper Wr\u00f3blewski i pilot Jakub Wr\u00f3bel b\u0119d\u0105 mieli okazj\u0119 przygotowa\u0107 swoje tempo na tych samych szutrowych odcinkach, co stali bywalcy ERC. Mistrz Polski 2018 b\u0119dzie walczy\u0142 o mistrzostwo kraju dla ORLEN Team w wyposa\u017conej w Michelin \u0160kodzie Fabia Rally2 Evo. \u201eDobre przygotowanie naszych partner\u00f3w, \u015bwietny samoch\u00f3d, w [&hellip;]<\/p>\n","protected":false},"author":2,"featured_media":503,"comment_status":"closed","ping_status":"closed","sticky":false,"template":"","format":"standard","meta":{"footnotes":""},"categories":[4],"tags":[],"class_list":["post-502","post","type-post","status-publish","format-standard","has-post-thumbnail","hentry","category-erc"],"aioseo_notices":[],"cc_featured_image_caption":{"caption_text":"FOTO-FIAerc","source_text":"","source_url":""},"_links":{"self":[{"href":"https:\/\/www.worldrally.eu\/index.php\/wp-json\/wp\/v2\/posts\/502","targetHints":{"allow":["GET"]}}],"collection":[{"href":"https:\/\/www.worldrally.eu\/index.php\/wp-json\/wp\/v2\/posts"}],"about":[{"href":"https:\/\/www.worldrally.eu\/index.php\/wp-json\/wp\/v2\/types\/post"}],"author":[{"embeddable":true,"href":"https:\/\/www.worldrally.eu\/index.php\/wp-json\/wp\/v2\/users\/2"}],"replies":[{"embeddable":true,"href":"https:\/\/www.worldrally.eu\/index.php\/wp-json\/wp\/v2\/comments?post=502"}],"version-history":[{"count":1,"href":"https:\/\/www.worldrally.eu\/index.php\/wp-json\/wp\/v2\/posts\/502\/revisions"}],"predecessor-version":[{"id":505,"href":"https:\/\/www.worldrally.eu\/index.php\/wp-json\/wp\/v2\/posts\/502\/revisions\/505"}],"wp:featuredmedia":[{"embeddable":true,"href":"https:\/\/www.worldrally.eu\/index.php\/wp-json\/wp\/v2\/media\/503"}],"wp:attachment":[{"href":"https:\/\/www.worldrally.eu\/index.php\/wp-json\/wp\/v2\/media?parent=502"}],"wp:term":[{"taxonomy":"category","embeddable":true,"href":"https:\/\/www.worldrally.eu\/index.php\/wp-json\/wp\/v2\/categories?post=502"},{"taxonomy":"post_tag","embeddable":true,"href":"https:\/\/www.worldrally.eu\/index.php\/wp-json\/wp\/v2\/tags?post=502"}],"curies":[{"name":"wp","href":"https:\/\/api.w.org\/{rel}","templated":true}]}}