{"id":492,"date":"2022-06-16T19:55:00","date_gmt":"2022-06-16T19:55:00","guid":{"rendered":"https:\/\/www.worldrally.eu\/?p=492"},"modified":"2023-02-21T20:16:12","modified_gmt":"2023-02-21T20:16:12","slug":"kristensson-zadowolony-z-sukcesu","status":"publish","type":"post","link":"https:\/\/www.worldrally.eu\/index.php\/2022\/06\/16\/kristensson-zadowolony-z-sukcesu\/","title":{"rendered":"Kristensson zadowolony z sukcesu"},"content":{"rendered":"\n<p>Tom Kristensson mistrz \u015bwiata WRC w kategorii Junior niezwykle dobrze zaprezentowa\u0142 si\u0119 na polskich drogach ostatecznie zajmuj\u0105c drugie miejsce w klasyfikacji generalnej trac\u0105c zaledwie 10 sekund do zdobywcy pierwszego miejsca Mikko Marczyka. <\/p>\n\n\n\n<p>Szwed sezon 2021 nie mo\u017ce zaliczy\u0107 do udanych, gdy\u017c uko\u0144czy\u0142 zaledwie dwa z pi\u0119ciu start\u00f3w Fordem Fiesta WRC2, jednak\u017ce obecnie prowadz\u0105c swojego Hyundaia i20 R5 bardzo szybko poczu\u0142 pewno\u015b\u0107 siebie.<\/p>\n\n\n\n<p>W wywiadzie dla FIAerc powiedzia\u0142.<\/p>\n\n\n\n<p><em>&#8220;Mia\u0142em takie wra\u017cenie, wiesz? Teraz moja kolej, wszystko idzie po mojej my\u015bli. I po prostu po to poszed\u0142em. Kiedy tak si\u0119 dzieje i jeste\u015b pewny siebie, wszystko w samochodzie dzia\u0142a dobrze. Na pewno by\u0142y momenty tu i tam, ale na koniec nie by\u0142o to nic wielkiego. Poradzili\u015bmy sobie ze wszystkim tak dobrze i na pewno jest to niesamowite tempo w ERC. Po prostu dali\u015bmy z siebie wszystko i fantastycznie jest utrzyma\u0107 wynik na koniec. Wszyscy jeste\u015bmy bardzo szcz\u0119\u015bliwi&#8221;<\/em> \u2013 doda\u0142.<\/p>\n\n\n\n<figure class=\"wp-block-image size-large\"><img fetchpriority=\"high\" decoding=\"async\" width=\"1024\" height=\"683\" src=\"https:\/\/www.worldrally.eu\/wp-content\/uploads\/2023\/02\/67-1024x683.jpg\" alt=\"\" class=\"wp-image-494\" srcset=\"https:\/\/www.worldrally.eu\/wp-content\/uploads\/2023\/02\/67-1024x683.jpg 1024w, https:\/\/www.worldrally.eu\/wp-content\/uploads\/2023\/02\/67-300x200.jpg 300w, https:\/\/www.worldrally.eu\/wp-content\/uploads\/2023\/02\/67-768x512.jpg 768w, https:\/\/www.worldrally.eu\/wp-content\/uploads\/2023\/02\/67-1536x1024.jpg 1536w, https:\/\/www.worldrally.eu\/wp-content\/uploads\/2023\/02\/67-446x297.jpg 446w, https:\/\/www.worldrally.eu\/wp-content\/uploads\/2023\/02\/67.jpg 1620w\" sizes=\"(max-width: 1024px) 100vw, 1024px\" \/><figcaption class=\"wp-element-caption\">Foto &#8211; PhotoMS \/ Adam Owczarek \/ 78 Rally Poland ERC \/ Tom Kristensson<\/figcaption><\/figure>\n\n\n\n<p>Cele jakie sobie wytyczy s\u0105 bardzo jasne, zdoby\u0107 jak najwi\u0119cej do\u015bwiadczenia w nowym samochodzie i pokaza\u0107 si\u0119 z jak najlepszej strony.<\/p>\n\n\n\n<p><em>\u201eNie wiedzia\u0142em, czego si\u0119 spodziewa\u0107, kiedy przyjechali\u015bmy do Polski. Powiedzieli\u015bmy, \u017ce jedziemy tutaj, aby zdoby\u0107 do\u015bwiadczenie i dowiedzie\u0107 si\u0119 o samochodzie, nauczy\u0107 si\u0119 je\u017adzi\u0107 i dalej si\u0119 uczy\u0107.  Wci\u0105\u017c mam du\u017co pracy, aby przystosowa\u0107 si\u0119 do tego samochodu, ale to po prostu fantastyczne mie\u0107 te fantastyczne chwile podczas jazdy i finiszowania na tej pozycji. Oczywi\u015bcie, to naprawd\u0119 dumny moment\u201d<\/em> skomentowa\u0142 na koniec.<\/p>\n\n\n\n<p>By\u0142y mistrz FIA Junior WRC ma wystartowa\u0107 w kolejnych rundach mistrzowskich podczas Rajdu Lipawy w przysz\u0142ym miesi\u0105cu, a tak\u017ce w sierpniowym Barum Czech Rally Zl\u00edn.<\/p>\n\n\n\n<figure class=\"wp-block-image size-large\"><img decoding=\"async\" width=\"1024\" height=\"683\" src=\"https:\/\/www.worldrally.eu\/wp-content\/uploads\/2023\/02\/32-1-1024x683.jpg\" alt=\"\" class=\"wp-image-495\" srcset=\"https:\/\/www.worldrally.eu\/wp-content\/uploads\/2023\/02\/32-1-1024x683.jpg 1024w, https:\/\/www.worldrally.eu\/wp-content\/uploads\/2023\/02\/32-1-300x200.jpg 300w, https:\/\/www.worldrally.eu\/wp-content\/uploads\/2023\/02\/32-1-768x512.jpg 768w, https:\/\/www.worldrally.eu\/wp-content\/uploads\/2023\/02\/32-1-1536x1024.jpg 1536w, https:\/\/www.worldrally.eu\/wp-content\/uploads\/2023\/02\/32-1-446x297.jpg 446w, https:\/\/www.worldrally.eu\/wp-content\/uploads\/2023\/02\/32-1.jpg 1620w\" sizes=\"(max-width: 1024px) 100vw, 1024px\" \/><figcaption class=\"wp-element-caption\">Foto &#8211; PhotoMS \/ Adam Owczarek \/ 78 Rally Poland ERC \/ Tom Kristensson<\/figcaption><\/figure>\n","protected":false},"excerpt":{"rendered":"<p>Tom Kristensson mistrz \u015bwiata WRC w kategorii Junior niezwykle dobrze zaprezentowa\u0142 si\u0119 na polskich drogach ostatecznie zajmuj\u0105c drugie miejsce w klasyfikacji generalnej trac\u0105c zaledwie 10 sekund do zdobywcy pierwszego miejsca Mikko Marczyka. Szwed sezon 2021 nie mo\u017ce zaliczy\u0107 do udanych, gdy\u017c uko\u0144czy\u0142 zaledwie dwa z pi\u0119ciu start\u00f3w Fordem Fiesta WRC2, jednak\u017ce obecnie prowadz\u0105c swojego Hyundaia [&hellip;]<\/p>\n","protected":false},"author":3,"featured_media":493,"comment_status":"closed","ping_status":"closed","sticky":false,"template":"","format":"standard","meta":{"footnotes":""},"categories":[4],"tags":[],"class_list":["post-492","post","type-post","status-publish","format-standard","has-post-thumbnail","hentry","category-erc"],"aioseo_notices":[],"cc_featured_image_caption":{"caption_text":"Foto - PhotoMS \/ Adam Owczarek","source_text":"","source_url":""},"_links":{"self":[{"href":"https:\/\/www.worldrally.eu\/index.php\/wp-json\/wp\/v2\/posts\/492","targetHints":{"allow":["GET"]}}],"collection":[{"href":"https:\/\/www.worldrally.eu\/index.php\/wp-json\/wp\/v2\/posts"}],"about":[{"href":"https:\/\/www.worldrally.eu\/index.php\/wp-json\/wp\/v2\/types\/post"}],"author":[{"embeddable":true,"href":"https:\/\/www.worldrally.eu\/index.php\/wp-json\/wp\/v2\/users\/3"}],"replies":[{"embeddable":true,"href":"https:\/\/www.worldrally.eu\/index.php\/wp-json\/wp\/v2\/comments?post=492"}],"version-history":[{"count":1,"href":"https:\/\/www.worldrally.eu\/index.php\/wp-json\/wp\/v2\/posts\/492\/revisions"}],"predecessor-version":[{"id":496,"href":"https:\/\/www.worldrally.eu\/index.php\/wp-json\/wp\/v2\/posts\/492\/revisions\/496"}],"wp:featuredmedia":[{"embeddable":true,"href":"https:\/\/www.worldrally.eu\/index.php\/wp-json\/wp\/v2\/media\/493"}],"wp:attachment":[{"href":"https:\/\/www.worldrally.eu\/index.php\/wp-json\/wp\/v2\/media?parent=492"}],"wp:term":[{"taxonomy":"category","embeddable":true,"href":"https:\/\/www.worldrally.eu\/index.php\/wp-json\/wp\/v2\/categories?post=492"},{"taxonomy":"post_tag","embeddable":true,"href":"https:\/\/www.worldrally.eu\/index.php\/wp-json\/wp\/v2\/tags?post=492"}],"curies":[{"name":"wp","href":"https:\/\/api.w.org\/{rel}","templated":true}]}}