{"id":478,"date":"2022-06-11T20:53:00","date_gmt":"2022-06-11T20:53:00","guid":{"rendered":"https:\/\/www.worldrally.eu\/?p=478"},"modified":"2023-02-20T21:12:49","modified_gmt":"2023-02-20T21:12:49","slug":"marczyk-liderem-solans-z-problemami","status":"publish","type":"post","link":"https:\/\/www.worldrally.eu\/index.php\/2022\/06\/11\/marczyk-liderem-solans-z-problemami\/","title":{"rendered":"Marczyk liderem, Solans z problemami"},"content":{"rendered":"\n<p>Miejscowy bohater Miko Marczyk jest na dobrej drodze do odniesienia sukcesu w 78 Rajdzie Polski po tym jak jego g\u0142\u00f3wny rywal wypad\u0142 z trasy.<\/p>\n\n\n\n<p>Polak jad\u0105cy autem \u0160kody Fabia Rally2 Evo rozpocznie niedzielny fina\u0142 z ogromn\u0105 przewag\u0105 20,4 s nad Tomem Kristenssonem , kt\u00f3ry do tej pory jecha\u0142 jako trzeci aczkolwiek po problemach kolegi zespo\u0142owego przeskoczy\u0142 na drugie miejsce w klasyfikacji generalnej.<\/p>\n\n\n\n<p>Marczyk i Solans jechali jakby w innej kategorii, pokazuj\u0105c na zmian\u0119, \u017ce obaj kierowcy b\u0119d\u0105 walczy\u0107 do samego lub w\u0142a\u015bnie do tego momentu gdy jeden z nich nie pope\u0142ni\u0142 b\u0142\u0119du.<\/p>\n\n\n\n<p>Marczyk zje\u017cd\u017caj\u0105c do alei serwisowej w Miko\u0142ajkach nie kry\u0142 rado\u015bci z zaistnia\u0142ej sytuacji, gdy\u017c zdawa\u0142 sobie spraw\u0119, ze jest na dobrej drodze do osi\u0105gni\u0119cia pe\u0142nego sukcesu.<\/p>\n\n\n\n<p><em>\u201eSzczerze m\u00f3wi\u0105c, bardzo si\u0119 ciesz\u0119. To by\u0142 dla nas wielki dzie\u0144 i ten rajd jest dla mnie czym\u015b wyj\u0105tkowym, bo zrobi\u0142em kolejny krok w swoim rozwoju. Jechali\u015bmy dzisiaj nie tylko na odcinkach, kt\u00f3re znali\u015bmy z przesz\u0142o\u015bci, ale mieli\u015bmy te\u017c kilka nowych odcink\u00f3w, kt\u00f3re by\u0142y bardzo dobre. Jeste\u015bmy tutaj i bardzo si\u0119 ciesz\u0119. <\/em> &#8211; powiedzia\u0142 Marczyk<\/p>\n\n\n\n<p><em>\u201eTo niedobrze, \u017ce Nila tu nie ma, ale to cz\u0119\u015b\u0107 gry rajdowej. Jutro czeka mnie d\u0142ugi dzie\u0144, ale jestem w dobrej formie i spr\u00f3buj\u0119&#8221;<\/em> &#8211; doda\u0142.<\/p>\n\n\n\n<figure class=\"wp-block-image size-large\"><img fetchpriority=\"high\" decoding=\"async\" width=\"1024\" height=\"683\" src=\"https:\/\/www.worldrally.eu\/wp-content\/uploads\/2023\/02\/33-1-1024x683.jpg\" alt=\"\" class=\"wp-image-483\" srcset=\"https:\/\/www.worldrally.eu\/wp-content\/uploads\/2023\/02\/33-1-1024x683.jpg 1024w, https:\/\/www.worldrally.eu\/wp-content\/uploads\/2023\/02\/33-1-300x200.jpg 300w, https:\/\/www.worldrally.eu\/wp-content\/uploads\/2023\/02\/33-1-768x512.jpg 768w, https:\/\/www.worldrally.eu\/wp-content\/uploads\/2023\/02\/33-1-1536x1024.jpg 1536w, https:\/\/www.worldrally.eu\/wp-content\/uploads\/2023\/02\/33-1-446x297.jpg 446w, https:\/\/www.worldrally.eu\/wp-content\/uploads\/2023\/02\/33-1.jpg 1620w\" sizes=\"(max-width: 1024px) 100vw, 1024px\" \/><figcaption class=\"wp-element-caption\">Foto &#8211; PhotoMS \/ Adam Owczarek \/ 78 Rally Poland ERC \/ Tom Kristensson<\/figcaption><\/figure>\n\n\n\n<p>Tom Kristensson pokaza\u0142 imponuj\u0105ce tempo jadc autem Hyundai i20 R5 przygotowanym przez Kowax Recing pierwszej generacji i wyra\u017anie cieszy si\u0119 ze swojego pierwszego startu w ERC od 2018 roku. Szwed znalaz\u0142 si\u0119 pod rosn\u0105c\u0105 presj\u0105 ze strony tych z ty\u0142u i zako\u0144czy\u0142 wy\u015bcig o 5,6 sekundy przed Kenem Tornem.<\/p>\n\n\n\n<figure class=\"wp-block-image size-large\"><img decoding=\"async\" width=\"1024\" height=\"687\" src=\"https:\/\/www.worldrally.eu\/wp-content\/uploads\/2023\/02\/60-1-1024x687.jpg\" alt=\"\" class=\"wp-image-482\" srcset=\"https:\/\/www.worldrally.eu\/wp-content\/uploads\/2023\/02\/60-1-1024x687.jpg 1024w, https:\/\/www.worldrally.eu\/wp-content\/uploads\/2023\/02\/60-1-300x201.jpg 300w, https:\/\/www.worldrally.eu\/wp-content\/uploads\/2023\/02\/60-1-768x515.jpg 768w, https:\/\/www.worldrally.eu\/wp-content\/uploads\/2023\/02\/60-1-1536x1030.jpg 1536w, https:\/\/www.worldrally.eu\/wp-content\/uploads\/2023\/02\/60-1.jpg 1610w\" sizes=\"(max-width: 1024px) 100vw, 1024px\" \/><figcaption class=\"wp-element-caption\">Foto -PhotoMS \/ Adam Owczarek \/ 78 Rally Poland ERC \/ Ken Torn<\/figcaption><\/figure>\n","protected":false},"excerpt":{"rendered":"<p>Miejscowy bohater Miko Marczyk jest na dobrej drodze do odniesienia sukcesu w 78 Rajdzie Polski po tym jak jego g\u0142\u00f3wny rywal wypad\u0142 z trasy. Polak jad\u0105cy autem \u0160kody Fabia Rally2 Evo rozpocznie niedzielny fina\u0142 z ogromn\u0105 przewag\u0105 20,4 s nad Tomem Kristenssonem , kt\u00f3ry do tej pory jecha\u0142 jako trzeci aczkolwiek po problemach kolegi zespo\u0142owego [&hellip;]<\/p>\n","protected":false},"author":2,"featured_media":479,"comment_status":"closed","ping_status":"closed","sticky":false,"template":"","format":"standard","meta":{"footnotes":""},"categories":[4],"tags":[],"class_list":["post-478","post","type-post","status-publish","format-standard","has-post-thumbnail","hentry","category-erc"],"aioseo_notices":[],"cc_featured_image_caption":{"caption_text":"Foto- PhotoMS \/ Adam Owczarek","source_text":"","source_url":""},"_links":{"self":[{"href":"https:\/\/www.worldrally.eu\/index.php\/wp-json\/wp\/v2\/posts\/478","targetHints":{"allow":["GET"]}}],"collection":[{"href":"https:\/\/www.worldrally.eu\/index.php\/wp-json\/wp\/v2\/posts"}],"about":[{"href":"https:\/\/www.worldrally.eu\/index.php\/wp-json\/wp\/v2\/types\/post"}],"author":[{"embeddable":true,"href":"https:\/\/www.worldrally.eu\/index.php\/wp-json\/wp\/v2\/users\/2"}],"replies":[{"embeddable":true,"href":"https:\/\/www.worldrally.eu\/index.php\/wp-json\/wp\/v2\/comments?post=478"}],"version-history":[{"count":2,"href":"https:\/\/www.worldrally.eu\/index.php\/wp-json\/wp\/v2\/posts\/478\/revisions"}],"predecessor-version":[{"id":484,"href":"https:\/\/www.worldrally.eu\/index.php\/wp-json\/wp\/v2\/posts\/478\/revisions\/484"}],"wp:featuredmedia":[{"embeddable":true,"href":"https:\/\/www.worldrally.eu\/index.php\/wp-json\/wp\/v2\/media\/479"}],"wp:attachment":[{"href":"https:\/\/www.worldrally.eu\/index.php\/wp-json\/wp\/v2\/media?parent=478"}],"wp:term":[{"taxonomy":"category","embeddable":true,"href":"https:\/\/www.worldrally.eu\/index.php\/wp-json\/wp\/v2\/categories?post=478"},{"taxonomy":"post_tag","embeddable":true,"href":"https:\/\/www.worldrally.eu\/index.php\/wp-json\/wp\/v2\/tags?post=478"}],"curies":[{"name":"wp","href":"https:\/\/api.w.org\/{rel}","templated":true}]}}