{"id":474,"date":"2022-06-10T20:17:00","date_gmt":"2022-06-10T20:17:00","guid":{"rendered":"https:\/\/www.worldrally.eu\/?p=474"},"modified":"2023-02-20T20:36:36","modified_gmt":"2023-02-20T20:36:36","slug":"pierwszy-etap-dla-solansa","status":"publish","type":"post","link":"https:\/\/www.worldrally.eu\/index.php\/2022\/06\/10\/pierwszy-etap-dla-solansa\/","title":{"rendered":"Pierwszy etap dla Solansa"},"content":{"rendered":"\n<p class=\"wp-block-paragraph\">Nil Solans rozpocz\u0105\u0142 bardzo dobrze rywalizacje w 78 Rajdzie Polski na Arenie Miko\u0142ajki popisuj\u0105c si\u0119 najlepszym czasem wyprzedzaj\u0105c swojego koleg\u0119 zespo\u0142owego z Kowax Racing Toma Kristenssona o zaledwie dwie dziesi\u0105te sekundy.  Zawodnicy \u015bcigali si\u0119 na kr\u00f3tkim torze bardziej technicznym, jad\u0105c w parach przy ogromnej ilo\u015bci publiczno\u015bci co by\u0142o bardzo efektywne i spektakularne.<\/p>\n\n\n\n<figure class=\"wp-block-image size-large\"><img fetchpriority=\"high\" decoding=\"async\" width=\"1024\" height=\"683\" src=\"https:\/\/www.worldrally.eu\/wp-content\/uploads\/2023\/02\/1-3-1024x683.jpg\" alt=\"\" class=\"wp-image-476\" srcset=\"https:\/\/www.worldrally.eu\/wp-content\/uploads\/2023\/02\/1-3-1024x683.jpg 1024w, https:\/\/www.worldrally.eu\/wp-content\/uploads\/2023\/02\/1-3-300x200.jpg 300w, https:\/\/www.worldrally.eu\/wp-content\/uploads\/2023\/02\/1-3-768x512.jpg 768w, https:\/\/www.worldrally.eu\/wp-content\/uploads\/2023\/02\/1-3-1536x1024.jpg 1536w, https:\/\/www.worldrally.eu\/wp-content\/uploads\/2023\/02\/1-3-446x297.jpg 446w, https:\/\/www.worldrally.eu\/wp-content\/uploads\/2023\/02\/1-3.jpg 1620w\" sizes=\"(max-width: 1024px) 100vw, 1024px\" \/><figcaption class=\"wp-element-caption\">Foto &#8211; PhotoMS \/ Adam Owczarek \/ 78 Rally Poland ERC \/ Tom Kristensson<\/figcaption><\/figure>\n\n\n\n<p class=\"wp-block-paragraph\">Hiszpan jest obecnie w dobrej formie i wygra\u0142 dzisiaj etap kwalifikacyjny, mimo \u017ce w tym tygodniu prowadzi\u0142 samoch\u00f3d po raz pierwszy po uzyskaniu umowy w ostatniej chwili. Wybra\u0142 nisk\u0105 pozycj\u0119 startow\u0105 na sobot\u0119 i wyjedzie na odcinki specjalne jako 17.<\/p>\n\n\n\n<p class=\"wp-block-paragraph\"><em>\u201eCzujemy si\u0119 komfortowo w tym samochodzie\u201d<\/em>, powiedzia\u0142 30-latek.<\/p>\n\n\n\n<p class=\"wp-block-paragraph\"><em> \u201eNiesamowicie pracuje na szutrowej nawierzchni. \u201eChcemy si\u0119 dobrze bawi\u0107, ale wiemy, \u017ce ten rajd jest do\u015b\u0107 trudny. Ma\u0142y b\u0142\u0105d mo\u017ce mie\u0107 du\u017ce konsekwencje przy tak du\u017cych pr\u0119dko\u015bciach, wi\u0119c zobaczymy. \u201eChc\u0119 podzi\u0119kowa\u0107 wszystkim, kt\u00f3rzy pomagaj\u0105 &#8211; postaramy si\u0119 jak najlepiej dla wszystkich\u201d<\/em> &#8211; doda\u0142.<\/p>\n\n\n\n<p class=\"wp-block-paragraph\">Dalsza cz\u0119\u015b\u0107 tabeli lider\u00f3w sk\u0142ada\u0142a si\u0119 prawie wy\u0142\u0105cznie z samochod\u00f3w Fabia Rally2 Evo, z rumu\u0144sk\u0105 gwiazd\u0105 na czele Simone Tempestini, kt\u00f3ry do  Kristenssona traci\u0142 0,2 sekundy.<\/p>\n\n\n\n<p class=\"wp-block-paragraph\">Polski kierowca Miko Marczyk, mimo zapowiedzi jazdy bardzo rozwa\u017cnej wcale nie odbiega\u0142 od lider\u00f3w stawki i traci\u0142 do trzeciego kierowcy nieca\u0142e 0,5 sekundy<\/p>\n\n\n\n<p class=\"wp-block-paragraph\"><\/p>\n\n\n\n<p class=\"wp-block-paragraph\"><\/p>\n","protected":false},"excerpt":{"rendered":"<p>Nil Solans rozpocz\u0105\u0142 bardzo dobrze rywalizacje w 78 Rajdzie Polski na Arenie Miko\u0142ajki popisuj\u0105c si\u0119 najlepszym czasem wyprzedzaj\u0105c swojego koleg\u0119 zespo\u0142owego z Kowax Racing Toma Kristenssona o zaledwie dwie dziesi\u0105te sekundy. Zawodnicy \u015bcigali si\u0119 na kr\u00f3tkim torze bardziej technicznym, jad\u0105c w parach przy ogromnej ilo\u015bci publiczno\u015bci co by\u0142o bardzo efektywne i spektakularne. Hiszpan jest obecnie [&hellip;]<\/p>\n","protected":false},"author":3,"featured_media":475,"comment_status":"closed","ping_status":"closed","sticky":false,"template":"","format":"standard","meta":{"_monsterinsights_skip_tracking":false,"_monsterinsights_sitenote_active":false,"_monsterinsights_sitenote_note":"","_monsterinsights_sitenote_category":0,"footnotes":""},"categories":[4],"tags":[],"class_list":["post-474","post","type-post","status-publish","format-standard","has-post-thumbnail","hentry","category-erc"],"aioseo_notices":[],"aioseo_head":"\n\t\t<!-- All in One SEO 4.9.9 - aioseo.com -->\n\t<meta name=\"description\" content=\"Nil Solans rozpocz\u0105\u0142 bardzo dobrze rywalizacje w 78 Rajdzie Polski na Arenie Miko\u0142ajki popisuj\u0105c si\u0119 najlepszym czasem wyprzedzaj\u0105c swojego koleg\u0119 zespo\u0142owego z Kowax Racing Toma Kristenssona o zaledwie dwie dziesi\u0105te sekundy. Zawodnicy \u015bcigali si\u0119 na kr\u00f3tkim torze bardziej technicznym, jad\u0105c w parach przy ogromnej ilo\u015bci publiczno\u015bci co by\u0142o bardzo efektywne i spektakularne. Hiszpan jest obecnie\" \/>\n\t<meta name=\"robots\" content=\"max-image-preview:large\" \/>\n\t<meta name=\"author\" content=\"Jacek\"\/>\n\t<link rel=\"canonical\" href=\"https:\/\/www.worldrally.eu\/index.php\/2022\/06\/10\/pierwszy-etap-dla-solansa\/\" \/>\n\t<meta name=\"generator\" content=\"All in One SEO (AIOSEO) 4.9.9\" \/>\n\t\t<meta property=\"og:locale\" content=\"en_GB\" \/>\n\t\t<meta property=\"og:site_name\" content=\"WorldRally.eu \u00bb\" \/>\n\t\t<meta property=\"og:type\" content=\"article\" \/>\n\t\t<meta property=\"og:title\" content=\"Pierwszy etap dla Solansa \u00bb WorldRally.eu\" \/>\n\t\t<meta property=\"og:description\" content=\"Nil Solans rozpocz\u0105\u0142 bardzo dobrze rywalizacje w 78 Rajdzie Polski na Arenie Miko\u0142ajki popisuj\u0105c si\u0119 najlepszym czasem wyprzedzaj\u0105c swojego koleg\u0119 zespo\u0142owego z Kowax Racing Toma Kristenssona o zaledwie dwie dziesi\u0105te sekundy. Zawodnicy \u015bcigali si\u0119 na kr\u00f3tkim torze bardziej technicznym, jad\u0105c w parach przy ogromnej ilo\u015bci publiczno\u015bci co by\u0142o bardzo efektywne i spektakularne. Hiszpan jest obecnie\" \/>\n\t\t<meta property=\"og:url\" content=\"https:\/\/www.worldrally.eu\/index.php\/2022\/06\/10\/pierwszy-etap-dla-solansa\/\" \/>\n\t\t<meta property=\"og:image\" content=\"https:\/\/www.worldrally.eu\/wp-content\/uploads\/2023\/02\/2-1.jpg\" \/>\n\t\t<meta property=\"og:image:secure_url\" content=\"https:\/\/www.worldrally.eu\/wp-content\/uploads\/2023\/02\/2-1.jpg\" \/>\n\t\t<meta property=\"og:image:width\" content=\"1620\" \/>\n\t\t<meta property=\"og:image:height\" content=\"1080\" \/>\n\t\t<meta property=\"article:published_time\" content=\"2022-06-10T20:17:00+00:00\" \/>\n\t\t<meta property=\"article:modified_time\" content=\"2023-02-20T20:36:36+00:00\" \/>\n\t\t<meta name=\"twitter:card\" content=\"summary_large_image\" \/>\n\t\t<meta name=\"twitter:title\" content=\"Pierwszy etap dla Solansa \u00bb WorldRally.eu\" \/>\n\t\t<meta name=\"twitter:description\" content=\"Nil Solans rozpocz\u0105\u0142 bardzo dobrze rywalizacje w 78 Rajdzie Polski na Arenie Miko\u0142ajki popisuj\u0105c si\u0119 najlepszym czasem wyprzedzaj\u0105c swojego koleg\u0119 zespo\u0142owego z Kowax Racing Toma Kristenssona o zaledwie dwie dziesi\u0105te sekundy. Zawodnicy \u015bcigali si\u0119 na kr\u00f3tkim torze bardziej technicznym, jad\u0105c w parach przy ogromnej ilo\u015bci publiczno\u015bci co by\u0142o bardzo efektywne i spektakularne. Hiszpan jest obecnie\" \/>\n\t\t<meta name=\"twitter:image\" content=\"https:\/\/www.worldrally.eu\/wp-content\/uploads\/2023\/02\/2-1.jpg\" \/>\n\t\t<script type=\"application\/ld+json\" class=\"aioseo-schema\">\n\t\t\t{\"@context\":\"https:\\\/\\\/schema.org\",\"@graph\":[{\"@type\":\"BlogPosting\",\"@id\":\"https:\\\/\\\/www.worldrally.eu\\\/index.php\\\/2022\\\/06\\\/10\\\/pierwszy-etap-dla-solansa\\\/#blogposting\",\"name\":\"Pierwszy etap dla Solansa \\u00bb WorldRally.eu\",\"headline\":\"Pierwszy etap dla Solansa\",\"author\":{\"@id\":\"https:\\\/\\\/www.worldrally.eu\\\/index.php\\\/author\\\/jacek\\\/#author\"},\"publisher\":{\"@id\":\"https:\\\/\\\/www.worldrally.eu\\\/#organization\"},\"image\":{\"@type\":\"ImageObject\",\"url\":\"https:\\\/\\\/www.worldrally.eu\\\/wp-content\\\/uploads\\\/2023\\\/02\\\/2-1.jpg\",\"width\":1620,\"height\":1080},\"datePublished\":\"2022-06-10T20:17:00+00:00\",\"dateModified\":\"2023-02-20T20:36:36+00:00\",\"inLanguage\":\"en-GB\",\"mainEntityOfPage\":{\"@id\":\"https:\\\/\\\/www.worldrally.eu\\\/index.php\\\/2022\\\/06\\\/10\\\/pierwszy-etap-dla-solansa\\\/#webpage\"},\"isPartOf\":{\"@id\":\"https:\\\/\\\/www.worldrally.eu\\\/index.php\\\/2022\\\/06\\\/10\\\/pierwszy-etap-dla-solansa\\\/#webpage\"},\"articleSection\":\"ERC\"},{\"@type\":\"BreadcrumbList\",\"@id\":\"https:\\\/\\\/www.worldrally.eu\\\/index.php\\\/2022\\\/06\\\/10\\\/pierwszy-etap-dla-solansa\\\/#breadcrumblist\",\"itemListElement\":[{\"@type\":\"ListItem\",\"@id\":\"https:\\\/\\\/www.worldrally.eu#listItem\",\"position\":1,\"name\":\"Home\",\"item\":\"https:\\\/\\\/www.worldrally.eu\",\"nextItem\":{\"@type\":\"ListItem\",\"@id\":\"https:\\\/\\\/www.worldrally.eu\\\/index.php\\\/category\\\/erc\\\/#listItem\",\"name\":\"ERC\"}},{\"@type\":\"ListItem\",\"@id\":\"https:\\\/\\\/www.worldrally.eu\\\/index.php\\\/category\\\/erc\\\/#listItem\",\"position\":2,\"name\":\"ERC\",\"item\":\"https:\\\/\\\/www.worldrally.eu\\\/index.php\\\/category\\\/erc\\\/\",\"nextItem\":{\"@type\":\"ListItem\",\"@id\":\"https:\\\/\\\/www.worldrally.eu\\\/index.php\\\/2022\\\/06\\\/10\\\/pierwszy-etap-dla-solansa\\\/#listItem\",\"name\":\"Pierwszy etap dla Solansa\"},\"previousItem\":{\"@type\":\"ListItem\",\"@id\":\"https:\\\/\\\/www.worldrally.eu#listItem\",\"name\":\"Home\"}},{\"@type\":\"ListItem\",\"@id\":\"https:\\\/\\\/www.worldrally.eu\\\/index.php\\\/2022\\\/06\\\/10\\\/pierwszy-etap-dla-solansa\\\/#listItem\",\"position\":3,\"name\":\"Pierwszy etap dla Solansa\",\"previousItem\":{\"@type\":\"ListItem\",\"@id\":\"https:\\\/\\\/www.worldrally.eu\\\/index.php\\\/category\\\/erc\\\/#listItem\",\"name\":\"ERC\"}}]},{\"@type\":\"Organization\",\"@id\":\"https:\\\/\\\/www.worldrally.eu\\\/#organization\",\"name\":\"WorldRally.eu\",\"url\":\"https:\\\/\\\/www.worldrally.eu\\\/\",\"logo\":{\"@type\":\"ImageObject\",\"url\":\"https:\\\/\\\/www.worldrally.eu\\\/wp-content\\\/uploads\\\/2026\\\/01\\\/cropped-logo-3.png\",\"@id\":\"https:\\\/\\\/www.worldrally.eu\\\/index.php\\\/2022\\\/06\\\/10\\\/pierwszy-etap-dla-solansa\\\/#organizationLogo\",\"width\":2039,\"height\":756},\"image\":{\"@id\":\"https:\\\/\\\/www.worldrally.eu\\\/index.php\\\/2022\\\/06\\\/10\\\/pierwszy-etap-dla-solansa\\\/#organizationLogo\"}},{\"@type\":\"Person\",\"@id\":\"https:\\\/\\\/www.worldrally.eu\\\/index.php\\\/author\\\/jacek\\\/#author\",\"url\":\"https:\\\/\\\/www.worldrally.eu\\\/index.php\\\/author\\\/jacek\\\/\",\"name\":\"Jacek\",\"image\":{\"@type\":\"ImageObject\",\"@id\":\"https:\\\/\\\/www.worldrally.eu\\\/index.php\\\/2022\\\/06\\\/10\\\/pierwszy-etap-dla-solansa\\\/#authorImage\",\"url\":\"https:\\\/\\\/secure.gravatar.com\\\/avatar\\\/7e4a580579d0c9624bc0b76edfd763a961e17e709b8c19c4e55064fd24596b04?s=96&d=mm&r=g\",\"width\":96,\"height\":96,\"caption\":\"Jacek\"}},{\"@type\":\"WebPage\",\"@id\":\"https:\\\/\\\/www.worldrally.eu\\\/index.php\\\/2022\\\/06\\\/10\\\/pierwszy-etap-dla-solansa\\\/#webpage\",\"url\":\"https:\\\/\\\/www.worldrally.eu\\\/index.php\\\/2022\\\/06\\\/10\\\/pierwszy-etap-dla-solansa\\\/\",\"name\":\"Pierwszy etap dla Solansa \\u00bb WorldRally.eu\",\"description\":\"Nil Solans rozpocz\\u0105\\u0142 bardzo dobrze rywalizacje w 78 Rajdzie Polski na Arenie Miko\\u0142ajki popisuj\\u0105c si\\u0119 najlepszym czasem wyprzedzaj\\u0105c swojego koleg\\u0119 zespo\\u0142owego z Kowax Racing Toma Kristenssona o zaledwie dwie dziesi\\u0105te sekundy. Zawodnicy \\u015bcigali si\\u0119 na kr\\u00f3tkim torze bardziej technicznym, jad\\u0105c w parach przy ogromnej ilo\\u015bci publiczno\\u015bci co by\\u0142o bardzo efektywne i spektakularne. Hiszpan jest obecnie\",\"inLanguage\":\"en-GB\",\"isPartOf\":{\"@id\":\"https:\\\/\\\/www.worldrally.eu\\\/#website\"},\"breadcrumb\":{\"@id\":\"https:\\\/\\\/www.worldrally.eu\\\/index.php\\\/2022\\\/06\\\/10\\\/pierwszy-etap-dla-solansa\\\/#breadcrumblist\"},\"author\":{\"@id\":\"https:\\\/\\\/www.worldrally.eu\\\/index.php\\\/author\\\/jacek\\\/#author\"},\"creator\":{\"@id\":\"https:\\\/\\\/www.worldrally.eu\\\/index.php\\\/author\\\/jacek\\\/#author\"},\"image\":{\"@type\":\"ImageObject\",\"url\":\"https:\\\/\\\/www.worldrally.eu\\\/wp-content\\\/uploads\\\/2023\\\/02\\\/2-1.jpg\",\"@id\":\"https:\\\/\\\/www.worldrally.eu\\\/index.php\\\/2022\\\/06\\\/10\\\/pierwszy-etap-dla-solansa\\\/#mainImage\",\"width\":1620,\"height\":1080},\"primaryImageOfPage\":{\"@id\":\"https:\\\/\\\/www.worldrally.eu\\\/index.php\\\/2022\\\/06\\\/10\\\/pierwszy-etap-dla-solansa\\\/#mainImage\"},\"datePublished\":\"2022-06-10T20:17:00+00:00\",\"dateModified\":\"2023-02-20T20:36:36+00:00\"},{\"@type\":\"WebSite\",\"@id\":\"https:\\\/\\\/www.worldrally.eu\\\/#website\",\"url\":\"https:\\\/\\\/www.worldrally.eu\\\/\",\"name\":\"WorldRally.eu\",\"inLanguage\":\"en-GB\",\"publisher\":{\"@id\":\"https:\\\/\\\/www.worldrally.eu\\\/#organization\"}}]}\n\t\t<\/script>\n\t\t<!-- All in One SEO -->\n\n","aioseo_head_json":{"title":"Pierwszy etap dla Solansa \u00bb WorldRally.eu","description":"Nil Solans rozpocz\u0105\u0142 bardzo dobrze rywalizacje w 78 Rajdzie Polski na Arenie Miko\u0142ajki popisuj\u0105c si\u0119 najlepszym czasem wyprzedzaj\u0105c swojego koleg\u0119 zespo\u0142owego z Kowax Racing Toma Kristenssona o zaledwie dwie dziesi\u0105te sekundy. Zawodnicy \u015bcigali si\u0119 na kr\u00f3tkim torze bardziej technicznym, jad\u0105c w parach przy ogromnej ilo\u015bci publiczno\u015bci co by\u0142o bardzo efektywne i spektakularne. Hiszpan jest obecnie","canonical_url":"https:\/\/www.worldrally.eu\/index.php\/2022\/06\/10\/pierwszy-etap-dla-solansa\/","robots":"max-image-preview:large","keywords":"","webmasterTools":{"miscellaneous":""},"schema":{"@context":"https:\/\/schema.org","@graph":[{"@type":"BlogPosting","@id":"https:\/\/www.worldrally.eu\/index.php\/2022\/06\/10\/pierwszy-etap-dla-solansa\/#blogposting","name":"Pierwszy etap dla Solansa \u00bb WorldRally.eu","headline":"Pierwszy etap dla Solansa","author":{"@id":"https:\/\/www.worldrally.eu\/index.php\/author\/jacek\/#author"},"publisher":{"@id":"https:\/\/www.worldrally.eu\/#organization"},"image":{"@type":"ImageObject","url":"https:\/\/www.worldrally.eu\/wp-content\/uploads\/2023\/02\/2-1.jpg","width":1620,"height":1080},"datePublished":"2022-06-10T20:17:00+00:00","dateModified":"2023-02-20T20:36:36+00:00","inLanguage":"en-GB","mainEntityOfPage":{"@id":"https:\/\/www.worldrally.eu\/index.php\/2022\/06\/10\/pierwszy-etap-dla-solansa\/#webpage"},"isPartOf":{"@id":"https:\/\/www.worldrally.eu\/index.php\/2022\/06\/10\/pierwszy-etap-dla-solansa\/#webpage"},"articleSection":"ERC"},{"@type":"BreadcrumbList","@id":"https:\/\/www.worldrally.eu\/index.php\/2022\/06\/10\/pierwszy-etap-dla-solansa\/#breadcrumblist","itemListElement":[{"@type":"ListItem","@id":"https:\/\/www.worldrally.eu#listItem","position":1,"name":"Home","item":"https:\/\/www.worldrally.eu","nextItem":{"@type":"ListItem","@id":"https:\/\/www.worldrally.eu\/index.php\/category\/erc\/#listItem","name":"ERC"}},{"@type":"ListItem","@id":"https:\/\/www.worldrally.eu\/index.php\/category\/erc\/#listItem","position":2,"name":"ERC","item":"https:\/\/www.worldrally.eu\/index.php\/category\/erc\/","nextItem":{"@type":"ListItem","@id":"https:\/\/www.worldrally.eu\/index.php\/2022\/06\/10\/pierwszy-etap-dla-solansa\/#listItem","name":"Pierwszy etap dla Solansa"},"previousItem":{"@type":"ListItem","@id":"https:\/\/www.worldrally.eu#listItem","name":"Home"}},{"@type":"ListItem","@id":"https:\/\/www.worldrally.eu\/index.php\/2022\/06\/10\/pierwszy-etap-dla-solansa\/#listItem","position":3,"name":"Pierwszy etap dla Solansa","previousItem":{"@type":"ListItem","@id":"https:\/\/www.worldrally.eu\/index.php\/category\/erc\/#listItem","name":"ERC"}}]},{"@type":"Organization","@id":"https:\/\/www.worldrally.eu\/#organization","name":"WorldRally.eu","url":"https:\/\/www.worldrally.eu\/","logo":{"@type":"ImageObject","url":"https:\/\/www.worldrally.eu\/wp-content\/uploads\/2026\/01\/cropped-logo-3.png","@id":"https:\/\/www.worldrally.eu\/index.php\/2022\/06\/10\/pierwszy-etap-dla-solansa\/#organizationLogo","width":2039,"height":756},"image":{"@id":"https:\/\/www.worldrally.eu\/index.php\/2022\/06\/10\/pierwszy-etap-dla-solansa\/#organizationLogo"}},{"@type":"Person","@id":"https:\/\/www.worldrally.eu\/index.php\/author\/jacek\/#author","url":"https:\/\/www.worldrally.eu\/index.php\/author\/jacek\/","name":"Jacek","image":{"@type":"ImageObject","@id":"https:\/\/www.worldrally.eu\/index.php\/2022\/06\/10\/pierwszy-etap-dla-solansa\/#authorImage","url":"https:\/\/secure.gravatar.com\/avatar\/7e4a580579d0c9624bc0b76edfd763a961e17e709b8c19c4e55064fd24596b04?s=96&d=mm&r=g","width":96,"height":96,"caption":"Jacek"}},{"@type":"WebPage","@id":"https:\/\/www.worldrally.eu\/index.php\/2022\/06\/10\/pierwszy-etap-dla-solansa\/#webpage","url":"https:\/\/www.worldrally.eu\/index.php\/2022\/06\/10\/pierwszy-etap-dla-solansa\/","name":"Pierwszy etap dla Solansa \u00bb WorldRally.eu","description":"Nil Solans rozpocz\u0105\u0142 bardzo dobrze rywalizacje w 78 Rajdzie Polski na Arenie Miko\u0142ajki popisuj\u0105c si\u0119 najlepszym czasem wyprzedzaj\u0105c swojego koleg\u0119 zespo\u0142owego z Kowax Racing Toma Kristenssona o zaledwie dwie dziesi\u0105te sekundy. Zawodnicy \u015bcigali si\u0119 na kr\u00f3tkim torze bardziej technicznym, jad\u0105c w parach przy ogromnej ilo\u015bci publiczno\u015bci co by\u0142o bardzo efektywne i spektakularne. Hiszpan jest obecnie","inLanguage":"en-GB","isPartOf":{"@id":"https:\/\/www.worldrally.eu\/#website"},"breadcrumb":{"@id":"https:\/\/www.worldrally.eu\/index.php\/2022\/06\/10\/pierwszy-etap-dla-solansa\/#breadcrumblist"},"author":{"@id":"https:\/\/www.worldrally.eu\/index.php\/author\/jacek\/#author"},"creator":{"@id":"https:\/\/www.worldrally.eu\/index.php\/author\/jacek\/#author"},"image":{"@type":"ImageObject","url":"https:\/\/www.worldrally.eu\/wp-content\/uploads\/2023\/02\/2-1.jpg","@id":"https:\/\/www.worldrally.eu\/index.php\/2022\/06\/10\/pierwszy-etap-dla-solansa\/#mainImage","width":1620,"height":1080},"primaryImageOfPage":{"@id":"https:\/\/www.worldrally.eu\/index.php\/2022\/06\/10\/pierwszy-etap-dla-solansa\/#mainImage"},"datePublished":"2022-06-10T20:17:00+00:00","dateModified":"2023-02-20T20:36:36+00:00"},{"@type":"WebSite","@id":"https:\/\/www.worldrally.eu\/#website","url":"https:\/\/www.worldrally.eu\/","name":"WorldRally.eu","inLanguage":"en-GB","publisher":{"@id":"https:\/\/www.worldrally.eu\/#organization"}}]},"og:locale":"en_GB","og:site_name":"WorldRally.eu \u00bb","og:type":"article","og:title":"Pierwszy etap dla Solansa \u00bb WorldRally.eu","og:description":"Nil Solans rozpocz\u0105\u0142 bardzo dobrze rywalizacje w 78 Rajdzie Polski na Arenie Miko\u0142ajki popisuj\u0105c si\u0119 najlepszym czasem wyprzedzaj\u0105c swojego koleg\u0119 zespo\u0142owego z Kowax Racing Toma Kristenssona o zaledwie dwie dziesi\u0105te sekundy. Zawodnicy \u015bcigali si\u0119 na kr\u00f3tkim torze bardziej technicznym, jad\u0105c w parach przy ogromnej ilo\u015bci publiczno\u015bci co by\u0142o bardzo efektywne i spektakularne. Hiszpan jest obecnie","og:url":"https:\/\/www.worldrally.eu\/index.php\/2022\/06\/10\/pierwszy-etap-dla-solansa\/","og:image":"https:\/\/www.worldrally.eu\/wp-content\/uploads\/2023\/02\/2-1.jpg","og:image:secure_url":"https:\/\/www.worldrally.eu\/wp-content\/uploads\/2023\/02\/2-1.jpg","og:image:width":1620,"og:image:height":1080,"article:published_time":"2022-06-10T20:17:00+00:00","article:modified_time":"2023-02-20T20:36:36+00:00","twitter:card":"summary_large_image","twitter:title":"Pierwszy etap dla Solansa \u00bb WorldRally.eu","twitter:description":"Nil Solans rozpocz\u0105\u0142 bardzo dobrze rywalizacje w 78 Rajdzie Polski na Arenie Miko\u0142ajki popisuj\u0105c si\u0119 najlepszym czasem wyprzedzaj\u0105c swojego koleg\u0119 zespo\u0142owego z Kowax Racing Toma Kristenssona o zaledwie dwie dziesi\u0105te sekundy. Zawodnicy \u015bcigali si\u0119 na kr\u00f3tkim torze bardziej technicznym, jad\u0105c w parach przy ogromnej ilo\u015bci publiczno\u015bci co by\u0142o bardzo efektywne i spektakularne. Hiszpan jest obecnie","twitter:image":"https:\/\/www.worldrally.eu\/wp-content\/uploads\/2023\/02\/2-1.jpg"},"aioseo_meta_data":{"post_id":"474","title":null,"description":null,"keywords":null,"keyphrases":null,"primary_term":null,"canonical_url":null,"og_title":null,"og_description":null,"og_object_type":"default","og_image_type":"default","og_image_url":null,"og_image_width":null,"og_image_height":null,"og_image_custom_url":null,"og_image_custom_fields":null,"og_video":null,"og_custom_url":null,"og_article_section":null,"og_article_tags":null,"twitter_use_og":false,"twitter_card":"default","twitter_image_type":"default","twitter_image_url":null,"twitter_image_custom_url":null,"twitter_image_custom_fields":null,"twitter_title":null,"twitter_description":null,"schema":{"blockGraphs":[],"customGraphs":[],"default":{"data":{"Article":[],"Course":[],"Dataset":[],"FAQPage":[],"Movie":[],"Person":[],"Product":[],"ProductReview":[],"Car":[],"Recipe":[],"Service":[],"SoftwareApplication":[],"WebPage":[]},"graphName":"","isEnabled":true},"graphs":[]},"schema_type":"default","schema_type_options":null,"pillar_content":false,"robots_default":true,"robots_noindex":false,"robots_noarchive":false,"robots_nosnippet":false,"robots_nofollow":false,"robots_noimageindex":false,"robots_noodp":false,"robots_notranslate":false,"robots_max_snippet":null,"robots_max_videopreview":null,"robots_max_imagepreview":"large","priority":null,"frequency":null,"local_seo":null,"breadcrumb_settings":null,"limit_modified_date":false,"ai":null,"created":"2025-03-22 05:50:12","updated":"2025-10-26 08:15:40","seo_analyzer_scan_date":null},"aioseo_breadcrumb":"<div class=\"aioseo-breadcrumbs\"><span class=\"aioseo-breadcrumb\">\n\t\t\t<a href=\"https:\/\/www.worldrally.eu\" title=\"Home\">Home<\/a>\n\t\t<\/span><span class=\"aioseo-breadcrumb-separator\">&raquo;<\/span><span class=\"aioseo-breadcrumb\">\n\t\t\t<a href=\"https:\/\/www.worldrally.eu\/index.php\/category\/erc\/\" title=\"ERC\">ERC<\/a>\n\t\t<\/span><span class=\"aioseo-breadcrumb-separator\">&raquo;<\/span><span class=\"aioseo-breadcrumb\">\n\t\t\tPierwszy etap dla Solansa\n\t\t<\/span><\/div>","aioseo_breadcrumb_json":[{"label":"Home","link":"https:\/\/www.worldrally.eu"},{"label":"ERC","link":"https:\/\/www.worldrally.eu\/index.php\/category\/erc\/"},{"label":"Pierwszy etap dla Solansa","link":"https:\/\/www.worldrally.eu\/index.php\/2022\/06\/10\/pierwszy-etap-dla-solansa\/"}],"cc_featured_image_caption":{"caption_text":"Foto - PhotoMS \/ Adam Owczarek","source_text":"","source_url":""},"_links":{"self":[{"href":"https:\/\/www.worldrally.eu\/index.php\/wp-json\/wp\/v2\/posts\/474","targetHints":{"allow":["GET"]}}],"collection":[{"href":"https:\/\/www.worldrally.eu\/index.php\/wp-json\/wp\/v2\/posts"}],"about":[{"href":"https:\/\/www.worldrally.eu\/index.php\/wp-json\/wp\/v2\/types\/post"}],"author":[{"embeddable":true,"href":"https:\/\/www.worldrally.eu\/index.php\/wp-json\/wp\/v2\/users\/3"}],"replies":[{"embeddable":true,"href":"https:\/\/www.worldrally.eu\/index.php\/wp-json\/wp\/v2\/comments?post=474"}],"version-history":[{"count":1,"href":"https:\/\/www.worldrally.eu\/index.php\/wp-json\/wp\/v2\/posts\/474\/revisions"}],"predecessor-version":[{"id":477,"href":"https:\/\/www.worldrally.eu\/index.php\/wp-json\/wp\/v2\/posts\/474\/revisions\/477"}],"wp:featuredmedia":[{"embeddable":true,"href":"https:\/\/www.worldrally.eu\/index.php\/wp-json\/wp\/v2\/media\/475"}],"wp:attachment":[{"href":"https:\/\/www.worldrally.eu\/index.php\/wp-json\/wp\/v2\/media?parent=474"}],"wp:term":[{"taxonomy":"category","embeddable":true,"href":"https:\/\/www.worldrally.eu\/index.php\/wp-json\/wp\/v2\/categories?post=474"},{"taxonomy":"post_tag","embeddable":true,"href":"https:\/\/www.worldrally.eu\/index.php\/wp-json\/wp\/v2\/tags?post=474"}],"curies":[{"name":"wp","href":"https:\/\/api.w.org\/{rel}","templated":true}]}}