{"id":465,"date":"2022-06-10T19:55:00","date_gmt":"2022-06-10T19:55:00","guid":{"rendered":"https:\/\/www.worldrally.eu\/?p=465"},"modified":"2023-02-20T20:17:51","modified_gmt":"2023-02-20T20:17:51","slug":"solans-najszybszy-w-kwalifikacjach","status":"publish","type":"post","link":"https:\/\/www.worldrally.eu\/index.php\/2022\/06\/10\/solans-najszybszy-w-kwalifikacjach\/","title":{"rendered":"Solans najszybszy w kwalifikacjach"},"content":{"rendered":"\n<p class=\"wp-block-paragraph\">Hiszpan Nil Solan debiutuj\u0105cy z nowym zespo\u0142em Kowax Racing bardzo mocno uderzy\u0142 w konkurencje pozostawiaj\u0105c wszystkich do\u015b\u0107 daleko w tyle z przewag\u0105 ponad 1.8 sekundy zaledwie na odcinku licz\u0105cym 3,46 kilometra.<\/p>\n\n\n\n<p class=\"wp-block-paragraph\">Solans tym razem zasiad\u0142 za kierownic\u0119 Hyundai i20 N Rally2 takim samym jakim te\u017c jedzie w 78 Rajdzie Polski Szwecki kierowca rajdowy Tom Kristensson.<\/p>\n\n\n\n<figure class=\"wp-block-image size-large\"><img fetchpriority=\"high\" decoding=\"async\" width=\"1024\" height=\"683\" src=\"https:\/\/www.worldrally.eu\/wp-content\/uploads\/2023\/02\/1-2-1024x683.jpg\" alt=\"\" class=\"wp-image-467\" srcset=\"https:\/\/www.worldrally.eu\/wp-content\/uploads\/2023\/02\/1-2-1024x683.jpg 1024w, https:\/\/www.worldrally.eu\/wp-content\/uploads\/2023\/02\/1-2-300x200.jpg 300w, https:\/\/www.worldrally.eu\/wp-content\/uploads\/2023\/02\/1-2-768x512.jpg 768w, https:\/\/www.worldrally.eu\/wp-content\/uploads\/2023\/02\/1-2-1536x1024.jpg 1536w, https:\/\/www.worldrally.eu\/wp-content\/uploads\/2023\/02\/1-2-446x297.jpg 446w, https:\/\/www.worldrally.eu\/wp-content\/uploads\/2023\/02\/1-2.jpg 1620w\" sizes=\"(max-width: 1024px) 100vw, 1024px\" \/><figcaption class=\"wp-element-caption\">Foto &#8211; PhotoMS \/ Adam Owczarek \/ 78 Rally Poland ERC \/ Tom Kristensson<\/figcaption><\/figure>\n\n\n\n<p class=\"wp-block-paragraph\">Miejscowy kierowca Miko Marczyk zasygnalizowa\u0142 sw\u00f3j powr\u00f3t do ERC, ustanawiaj\u0105c drugi najlepszy czas w swojej \u0160kodzie Fabia Rally2. Marczyk w zesz\u0142ym roku zaj\u0105\u0142 tu trzecie miejsce i startuje w rajdzie jako faworyt.<\/p>\n\n\n\n<figure class=\"wp-block-image size-large\"><img decoding=\"async\" width=\"1024\" height=\"683\" src=\"https:\/\/www.worldrally.eu\/wp-content\/uploads\/2023\/02\/32-1024x683.jpg\" alt=\"\" class=\"wp-image-468\" srcset=\"https:\/\/www.worldrally.eu\/wp-content\/uploads\/2023\/02\/32-1024x683.jpg 1024w, https:\/\/www.worldrally.eu\/wp-content\/uploads\/2023\/02\/32-300x200.jpg 300w, https:\/\/www.worldrally.eu\/wp-content\/uploads\/2023\/02\/32-768x512.jpg 768w, https:\/\/www.worldrally.eu\/wp-content\/uploads\/2023\/02\/32-1536x1024.jpg 1536w, https:\/\/www.worldrally.eu\/wp-content\/uploads\/2023\/02\/32-446x297.jpg 446w, https:\/\/www.worldrally.eu\/wp-content\/uploads\/2023\/02\/32.jpg 1620w\" sizes=\"(max-width: 1024px) 100vw, 1024px\" \/><figcaption class=\"wp-element-caption\">Foto &#8211; PhotoMS \/ Adam Owczarek \/ 78 Rally Poland ERC \/ Miko Marczyk<\/figcaption><\/figure>\n\n\n\n<p class=\"wp-block-paragraph\">Z trzecim czasem zakwalifikowa\u0142 si\u0119 kolejny Polak Adrian Chwietczuk jad\u0105cy podobnie jak faworyt autem marki Skoda.<\/p>\n\n\n\n<figure class=\"wp-block-image size-large\"><img decoding=\"async\" width=\"1024\" height=\"640\" src=\"https:\/\/www.worldrally.eu\/wp-content\/uploads\/2023\/02\/8-1-1024x640.jpg\" alt=\"\" class=\"wp-image-469\" srcset=\"https:\/\/www.worldrally.eu\/wp-content\/uploads\/2023\/02\/8-1-1024x640.jpg 1024w, https:\/\/www.worldrally.eu\/wp-content\/uploads\/2023\/02\/8-1-300x187.jpg 300w, https:\/\/www.worldrally.eu\/wp-content\/uploads\/2023\/02\/8-1-768x480.jpg 768w, https:\/\/www.worldrally.eu\/wp-content\/uploads\/2023\/02\/8-1-1536x959.jpg 1536w, https:\/\/www.worldrally.eu\/wp-content\/uploads\/2023\/02\/8-1.jpg 1729w\" sizes=\"(max-width: 1024px) 100vw, 1024px\" \/><figcaption class=\"wp-element-caption\">Foto &#8211; PhotoMS \/ Adam Owczarek \/ 78 Rally Poland ERC \/ Adrian Chwietczuk<\/figcaption><\/figure>\n\n\n\n<figure class=\"wp-block-table\"><table><tbody><tr><td><strong>1.<\/strong><\/td><td>Nil SOLANS (ESP) \/ Marc MART\u00cd (ESP)<\/td><td>Hyundai i20 N Rally2<\/td><td>1min 59.863sec<\/td><\/tr><tr><td><strong>2.<\/strong><\/td><td>Miko MARCZYK (POL) \/ Szymon GOSPODARCZYK (POL)<\/td><td>\u0160koda Fabia Rally2<\/td><td>+1.825sec<\/td><\/tr><tr><td><strong>3.<\/strong><\/td><td>Adrian CHWIETCZUK (POL) \/ Damian SYTY (POL)<\/td><td>\u0160koda Fabia Rally2<\/td><td>+1.99sec<\/td><\/tr><tr><td><strong>4.<\/strong><\/td><td>Norbert HERCZIG (HUN) \/ Igor BACIG\u00c1L (SVK)<\/td><td>\u0160koda Fabia Rally2<\/td><td>+2.584sec<\/td><\/tr><tr><td><strong>5.<\/strong><\/td><td>Ken TORN (EST) \/ Kauri PANNAS (EST)<\/td><td>Ford Fiesta Rally2<\/td><td>+2.707sec<\/td><\/tr><tr><td><strong>6<\/strong><\/td><td>Tom KRISTENSSON (SWE) \/ Andreas JOHANSSON (SWE)&nbsp;<\/td><td>Hyundai i20 R5<\/td><td>+2.749sec<\/td><\/tr><tr><td><strong>7.<\/strong><\/td><td>Simone TEMPESTINI (ROU) \/ Sergi ITU (ROU)<\/td><td>\u0160koda Fabia Rally2<\/td><td>+3.202sec<\/td><\/tr><tr><td><strong>8.<\/strong><\/td><td>Efr\u00e9n LLARENA (ESP) \/ Sara FERN\u00c1NDEZ (ESP)<\/td><td>\u0160koda Fabia Rally2<\/td><td>+3.439sec<\/td><\/tr><tr><td><strong>9.<\/strong><\/td><td>Alberto BATTISTOLLI (ITA) \/ Simone SCATTOLIN (ITA)<\/td><td>\u0160koda Fabia Rally2<\/td><td>+3.563sec<\/td><\/tr><tr><td><strong>10.<\/strong><\/td><td>Grzegorz GRZYB (POL) \/ Adam BINIEDA (POL)<\/td><td>\u0160koda Fabia Rally2<\/td><td>+3.907sec<\/td><\/tr><\/tbody><\/table><\/figure>\n","protected":false},"excerpt":{"rendered":"<p>Hiszpan Nil Solan debiutuj\u0105cy z nowym zespo\u0142em Kowax Racing bardzo mocno uderzy\u0142 w konkurencje pozostawiaj\u0105c wszystkich do\u015b\u0107 daleko w tyle z przewag\u0105 ponad 1.8 sekundy zaledwie na odcinku licz\u0105cym 3,46 kilometra. Solans tym razem zasiad\u0142 za kierownic\u0119 Hyundai i20 N Rally2 takim samym jakim te\u017c jedzie w 78 Rajdzie Polski Szwecki kierowca rajdowy Tom Kristensson. [&hellip;]<\/p>\n","protected":false},"author":2,"featured_media":466,"comment_status":"closed","ping_status":"closed","sticky":false,"template":"","format":"standard","meta":{"_monsterinsights_skip_tracking":false,"_monsterinsights_sitenote_active":false,"_monsterinsights_sitenote_note":"","_monsterinsights_sitenote_category":0,"footnotes":""},"categories":[4],"tags":[],"class_list":["post-465","post","type-post","status-publish","format-standard","has-post-thumbnail","hentry","category-erc"],"aioseo_notices":[],"aioseo_head":"\n\t\t<!-- All in One SEO 4.9.9 - aioseo.com -->\n\t<meta name=\"description\" content=\"Hiszpan Nil Solan debiutuj\u0105cy z nowym zespo\u0142em Kowax Racing bardzo mocno uderzy\u0142 w konkurencje pozostawiaj\u0105c wszystkich do\u015b\u0107 daleko w tyle z przewag\u0105 ponad 1.8 sekundy zaledwie na odcinku licz\u0105cym 3,46 kilometra. Solans tym razem zasiad\u0142 za kierownic\u0119 Hyundai i20 N Rally2 takim samym jakim te\u017c jedzie w 78 Rajdzie Polski Szwecki kierowca rajdowy Tom Kristensson.\" \/>\n\t<meta name=\"robots\" content=\"max-image-preview:large\" \/>\n\t<meta name=\"author\" content=\"Magdalena\"\/>\n\t<link rel=\"canonical\" href=\"https:\/\/www.worldrally.eu\/index.php\/2022\/06\/10\/solans-najszybszy-w-kwalifikacjach\/\" \/>\n\t<meta name=\"generator\" content=\"All in One SEO (AIOSEO) 4.9.9\" \/>\n\t\t<meta property=\"og:locale\" content=\"en_GB\" \/>\n\t\t<meta property=\"og:site_name\" content=\"WorldRally.eu \u00bb\" \/>\n\t\t<meta property=\"og:type\" content=\"article\" \/>\n\t\t<meta property=\"og:title\" content=\"Solans najszybszy w kwalifikacjach \u00bb WorldRally.eu\" \/>\n\t\t<meta property=\"og:description\" content=\"Hiszpan Nil Solan debiutuj\u0105cy z nowym zespo\u0142em Kowax Racing bardzo mocno uderzy\u0142 w konkurencje pozostawiaj\u0105c wszystkich do\u015b\u0107 daleko w tyle z przewag\u0105 ponad 1.8 sekundy zaledwie na odcinku licz\u0105cym 3,46 kilometra. Solans tym razem zasiad\u0142 za kierownic\u0119 Hyundai i20 N Rally2 takim samym jakim te\u017c jedzie w 78 Rajdzie Polski Szwecki kierowca rajdowy Tom Kristensson.\" \/>\n\t\t<meta property=\"og:url\" content=\"https:\/\/www.worldrally.eu\/index.php\/2022\/06\/10\/solans-najszybszy-w-kwalifikacjach\/\" \/>\n\t\t<meta property=\"og:image\" content=\"https:\/\/www.worldrally.eu\/wp-content\/uploads\/2023\/02\/4-1.jpg\" \/>\n\t\t<meta property=\"og:image:secure_url\" content=\"https:\/\/www.worldrally.eu\/wp-content\/uploads\/2023\/02\/4-1.jpg\" \/>\n\t\t<meta property=\"og:image:width\" content=\"1703\" \/>\n\t\t<meta property=\"og:image:height\" content=\"1080\" \/>\n\t\t<meta property=\"article:published_time\" content=\"2022-06-10T19:55:00+00:00\" \/>\n\t\t<meta property=\"article:modified_time\" content=\"2023-02-20T20:17:51+00:00\" \/>\n\t\t<meta name=\"twitter:card\" content=\"summary_large_image\" \/>\n\t\t<meta name=\"twitter:title\" content=\"Solans najszybszy w kwalifikacjach \u00bb WorldRally.eu\" \/>\n\t\t<meta name=\"twitter:description\" content=\"Hiszpan Nil Solan debiutuj\u0105cy z nowym zespo\u0142em Kowax Racing bardzo mocno uderzy\u0142 w konkurencje pozostawiaj\u0105c wszystkich do\u015b\u0107 daleko w tyle z przewag\u0105 ponad 1.8 sekundy zaledwie na odcinku licz\u0105cym 3,46 kilometra. Solans tym razem zasiad\u0142 za kierownic\u0119 Hyundai i20 N Rally2 takim samym jakim te\u017c jedzie w 78 Rajdzie Polski Szwecki kierowca rajdowy Tom Kristensson.\" \/>\n\t\t<meta name=\"twitter:image\" content=\"https:\/\/www.worldrally.eu\/wp-content\/uploads\/2023\/02\/4-1.jpg\" \/>\n\t\t<script type=\"application\/ld+json\" class=\"aioseo-schema\">\n\t\t\t{\"@context\":\"https:\\\/\\\/schema.org\",\"@graph\":[{\"@type\":\"BlogPosting\",\"@id\":\"https:\\\/\\\/www.worldrally.eu\\\/index.php\\\/2022\\\/06\\\/10\\\/solans-najszybszy-w-kwalifikacjach\\\/#blogposting\",\"name\":\"Solans najszybszy w kwalifikacjach \\u00bb WorldRally.eu\",\"headline\":\"Solans najszybszy w kwalifikacjach\",\"author\":{\"@id\":\"https:\\\/\\\/www.worldrally.eu\\\/index.php\\\/author\\\/magdalena\\\/#author\"},\"publisher\":{\"@id\":\"https:\\\/\\\/www.worldrally.eu\\\/#organization\"},\"image\":{\"@type\":\"ImageObject\",\"url\":\"https:\\\/\\\/www.worldrally.eu\\\/wp-content\\\/uploads\\\/2023\\\/02\\\/4-1.jpg\",\"width\":1703,\"height\":1080},\"datePublished\":\"2022-06-10T19:55:00+00:00\",\"dateModified\":\"2023-02-20T20:17:51+00:00\",\"inLanguage\":\"en-GB\",\"mainEntityOfPage\":{\"@id\":\"https:\\\/\\\/www.worldrally.eu\\\/index.php\\\/2022\\\/06\\\/10\\\/solans-najszybszy-w-kwalifikacjach\\\/#webpage\"},\"isPartOf\":{\"@id\":\"https:\\\/\\\/www.worldrally.eu\\\/index.php\\\/2022\\\/06\\\/10\\\/solans-najszybszy-w-kwalifikacjach\\\/#webpage\"},\"articleSection\":\"ERC\"},{\"@type\":\"BreadcrumbList\",\"@id\":\"https:\\\/\\\/www.worldrally.eu\\\/index.php\\\/2022\\\/06\\\/10\\\/solans-najszybszy-w-kwalifikacjach\\\/#breadcrumblist\",\"itemListElement\":[{\"@type\":\"ListItem\",\"@id\":\"https:\\\/\\\/www.worldrally.eu#listItem\",\"position\":1,\"name\":\"Home\",\"item\":\"https:\\\/\\\/www.worldrally.eu\",\"nextItem\":{\"@type\":\"ListItem\",\"@id\":\"https:\\\/\\\/www.worldrally.eu\\\/index.php\\\/category\\\/erc\\\/#listItem\",\"name\":\"ERC\"}},{\"@type\":\"ListItem\",\"@id\":\"https:\\\/\\\/www.worldrally.eu\\\/index.php\\\/category\\\/erc\\\/#listItem\",\"position\":2,\"name\":\"ERC\",\"item\":\"https:\\\/\\\/www.worldrally.eu\\\/index.php\\\/category\\\/erc\\\/\",\"nextItem\":{\"@type\":\"ListItem\",\"@id\":\"https:\\\/\\\/www.worldrally.eu\\\/index.php\\\/2022\\\/06\\\/10\\\/solans-najszybszy-w-kwalifikacjach\\\/#listItem\",\"name\":\"Solans najszybszy w kwalifikacjach\"},\"previousItem\":{\"@type\":\"ListItem\",\"@id\":\"https:\\\/\\\/www.worldrally.eu#listItem\",\"name\":\"Home\"}},{\"@type\":\"ListItem\",\"@id\":\"https:\\\/\\\/www.worldrally.eu\\\/index.php\\\/2022\\\/06\\\/10\\\/solans-najszybszy-w-kwalifikacjach\\\/#listItem\",\"position\":3,\"name\":\"Solans najszybszy w kwalifikacjach\",\"previousItem\":{\"@type\":\"ListItem\",\"@id\":\"https:\\\/\\\/www.worldrally.eu\\\/index.php\\\/category\\\/erc\\\/#listItem\",\"name\":\"ERC\"}}]},{\"@type\":\"Organization\",\"@id\":\"https:\\\/\\\/www.worldrally.eu\\\/#organization\",\"name\":\"WorldRally.eu\",\"url\":\"https:\\\/\\\/www.worldrally.eu\\\/\",\"logo\":{\"@type\":\"ImageObject\",\"url\":\"https:\\\/\\\/www.worldrally.eu\\\/wp-content\\\/uploads\\\/2026\\\/01\\\/cropped-logo-3.png\",\"@id\":\"https:\\\/\\\/www.worldrally.eu\\\/index.php\\\/2022\\\/06\\\/10\\\/solans-najszybszy-w-kwalifikacjach\\\/#organizationLogo\",\"width\":2039,\"height\":756},\"image\":{\"@id\":\"https:\\\/\\\/www.worldrally.eu\\\/index.php\\\/2022\\\/06\\\/10\\\/solans-najszybszy-w-kwalifikacjach\\\/#organizationLogo\"}},{\"@type\":\"Person\",\"@id\":\"https:\\\/\\\/www.worldrally.eu\\\/index.php\\\/author\\\/magdalena\\\/#author\",\"url\":\"https:\\\/\\\/www.worldrally.eu\\\/index.php\\\/author\\\/magdalena\\\/\",\"name\":\"Magdalena\",\"image\":{\"@type\":\"ImageObject\",\"@id\":\"https:\\\/\\\/www.worldrally.eu\\\/index.php\\\/2022\\\/06\\\/10\\\/solans-najszybszy-w-kwalifikacjach\\\/#authorImage\",\"url\":\"https:\\\/\\\/secure.gravatar.com\\\/avatar\\\/853239b46cec38ba30b48d2b091f5538817cc78bdc0944c9ef7408579307e2ea?s=96&d=mm&r=g\",\"width\":96,\"height\":96,\"caption\":\"Magdalena\"}},{\"@type\":\"WebPage\",\"@id\":\"https:\\\/\\\/www.worldrally.eu\\\/index.php\\\/2022\\\/06\\\/10\\\/solans-najszybszy-w-kwalifikacjach\\\/#webpage\",\"url\":\"https:\\\/\\\/www.worldrally.eu\\\/index.php\\\/2022\\\/06\\\/10\\\/solans-najszybszy-w-kwalifikacjach\\\/\",\"name\":\"Solans najszybszy w kwalifikacjach \\u00bb WorldRally.eu\",\"description\":\"Hiszpan Nil Solan debiutuj\\u0105cy z nowym zespo\\u0142em Kowax Racing bardzo mocno uderzy\\u0142 w konkurencje pozostawiaj\\u0105c wszystkich do\\u015b\\u0107 daleko w tyle z przewag\\u0105 ponad 1.8 sekundy zaledwie na odcinku licz\\u0105cym 3,46 kilometra. Solans tym razem zasiad\\u0142 za kierownic\\u0119 Hyundai i20 N Rally2 takim samym jakim te\\u017c jedzie w 78 Rajdzie Polski Szwecki kierowca rajdowy Tom Kristensson.\",\"inLanguage\":\"en-GB\",\"isPartOf\":{\"@id\":\"https:\\\/\\\/www.worldrally.eu\\\/#website\"},\"breadcrumb\":{\"@id\":\"https:\\\/\\\/www.worldrally.eu\\\/index.php\\\/2022\\\/06\\\/10\\\/solans-najszybszy-w-kwalifikacjach\\\/#breadcrumblist\"},\"author\":{\"@id\":\"https:\\\/\\\/www.worldrally.eu\\\/index.php\\\/author\\\/magdalena\\\/#author\"},\"creator\":{\"@id\":\"https:\\\/\\\/www.worldrally.eu\\\/index.php\\\/author\\\/magdalena\\\/#author\"},\"image\":{\"@type\":\"ImageObject\",\"url\":\"https:\\\/\\\/www.worldrally.eu\\\/wp-content\\\/uploads\\\/2023\\\/02\\\/4-1.jpg\",\"@id\":\"https:\\\/\\\/www.worldrally.eu\\\/index.php\\\/2022\\\/06\\\/10\\\/solans-najszybszy-w-kwalifikacjach\\\/#mainImage\",\"width\":1703,\"height\":1080},\"primaryImageOfPage\":{\"@id\":\"https:\\\/\\\/www.worldrally.eu\\\/index.php\\\/2022\\\/06\\\/10\\\/solans-najszybszy-w-kwalifikacjach\\\/#mainImage\"},\"datePublished\":\"2022-06-10T19:55:00+00:00\",\"dateModified\":\"2023-02-20T20:17:51+00:00\"},{\"@type\":\"WebSite\",\"@id\":\"https:\\\/\\\/www.worldrally.eu\\\/#website\",\"url\":\"https:\\\/\\\/www.worldrally.eu\\\/\",\"name\":\"WorldRally.eu\",\"inLanguage\":\"en-GB\",\"publisher\":{\"@id\":\"https:\\\/\\\/www.worldrally.eu\\\/#organization\"}}]}\n\t\t<\/script>\n\t\t<!-- All in One SEO -->\n\n","aioseo_head_json":{"title":"Solans najszybszy w kwalifikacjach \u00bb WorldRally.eu","description":"Hiszpan Nil Solan debiutuj\u0105cy z nowym zespo\u0142em Kowax Racing bardzo mocno uderzy\u0142 w konkurencje pozostawiaj\u0105c wszystkich do\u015b\u0107 daleko w tyle z przewag\u0105 ponad 1.8 sekundy zaledwie na odcinku licz\u0105cym 3,46 kilometra. Solans tym razem zasiad\u0142 za kierownic\u0119 Hyundai i20 N Rally2 takim samym jakim te\u017c jedzie w 78 Rajdzie Polski Szwecki kierowca rajdowy Tom Kristensson.","canonical_url":"https:\/\/www.worldrally.eu\/index.php\/2022\/06\/10\/solans-najszybszy-w-kwalifikacjach\/","robots":"max-image-preview:large","keywords":"","webmasterTools":{"miscellaneous":""},"schema":{"@context":"https:\/\/schema.org","@graph":[{"@type":"BlogPosting","@id":"https:\/\/www.worldrally.eu\/index.php\/2022\/06\/10\/solans-najszybszy-w-kwalifikacjach\/#blogposting","name":"Solans najszybszy w kwalifikacjach \u00bb WorldRally.eu","headline":"Solans najszybszy w kwalifikacjach","author":{"@id":"https:\/\/www.worldrally.eu\/index.php\/author\/magdalena\/#author"},"publisher":{"@id":"https:\/\/www.worldrally.eu\/#organization"},"image":{"@type":"ImageObject","url":"https:\/\/www.worldrally.eu\/wp-content\/uploads\/2023\/02\/4-1.jpg","width":1703,"height":1080},"datePublished":"2022-06-10T19:55:00+00:00","dateModified":"2023-02-20T20:17:51+00:00","inLanguage":"en-GB","mainEntityOfPage":{"@id":"https:\/\/www.worldrally.eu\/index.php\/2022\/06\/10\/solans-najszybszy-w-kwalifikacjach\/#webpage"},"isPartOf":{"@id":"https:\/\/www.worldrally.eu\/index.php\/2022\/06\/10\/solans-najszybszy-w-kwalifikacjach\/#webpage"},"articleSection":"ERC"},{"@type":"BreadcrumbList","@id":"https:\/\/www.worldrally.eu\/index.php\/2022\/06\/10\/solans-najszybszy-w-kwalifikacjach\/#breadcrumblist","itemListElement":[{"@type":"ListItem","@id":"https:\/\/www.worldrally.eu#listItem","position":1,"name":"Home","item":"https:\/\/www.worldrally.eu","nextItem":{"@type":"ListItem","@id":"https:\/\/www.worldrally.eu\/index.php\/category\/erc\/#listItem","name":"ERC"}},{"@type":"ListItem","@id":"https:\/\/www.worldrally.eu\/index.php\/category\/erc\/#listItem","position":2,"name":"ERC","item":"https:\/\/www.worldrally.eu\/index.php\/category\/erc\/","nextItem":{"@type":"ListItem","@id":"https:\/\/www.worldrally.eu\/index.php\/2022\/06\/10\/solans-najszybszy-w-kwalifikacjach\/#listItem","name":"Solans najszybszy w kwalifikacjach"},"previousItem":{"@type":"ListItem","@id":"https:\/\/www.worldrally.eu#listItem","name":"Home"}},{"@type":"ListItem","@id":"https:\/\/www.worldrally.eu\/index.php\/2022\/06\/10\/solans-najszybszy-w-kwalifikacjach\/#listItem","position":3,"name":"Solans najszybszy w kwalifikacjach","previousItem":{"@type":"ListItem","@id":"https:\/\/www.worldrally.eu\/index.php\/category\/erc\/#listItem","name":"ERC"}}]},{"@type":"Organization","@id":"https:\/\/www.worldrally.eu\/#organization","name":"WorldRally.eu","url":"https:\/\/www.worldrally.eu\/","logo":{"@type":"ImageObject","url":"https:\/\/www.worldrally.eu\/wp-content\/uploads\/2026\/01\/cropped-logo-3.png","@id":"https:\/\/www.worldrally.eu\/index.php\/2022\/06\/10\/solans-najszybszy-w-kwalifikacjach\/#organizationLogo","width":2039,"height":756},"image":{"@id":"https:\/\/www.worldrally.eu\/index.php\/2022\/06\/10\/solans-najszybszy-w-kwalifikacjach\/#organizationLogo"}},{"@type":"Person","@id":"https:\/\/www.worldrally.eu\/index.php\/author\/magdalena\/#author","url":"https:\/\/www.worldrally.eu\/index.php\/author\/magdalena\/","name":"Magdalena","image":{"@type":"ImageObject","@id":"https:\/\/www.worldrally.eu\/index.php\/2022\/06\/10\/solans-najszybszy-w-kwalifikacjach\/#authorImage","url":"https:\/\/secure.gravatar.com\/avatar\/853239b46cec38ba30b48d2b091f5538817cc78bdc0944c9ef7408579307e2ea?s=96&d=mm&r=g","width":96,"height":96,"caption":"Magdalena"}},{"@type":"WebPage","@id":"https:\/\/www.worldrally.eu\/index.php\/2022\/06\/10\/solans-najszybszy-w-kwalifikacjach\/#webpage","url":"https:\/\/www.worldrally.eu\/index.php\/2022\/06\/10\/solans-najszybszy-w-kwalifikacjach\/","name":"Solans najszybszy w kwalifikacjach \u00bb WorldRally.eu","description":"Hiszpan Nil Solan debiutuj\u0105cy z nowym zespo\u0142em Kowax Racing bardzo mocno uderzy\u0142 w konkurencje pozostawiaj\u0105c wszystkich do\u015b\u0107 daleko w tyle z przewag\u0105 ponad 1.8 sekundy zaledwie na odcinku licz\u0105cym 3,46 kilometra. Solans tym razem zasiad\u0142 za kierownic\u0119 Hyundai i20 N Rally2 takim samym jakim te\u017c jedzie w 78 Rajdzie Polski Szwecki kierowca rajdowy Tom Kristensson.","inLanguage":"en-GB","isPartOf":{"@id":"https:\/\/www.worldrally.eu\/#website"},"breadcrumb":{"@id":"https:\/\/www.worldrally.eu\/index.php\/2022\/06\/10\/solans-najszybszy-w-kwalifikacjach\/#breadcrumblist"},"author":{"@id":"https:\/\/www.worldrally.eu\/index.php\/author\/magdalena\/#author"},"creator":{"@id":"https:\/\/www.worldrally.eu\/index.php\/author\/magdalena\/#author"},"image":{"@type":"ImageObject","url":"https:\/\/www.worldrally.eu\/wp-content\/uploads\/2023\/02\/4-1.jpg","@id":"https:\/\/www.worldrally.eu\/index.php\/2022\/06\/10\/solans-najszybszy-w-kwalifikacjach\/#mainImage","width":1703,"height":1080},"primaryImageOfPage":{"@id":"https:\/\/www.worldrally.eu\/index.php\/2022\/06\/10\/solans-najszybszy-w-kwalifikacjach\/#mainImage"},"datePublished":"2022-06-10T19:55:00+00:00","dateModified":"2023-02-20T20:17:51+00:00"},{"@type":"WebSite","@id":"https:\/\/www.worldrally.eu\/#website","url":"https:\/\/www.worldrally.eu\/","name":"WorldRally.eu","inLanguage":"en-GB","publisher":{"@id":"https:\/\/www.worldrally.eu\/#organization"}}]},"og:locale":"en_GB","og:site_name":"WorldRally.eu \u00bb","og:type":"article","og:title":"Solans najszybszy w kwalifikacjach \u00bb WorldRally.eu","og:description":"Hiszpan Nil Solan debiutuj\u0105cy z nowym zespo\u0142em Kowax Racing bardzo mocno uderzy\u0142 w konkurencje pozostawiaj\u0105c wszystkich do\u015b\u0107 daleko w tyle z przewag\u0105 ponad 1.8 sekundy zaledwie na odcinku licz\u0105cym 3,46 kilometra. Solans tym razem zasiad\u0142 za kierownic\u0119 Hyundai i20 N Rally2 takim samym jakim te\u017c jedzie w 78 Rajdzie Polski Szwecki kierowca rajdowy Tom Kristensson.","og:url":"https:\/\/www.worldrally.eu\/index.php\/2022\/06\/10\/solans-najszybszy-w-kwalifikacjach\/","og:image":"https:\/\/www.worldrally.eu\/wp-content\/uploads\/2023\/02\/4-1.jpg","og:image:secure_url":"https:\/\/www.worldrally.eu\/wp-content\/uploads\/2023\/02\/4-1.jpg","og:image:width":1703,"og:image:height":1080,"article:published_time":"2022-06-10T19:55:00+00:00","article:modified_time":"2023-02-20T20:17:51+00:00","twitter:card":"summary_large_image","twitter:title":"Solans najszybszy w kwalifikacjach \u00bb WorldRally.eu","twitter:description":"Hiszpan Nil Solan debiutuj\u0105cy z nowym zespo\u0142em Kowax Racing bardzo mocno uderzy\u0142 w konkurencje pozostawiaj\u0105c wszystkich do\u015b\u0107 daleko w tyle z przewag\u0105 ponad 1.8 sekundy zaledwie na odcinku licz\u0105cym 3,46 kilometra. Solans tym razem zasiad\u0142 za kierownic\u0119 Hyundai i20 N Rally2 takim samym jakim te\u017c jedzie w 78 Rajdzie Polski Szwecki kierowca rajdowy Tom Kristensson.","twitter:image":"https:\/\/www.worldrally.eu\/wp-content\/uploads\/2023\/02\/4-1.jpg"},"aioseo_meta_data":{"post_id":"465","title":null,"description":null,"keywords":null,"keyphrases":null,"primary_term":null,"canonical_url":null,"og_title":null,"og_description":null,"og_object_type":"default","og_image_type":"default","og_image_url":null,"og_image_width":null,"og_image_height":null,"og_image_custom_url":null,"og_image_custom_fields":null,"og_video":null,"og_custom_url":null,"og_article_section":null,"og_article_tags":null,"twitter_use_og":false,"twitter_card":"default","twitter_image_type":"default","twitter_image_url":null,"twitter_image_custom_url":null,"twitter_image_custom_fields":null,"twitter_title":null,"twitter_description":null,"schema":{"blockGraphs":[],"customGraphs":[],"default":{"data":{"Article":[],"Course":[],"Dataset":[],"FAQPage":[],"Movie":[],"Person":[],"Product":[],"ProductReview":[],"Car":[],"Recipe":[],"Service":[],"SoftwareApplication":[],"WebPage":[]},"graphName":"","isEnabled":true},"graphs":[]},"schema_type":"default","schema_type_options":null,"pillar_content":false,"robots_default":true,"robots_noindex":false,"robots_noarchive":false,"robots_nosnippet":false,"robots_nofollow":false,"robots_noimageindex":false,"robots_noodp":false,"robots_notranslate":false,"robots_max_snippet":null,"robots_max_videopreview":null,"robots_max_imagepreview":"large","priority":null,"frequency":null,"local_seo":null,"breadcrumb_settings":null,"limit_modified_date":false,"ai":null,"created":"2025-03-22 05:50:12","updated":"2025-10-26 08:15:40","seo_analyzer_scan_date":null},"aioseo_breadcrumb":"<div class=\"aioseo-breadcrumbs\"><span class=\"aioseo-breadcrumb\">\n\t\t\t<a href=\"https:\/\/www.worldrally.eu\" title=\"Home\">Home<\/a>\n\t\t<\/span><span class=\"aioseo-breadcrumb-separator\">&raquo;<\/span><span class=\"aioseo-breadcrumb\">\n\t\t\t<a href=\"https:\/\/www.worldrally.eu\/index.php\/category\/erc\/\" title=\"ERC\">ERC<\/a>\n\t\t<\/span><span class=\"aioseo-breadcrumb-separator\">&raquo;<\/span><span class=\"aioseo-breadcrumb\">\n\t\t\tSolans najszybszy w kwalifikacjach\n\t\t<\/span><\/div>","aioseo_breadcrumb_json":[{"label":"Home","link":"https:\/\/www.worldrally.eu"},{"label":"ERC","link":"https:\/\/www.worldrally.eu\/index.php\/category\/erc\/"},{"label":"Solans najszybszy w kwalifikacjach","link":"https:\/\/www.worldrally.eu\/index.php\/2022\/06\/10\/solans-najszybszy-w-kwalifikacjach\/"}],"cc_featured_image_caption":{"caption_text":"Foto - PhotoMS \/ Adam Owczarek","source_text":"","source_url":""},"_links":{"self":[{"href":"https:\/\/www.worldrally.eu\/index.php\/wp-json\/wp\/v2\/posts\/465","targetHints":{"allow":["GET"]}}],"collection":[{"href":"https:\/\/www.worldrally.eu\/index.php\/wp-json\/wp\/v2\/posts"}],"about":[{"href":"https:\/\/www.worldrally.eu\/index.php\/wp-json\/wp\/v2\/types\/post"}],"author":[{"embeddable":true,"href":"https:\/\/www.worldrally.eu\/index.php\/wp-json\/wp\/v2\/users\/2"}],"replies":[{"embeddable":true,"href":"https:\/\/www.worldrally.eu\/index.php\/wp-json\/wp\/v2\/comments?post=465"}],"version-history":[{"count":3,"href":"https:\/\/www.worldrally.eu\/index.php\/wp-json\/wp\/v2\/posts\/465\/revisions"}],"predecessor-version":[{"id":473,"href":"https:\/\/www.worldrally.eu\/index.php\/wp-json\/wp\/v2\/posts\/465\/revisions\/473"}],"wp:featuredmedia":[{"embeddable":true,"href":"https:\/\/www.worldrally.eu\/index.php\/wp-json\/wp\/v2\/media\/466"}],"wp:attachment":[{"href":"https:\/\/www.worldrally.eu\/index.php\/wp-json\/wp\/v2\/media?parent=465"}],"wp:term":[{"taxonomy":"category","embeddable":true,"href":"https:\/\/www.worldrally.eu\/index.php\/wp-json\/wp\/v2\/categories?post=465"},{"taxonomy":"post_tag","embeddable":true,"href":"https:\/\/www.worldrally.eu\/index.php\/wp-json\/wp\/v2\/tags?post=465"}],"curies":[{"name":"wp","href":"https:\/\/api.w.org\/{rel}","templated":true}]}}