{"id":458,"date":"2022-05-14T19:00:00","date_gmt":"2022-05-14T19:00:00","guid":{"rendered":"https:\/\/www.worldrally.eu\/?p=458"},"modified":"2023-02-20T19:09:24","modified_gmt":"2023-02-20T19:09:24","slug":"wysypy-kanaryjskie-lupem-solansa","status":"publish","type":"post","link":"https:\/\/www.worldrally.eu\/index.php\/2022\/05\/14\/wysypy-kanaryjskie-lupem-solansa\/","title":{"rendered":"Wysypy Kanaryjskie \u0142upem Solansa"},"content":{"rendered":"\n<p class=\"wp-block-paragraph\">Nil Solans odni\u00f3s\u0142 drugie zwyci\u0119stwo  w Rajdowych Mistrzostwach Europy FIA w tym sezonie, po tym jak miejscowy bohater Luis Monz\u00f3n mia\u0142 dzi\u015b k\u0142opoty w Rajdzie Wysp Kanaryjskich.<\/p>\n\n\n\n<p class=\"wp-block-paragraph\">Problemy z ustawieniami pocz\u0105tkowo utrudnia\u0142y Solansowi pierwszego ranka i walczy\u0142, aby zapobiec przegrzaniu przednich opon swojego Volkswagena Polo GTI R5, chocia\u017c sytuacja uleg\u0142a poprawie po kilku przydatnych poprawkach w serwisie. Monz\u00f3n zapowiada\u0142 si\u0119 dobrze po swojej czwartkowej przeprawie w Rajdzie Wysp Kanaryjskich, wyprzedzaj\u0105c Solansa o 3,0 sekundy, jednak\u017ce w trakcie nast\u0119pnego przejazdu wydarzy\u0142a si\u0119 katastrofa dla miejscowego bohatera.<\/p>\n\n\n\n<p class=\"wp-block-paragraph\">56-latek odkry\u0142 \u015brub\u0119, kt\u00f3ra utkwi\u0142a w jednej z opon jego \u0160kody Fabia Rally2. Nie by\u0142o czasu na zmian\u0119 ko\u0142a przed etapem, a opona ostatecznie spad\u0142a z obr\u0119czy po 4,3 km, zmuszaj\u0105c Monz\u00f3na do wycofaniu si\u0119 z dalszej rywalizacji.<\/p>\n\n\n\n<p class=\"wp-block-paragraph\"><em>\u201eWspaniale jest wygra\u0107 tutaj\u201d <\/em>&#8211; promienia\u0142 Solans. <\/p>\n\n\n\n<p class=\"wp-block-paragraph\"><em>\u201eMusz\u0119 podzi\u0119kowa\u0107 wszystkim, wszystkim moim sponsorom i zespo\u0142owi. To zwyci\u0119stwo jest absolutnie dla nich, a bez nich nie mogliby\u015bmy tego osi\u0105gn\u0105\u0107. Mieli\u015bmy du\u017co problem\u00f3w z samochodem, poniewa\u017c nie mieli\u015bmy czasu ani pieni\u0119dzy na testy przed wy\u015bcigiem, wi\u0119c podczas rajdu zmieniali\u015bmy i ulepszali\u015bmy rzeczy&#8221;<\/em> &#8211; doda\u0142<\/p>\n\n\n\n<figure class=\"wp-block-table\"><table><tbody><tr><td><strong>1.<\/strong><\/td><td>Nil SOLANS (ESP) \/ Marc MART\u00cd (ESP)<\/td><td>Volkswagen Polo GTI R5<\/td><td>+1hr 58min 57.0sec<\/td><\/tr><tr><td><strong>2.<\/strong><\/td><td>Efr\u00e9n LLARENA (ESP) \/ Sara FERN\u00c1NDEZ (ESP)<\/td><td>\u0160koda Fabia Rally2<\/td><td>+11.2sec<\/td><\/tr><tr><td><strong>3.<\/strong><\/td><td>Yoann BONATO (FRA) \/ Benjamin BOULLOUD (FRA)<\/td><td>Citro\u00ebn C3 Rally2<\/td><td>+11.2sec<\/td><\/tr><tr><td><strong>4.<\/strong><\/td><td>Enrique CRUZ (ESP) \/ Yeray M\u00daJICA (ESP)<\/td><td>Ford Fiesta Rally2<\/td><td>+23.9sec<\/td><\/tr><tr><td><strong>5.<\/strong><\/td><td>Simone CAMPEDELLI (ITA) \/ Tania CANTON (CHE)<\/td><td>\u0160koda Fabia Rally2<\/td><td>+1min 9.2sec<\/td><\/tr><tr><td><strong>6.<\/strong><\/td><td>Pep BASSAS (ESP) \/ Axel CORONADA (ESP)<\/td><td>\u0160koda Fabia R5<\/td><td>+1min 28.0sec<\/td><\/tr><tr><td><strong>7.<\/strong><\/td><td>Javier PARDO (ESP) \/ Adri\u00e1n P\u00c9REZ (ESP)<\/td><td>\u0160koda Fabia Rally2<\/td><td>+1min 56.1sec<\/td><\/tr><tr><td><strong>8.<\/strong><\/td><td>Simone TEMPESTINI (ROU) \/ Sergiu ITU (ROU)<\/td><td>\u0160koda Fabia Rally2<\/td><td>+2min 5.2sec<\/td><\/tr><tr><td><strong>9.<\/strong><\/td><td>Norbert HERCZIG (HUN) \/ Igor BACIG\u00c1L (SVK)<\/td><td>\u0160koda Fabia Rally2<\/td><td>+2min 7.0sec<\/td><\/tr><tr><td><strong>10.<\/strong><\/td><td>Alberto BATTISTOLLI (ITA) \/ Simone SCATTOLIN (ITA)<\/td><td>\u0160koda Fabia Rally2<\/td><td>+2min 15.0sec<\/td><\/tr><\/tbody><\/table><\/figure>\n","protected":false},"excerpt":{"rendered":"<p>Nil Solans odni\u00f3s\u0142 drugie zwyci\u0119stwo w Rajdowych Mistrzostwach Europy FIA w tym sezonie, po tym jak miejscowy bohater Luis Monz\u00f3n mia\u0142 dzi\u015b k\u0142opoty w Rajdzie Wysp Kanaryjskich. Problemy z ustawieniami pocz\u0105tkowo utrudnia\u0142y Solansowi pierwszego ranka i walczy\u0142, aby zapobiec przegrzaniu przednich opon swojego Volkswagena Polo GTI R5, chocia\u017c sytuacja uleg\u0142a poprawie po kilku przydatnych poprawkach [&hellip;]<\/p>\n","protected":false},"author":1,"featured_media":459,"comment_status":"closed","ping_status":"closed","sticky":false,"template":"","format":"standard","meta":{"_monsterinsights_skip_tracking":false,"_monsterinsights_sitenote_active":false,"_monsterinsights_sitenote_note":"","_monsterinsights_sitenote_category":0,"footnotes":""},"categories":[4],"tags":[],"class_list":["post-458","post","type-post","status-publish","format-standard","has-post-thumbnail","hentry","category-erc"],"aioseo_notices":[],"aioseo_head":"\n\t\t<!-- All in One SEO 4.9.9 - aioseo.com -->\n\t<meta name=\"description\" content=\"Nil Solans odni\u00f3s\u0142 drugie zwyci\u0119stwo w Rajdowych Mistrzostwach Europy FIA w tym sezonie, po tym jak miejscowy bohater Luis Monz\u00f3n mia\u0142 dzi\u015b k\u0142opoty w Rajdzie Wysp Kanaryjskich. Problemy z ustawieniami pocz\u0105tkowo utrudnia\u0142y Solansowi pierwszego ranka i walczy\u0142, aby zapobiec przegrzaniu przednich opon swojego Volkswagena Polo GTI R5, chocia\u017c sytuacja uleg\u0142a poprawie po kilku przydatnych poprawkach\" \/>\n\t<meta name=\"robots\" content=\"max-image-preview:large\" \/>\n\t<meta name=\"author\" content=\"Junior\"\/>\n\t<link rel=\"canonical\" href=\"https:\/\/www.worldrally.eu\/index.php\/2022\/05\/14\/wysypy-kanaryjskie-lupem-solansa\/\" \/>\n\t<meta name=\"generator\" content=\"All in One SEO (AIOSEO) 4.9.9\" \/>\n\t\t<meta property=\"og:locale\" content=\"en_GB\" \/>\n\t\t<meta property=\"og:site_name\" content=\"WorldRally.eu \u00bb\" \/>\n\t\t<meta property=\"og:type\" content=\"article\" \/>\n\t\t<meta property=\"og:title\" content=\"Wysypy Kanaryjskie \u0142upem Solansa \u00bb WorldRally.eu\" \/>\n\t\t<meta property=\"og:description\" content=\"Nil Solans odni\u00f3s\u0142 drugie zwyci\u0119stwo w Rajdowych Mistrzostwach Europy FIA w tym sezonie, po tym jak miejscowy bohater Luis Monz\u00f3n mia\u0142 dzi\u015b k\u0142opoty w Rajdzie Wysp Kanaryjskich. Problemy z ustawieniami pocz\u0105tkowo utrudnia\u0142y Solansowi pierwszego ranka i walczy\u0142, aby zapobiec przegrzaniu przednich opon swojego Volkswagena Polo GTI R5, chocia\u017c sytuacja uleg\u0142a poprawie po kilku przydatnych poprawkach\" \/>\n\t\t<meta property=\"og:url\" content=\"https:\/\/www.worldrally.eu\/index.php\/2022\/05\/14\/wysypy-kanaryjskie-lupem-solansa\/\" \/>\n\t\t<meta property=\"og:image\" content=\"https:\/\/www.worldrally.eu\/wp-content\/uploads\/2023\/02\/S1.jpg\" \/>\n\t\t<meta property=\"og:image:secure_url\" content=\"https:\/\/www.worldrally.eu\/wp-content\/uploads\/2023\/02\/S1.jpg\" \/>\n\t\t<meta property=\"og:image:width\" content=\"1400\" \/>\n\t\t<meta property=\"og:image:height\" content=\"788\" \/>\n\t\t<meta property=\"article:published_time\" content=\"2022-05-14T19:00:00+00:00\" \/>\n\t\t<meta property=\"article:modified_time\" content=\"2023-02-20T19:09:24+00:00\" \/>\n\t\t<meta name=\"twitter:card\" content=\"summary_large_image\" \/>\n\t\t<meta name=\"twitter:title\" content=\"Wysypy Kanaryjskie \u0142upem Solansa \u00bb WorldRally.eu\" \/>\n\t\t<meta name=\"twitter:description\" content=\"Nil Solans odni\u00f3s\u0142 drugie zwyci\u0119stwo w Rajdowych Mistrzostwach Europy FIA w tym sezonie, po tym jak miejscowy bohater Luis Monz\u00f3n mia\u0142 dzi\u015b k\u0142opoty w Rajdzie Wysp Kanaryjskich. Problemy z ustawieniami pocz\u0105tkowo utrudnia\u0142y Solansowi pierwszego ranka i walczy\u0142, aby zapobiec przegrzaniu przednich opon swojego Volkswagena Polo GTI R5, chocia\u017c sytuacja uleg\u0142a poprawie po kilku przydatnych poprawkach\" \/>\n\t\t<meta name=\"twitter:image\" content=\"https:\/\/www.worldrally.eu\/wp-content\/uploads\/2023\/02\/S1.jpg\" \/>\n\t\t<script type=\"application\/ld+json\" class=\"aioseo-schema\">\n\t\t\t{\"@context\":\"https:\\\/\\\/schema.org\",\"@graph\":[{\"@type\":\"BlogPosting\",\"@id\":\"https:\\\/\\\/www.worldrally.eu\\\/index.php\\\/2022\\\/05\\\/14\\\/wysypy-kanaryjskie-lupem-solansa\\\/#blogposting\",\"name\":\"Wysypy Kanaryjskie \\u0142upem Solansa \\u00bb WorldRally.eu\",\"headline\":\"Wysypy Kanaryjskie \\u0142upem Solansa\",\"author\":{\"@id\":\"https:\\\/\\\/www.worldrally.eu\\\/index.php\\\/author\\\/admin\\\/#author\"},\"publisher\":{\"@id\":\"https:\\\/\\\/www.worldrally.eu\\\/#organization\"},\"image\":{\"@type\":\"ImageObject\",\"url\":\"https:\\\/\\\/www.worldrally.eu\\\/wp-content\\\/uploads\\\/2023\\\/02\\\/S1.jpg\",\"width\":1400,\"height\":788},\"datePublished\":\"2022-05-14T19:00:00+00:00\",\"dateModified\":\"2023-02-20T19:09:24+00:00\",\"inLanguage\":\"en-GB\",\"mainEntityOfPage\":{\"@id\":\"https:\\\/\\\/www.worldrally.eu\\\/index.php\\\/2022\\\/05\\\/14\\\/wysypy-kanaryjskie-lupem-solansa\\\/#webpage\"},\"isPartOf\":{\"@id\":\"https:\\\/\\\/www.worldrally.eu\\\/index.php\\\/2022\\\/05\\\/14\\\/wysypy-kanaryjskie-lupem-solansa\\\/#webpage\"},\"articleSection\":\"ERC\"},{\"@type\":\"BreadcrumbList\",\"@id\":\"https:\\\/\\\/www.worldrally.eu\\\/index.php\\\/2022\\\/05\\\/14\\\/wysypy-kanaryjskie-lupem-solansa\\\/#breadcrumblist\",\"itemListElement\":[{\"@type\":\"ListItem\",\"@id\":\"https:\\\/\\\/www.worldrally.eu#listItem\",\"position\":1,\"name\":\"Home\",\"item\":\"https:\\\/\\\/www.worldrally.eu\",\"nextItem\":{\"@type\":\"ListItem\",\"@id\":\"https:\\\/\\\/www.worldrally.eu\\\/index.php\\\/category\\\/erc\\\/#listItem\",\"name\":\"ERC\"}},{\"@type\":\"ListItem\",\"@id\":\"https:\\\/\\\/www.worldrally.eu\\\/index.php\\\/category\\\/erc\\\/#listItem\",\"position\":2,\"name\":\"ERC\",\"item\":\"https:\\\/\\\/www.worldrally.eu\\\/index.php\\\/category\\\/erc\\\/\",\"nextItem\":{\"@type\":\"ListItem\",\"@id\":\"https:\\\/\\\/www.worldrally.eu\\\/index.php\\\/2022\\\/05\\\/14\\\/wysypy-kanaryjskie-lupem-solansa\\\/#listItem\",\"name\":\"Wysypy Kanaryjskie \\u0142upem Solansa\"},\"previousItem\":{\"@type\":\"ListItem\",\"@id\":\"https:\\\/\\\/www.worldrally.eu#listItem\",\"name\":\"Home\"}},{\"@type\":\"ListItem\",\"@id\":\"https:\\\/\\\/www.worldrally.eu\\\/index.php\\\/2022\\\/05\\\/14\\\/wysypy-kanaryjskie-lupem-solansa\\\/#listItem\",\"position\":3,\"name\":\"Wysypy Kanaryjskie \\u0142upem Solansa\",\"previousItem\":{\"@type\":\"ListItem\",\"@id\":\"https:\\\/\\\/www.worldrally.eu\\\/index.php\\\/category\\\/erc\\\/#listItem\",\"name\":\"ERC\"}}]},{\"@type\":\"Organization\",\"@id\":\"https:\\\/\\\/www.worldrally.eu\\\/#organization\",\"name\":\"WorldRally.eu\",\"url\":\"https:\\\/\\\/www.worldrally.eu\\\/\",\"logo\":{\"@type\":\"ImageObject\",\"url\":\"https:\\\/\\\/www.worldrally.eu\\\/wp-content\\\/uploads\\\/2026\\\/01\\\/cropped-logo-3.png\",\"@id\":\"https:\\\/\\\/www.worldrally.eu\\\/index.php\\\/2022\\\/05\\\/14\\\/wysypy-kanaryjskie-lupem-solansa\\\/#organizationLogo\",\"width\":2039,\"height\":756},\"image\":{\"@id\":\"https:\\\/\\\/www.worldrally.eu\\\/index.php\\\/2022\\\/05\\\/14\\\/wysypy-kanaryjskie-lupem-solansa\\\/#organizationLogo\"}},{\"@type\":\"Person\",\"@id\":\"https:\\\/\\\/www.worldrally.eu\\\/index.php\\\/author\\\/admin\\\/#author\",\"url\":\"https:\\\/\\\/www.worldrally.eu\\\/index.php\\\/author\\\/admin\\\/\",\"name\":\"Junior\",\"image\":{\"@type\":\"ImageObject\",\"@id\":\"https:\\\/\\\/www.worldrally.eu\\\/index.php\\\/2022\\\/05\\\/14\\\/wysypy-kanaryjskie-lupem-solansa\\\/#authorImage\",\"url\":\"https:\\\/\\\/secure.gravatar.com\\\/avatar\\\/5bd369ac0447285dc20b588693ca1756d0179a7f957258050a42a968bf3b9d0a?s=96&d=mm&r=g\",\"width\":96,\"height\":96,\"caption\":\"Junior\"}},{\"@type\":\"WebPage\",\"@id\":\"https:\\\/\\\/www.worldrally.eu\\\/index.php\\\/2022\\\/05\\\/14\\\/wysypy-kanaryjskie-lupem-solansa\\\/#webpage\",\"url\":\"https:\\\/\\\/www.worldrally.eu\\\/index.php\\\/2022\\\/05\\\/14\\\/wysypy-kanaryjskie-lupem-solansa\\\/\",\"name\":\"Wysypy Kanaryjskie \\u0142upem Solansa \\u00bb WorldRally.eu\",\"description\":\"Nil Solans odni\\u00f3s\\u0142 drugie zwyci\\u0119stwo w Rajdowych Mistrzostwach Europy FIA w tym sezonie, po tym jak miejscowy bohater Luis Monz\\u00f3n mia\\u0142 dzi\\u015b k\\u0142opoty w Rajdzie Wysp Kanaryjskich. Problemy z ustawieniami pocz\\u0105tkowo utrudnia\\u0142y Solansowi pierwszego ranka i walczy\\u0142, aby zapobiec przegrzaniu przednich opon swojego Volkswagena Polo GTI R5, chocia\\u017c sytuacja uleg\\u0142a poprawie po kilku przydatnych poprawkach\",\"inLanguage\":\"en-GB\",\"isPartOf\":{\"@id\":\"https:\\\/\\\/www.worldrally.eu\\\/#website\"},\"breadcrumb\":{\"@id\":\"https:\\\/\\\/www.worldrally.eu\\\/index.php\\\/2022\\\/05\\\/14\\\/wysypy-kanaryjskie-lupem-solansa\\\/#breadcrumblist\"},\"author\":{\"@id\":\"https:\\\/\\\/www.worldrally.eu\\\/index.php\\\/author\\\/admin\\\/#author\"},\"creator\":{\"@id\":\"https:\\\/\\\/www.worldrally.eu\\\/index.php\\\/author\\\/admin\\\/#author\"},\"image\":{\"@type\":\"ImageObject\",\"url\":\"https:\\\/\\\/www.worldrally.eu\\\/wp-content\\\/uploads\\\/2023\\\/02\\\/S1.jpg\",\"@id\":\"https:\\\/\\\/www.worldrally.eu\\\/index.php\\\/2022\\\/05\\\/14\\\/wysypy-kanaryjskie-lupem-solansa\\\/#mainImage\",\"width\":1400,\"height\":788},\"primaryImageOfPage\":{\"@id\":\"https:\\\/\\\/www.worldrally.eu\\\/index.php\\\/2022\\\/05\\\/14\\\/wysypy-kanaryjskie-lupem-solansa\\\/#mainImage\"},\"datePublished\":\"2022-05-14T19:00:00+00:00\",\"dateModified\":\"2023-02-20T19:09:24+00:00\"},{\"@type\":\"WebSite\",\"@id\":\"https:\\\/\\\/www.worldrally.eu\\\/#website\",\"url\":\"https:\\\/\\\/www.worldrally.eu\\\/\",\"name\":\"WorldRally.eu\",\"inLanguage\":\"en-GB\",\"publisher\":{\"@id\":\"https:\\\/\\\/www.worldrally.eu\\\/#organization\"}}]}\n\t\t<\/script>\n\t\t<!-- All in One SEO -->\n\n","aioseo_head_json":{"title":"Wysypy Kanaryjskie \u0142upem Solansa \u00bb WorldRally.eu","description":"Nil Solans odni\u00f3s\u0142 drugie zwyci\u0119stwo w Rajdowych Mistrzostwach Europy FIA w tym sezonie, po tym jak miejscowy bohater Luis Monz\u00f3n mia\u0142 dzi\u015b k\u0142opoty w Rajdzie Wysp Kanaryjskich. Problemy z ustawieniami pocz\u0105tkowo utrudnia\u0142y Solansowi pierwszego ranka i walczy\u0142, aby zapobiec przegrzaniu przednich opon swojego Volkswagena Polo GTI R5, chocia\u017c sytuacja uleg\u0142a poprawie po kilku przydatnych poprawkach","canonical_url":"https:\/\/www.worldrally.eu\/index.php\/2022\/05\/14\/wysypy-kanaryjskie-lupem-solansa\/","robots":"max-image-preview:large","keywords":"","webmasterTools":{"miscellaneous":""},"schema":{"@context":"https:\/\/schema.org","@graph":[{"@type":"BlogPosting","@id":"https:\/\/www.worldrally.eu\/index.php\/2022\/05\/14\/wysypy-kanaryjskie-lupem-solansa\/#blogposting","name":"Wysypy Kanaryjskie \u0142upem Solansa \u00bb WorldRally.eu","headline":"Wysypy Kanaryjskie \u0142upem Solansa","author":{"@id":"https:\/\/www.worldrally.eu\/index.php\/author\/admin\/#author"},"publisher":{"@id":"https:\/\/www.worldrally.eu\/#organization"},"image":{"@type":"ImageObject","url":"https:\/\/www.worldrally.eu\/wp-content\/uploads\/2023\/02\/S1.jpg","width":1400,"height":788},"datePublished":"2022-05-14T19:00:00+00:00","dateModified":"2023-02-20T19:09:24+00:00","inLanguage":"en-GB","mainEntityOfPage":{"@id":"https:\/\/www.worldrally.eu\/index.php\/2022\/05\/14\/wysypy-kanaryjskie-lupem-solansa\/#webpage"},"isPartOf":{"@id":"https:\/\/www.worldrally.eu\/index.php\/2022\/05\/14\/wysypy-kanaryjskie-lupem-solansa\/#webpage"},"articleSection":"ERC"},{"@type":"BreadcrumbList","@id":"https:\/\/www.worldrally.eu\/index.php\/2022\/05\/14\/wysypy-kanaryjskie-lupem-solansa\/#breadcrumblist","itemListElement":[{"@type":"ListItem","@id":"https:\/\/www.worldrally.eu#listItem","position":1,"name":"Home","item":"https:\/\/www.worldrally.eu","nextItem":{"@type":"ListItem","@id":"https:\/\/www.worldrally.eu\/index.php\/category\/erc\/#listItem","name":"ERC"}},{"@type":"ListItem","@id":"https:\/\/www.worldrally.eu\/index.php\/category\/erc\/#listItem","position":2,"name":"ERC","item":"https:\/\/www.worldrally.eu\/index.php\/category\/erc\/","nextItem":{"@type":"ListItem","@id":"https:\/\/www.worldrally.eu\/index.php\/2022\/05\/14\/wysypy-kanaryjskie-lupem-solansa\/#listItem","name":"Wysypy Kanaryjskie \u0142upem Solansa"},"previousItem":{"@type":"ListItem","@id":"https:\/\/www.worldrally.eu#listItem","name":"Home"}},{"@type":"ListItem","@id":"https:\/\/www.worldrally.eu\/index.php\/2022\/05\/14\/wysypy-kanaryjskie-lupem-solansa\/#listItem","position":3,"name":"Wysypy Kanaryjskie \u0142upem Solansa","previousItem":{"@type":"ListItem","@id":"https:\/\/www.worldrally.eu\/index.php\/category\/erc\/#listItem","name":"ERC"}}]},{"@type":"Organization","@id":"https:\/\/www.worldrally.eu\/#organization","name":"WorldRally.eu","url":"https:\/\/www.worldrally.eu\/","logo":{"@type":"ImageObject","url":"https:\/\/www.worldrally.eu\/wp-content\/uploads\/2026\/01\/cropped-logo-3.png","@id":"https:\/\/www.worldrally.eu\/index.php\/2022\/05\/14\/wysypy-kanaryjskie-lupem-solansa\/#organizationLogo","width":2039,"height":756},"image":{"@id":"https:\/\/www.worldrally.eu\/index.php\/2022\/05\/14\/wysypy-kanaryjskie-lupem-solansa\/#organizationLogo"}},{"@type":"Person","@id":"https:\/\/www.worldrally.eu\/index.php\/author\/admin\/#author","url":"https:\/\/www.worldrally.eu\/index.php\/author\/admin\/","name":"Junior","image":{"@type":"ImageObject","@id":"https:\/\/www.worldrally.eu\/index.php\/2022\/05\/14\/wysypy-kanaryjskie-lupem-solansa\/#authorImage","url":"https:\/\/secure.gravatar.com\/avatar\/5bd369ac0447285dc20b588693ca1756d0179a7f957258050a42a968bf3b9d0a?s=96&d=mm&r=g","width":96,"height":96,"caption":"Junior"}},{"@type":"WebPage","@id":"https:\/\/www.worldrally.eu\/index.php\/2022\/05\/14\/wysypy-kanaryjskie-lupem-solansa\/#webpage","url":"https:\/\/www.worldrally.eu\/index.php\/2022\/05\/14\/wysypy-kanaryjskie-lupem-solansa\/","name":"Wysypy Kanaryjskie \u0142upem Solansa \u00bb WorldRally.eu","description":"Nil Solans odni\u00f3s\u0142 drugie zwyci\u0119stwo w Rajdowych Mistrzostwach Europy FIA w tym sezonie, po tym jak miejscowy bohater Luis Monz\u00f3n mia\u0142 dzi\u015b k\u0142opoty w Rajdzie Wysp Kanaryjskich. Problemy z ustawieniami pocz\u0105tkowo utrudnia\u0142y Solansowi pierwszego ranka i walczy\u0142, aby zapobiec przegrzaniu przednich opon swojego Volkswagena Polo GTI R5, chocia\u017c sytuacja uleg\u0142a poprawie po kilku przydatnych poprawkach","inLanguage":"en-GB","isPartOf":{"@id":"https:\/\/www.worldrally.eu\/#website"},"breadcrumb":{"@id":"https:\/\/www.worldrally.eu\/index.php\/2022\/05\/14\/wysypy-kanaryjskie-lupem-solansa\/#breadcrumblist"},"author":{"@id":"https:\/\/www.worldrally.eu\/index.php\/author\/admin\/#author"},"creator":{"@id":"https:\/\/www.worldrally.eu\/index.php\/author\/admin\/#author"},"image":{"@type":"ImageObject","url":"https:\/\/www.worldrally.eu\/wp-content\/uploads\/2023\/02\/S1.jpg","@id":"https:\/\/www.worldrally.eu\/index.php\/2022\/05\/14\/wysypy-kanaryjskie-lupem-solansa\/#mainImage","width":1400,"height":788},"primaryImageOfPage":{"@id":"https:\/\/www.worldrally.eu\/index.php\/2022\/05\/14\/wysypy-kanaryjskie-lupem-solansa\/#mainImage"},"datePublished":"2022-05-14T19:00:00+00:00","dateModified":"2023-02-20T19:09:24+00:00"},{"@type":"WebSite","@id":"https:\/\/www.worldrally.eu\/#website","url":"https:\/\/www.worldrally.eu\/","name":"WorldRally.eu","inLanguage":"en-GB","publisher":{"@id":"https:\/\/www.worldrally.eu\/#organization"}}]},"og:locale":"en_GB","og:site_name":"WorldRally.eu \u00bb","og:type":"article","og:title":"Wysypy Kanaryjskie \u0142upem Solansa \u00bb WorldRally.eu","og:description":"Nil Solans odni\u00f3s\u0142 drugie zwyci\u0119stwo w Rajdowych Mistrzostwach Europy FIA w tym sezonie, po tym jak miejscowy bohater Luis Monz\u00f3n mia\u0142 dzi\u015b k\u0142opoty w Rajdzie Wysp Kanaryjskich. Problemy z ustawieniami pocz\u0105tkowo utrudnia\u0142y Solansowi pierwszego ranka i walczy\u0142, aby zapobiec przegrzaniu przednich opon swojego Volkswagena Polo GTI R5, chocia\u017c sytuacja uleg\u0142a poprawie po kilku przydatnych poprawkach","og:url":"https:\/\/www.worldrally.eu\/index.php\/2022\/05\/14\/wysypy-kanaryjskie-lupem-solansa\/","og:image":"https:\/\/www.worldrally.eu\/wp-content\/uploads\/2023\/02\/S1.jpg","og:image:secure_url":"https:\/\/www.worldrally.eu\/wp-content\/uploads\/2023\/02\/S1.jpg","og:image:width":1400,"og:image:height":788,"article:published_time":"2022-05-14T19:00:00+00:00","article:modified_time":"2023-02-20T19:09:24+00:00","twitter:card":"summary_large_image","twitter:title":"Wysypy Kanaryjskie \u0142upem Solansa \u00bb WorldRally.eu","twitter:description":"Nil Solans odni\u00f3s\u0142 drugie zwyci\u0119stwo w Rajdowych Mistrzostwach Europy FIA w tym sezonie, po tym jak miejscowy bohater Luis Monz\u00f3n mia\u0142 dzi\u015b k\u0142opoty w Rajdzie Wysp Kanaryjskich. Problemy z ustawieniami pocz\u0105tkowo utrudnia\u0142y Solansowi pierwszego ranka i walczy\u0142, aby zapobiec przegrzaniu przednich opon swojego Volkswagena Polo GTI R5, chocia\u017c sytuacja uleg\u0142a poprawie po kilku przydatnych poprawkach","twitter:image":"https:\/\/www.worldrally.eu\/wp-content\/uploads\/2023\/02\/S1.jpg"},"aioseo_meta_data":{"post_id":"458","title":null,"description":null,"keywords":null,"keyphrases":null,"primary_term":null,"canonical_url":null,"og_title":null,"og_description":null,"og_object_type":"default","og_image_type":"default","og_image_url":null,"og_image_width":null,"og_image_height":null,"og_image_custom_url":null,"og_image_custom_fields":null,"og_video":null,"og_custom_url":null,"og_article_section":null,"og_article_tags":null,"twitter_use_og":false,"twitter_card":"default","twitter_image_type":"default","twitter_image_url":null,"twitter_image_custom_url":null,"twitter_image_custom_fields":null,"twitter_title":null,"twitter_description":null,"schema":{"blockGraphs":[],"customGraphs":[],"default":{"data":{"Article":[],"Course":[],"Dataset":[],"FAQPage":[],"Movie":[],"Person":[],"Product":[],"ProductReview":[],"Car":[],"Recipe":[],"Service":[],"SoftwareApplication":[],"WebPage":[]},"graphName":"","isEnabled":true},"graphs":[]},"schema_type":"default","schema_type_options":null,"pillar_content":false,"robots_default":true,"robots_noindex":false,"robots_noarchive":false,"robots_nosnippet":false,"robots_nofollow":false,"robots_noimageindex":false,"robots_noodp":false,"robots_notranslate":false,"robots_max_snippet":null,"robots_max_videopreview":null,"robots_max_imagepreview":"large","priority":null,"frequency":null,"local_seo":null,"breadcrumb_settings":null,"limit_modified_date":false,"ai":null,"created":"2025-03-22 05:50:12","updated":"2025-10-26 08:15:40","seo_analyzer_scan_date":null},"aioseo_breadcrumb":"<div class=\"aioseo-breadcrumbs\"><span class=\"aioseo-breadcrumb\">\n\t\t\t<a href=\"https:\/\/www.worldrally.eu\" title=\"Home\">Home<\/a>\n\t\t<\/span><span class=\"aioseo-breadcrumb-separator\">&raquo;<\/span><span class=\"aioseo-breadcrumb\">\n\t\t\t<a href=\"https:\/\/www.worldrally.eu\/index.php\/category\/erc\/\" title=\"ERC\">ERC<\/a>\n\t\t<\/span><span class=\"aioseo-breadcrumb-separator\">&raquo;<\/span><span class=\"aioseo-breadcrumb\">\n\t\t\tWysypy Kanaryjskie \u0142upem Solansa\n\t\t<\/span><\/div>","aioseo_breadcrumb_json":[{"label":"Home","link":"https:\/\/www.worldrally.eu"},{"label":"ERC","link":"https:\/\/www.worldrally.eu\/index.php\/category\/erc\/"},{"label":"Wysypy Kanaryjskie \u0142upem Solansa","link":"https:\/\/www.worldrally.eu\/index.php\/2022\/05\/14\/wysypy-kanaryjskie-lupem-solansa\/"}],"cc_featured_image_caption":{"caption_text":"Foto- FIAerc","source_text":"","source_url":""},"_links":{"self":[{"href":"https:\/\/www.worldrally.eu\/index.php\/wp-json\/wp\/v2\/posts\/458","targetHints":{"allow":["GET"]}}],"collection":[{"href":"https:\/\/www.worldrally.eu\/index.php\/wp-json\/wp\/v2\/posts"}],"about":[{"href":"https:\/\/www.worldrally.eu\/index.php\/wp-json\/wp\/v2\/types\/post"}],"author":[{"embeddable":true,"href":"https:\/\/www.worldrally.eu\/index.php\/wp-json\/wp\/v2\/users\/1"}],"replies":[{"embeddable":true,"href":"https:\/\/www.worldrally.eu\/index.php\/wp-json\/wp\/v2\/comments?post=458"}],"version-history":[{"count":1,"href":"https:\/\/www.worldrally.eu\/index.php\/wp-json\/wp\/v2\/posts\/458\/revisions"}],"predecessor-version":[{"id":460,"href":"https:\/\/www.worldrally.eu\/index.php\/wp-json\/wp\/v2\/posts\/458\/revisions\/460"}],"wp:featuredmedia":[{"embeddable":true,"href":"https:\/\/www.worldrally.eu\/index.php\/wp-json\/wp\/v2\/media\/459"}],"wp:attachment":[{"href":"https:\/\/www.worldrally.eu\/index.php\/wp-json\/wp\/v2\/media?parent=458"}],"wp:term":[{"taxonomy":"category","embeddable":true,"href":"https:\/\/www.worldrally.eu\/index.php\/wp-json\/wp\/v2\/categories?post=458"},{"taxonomy":"post_tag","embeddable":true,"href":"https:\/\/www.worldrally.eu\/index.php\/wp-json\/wp\/v2\/tags?post=458"}],"curies":[{"name":"wp","href":"https:\/\/api.w.org\/{rel}","templated":true}]}}