{"id":441,"date":"2022-04-05T18:05:00","date_gmt":"2022-04-05T18:05:00","guid":{"rendered":"https:\/\/www.worldrally.eu\/?p=441"},"modified":"2023-02-20T18:14:42","modified_gmt":"2023-02-20T18:14:42","slug":"battistolli-nie-ma-wiekszego-problemu","status":"publish","type":"post","link":"https:\/\/www.worldrally.eu\/index.php\/2022\/04\/05\/battistolli-nie-ma-wiekszego-problemu\/","title":{"rendered":"Battistolli &#8211; nie ma wi\u0119kszego problemu"},"content":{"rendered":"\n<p>Skoda Fabia Rally2 w\u0142oskiego kierowcy Alberto Battistolliego po rolowaniu w Rajdzie Azor\u00f3w niebawem wr\u00f3ci do pe\u0142nej sprawno\u015bci, wypadek wygl\u0105da\u0142 bardzo powa\u017cnie, aczkolwiek uszkodzenia nie by\u0142y na tyle problematyczne. <\/p>\n\n\n\n<p>Samoch\u00f3d przewr\u00f3ci\u0142 si\u0119 na bok na zakr\u0119cie z ma\u0142\u0105 pr\u0119dko\u015bci\u0105, jednak\u017ce dzi\u0119ki du\u017cej ilo\u015bci kibic\u00f3w auto bardzo szybko postawiona na ko\u0142a i za\u0142odze uda\u0142o sie doturla\u0107 do mety.<\/p>\n\n\n\n<p><em>&#8220;Nadal nie jest pewien, co dok\u0142adnie spowodowa\u0142o incydent, aczkolwiek naprawy s\u0105 ju\u017c w toku w ramach przygotowa\u0144 do Rajdu Wysp Kanaryjskich w przysz\u0142ym miesi\u0105cu&#8221; <\/em> &#8211; powiedzia\u0142 Barristolli<\/p>\n\n\n\n<figure class=\"wp-block-image size-large\"><img fetchpriority=\"high\" decoding=\"async\" width=\"1024\" height=\"576\" src=\"https:\/\/www.worldrally.eu\/wp-content\/uploads\/2023\/02\/B3-1024x576.jpg\" alt=\"\" class=\"wp-image-442\" srcset=\"https:\/\/www.worldrally.eu\/wp-content\/uploads\/2023\/02\/B3-1024x576.jpg 1024w, https:\/\/www.worldrally.eu\/wp-content\/uploads\/2023\/02\/B3-300x169.jpg 300w, https:\/\/www.worldrally.eu\/wp-content\/uploads\/2023\/02\/B3-768x432.jpg 768w, https:\/\/www.worldrally.eu\/wp-content\/uploads\/2023\/02\/B3-1280x720.jpg 1280w, https:\/\/www.worldrally.eu\/wp-content\/uploads\/2023\/02\/B3.jpg 1400w\" sizes=\"(max-width: 1024px) 100vw, 1024px\" \/><figcaption class=\"wp-element-caption\">Foto -FIAerc<\/figcaption><\/figure>\n\n\n\n<p><em>\u201eNadal jest wiele uszkodze\u0144, ale samoch\u00f3d b\u0119dzie gotowy w przysz\u0142ym tygodniu po wielu pracach i oczywi\u015bcie Wyspy Kanaryjskie b\u0119d\u0105 w porz\u0105dku. W\u0142a\u015bciwie nie zrozumieli\u015bmy, czy by\u0142a to awaria mechaniczna przed beczk\u0105, czy te\u017c samoch\u00f3d po prostu rozpad\u0142 si\u0119 na kawa\u0142ki podczas beczki przy 20 kilometrach na godzin\u0119, ale by\u0142o to dla nas naprawd\u0119 dziwne.<\/em>&#8220;- doda\u0142<\/p>\n\n\n\n<p><\/p>\n\n\n\n<p><\/p>\n","protected":false},"excerpt":{"rendered":"<p>Skoda Fabia Rally2 w\u0142oskiego kierowcy Alberto Battistolliego po rolowaniu w Rajdzie Azor\u00f3w niebawem wr\u00f3ci do pe\u0142nej sprawno\u015bci, wypadek wygl\u0105da\u0142 bardzo powa\u017cnie, aczkolwiek uszkodzenia nie by\u0142y na tyle problematyczne. Samoch\u00f3d przewr\u00f3ci\u0142 si\u0119 na bok na zakr\u0119cie z ma\u0142\u0105 pr\u0119dko\u015bci\u0105, jednak\u017ce dzi\u0119ki du\u017cej ilo\u015bci kibic\u00f3w auto bardzo szybko postawiona na ko\u0142a i za\u0142odze uda\u0142o sie doturla\u0107 do [&hellip;]<\/p>\n","protected":false},"author":3,"featured_media":443,"comment_status":"closed","ping_status":"closed","sticky":false,"template":"","format":"standard","meta":{"footnotes":""},"categories":[4],"tags":[],"class_list":["post-441","post","type-post","status-publish","format-standard","has-post-thumbnail","hentry","category-erc"],"aioseo_notices":[],"cc_featured_image_caption":{"caption_text":"Foto- FIAerc","source_text":"","source_url":""},"_links":{"self":[{"href":"https:\/\/www.worldrally.eu\/index.php\/wp-json\/wp\/v2\/posts\/441","targetHints":{"allow":["GET"]}}],"collection":[{"href":"https:\/\/www.worldrally.eu\/index.php\/wp-json\/wp\/v2\/posts"}],"about":[{"href":"https:\/\/www.worldrally.eu\/index.php\/wp-json\/wp\/v2\/types\/post"}],"author":[{"embeddable":true,"href":"https:\/\/www.worldrally.eu\/index.php\/wp-json\/wp\/v2\/users\/3"}],"replies":[{"embeddable":true,"href":"https:\/\/www.worldrally.eu\/index.php\/wp-json\/wp\/v2\/comments?post=441"}],"version-history":[{"count":1,"href":"https:\/\/www.worldrally.eu\/index.php\/wp-json\/wp\/v2\/posts\/441\/revisions"}],"predecessor-version":[{"id":444,"href":"https:\/\/www.worldrally.eu\/index.php\/wp-json\/wp\/v2\/posts\/441\/revisions\/444"}],"wp:featuredmedia":[{"embeddable":true,"href":"https:\/\/www.worldrally.eu\/index.php\/wp-json\/wp\/v2\/media\/443"}],"wp:attachment":[{"href":"https:\/\/www.worldrally.eu\/index.php\/wp-json\/wp\/v2\/media?parent=441"}],"wp:term":[{"taxonomy":"category","embeddable":true,"href":"https:\/\/www.worldrally.eu\/index.php\/wp-json\/wp\/v2\/categories?post=441"},{"taxonomy":"post_tag","embeddable":true,"href":"https:\/\/www.worldrally.eu\/index.php\/wp-json\/wp\/v2\/tags?post=441"}],"curies":[{"name":"wp","href":"https:\/\/api.w.org\/{rel}","templated":true}]}}