{"id":438,"date":"2022-03-13T17:53:00","date_gmt":"2022-03-13T17:53:00","guid":{"rendered":"https:\/\/www.worldrally.eu\/?p=438"},"modified":"2023-02-20T17:58:43","modified_gmt":"2023-02-20T17:58:43","slug":"bezkonkurencyjny-solans","status":"publish","type":"post","link":"https:\/\/www.worldrally.eu\/index.php\/2022\/03\/13\/bezkonkurencyjny-solans\/","title":{"rendered":"Bezkonkurencyjny Solans"},"content":{"rendered":"\n<p class=\"wp-block-paragraph\">Nil Solans odni\u00f3s\u0142 swoje pierwsze zwyci\u0119stwo w Rajdowych Mistrzostwach Europy FIA po dominuj\u0105cej je\u017adzie na Rajdzie Serras de Fafe  w niedziel\u0119. <\/p>\n\n\n\n<p class=\"wp-block-paragraph\">Niesprzyjaj\u0105ce warunki zmusi\u0142y w sobot\u0119 do odwo\u0142ania dw\u00f3ch etap\u00f3w, ale Hiszpan nadal umacnia\u0142 swoj\u0105 pozycj\u0119 na szczycie i do ostatniego dnia osi\u0105gn\u0105\u0142 ogromn\u0105 przewag\u0119.<\/p>\n\n\n\n<p class=\"wp-block-paragraph\">Bardziej sucha pogoda w niedzielny poranek sprawi\u0142a, \u017ce odcinki by\u0142y mniej niebezpieczne, ale Solans i tak nie mia\u0142 powodu, by naciska\u0107 pozostawiaj\u0105c swoich rywali daleko z ty\u0142u.<\/p>\n\n\n\n<p class=\"wp-block-paragraph\"><em>\u201eByli\u015bmy konsekwentni i nie mieli\u015bmy czasu na przygotowanie si\u0119 do tego rajdu, wi\u0119c jeste\u015bmy bardzo zadowoleni z wyniku My\u015blimy teraz, czy mo\u017cemy pojecha\u0107 na Azory. My\u015bl\u0119, \u017ce nasze wej\u015bcie jest zako\u0144czone, ale potrzebujemy wsparcia [finansowego], aby to si\u0119 sta\u0142o, wi\u0119c zobaczymy\u201d<\/em> \u2013 powiedzia\u0142 Solans.<\/p>\n\n\n\n<figure class=\"wp-block-table\"><table><tbody><tr><td><strong>1.<\/strong><\/td><td>Nil SOLANS (ESP) \/ Marc MART\u00cd (ESP)<\/td><td>Volkwagen Polo GTI R5<\/td><td>2hrs 1min 14.0sec<\/td><\/tr><tr><td><strong>2.<\/strong><\/td><td>Armindo ARA\u00daJO (PRT) \/ Luis RAMALHO (PRT)<\/td><td>Skoda Fabia Rally2<\/td><td>+55.7sec<\/td><\/tr><tr><td><strong>3.<\/strong><\/td><td>Georg LINNAM\u00c4E (EST) \/ James MORGAN (GBR)<\/td><td>Volkwagen Polo GTI R5<\/td><td>+59.5sec<\/td><\/tr><tr><td><strong>4.<\/strong><\/td><td>Javier PARDO (ESP) \/ Adri\u00e1n P\u00c9REZ (ESP)<\/td><td>Skoda Fabia Rally2<\/td><td>+2min 56.2sec<\/td><\/tr><tr><td><strong>5<\/strong><\/td><td>Alberto BATTISTOLLI (ITA) \/ Simone SCATTOLIN (ITA)<\/td><td>Skoda Fabia Rally2<\/td><td>+3min 32.6sec<\/td><\/tr><tr><td><strong>6.<\/strong><\/td><td>Bruno MAGALHAES (PRT) \/ Carlos MAGALHAES (PRT)<\/td><td>Hyundai i20 N Rally2<\/td><td>+6min 53.3sec<\/td><\/tr><tr><td><strong>7.<\/strong><\/td><td>Martins SESKS (LVA) \/ Renars FRANCIS (LVA)<\/td><td>Skoda Fabia Rally2 Kit<\/td><td>+8min 55.2sec<\/td><\/tr><tr><td><strong>8.<\/strong><\/td><td>Jos\u00e9 Pedro FONTES (PRT) \/ Ines PONTE (PRT)<\/td><td>Citro\u00ebn C3 Rally2<\/td><td>+9min 24.7sec<\/td><\/tr><tr><td><strong>9.<\/strong><\/td><td>Ricardo TEOD\u00d3SIO (PRT) \/ Jos\u00e9 TEIXERA (PRT)<\/td><td>Hyundai i20 N Rally2<\/td><td>+9min 58.6sec<\/td><\/tr><tr><td><strong>10<\/strong><\/td><td>Pedro ALMEIDA (PRT) \/ Mario CASTRO (PRT)<\/td><td>Skoda Fabia Rally2<\/td><td>+10min 19.1sec<\/td><\/tr><\/tbody><\/table><\/figure>\n","protected":false},"excerpt":{"rendered":"<p>Nil Solans odni\u00f3s\u0142 swoje pierwsze zwyci\u0119stwo w Rajdowych Mistrzostwach Europy FIA po dominuj\u0105cej je\u017adzie na Rajdzie Serras de Fafe w niedziel\u0119. Niesprzyjaj\u0105ce warunki zmusi\u0142y w sobot\u0119 do odwo\u0142ania dw\u00f3ch etap\u00f3w, ale Hiszpan nadal umacnia\u0142 swoj\u0105 pozycj\u0119 na szczycie i do ostatniego dnia osi\u0105gn\u0105\u0142 ogromn\u0105 przewag\u0119. Bardziej sucha pogoda w niedzielny poranek sprawi\u0142a, \u017ce odcinki by\u0142y [&hellip;]<\/p>\n","protected":false},"author":1,"featured_media":439,"comment_status":"closed","ping_status":"closed","sticky":false,"template":"","format":"standard","meta":{"_monsterinsights_skip_tracking":false,"_monsterinsights_sitenote_active":false,"_monsterinsights_sitenote_note":"","_monsterinsights_sitenote_category":0,"footnotes":""},"categories":[4],"tags":[],"class_list":["post-438","post","type-post","status-publish","format-standard","has-post-thumbnail","hentry","category-erc"],"aioseo_notices":[],"aioseo_head":"\n\t\t<!-- All in One SEO 4.9.9 - aioseo.com -->\n\t<meta name=\"description\" content=\"Nil Solans odni\u00f3s\u0142 swoje pierwsze zwyci\u0119stwo w Rajdowych Mistrzostwach Europy FIA po dominuj\u0105cej je\u017adzie na Rajdzie Serras de Fafe w niedziel\u0119. Niesprzyjaj\u0105ce warunki zmusi\u0142y w sobot\u0119 do odwo\u0142ania dw\u00f3ch etap\u00f3w, ale Hiszpan nadal umacnia\u0142 swoj\u0105 pozycj\u0119 na szczycie i do ostatniego dnia osi\u0105gn\u0105\u0142 ogromn\u0105 przewag\u0119. Bardziej sucha pogoda w niedzielny poranek sprawi\u0142a, \u017ce odcinki by\u0142y\" \/>\n\t<meta name=\"robots\" content=\"max-image-preview:large\" \/>\n\t<meta name=\"author\" content=\"Junior\"\/>\n\t<link rel=\"canonical\" href=\"https:\/\/www.worldrally.eu\/index.php\/2022\/03\/13\/bezkonkurencyjny-solans\/\" \/>\n\t<meta name=\"generator\" content=\"All in One SEO (AIOSEO) 4.9.9\" \/>\n\t\t<meta property=\"og:locale\" content=\"en_GB\" \/>\n\t\t<meta property=\"og:site_name\" content=\"WorldRally.eu \u00bb\" \/>\n\t\t<meta property=\"og:type\" content=\"article\" \/>\n\t\t<meta property=\"og:title\" content=\"Bezkonkurencyjny Solans \u00bb WorldRally.eu\" \/>\n\t\t<meta property=\"og:description\" content=\"Nil Solans odni\u00f3s\u0142 swoje pierwsze zwyci\u0119stwo w Rajdowych Mistrzostwach Europy FIA po dominuj\u0105cej je\u017adzie na Rajdzie Serras de Fafe w niedziel\u0119. Niesprzyjaj\u0105ce warunki zmusi\u0142y w sobot\u0119 do odwo\u0142ania dw\u00f3ch etap\u00f3w, ale Hiszpan nadal umacnia\u0142 swoj\u0105 pozycj\u0119 na szczycie i do ostatniego dnia osi\u0105gn\u0105\u0142 ogromn\u0105 przewag\u0119. Bardziej sucha pogoda w niedzielny poranek sprawi\u0142a, \u017ce odcinki by\u0142y\" \/>\n\t\t<meta property=\"og:url\" content=\"https:\/\/www.worldrally.eu\/index.php\/2022\/03\/13\/bezkonkurencyjny-solans\/\" \/>\n\t\t<meta property=\"og:image\" content=\"https:\/\/www.worldrally.eu\/wp-content\/uploads\/2023\/02\/nil-2.jpg\" \/>\n\t\t<meta property=\"og:image:secure_url\" content=\"https:\/\/www.worldrally.eu\/wp-content\/uploads\/2023\/02\/nil-2.jpg\" \/>\n\t\t<meta property=\"og:image:width\" content=\"1418\" \/>\n\t\t<meta property=\"og:image:height\" content=\"945\" \/>\n\t\t<meta property=\"article:published_time\" content=\"2022-03-13T17:53:00+00:00\" \/>\n\t\t<meta property=\"article:modified_time\" content=\"2023-02-20T17:58:43+00:00\" \/>\n\t\t<meta name=\"twitter:card\" content=\"summary_large_image\" \/>\n\t\t<meta name=\"twitter:title\" content=\"Bezkonkurencyjny Solans \u00bb WorldRally.eu\" \/>\n\t\t<meta name=\"twitter:description\" content=\"Nil Solans odni\u00f3s\u0142 swoje pierwsze zwyci\u0119stwo w Rajdowych Mistrzostwach Europy FIA po dominuj\u0105cej je\u017adzie na Rajdzie Serras de Fafe w niedziel\u0119. Niesprzyjaj\u0105ce warunki zmusi\u0142y w sobot\u0119 do odwo\u0142ania dw\u00f3ch etap\u00f3w, ale Hiszpan nadal umacnia\u0142 swoj\u0105 pozycj\u0119 na szczycie i do ostatniego dnia osi\u0105gn\u0105\u0142 ogromn\u0105 przewag\u0119. Bardziej sucha pogoda w niedzielny poranek sprawi\u0142a, \u017ce odcinki by\u0142y\" \/>\n\t\t<meta name=\"twitter:image\" content=\"https:\/\/www.worldrally.eu\/wp-content\/uploads\/2023\/02\/nil-2.jpg\" \/>\n\t\t<script type=\"application\/ld+json\" class=\"aioseo-schema\">\n\t\t\t{\"@context\":\"https:\\\/\\\/schema.org\",\"@graph\":[{\"@type\":\"BlogPosting\",\"@id\":\"https:\\\/\\\/www.worldrally.eu\\\/index.php\\\/2022\\\/03\\\/13\\\/bezkonkurencyjny-solans\\\/#blogposting\",\"name\":\"Bezkonkurencyjny Solans \\u00bb WorldRally.eu\",\"headline\":\"Bezkonkurencyjny Solans\",\"author\":{\"@id\":\"https:\\\/\\\/www.worldrally.eu\\\/index.php\\\/author\\\/admin\\\/#author\"},\"publisher\":{\"@id\":\"https:\\\/\\\/www.worldrally.eu\\\/#organization\"},\"image\":{\"@type\":\"ImageObject\",\"url\":\"https:\\\/\\\/www.worldrally.eu\\\/wp-content\\\/uploads\\\/2023\\\/02\\\/nil-2.jpg\",\"width\":1418,\"height\":945},\"datePublished\":\"2022-03-13T17:53:00+00:00\",\"dateModified\":\"2023-02-20T17:58:43+00:00\",\"inLanguage\":\"en-GB\",\"mainEntityOfPage\":{\"@id\":\"https:\\\/\\\/www.worldrally.eu\\\/index.php\\\/2022\\\/03\\\/13\\\/bezkonkurencyjny-solans\\\/#webpage\"},\"isPartOf\":{\"@id\":\"https:\\\/\\\/www.worldrally.eu\\\/index.php\\\/2022\\\/03\\\/13\\\/bezkonkurencyjny-solans\\\/#webpage\"},\"articleSection\":\"ERC\"},{\"@type\":\"BreadcrumbList\",\"@id\":\"https:\\\/\\\/www.worldrally.eu\\\/index.php\\\/2022\\\/03\\\/13\\\/bezkonkurencyjny-solans\\\/#breadcrumblist\",\"itemListElement\":[{\"@type\":\"ListItem\",\"@id\":\"https:\\\/\\\/www.worldrally.eu#listItem\",\"position\":1,\"name\":\"Home\",\"item\":\"https:\\\/\\\/www.worldrally.eu\",\"nextItem\":{\"@type\":\"ListItem\",\"@id\":\"https:\\\/\\\/www.worldrally.eu\\\/index.php\\\/category\\\/erc\\\/#listItem\",\"name\":\"ERC\"}},{\"@type\":\"ListItem\",\"@id\":\"https:\\\/\\\/www.worldrally.eu\\\/index.php\\\/category\\\/erc\\\/#listItem\",\"position\":2,\"name\":\"ERC\",\"item\":\"https:\\\/\\\/www.worldrally.eu\\\/index.php\\\/category\\\/erc\\\/\",\"nextItem\":{\"@type\":\"ListItem\",\"@id\":\"https:\\\/\\\/www.worldrally.eu\\\/index.php\\\/2022\\\/03\\\/13\\\/bezkonkurencyjny-solans\\\/#listItem\",\"name\":\"Bezkonkurencyjny Solans\"},\"previousItem\":{\"@type\":\"ListItem\",\"@id\":\"https:\\\/\\\/www.worldrally.eu#listItem\",\"name\":\"Home\"}},{\"@type\":\"ListItem\",\"@id\":\"https:\\\/\\\/www.worldrally.eu\\\/index.php\\\/2022\\\/03\\\/13\\\/bezkonkurencyjny-solans\\\/#listItem\",\"position\":3,\"name\":\"Bezkonkurencyjny Solans\",\"previousItem\":{\"@type\":\"ListItem\",\"@id\":\"https:\\\/\\\/www.worldrally.eu\\\/index.php\\\/category\\\/erc\\\/#listItem\",\"name\":\"ERC\"}}]},{\"@type\":\"Organization\",\"@id\":\"https:\\\/\\\/www.worldrally.eu\\\/#organization\",\"name\":\"WorldRally.eu\",\"url\":\"https:\\\/\\\/www.worldrally.eu\\\/\",\"logo\":{\"@type\":\"ImageObject\",\"url\":\"https:\\\/\\\/www.worldrally.eu\\\/wp-content\\\/uploads\\\/2026\\\/01\\\/cropped-logo-3.png\",\"@id\":\"https:\\\/\\\/www.worldrally.eu\\\/index.php\\\/2022\\\/03\\\/13\\\/bezkonkurencyjny-solans\\\/#organizationLogo\",\"width\":2039,\"height\":756},\"image\":{\"@id\":\"https:\\\/\\\/www.worldrally.eu\\\/index.php\\\/2022\\\/03\\\/13\\\/bezkonkurencyjny-solans\\\/#organizationLogo\"}},{\"@type\":\"Person\",\"@id\":\"https:\\\/\\\/www.worldrally.eu\\\/index.php\\\/author\\\/admin\\\/#author\",\"url\":\"https:\\\/\\\/www.worldrally.eu\\\/index.php\\\/author\\\/admin\\\/\",\"name\":\"Junior\",\"image\":{\"@type\":\"ImageObject\",\"@id\":\"https:\\\/\\\/www.worldrally.eu\\\/index.php\\\/2022\\\/03\\\/13\\\/bezkonkurencyjny-solans\\\/#authorImage\",\"url\":\"https:\\\/\\\/secure.gravatar.com\\\/avatar\\\/5bd369ac0447285dc20b588693ca1756d0179a7f957258050a42a968bf3b9d0a?s=96&d=mm&r=g\",\"width\":96,\"height\":96,\"caption\":\"Junior\"}},{\"@type\":\"WebPage\",\"@id\":\"https:\\\/\\\/www.worldrally.eu\\\/index.php\\\/2022\\\/03\\\/13\\\/bezkonkurencyjny-solans\\\/#webpage\",\"url\":\"https:\\\/\\\/www.worldrally.eu\\\/index.php\\\/2022\\\/03\\\/13\\\/bezkonkurencyjny-solans\\\/\",\"name\":\"Bezkonkurencyjny Solans \\u00bb WorldRally.eu\",\"description\":\"Nil Solans odni\\u00f3s\\u0142 swoje pierwsze zwyci\\u0119stwo w Rajdowych Mistrzostwach Europy FIA po dominuj\\u0105cej je\\u017adzie na Rajdzie Serras de Fafe w niedziel\\u0119. Niesprzyjaj\\u0105ce warunki zmusi\\u0142y w sobot\\u0119 do odwo\\u0142ania dw\\u00f3ch etap\\u00f3w, ale Hiszpan nadal umacnia\\u0142 swoj\\u0105 pozycj\\u0119 na szczycie i do ostatniego dnia osi\\u0105gn\\u0105\\u0142 ogromn\\u0105 przewag\\u0119. Bardziej sucha pogoda w niedzielny poranek sprawi\\u0142a, \\u017ce odcinki by\\u0142y\",\"inLanguage\":\"en-GB\",\"isPartOf\":{\"@id\":\"https:\\\/\\\/www.worldrally.eu\\\/#website\"},\"breadcrumb\":{\"@id\":\"https:\\\/\\\/www.worldrally.eu\\\/index.php\\\/2022\\\/03\\\/13\\\/bezkonkurencyjny-solans\\\/#breadcrumblist\"},\"author\":{\"@id\":\"https:\\\/\\\/www.worldrally.eu\\\/index.php\\\/author\\\/admin\\\/#author\"},\"creator\":{\"@id\":\"https:\\\/\\\/www.worldrally.eu\\\/index.php\\\/author\\\/admin\\\/#author\"},\"image\":{\"@type\":\"ImageObject\",\"url\":\"https:\\\/\\\/www.worldrally.eu\\\/wp-content\\\/uploads\\\/2023\\\/02\\\/nil-2.jpg\",\"@id\":\"https:\\\/\\\/www.worldrally.eu\\\/index.php\\\/2022\\\/03\\\/13\\\/bezkonkurencyjny-solans\\\/#mainImage\",\"width\":1418,\"height\":945},\"primaryImageOfPage\":{\"@id\":\"https:\\\/\\\/www.worldrally.eu\\\/index.php\\\/2022\\\/03\\\/13\\\/bezkonkurencyjny-solans\\\/#mainImage\"},\"datePublished\":\"2022-03-13T17:53:00+00:00\",\"dateModified\":\"2023-02-20T17:58:43+00:00\"},{\"@type\":\"WebSite\",\"@id\":\"https:\\\/\\\/www.worldrally.eu\\\/#website\",\"url\":\"https:\\\/\\\/www.worldrally.eu\\\/\",\"name\":\"WorldRally.eu\",\"inLanguage\":\"en-GB\",\"publisher\":{\"@id\":\"https:\\\/\\\/www.worldrally.eu\\\/#organization\"}}]}\n\t\t<\/script>\n\t\t<!-- All in One SEO -->\n\n","aioseo_head_json":{"title":"Bezkonkurencyjny Solans \u00bb WorldRally.eu","description":"Nil Solans odni\u00f3s\u0142 swoje pierwsze zwyci\u0119stwo w Rajdowych Mistrzostwach Europy FIA po dominuj\u0105cej je\u017adzie na Rajdzie Serras de Fafe w niedziel\u0119. Niesprzyjaj\u0105ce warunki zmusi\u0142y w sobot\u0119 do odwo\u0142ania dw\u00f3ch etap\u00f3w, ale Hiszpan nadal umacnia\u0142 swoj\u0105 pozycj\u0119 na szczycie i do ostatniego dnia osi\u0105gn\u0105\u0142 ogromn\u0105 przewag\u0119. Bardziej sucha pogoda w niedzielny poranek sprawi\u0142a, \u017ce odcinki by\u0142y","canonical_url":"https:\/\/www.worldrally.eu\/index.php\/2022\/03\/13\/bezkonkurencyjny-solans\/","robots":"max-image-preview:large","keywords":"","webmasterTools":{"miscellaneous":""},"schema":{"@context":"https:\/\/schema.org","@graph":[{"@type":"BlogPosting","@id":"https:\/\/www.worldrally.eu\/index.php\/2022\/03\/13\/bezkonkurencyjny-solans\/#blogposting","name":"Bezkonkurencyjny Solans \u00bb WorldRally.eu","headline":"Bezkonkurencyjny Solans","author":{"@id":"https:\/\/www.worldrally.eu\/index.php\/author\/admin\/#author"},"publisher":{"@id":"https:\/\/www.worldrally.eu\/#organization"},"image":{"@type":"ImageObject","url":"https:\/\/www.worldrally.eu\/wp-content\/uploads\/2023\/02\/nil-2.jpg","width":1418,"height":945},"datePublished":"2022-03-13T17:53:00+00:00","dateModified":"2023-02-20T17:58:43+00:00","inLanguage":"en-GB","mainEntityOfPage":{"@id":"https:\/\/www.worldrally.eu\/index.php\/2022\/03\/13\/bezkonkurencyjny-solans\/#webpage"},"isPartOf":{"@id":"https:\/\/www.worldrally.eu\/index.php\/2022\/03\/13\/bezkonkurencyjny-solans\/#webpage"},"articleSection":"ERC"},{"@type":"BreadcrumbList","@id":"https:\/\/www.worldrally.eu\/index.php\/2022\/03\/13\/bezkonkurencyjny-solans\/#breadcrumblist","itemListElement":[{"@type":"ListItem","@id":"https:\/\/www.worldrally.eu#listItem","position":1,"name":"Home","item":"https:\/\/www.worldrally.eu","nextItem":{"@type":"ListItem","@id":"https:\/\/www.worldrally.eu\/index.php\/category\/erc\/#listItem","name":"ERC"}},{"@type":"ListItem","@id":"https:\/\/www.worldrally.eu\/index.php\/category\/erc\/#listItem","position":2,"name":"ERC","item":"https:\/\/www.worldrally.eu\/index.php\/category\/erc\/","nextItem":{"@type":"ListItem","@id":"https:\/\/www.worldrally.eu\/index.php\/2022\/03\/13\/bezkonkurencyjny-solans\/#listItem","name":"Bezkonkurencyjny Solans"},"previousItem":{"@type":"ListItem","@id":"https:\/\/www.worldrally.eu#listItem","name":"Home"}},{"@type":"ListItem","@id":"https:\/\/www.worldrally.eu\/index.php\/2022\/03\/13\/bezkonkurencyjny-solans\/#listItem","position":3,"name":"Bezkonkurencyjny Solans","previousItem":{"@type":"ListItem","@id":"https:\/\/www.worldrally.eu\/index.php\/category\/erc\/#listItem","name":"ERC"}}]},{"@type":"Organization","@id":"https:\/\/www.worldrally.eu\/#organization","name":"WorldRally.eu","url":"https:\/\/www.worldrally.eu\/","logo":{"@type":"ImageObject","url":"https:\/\/www.worldrally.eu\/wp-content\/uploads\/2026\/01\/cropped-logo-3.png","@id":"https:\/\/www.worldrally.eu\/index.php\/2022\/03\/13\/bezkonkurencyjny-solans\/#organizationLogo","width":2039,"height":756},"image":{"@id":"https:\/\/www.worldrally.eu\/index.php\/2022\/03\/13\/bezkonkurencyjny-solans\/#organizationLogo"}},{"@type":"Person","@id":"https:\/\/www.worldrally.eu\/index.php\/author\/admin\/#author","url":"https:\/\/www.worldrally.eu\/index.php\/author\/admin\/","name":"Junior","image":{"@type":"ImageObject","@id":"https:\/\/www.worldrally.eu\/index.php\/2022\/03\/13\/bezkonkurencyjny-solans\/#authorImage","url":"https:\/\/secure.gravatar.com\/avatar\/5bd369ac0447285dc20b588693ca1756d0179a7f957258050a42a968bf3b9d0a?s=96&d=mm&r=g","width":96,"height":96,"caption":"Junior"}},{"@type":"WebPage","@id":"https:\/\/www.worldrally.eu\/index.php\/2022\/03\/13\/bezkonkurencyjny-solans\/#webpage","url":"https:\/\/www.worldrally.eu\/index.php\/2022\/03\/13\/bezkonkurencyjny-solans\/","name":"Bezkonkurencyjny Solans \u00bb WorldRally.eu","description":"Nil Solans odni\u00f3s\u0142 swoje pierwsze zwyci\u0119stwo w Rajdowych Mistrzostwach Europy FIA po dominuj\u0105cej je\u017adzie na Rajdzie Serras de Fafe w niedziel\u0119. Niesprzyjaj\u0105ce warunki zmusi\u0142y w sobot\u0119 do odwo\u0142ania dw\u00f3ch etap\u00f3w, ale Hiszpan nadal umacnia\u0142 swoj\u0105 pozycj\u0119 na szczycie i do ostatniego dnia osi\u0105gn\u0105\u0142 ogromn\u0105 przewag\u0119. Bardziej sucha pogoda w niedzielny poranek sprawi\u0142a, \u017ce odcinki by\u0142y","inLanguage":"en-GB","isPartOf":{"@id":"https:\/\/www.worldrally.eu\/#website"},"breadcrumb":{"@id":"https:\/\/www.worldrally.eu\/index.php\/2022\/03\/13\/bezkonkurencyjny-solans\/#breadcrumblist"},"author":{"@id":"https:\/\/www.worldrally.eu\/index.php\/author\/admin\/#author"},"creator":{"@id":"https:\/\/www.worldrally.eu\/index.php\/author\/admin\/#author"},"image":{"@type":"ImageObject","url":"https:\/\/www.worldrally.eu\/wp-content\/uploads\/2023\/02\/nil-2.jpg","@id":"https:\/\/www.worldrally.eu\/index.php\/2022\/03\/13\/bezkonkurencyjny-solans\/#mainImage","width":1418,"height":945},"primaryImageOfPage":{"@id":"https:\/\/www.worldrally.eu\/index.php\/2022\/03\/13\/bezkonkurencyjny-solans\/#mainImage"},"datePublished":"2022-03-13T17:53:00+00:00","dateModified":"2023-02-20T17:58:43+00:00"},{"@type":"WebSite","@id":"https:\/\/www.worldrally.eu\/#website","url":"https:\/\/www.worldrally.eu\/","name":"WorldRally.eu","inLanguage":"en-GB","publisher":{"@id":"https:\/\/www.worldrally.eu\/#organization"}}]},"og:locale":"en_GB","og:site_name":"WorldRally.eu \u00bb","og:type":"article","og:title":"Bezkonkurencyjny Solans \u00bb WorldRally.eu","og:description":"Nil Solans odni\u00f3s\u0142 swoje pierwsze zwyci\u0119stwo w Rajdowych Mistrzostwach Europy FIA po dominuj\u0105cej je\u017adzie na Rajdzie Serras de Fafe w niedziel\u0119. Niesprzyjaj\u0105ce warunki zmusi\u0142y w sobot\u0119 do odwo\u0142ania dw\u00f3ch etap\u00f3w, ale Hiszpan nadal umacnia\u0142 swoj\u0105 pozycj\u0119 na szczycie i do ostatniego dnia osi\u0105gn\u0105\u0142 ogromn\u0105 przewag\u0119. Bardziej sucha pogoda w niedzielny poranek sprawi\u0142a, \u017ce odcinki by\u0142y","og:url":"https:\/\/www.worldrally.eu\/index.php\/2022\/03\/13\/bezkonkurencyjny-solans\/","og:image":"https:\/\/www.worldrally.eu\/wp-content\/uploads\/2023\/02\/nil-2.jpg","og:image:secure_url":"https:\/\/www.worldrally.eu\/wp-content\/uploads\/2023\/02\/nil-2.jpg","og:image:width":1418,"og:image:height":945,"article:published_time":"2022-03-13T17:53:00+00:00","article:modified_time":"2023-02-20T17:58:43+00:00","twitter:card":"summary_large_image","twitter:title":"Bezkonkurencyjny Solans \u00bb WorldRally.eu","twitter:description":"Nil Solans odni\u00f3s\u0142 swoje pierwsze zwyci\u0119stwo w Rajdowych Mistrzostwach Europy FIA po dominuj\u0105cej je\u017adzie na Rajdzie Serras de Fafe w niedziel\u0119. Niesprzyjaj\u0105ce warunki zmusi\u0142y w sobot\u0119 do odwo\u0142ania dw\u00f3ch etap\u00f3w, ale Hiszpan nadal umacnia\u0142 swoj\u0105 pozycj\u0119 na szczycie i do ostatniego dnia osi\u0105gn\u0105\u0142 ogromn\u0105 przewag\u0119. Bardziej sucha pogoda w niedzielny poranek sprawi\u0142a, \u017ce odcinki by\u0142y","twitter:image":"https:\/\/www.worldrally.eu\/wp-content\/uploads\/2023\/02\/nil-2.jpg"},"aioseo_meta_data":{"post_id":"438","title":null,"description":null,"keywords":null,"keyphrases":null,"primary_term":null,"canonical_url":null,"og_title":null,"og_description":null,"og_object_type":"default","og_image_type":"default","og_image_url":null,"og_image_width":null,"og_image_height":null,"og_image_custom_url":null,"og_image_custom_fields":null,"og_video":null,"og_custom_url":null,"og_article_section":null,"og_article_tags":null,"twitter_use_og":false,"twitter_card":"default","twitter_image_type":"default","twitter_image_url":null,"twitter_image_custom_url":null,"twitter_image_custom_fields":null,"twitter_title":null,"twitter_description":null,"schema":{"blockGraphs":[],"customGraphs":[],"default":{"data":{"Article":[],"Course":[],"Dataset":[],"FAQPage":[],"Movie":[],"Person":[],"Product":[],"ProductReview":[],"Car":[],"Recipe":[],"Service":[],"SoftwareApplication":[],"WebPage":[]},"graphName":"","isEnabled":true},"graphs":[]},"schema_type":"default","schema_type_options":null,"pillar_content":false,"robots_default":true,"robots_noindex":false,"robots_noarchive":false,"robots_nosnippet":false,"robots_nofollow":false,"robots_noimageindex":false,"robots_noodp":false,"robots_notranslate":false,"robots_max_snippet":null,"robots_max_videopreview":null,"robots_max_imagepreview":"large","priority":null,"frequency":null,"local_seo":null,"breadcrumb_settings":null,"limit_modified_date":false,"ai":null,"created":"2025-03-22 05:49:13","updated":"2025-10-26 08:10:25","seo_analyzer_scan_date":null},"aioseo_breadcrumb":"<div class=\"aioseo-breadcrumbs\"><span class=\"aioseo-breadcrumb\">\n\t\t\t<a href=\"https:\/\/www.worldrally.eu\" title=\"Home\">Home<\/a>\n\t\t<\/span><span class=\"aioseo-breadcrumb-separator\">&raquo;<\/span><span class=\"aioseo-breadcrumb\">\n\t\t\t<a href=\"https:\/\/www.worldrally.eu\/index.php\/category\/erc\/\" title=\"ERC\">ERC<\/a>\n\t\t<\/span><span class=\"aioseo-breadcrumb-separator\">&raquo;<\/span><span class=\"aioseo-breadcrumb\">\n\t\t\tBezkonkurencyjny Solans\n\t\t<\/span><\/div>","aioseo_breadcrumb_json":[{"label":"Home","link":"https:\/\/www.worldrally.eu"},{"label":"ERC","link":"https:\/\/www.worldrally.eu\/index.php\/category\/erc\/"},{"label":"Bezkonkurencyjny Solans","link":"https:\/\/www.worldrally.eu\/index.php\/2022\/03\/13\/bezkonkurencyjny-solans\/"}],"cc_featured_image_caption":{"caption_text":"Foto- FIAerc","source_text":"","source_url":""},"_links":{"self":[{"href":"https:\/\/www.worldrally.eu\/index.php\/wp-json\/wp\/v2\/posts\/438","targetHints":{"allow":["GET"]}}],"collection":[{"href":"https:\/\/www.worldrally.eu\/index.php\/wp-json\/wp\/v2\/posts"}],"about":[{"href":"https:\/\/www.worldrally.eu\/index.php\/wp-json\/wp\/v2\/types\/post"}],"author":[{"embeddable":true,"href":"https:\/\/www.worldrally.eu\/index.php\/wp-json\/wp\/v2\/users\/1"}],"replies":[{"embeddable":true,"href":"https:\/\/www.worldrally.eu\/index.php\/wp-json\/wp\/v2\/comments?post=438"}],"version-history":[{"count":1,"href":"https:\/\/www.worldrally.eu\/index.php\/wp-json\/wp\/v2\/posts\/438\/revisions"}],"predecessor-version":[{"id":440,"href":"https:\/\/www.worldrally.eu\/index.php\/wp-json\/wp\/v2\/posts\/438\/revisions\/440"}],"wp:featuredmedia":[{"embeddable":true,"href":"https:\/\/www.worldrally.eu\/index.php\/wp-json\/wp\/v2\/media\/439"}],"wp:attachment":[{"href":"https:\/\/www.worldrally.eu\/index.php\/wp-json\/wp\/v2\/media?parent=438"}],"wp:term":[{"taxonomy":"category","embeddable":true,"href":"https:\/\/www.worldrally.eu\/index.php\/wp-json\/wp\/v2\/categories?post=438"},{"taxonomy":"post_tag","embeddable":true,"href":"https:\/\/www.worldrally.eu\/index.php\/wp-json\/wp\/v2\/tags?post=438"}],"curies":[{"name":"wp","href":"https:\/\/api.w.org\/{rel}","templated":true}]}}