{"id":432,"date":"2022-03-13T20:30:00","date_gmt":"2022-03-13T20:30:00","guid":{"rendered":"https:\/\/www.worldrally.eu\/?p=432"},"modified":"2023-02-19T20:38:51","modified_gmt":"2023-02-19T20:38:51","slug":"solans-zwieksza-przewage","status":"publish","type":"post","link":"https:\/\/www.worldrally.eu\/index.php\/2022\/03\/13\/solans-zwieksza-przewage\/","title":{"rendered":"Solans zwi\u0119ksza przewag\u0119"},"content":{"rendered":"\n<p class=\"wp-block-paragraph\">Nil Solans pozostaje liderem i w pe\u0142ni kontroluje ju\u017c sytuacj\u0119 w Rally Serras de Fafe  przed czterema ostatnimi etapami, a jego rywale Georg Linnam\u00e4e i Armindo Ara\u00fajo bardzo zaciekle walcz\u0105 o drugie miejsce na podium.<\/p>\n\n\n\n<p class=\"wp-block-paragraph\">To nie by\u0142o otwarcie jakiego by sobie \u017cyczyli kierowcy w  Rajdowych Mistrzostwach Europy, rozpocz\u0119\u0142o si\u0119 w sobot\u0119 w koszmarnych warunkach pogodowych, kt\u00f3re bardzo do\u015bwiadczony portugalski kierowca Bruno Magalh\u00e3es okre\u015bli\u0142 jako <em>\u201enajgorsze warunki, jakie kiedykolwiek widzia\u0142em w \u017cyciu\u201d<\/em>.<\/p>\n\n\n\n<p class=\"wp-block-paragraph\">Wydawa\u0142o si\u0119 jednak, \u017ce dosz\u0142o do dramatu na Lameirinha, poniewa\u017c ca\u0142y prz\u00f3d Volkswagena Polo GTI R5 zosta\u0142 zerwany. Uszkodzenia by\u0142y jedynie kosmetyczne i uko\u0144czy\u0142 etap bez problemu.<\/p>\n\n\n\n<p class=\"wp-block-paragraph\"><em>\u201eNie wiem\u201d<\/em>, powiedzia\u0142 Solans zapytany, w jaki spos\u00f3b uszkodzi\u0142 sw\u00f3j samoch\u00f3d. <\/p>\n\n\n\n<p class=\"wp-block-paragraph\"><em>\u201eW niekt\u00f3rych miejscach by\u0142o mi za ciasno. Nie wiem. Mo\u017ce dotkn\u0105\u0142em \u017cwiru. Czasami zdarzaj\u0105 si\u0119 naci\u0119cia z du\u017c\u0105 ilo\u015bci\u0105 \u017cwiru, by\u0107 mo\u017ce naci\u0119cie co\u015b przesun\u0119\u0142o. Ale bez dramatu&#8221;<\/em><\/p>\n\n\n\n<p class=\"wp-block-paragraph\">Klasyfikacja po SS13<\/p>\n\n\n\n<p class=\"wp-block-paragraph\">1 Solans\/Marti (Volkswagen) 1h29m42.1s<br>2 Linnam\u00e4e\/Morgan (Volkswagen) +1m31.9s<br>3 Ara\u00fajo\/Ramalho (\u0160koda) +1m41.9s<br>4 Pardo\/P\u00e9rez (\u0160koda) +3m06.2s<br>5 Tempestini\/Itu (\u0160koda) +3m08.9s<br>6 Alberto Battistolli\/Simone Scattolin (\u0160koda) + 4m05.2s<br>7 Norbert Herczig\/Igor Bacig\u00e1l (\u0160koda) +5m12.9s<br>8 Magalhaes\/Magalhaes (Hyundai) +6m39.0s<br>9 M\u0101rti\u0146\u0161 Sesks\/Renars Francis (\u0160koda) +8m54.6s<br>10 Jos\u00e9 Pedro Fontes\/In\u00eas Ponte (Citro\u00ebn) +9m02.9s<\/p>\n","protected":false},"excerpt":{"rendered":"<p>Nil Solans pozostaje liderem i w pe\u0142ni kontroluje ju\u017c sytuacj\u0119 w Rally Serras de Fafe przed czterema ostatnimi etapami, a jego rywale Georg Linnam\u00e4e i Armindo Ara\u00fajo bardzo zaciekle walcz\u0105 o drugie miejsce na podium. To nie by\u0142o otwarcie jakiego by sobie \u017cyczyli kierowcy w Rajdowych Mistrzostwach Europy, rozpocz\u0119\u0142o si\u0119 w sobot\u0119 w koszmarnych warunkach [&hellip;]<\/p>\n","protected":false},"author":1,"featured_media":433,"comment_status":"closed","ping_status":"closed","sticky":false,"template":"","format":"standard","meta":{"_monsterinsights_skip_tracking":false,"_monsterinsights_sitenote_active":false,"_monsterinsights_sitenote_note":"","_monsterinsights_sitenote_category":0,"footnotes":""},"categories":[4],"tags":[],"class_list":["post-432","post","type-post","status-publish","format-standard","has-post-thumbnail","hentry","category-erc"],"aioseo_notices":[],"aioseo_head":"\n\t\t<!-- All in One SEO 4.9.9 - aioseo.com -->\n\t<meta name=\"description\" content=\"Nil Solans pozostaje liderem i w pe\u0142ni kontroluje ju\u017c sytuacj\u0119 w Rally Serras de Fafe przed czterema ostatnimi etapami, a jego rywale Georg Linnam\u00e4e i Armindo Ara\u00fajo bardzo zaciekle walcz\u0105 o drugie miejsce na podium. To nie by\u0142o otwarcie jakiego by sobie \u017cyczyli kierowcy w Rajdowych Mistrzostwach Europy, rozpocz\u0119\u0142o si\u0119 w sobot\u0119 w koszmarnych warunkach\" \/>\n\t<meta name=\"robots\" content=\"max-image-preview:large\" \/>\n\t<meta name=\"author\" content=\"Junior\"\/>\n\t<link rel=\"canonical\" href=\"https:\/\/www.worldrally.eu\/index.php\/2022\/03\/13\/solans-zwieksza-przewage\/\" \/>\n\t<meta name=\"generator\" content=\"All in One SEO (AIOSEO) 4.9.9\" \/>\n\t\t<meta property=\"og:locale\" content=\"en_GB\" \/>\n\t\t<meta property=\"og:site_name\" content=\"WorldRally.eu \u00bb\" \/>\n\t\t<meta property=\"og:type\" content=\"article\" \/>\n\t\t<meta property=\"og:title\" content=\"Solans zwi\u0119ksza przewag\u0119 \u00bb WorldRally.eu\" \/>\n\t\t<meta property=\"og:description\" content=\"Nil Solans pozostaje liderem i w pe\u0142ni kontroluje ju\u017c sytuacj\u0119 w Rally Serras de Fafe przed czterema ostatnimi etapami, a jego rywale Georg Linnam\u00e4e i Armindo Ara\u00fajo bardzo zaciekle walcz\u0105 o drugie miejsce na podium. To nie by\u0142o otwarcie jakiego by sobie \u017cyczyli kierowcy w Rajdowych Mistrzostwach Europy, rozpocz\u0119\u0142o si\u0119 w sobot\u0119 w koszmarnych warunkach\" \/>\n\t\t<meta property=\"og:url\" content=\"https:\/\/www.worldrally.eu\/index.php\/2022\/03\/13\/solans-zwieksza-przewage\/\" \/>\n\t\t<meta property=\"og:image\" content=\"https:\/\/www.worldrally.eu\/wp-content\/uploads\/2023\/02\/Fafe-3.jpg\" \/>\n\t\t<meta property=\"og:image:secure_url\" content=\"https:\/\/www.worldrally.eu\/wp-content\/uploads\/2023\/02\/Fafe-3.jpg\" \/>\n\t\t<meta property=\"og:image:width\" content=\"1400\" \/>\n\t\t<meta property=\"og:image:height\" content=\"788\" \/>\n\t\t<meta property=\"article:published_time\" content=\"2022-03-13T20:30:00+00:00\" \/>\n\t\t<meta property=\"article:modified_time\" content=\"2023-02-19T20:38:51+00:00\" \/>\n\t\t<meta name=\"twitter:card\" content=\"summary_large_image\" \/>\n\t\t<meta name=\"twitter:title\" content=\"Solans zwi\u0119ksza przewag\u0119 \u00bb WorldRally.eu\" \/>\n\t\t<meta name=\"twitter:description\" content=\"Nil Solans pozostaje liderem i w pe\u0142ni kontroluje ju\u017c sytuacj\u0119 w Rally Serras de Fafe przed czterema ostatnimi etapami, a jego rywale Georg Linnam\u00e4e i Armindo Ara\u00fajo bardzo zaciekle walcz\u0105 o drugie miejsce na podium. To nie by\u0142o otwarcie jakiego by sobie \u017cyczyli kierowcy w Rajdowych Mistrzostwach Europy, rozpocz\u0119\u0142o si\u0119 w sobot\u0119 w koszmarnych warunkach\" \/>\n\t\t<meta name=\"twitter:image\" content=\"https:\/\/www.worldrally.eu\/wp-content\/uploads\/2023\/02\/Fafe-3.jpg\" \/>\n\t\t<script type=\"application\/ld+json\" class=\"aioseo-schema\">\n\t\t\t{\"@context\":\"https:\\\/\\\/schema.org\",\"@graph\":[{\"@type\":\"BlogPosting\",\"@id\":\"https:\\\/\\\/www.worldrally.eu\\\/index.php\\\/2022\\\/03\\\/13\\\/solans-zwieksza-przewage\\\/#blogposting\",\"name\":\"Solans zwi\\u0119ksza przewag\\u0119 \\u00bb WorldRally.eu\",\"headline\":\"Solans zwi\\u0119ksza przewag\\u0119\",\"author\":{\"@id\":\"https:\\\/\\\/www.worldrally.eu\\\/index.php\\\/author\\\/admin\\\/#author\"},\"publisher\":{\"@id\":\"https:\\\/\\\/www.worldrally.eu\\\/#organization\"},\"image\":{\"@type\":\"ImageObject\",\"url\":\"https:\\\/\\\/www.worldrally.eu\\\/wp-content\\\/uploads\\\/2023\\\/02\\\/Fafe-3.jpg\",\"width\":1400,\"height\":788},\"datePublished\":\"2022-03-13T20:30:00+00:00\",\"dateModified\":\"2023-02-19T20:38:51+00:00\",\"inLanguage\":\"en-GB\",\"mainEntityOfPage\":{\"@id\":\"https:\\\/\\\/www.worldrally.eu\\\/index.php\\\/2022\\\/03\\\/13\\\/solans-zwieksza-przewage\\\/#webpage\"},\"isPartOf\":{\"@id\":\"https:\\\/\\\/www.worldrally.eu\\\/index.php\\\/2022\\\/03\\\/13\\\/solans-zwieksza-przewage\\\/#webpage\"},\"articleSection\":\"ERC\"},{\"@type\":\"BreadcrumbList\",\"@id\":\"https:\\\/\\\/www.worldrally.eu\\\/index.php\\\/2022\\\/03\\\/13\\\/solans-zwieksza-przewage\\\/#breadcrumblist\",\"itemListElement\":[{\"@type\":\"ListItem\",\"@id\":\"https:\\\/\\\/www.worldrally.eu#listItem\",\"position\":1,\"name\":\"Home\",\"item\":\"https:\\\/\\\/www.worldrally.eu\",\"nextItem\":{\"@type\":\"ListItem\",\"@id\":\"https:\\\/\\\/www.worldrally.eu\\\/index.php\\\/category\\\/erc\\\/#listItem\",\"name\":\"ERC\"}},{\"@type\":\"ListItem\",\"@id\":\"https:\\\/\\\/www.worldrally.eu\\\/index.php\\\/category\\\/erc\\\/#listItem\",\"position\":2,\"name\":\"ERC\",\"item\":\"https:\\\/\\\/www.worldrally.eu\\\/index.php\\\/category\\\/erc\\\/\",\"nextItem\":{\"@type\":\"ListItem\",\"@id\":\"https:\\\/\\\/www.worldrally.eu\\\/index.php\\\/2022\\\/03\\\/13\\\/solans-zwieksza-przewage\\\/#listItem\",\"name\":\"Solans zwi\\u0119ksza przewag\\u0119\"},\"previousItem\":{\"@type\":\"ListItem\",\"@id\":\"https:\\\/\\\/www.worldrally.eu#listItem\",\"name\":\"Home\"}},{\"@type\":\"ListItem\",\"@id\":\"https:\\\/\\\/www.worldrally.eu\\\/index.php\\\/2022\\\/03\\\/13\\\/solans-zwieksza-przewage\\\/#listItem\",\"position\":3,\"name\":\"Solans zwi\\u0119ksza przewag\\u0119\",\"previousItem\":{\"@type\":\"ListItem\",\"@id\":\"https:\\\/\\\/www.worldrally.eu\\\/index.php\\\/category\\\/erc\\\/#listItem\",\"name\":\"ERC\"}}]},{\"@type\":\"Organization\",\"@id\":\"https:\\\/\\\/www.worldrally.eu\\\/#organization\",\"name\":\"WorldRally.eu\",\"url\":\"https:\\\/\\\/www.worldrally.eu\\\/\",\"logo\":{\"@type\":\"ImageObject\",\"url\":\"https:\\\/\\\/www.worldrally.eu\\\/wp-content\\\/uploads\\\/2026\\\/01\\\/cropped-logo-3.png\",\"@id\":\"https:\\\/\\\/www.worldrally.eu\\\/index.php\\\/2022\\\/03\\\/13\\\/solans-zwieksza-przewage\\\/#organizationLogo\",\"width\":2039,\"height\":756},\"image\":{\"@id\":\"https:\\\/\\\/www.worldrally.eu\\\/index.php\\\/2022\\\/03\\\/13\\\/solans-zwieksza-przewage\\\/#organizationLogo\"}},{\"@type\":\"Person\",\"@id\":\"https:\\\/\\\/www.worldrally.eu\\\/index.php\\\/author\\\/admin\\\/#author\",\"url\":\"https:\\\/\\\/www.worldrally.eu\\\/index.php\\\/author\\\/admin\\\/\",\"name\":\"Junior\",\"image\":{\"@type\":\"ImageObject\",\"@id\":\"https:\\\/\\\/www.worldrally.eu\\\/index.php\\\/2022\\\/03\\\/13\\\/solans-zwieksza-przewage\\\/#authorImage\",\"url\":\"https:\\\/\\\/secure.gravatar.com\\\/avatar\\\/5bd369ac0447285dc20b588693ca1756d0179a7f957258050a42a968bf3b9d0a?s=96&d=mm&r=g\",\"width\":96,\"height\":96,\"caption\":\"Junior\"}},{\"@type\":\"WebPage\",\"@id\":\"https:\\\/\\\/www.worldrally.eu\\\/index.php\\\/2022\\\/03\\\/13\\\/solans-zwieksza-przewage\\\/#webpage\",\"url\":\"https:\\\/\\\/www.worldrally.eu\\\/index.php\\\/2022\\\/03\\\/13\\\/solans-zwieksza-przewage\\\/\",\"name\":\"Solans zwi\\u0119ksza przewag\\u0119 \\u00bb WorldRally.eu\",\"description\":\"Nil Solans pozostaje liderem i w pe\\u0142ni kontroluje ju\\u017c sytuacj\\u0119 w Rally Serras de Fafe przed czterema ostatnimi etapami, a jego rywale Georg Linnam\\u00e4e i Armindo Ara\\u00fajo bardzo zaciekle walcz\\u0105 o drugie miejsce na podium. To nie by\\u0142o otwarcie jakiego by sobie \\u017cyczyli kierowcy w Rajdowych Mistrzostwach Europy, rozpocz\\u0119\\u0142o si\\u0119 w sobot\\u0119 w koszmarnych warunkach\",\"inLanguage\":\"en-GB\",\"isPartOf\":{\"@id\":\"https:\\\/\\\/www.worldrally.eu\\\/#website\"},\"breadcrumb\":{\"@id\":\"https:\\\/\\\/www.worldrally.eu\\\/index.php\\\/2022\\\/03\\\/13\\\/solans-zwieksza-przewage\\\/#breadcrumblist\"},\"author\":{\"@id\":\"https:\\\/\\\/www.worldrally.eu\\\/index.php\\\/author\\\/admin\\\/#author\"},\"creator\":{\"@id\":\"https:\\\/\\\/www.worldrally.eu\\\/index.php\\\/author\\\/admin\\\/#author\"},\"image\":{\"@type\":\"ImageObject\",\"url\":\"https:\\\/\\\/www.worldrally.eu\\\/wp-content\\\/uploads\\\/2023\\\/02\\\/Fafe-3.jpg\",\"@id\":\"https:\\\/\\\/www.worldrally.eu\\\/index.php\\\/2022\\\/03\\\/13\\\/solans-zwieksza-przewage\\\/#mainImage\",\"width\":1400,\"height\":788},\"primaryImageOfPage\":{\"@id\":\"https:\\\/\\\/www.worldrally.eu\\\/index.php\\\/2022\\\/03\\\/13\\\/solans-zwieksza-przewage\\\/#mainImage\"},\"datePublished\":\"2022-03-13T20:30:00+00:00\",\"dateModified\":\"2023-02-19T20:38:51+00:00\"},{\"@type\":\"WebSite\",\"@id\":\"https:\\\/\\\/www.worldrally.eu\\\/#website\",\"url\":\"https:\\\/\\\/www.worldrally.eu\\\/\",\"name\":\"WorldRally.eu\",\"inLanguage\":\"en-GB\",\"publisher\":{\"@id\":\"https:\\\/\\\/www.worldrally.eu\\\/#organization\"}}]}\n\t\t<\/script>\n\t\t<!-- All in One SEO -->\n\n","aioseo_head_json":{"title":"Solans zwi\u0119ksza przewag\u0119 \u00bb WorldRally.eu","description":"Nil Solans pozostaje liderem i w pe\u0142ni kontroluje ju\u017c sytuacj\u0119 w Rally Serras de Fafe przed czterema ostatnimi etapami, a jego rywale Georg Linnam\u00e4e i Armindo Ara\u00fajo bardzo zaciekle walcz\u0105 o drugie miejsce na podium. To nie by\u0142o otwarcie jakiego by sobie \u017cyczyli kierowcy w Rajdowych Mistrzostwach Europy, rozpocz\u0119\u0142o si\u0119 w sobot\u0119 w koszmarnych warunkach","canonical_url":"https:\/\/www.worldrally.eu\/index.php\/2022\/03\/13\/solans-zwieksza-przewage\/","robots":"max-image-preview:large","keywords":"","webmasterTools":{"miscellaneous":""},"schema":{"@context":"https:\/\/schema.org","@graph":[{"@type":"BlogPosting","@id":"https:\/\/www.worldrally.eu\/index.php\/2022\/03\/13\/solans-zwieksza-przewage\/#blogposting","name":"Solans zwi\u0119ksza przewag\u0119 \u00bb WorldRally.eu","headline":"Solans zwi\u0119ksza przewag\u0119","author":{"@id":"https:\/\/www.worldrally.eu\/index.php\/author\/admin\/#author"},"publisher":{"@id":"https:\/\/www.worldrally.eu\/#organization"},"image":{"@type":"ImageObject","url":"https:\/\/www.worldrally.eu\/wp-content\/uploads\/2023\/02\/Fafe-3.jpg","width":1400,"height":788},"datePublished":"2022-03-13T20:30:00+00:00","dateModified":"2023-02-19T20:38:51+00:00","inLanguage":"en-GB","mainEntityOfPage":{"@id":"https:\/\/www.worldrally.eu\/index.php\/2022\/03\/13\/solans-zwieksza-przewage\/#webpage"},"isPartOf":{"@id":"https:\/\/www.worldrally.eu\/index.php\/2022\/03\/13\/solans-zwieksza-przewage\/#webpage"},"articleSection":"ERC"},{"@type":"BreadcrumbList","@id":"https:\/\/www.worldrally.eu\/index.php\/2022\/03\/13\/solans-zwieksza-przewage\/#breadcrumblist","itemListElement":[{"@type":"ListItem","@id":"https:\/\/www.worldrally.eu#listItem","position":1,"name":"Home","item":"https:\/\/www.worldrally.eu","nextItem":{"@type":"ListItem","@id":"https:\/\/www.worldrally.eu\/index.php\/category\/erc\/#listItem","name":"ERC"}},{"@type":"ListItem","@id":"https:\/\/www.worldrally.eu\/index.php\/category\/erc\/#listItem","position":2,"name":"ERC","item":"https:\/\/www.worldrally.eu\/index.php\/category\/erc\/","nextItem":{"@type":"ListItem","@id":"https:\/\/www.worldrally.eu\/index.php\/2022\/03\/13\/solans-zwieksza-przewage\/#listItem","name":"Solans zwi\u0119ksza przewag\u0119"},"previousItem":{"@type":"ListItem","@id":"https:\/\/www.worldrally.eu#listItem","name":"Home"}},{"@type":"ListItem","@id":"https:\/\/www.worldrally.eu\/index.php\/2022\/03\/13\/solans-zwieksza-przewage\/#listItem","position":3,"name":"Solans zwi\u0119ksza przewag\u0119","previousItem":{"@type":"ListItem","@id":"https:\/\/www.worldrally.eu\/index.php\/category\/erc\/#listItem","name":"ERC"}}]},{"@type":"Organization","@id":"https:\/\/www.worldrally.eu\/#organization","name":"WorldRally.eu","url":"https:\/\/www.worldrally.eu\/","logo":{"@type":"ImageObject","url":"https:\/\/www.worldrally.eu\/wp-content\/uploads\/2026\/01\/cropped-logo-3.png","@id":"https:\/\/www.worldrally.eu\/index.php\/2022\/03\/13\/solans-zwieksza-przewage\/#organizationLogo","width":2039,"height":756},"image":{"@id":"https:\/\/www.worldrally.eu\/index.php\/2022\/03\/13\/solans-zwieksza-przewage\/#organizationLogo"}},{"@type":"Person","@id":"https:\/\/www.worldrally.eu\/index.php\/author\/admin\/#author","url":"https:\/\/www.worldrally.eu\/index.php\/author\/admin\/","name":"Junior","image":{"@type":"ImageObject","@id":"https:\/\/www.worldrally.eu\/index.php\/2022\/03\/13\/solans-zwieksza-przewage\/#authorImage","url":"https:\/\/secure.gravatar.com\/avatar\/5bd369ac0447285dc20b588693ca1756d0179a7f957258050a42a968bf3b9d0a?s=96&d=mm&r=g","width":96,"height":96,"caption":"Junior"}},{"@type":"WebPage","@id":"https:\/\/www.worldrally.eu\/index.php\/2022\/03\/13\/solans-zwieksza-przewage\/#webpage","url":"https:\/\/www.worldrally.eu\/index.php\/2022\/03\/13\/solans-zwieksza-przewage\/","name":"Solans zwi\u0119ksza przewag\u0119 \u00bb WorldRally.eu","description":"Nil Solans pozostaje liderem i w pe\u0142ni kontroluje ju\u017c sytuacj\u0119 w Rally Serras de Fafe przed czterema ostatnimi etapami, a jego rywale Georg Linnam\u00e4e i Armindo Ara\u00fajo bardzo zaciekle walcz\u0105 o drugie miejsce na podium. To nie by\u0142o otwarcie jakiego by sobie \u017cyczyli kierowcy w Rajdowych Mistrzostwach Europy, rozpocz\u0119\u0142o si\u0119 w sobot\u0119 w koszmarnych warunkach","inLanguage":"en-GB","isPartOf":{"@id":"https:\/\/www.worldrally.eu\/#website"},"breadcrumb":{"@id":"https:\/\/www.worldrally.eu\/index.php\/2022\/03\/13\/solans-zwieksza-przewage\/#breadcrumblist"},"author":{"@id":"https:\/\/www.worldrally.eu\/index.php\/author\/admin\/#author"},"creator":{"@id":"https:\/\/www.worldrally.eu\/index.php\/author\/admin\/#author"},"image":{"@type":"ImageObject","url":"https:\/\/www.worldrally.eu\/wp-content\/uploads\/2023\/02\/Fafe-3.jpg","@id":"https:\/\/www.worldrally.eu\/index.php\/2022\/03\/13\/solans-zwieksza-przewage\/#mainImage","width":1400,"height":788},"primaryImageOfPage":{"@id":"https:\/\/www.worldrally.eu\/index.php\/2022\/03\/13\/solans-zwieksza-przewage\/#mainImage"},"datePublished":"2022-03-13T20:30:00+00:00","dateModified":"2023-02-19T20:38:51+00:00"},{"@type":"WebSite","@id":"https:\/\/www.worldrally.eu\/#website","url":"https:\/\/www.worldrally.eu\/","name":"WorldRally.eu","inLanguage":"en-GB","publisher":{"@id":"https:\/\/www.worldrally.eu\/#organization"}}]},"og:locale":"en_GB","og:site_name":"WorldRally.eu \u00bb","og:type":"article","og:title":"Solans zwi\u0119ksza przewag\u0119 \u00bb WorldRally.eu","og:description":"Nil Solans pozostaje liderem i w pe\u0142ni kontroluje ju\u017c sytuacj\u0119 w Rally Serras de Fafe przed czterema ostatnimi etapami, a jego rywale Georg Linnam\u00e4e i Armindo Ara\u00fajo bardzo zaciekle walcz\u0105 o drugie miejsce na podium. To nie by\u0142o otwarcie jakiego by sobie \u017cyczyli kierowcy w Rajdowych Mistrzostwach Europy, rozpocz\u0119\u0142o si\u0119 w sobot\u0119 w koszmarnych warunkach","og:url":"https:\/\/www.worldrally.eu\/index.php\/2022\/03\/13\/solans-zwieksza-przewage\/","og:image":"https:\/\/www.worldrally.eu\/wp-content\/uploads\/2023\/02\/Fafe-3.jpg","og:image:secure_url":"https:\/\/www.worldrally.eu\/wp-content\/uploads\/2023\/02\/Fafe-3.jpg","og:image:width":1400,"og:image:height":788,"article:published_time":"2022-03-13T20:30:00+00:00","article:modified_time":"2023-02-19T20:38:51+00:00","twitter:card":"summary_large_image","twitter:title":"Solans zwi\u0119ksza przewag\u0119 \u00bb WorldRally.eu","twitter:description":"Nil Solans pozostaje liderem i w pe\u0142ni kontroluje ju\u017c sytuacj\u0119 w Rally Serras de Fafe przed czterema ostatnimi etapami, a jego rywale Georg Linnam\u00e4e i Armindo Ara\u00fajo bardzo zaciekle walcz\u0105 o drugie miejsce na podium. To nie by\u0142o otwarcie jakiego by sobie \u017cyczyli kierowcy w Rajdowych Mistrzostwach Europy, rozpocz\u0119\u0142o si\u0119 w sobot\u0119 w koszmarnych warunkach","twitter:image":"https:\/\/www.worldrally.eu\/wp-content\/uploads\/2023\/02\/Fafe-3.jpg"},"aioseo_meta_data":{"post_id":"432","title":null,"description":null,"keywords":null,"keyphrases":null,"primary_term":null,"canonical_url":null,"og_title":null,"og_description":null,"og_object_type":"default","og_image_type":"default","og_image_url":null,"og_image_width":null,"og_image_height":null,"og_image_custom_url":null,"og_image_custom_fields":null,"og_video":null,"og_custom_url":null,"og_article_section":null,"og_article_tags":null,"twitter_use_og":false,"twitter_card":"default","twitter_image_type":"default","twitter_image_url":null,"twitter_image_custom_url":null,"twitter_image_custom_fields":null,"twitter_title":null,"twitter_description":null,"schema":{"blockGraphs":[],"customGraphs":[],"default":{"data":{"Article":[],"Course":[],"Dataset":[],"FAQPage":[],"Movie":[],"Person":[],"Product":[],"ProductReview":[],"Car":[],"Recipe":[],"Service":[],"SoftwareApplication":[],"WebPage":[]},"graphName":"","isEnabled":true},"graphs":[]},"schema_type":"default","schema_type_options":null,"pillar_content":false,"robots_default":true,"robots_noindex":false,"robots_noarchive":false,"robots_nosnippet":false,"robots_nofollow":false,"robots_noimageindex":false,"robots_noodp":false,"robots_notranslate":false,"robots_max_snippet":null,"robots_max_videopreview":null,"robots_max_imagepreview":"large","priority":null,"frequency":null,"local_seo":null,"breadcrumb_settings":null,"limit_modified_date":false,"ai":null,"created":"2025-03-22 05:49:13","updated":"2025-10-26 08:10:25","seo_analyzer_scan_date":null},"aioseo_breadcrumb":"<div class=\"aioseo-breadcrumbs\"><span class=\"aioseo-breadcrumb\">\n\t\t\t<a href=\"https:\/\/www.worldrally.eu\" title=\"Home\">Home<\/a>\n\t\t<\/span><span class=\"aioseo-breadcrumb-separator\">&raquo;<\/span><span class=\"aioseo-breadcrumb\">\n\t\t\t<a href=\"https:\/\/www.worldrally.eu\/index.php\/category\/erc\/\" title=\"ERC\">ERC<\/a>\n\t\t<\/span><span class=\"aioseo-breadcrumb-separator\">&raquo;<\/span><span class=\"aioseo-breadcrumb\">\n\t\t\tSolans zwi\u0119ksza przewag\u0119\n\t\t<\/span><\/div>","aioseo_breadcrumb_json":[{"label":"Home","link":"https:\/\/www.worldrally.eu"},{"label":"ERC","link":"https:\/\/www.worldrally.eu\/index.php\/category\/erc\/"},{"label":"Solans zwi\u0119ksza przewag\u0119","link":"https:\/\/www.worldrally.eu\/index.php\/2022\/03\/13\/solans-zwieksza-przewage\/"}],"cc_featured_image_caption":{"caption_text":"Foto- FIAerc","source_text":"","source_url":""},"_links":{"self":[{"href":"https:\/\/www.worldrally.eu\/index.php\/wp-json\/wp\/v2\/posts\/432","targetHints":{"allow":["GET"]}}],"collection":[{"href":"https:\/\/www.worldrally.eu\/index.php\/wp-json\/wp\/v2\/posts"}],"about":[{"href":"https:\/\/www.worldrally.eu\/index.php\/wp-json\/wp\/v2\/types\/post"}],"author":[{"embeddable":true,"href":"https:\/\/www.worldrally.eu\/index.php\/wp-json\/wp\/v2\/users\/1"}],"replies":[{"embeddable":true,"href":"https:\/\/www.worldrally.eu\/index.php\/wp-json\/wp\/v2\/comments?post=432"}],"version-history":[{"count":1,"href":"https:\/\/www.worldrally.eu\/index.php\/wp-json\/wp\/v2\/posts\/432\/revisions"}],"predecessor-version":[{"id":434,"href":"https:\/\/www.worldrally.eu\/index.php\/wp-json\/wp\/v2\/posts\/432\/revisions\/434"}],"wp:featuredmedia":[{"embeddable":true,"href":"https:\/\/www.worldrally.eu\/index.php\/wp-json\/wp\/v2\/media\/433"}],"wp:attachment":[{"href":"https:\/\/www.worldrally.eu\/index.php\/wp-json\/wp\/v2\/media?parent=432"}],"wp:term":[{"taxonomy":"category","embeddable":true,"href":"https:\/\/www.worldrally.eu\/index.php\/wp-json\/wp\/v2\/categories?post=432"},{"taxonomy":"post_tag","embeddable":true,"href":"https:\/\/www.worldrally.eu\/index.php\/wp-json\/wp\/v2\/tags?post=432"}],"curies":[{"name":"wp","href":"https:\/\/api.w.org\/{rel}","templated":true}]}}