{"id":417,"date":"2021-02-23T19:21:00","date_gmt":"2021-02-23T19:21:00","guid":{"rendered":"https:\/\/www.worldrally.eu\/?p=417"},"modified":"2023-02-19T19:57:53","modified_gmt":"2023-02-19T19:57:53","slug":"solberg-testuje-hyundai-i20-n-rally2","status":"publish","type":"post","link":"https:\/\/www.worldrally.eu\/index.php\/2021\/02\/23\/solberg-testuje-hyundai-i20-n-rally2\/","title":{"rendered":"Solberg testuje Hyundai i20 N Rally2."},"content":{"rendered":"\n<p class=\"wp-block-paragraph\"><\/p>\n\n\n\n<p class=\"wp-block-paragraph\"><\/p>\n\n\n\n<p class=\"wp-block-paragraph\">Oliver Solberg wraz z zesz\u0142orocznym rywalem Craiga Breena, testuje Hyundai i20 N Rally2 w Szwecji.<\/p>\n\n\n\n<p class=\"wp-block-paragraph\">Podczas czterodniowy test\u00f3w, przejechali ponad 600 kilometr\u00f3w w Hyundai i20 N Rally2 , aby przeanalizowa\u0107 ustawienia amortyzator\u00f3w i mechanizmu r\u00f3\u017cnicowego. Hyundai i20 N Rally2 ma wystartowa\u0107 w ERC jeszcze w tym sezonie<\/p>\n\n\n\n<p class=\"wp-block-paragraph\"><em>\u201eHyundai i20 N Rally2 prowadzi\u0142 si\u0119 naprawd\u0119 przyjemnie. Hyundai Motorsport robi naprawd\u0119 du\u017ce post\u0119py z tym samochodem, a trakcja i prowadzenie s\u0105 ju\u017c bardzo dobre. Wida\u0107 wyra\u017anie, \u017ce Hyundai Motorsport robi wszystko, by stworzy\u0107 zwyci\u0119ski samoch\u00f3d Rally2, a udzia\u0142 w procesie doprowadzenia go do etapu homologacji i zawod\u00f3w b\u0119dzie super fajny\u201d<\/em> powiedzia\u0142 Solberg.<\/p>\n\n\n\n<p class=\"wp-block-paragraph\"><\/p>\n\n\n\n<p class=\"wp-block-paragraph\">Po zako\u0144czeniu ostatnich zobowi\u0105za\u0144 testowych Breen i Solberg przygotowuj\u0105 si\u0119 teraz do Arctic Rally Finland  w tym tygodniu, drugiej rundy Rajdowych Mistrzostw \u015awiata FIA 2021. Wydarzenie w Laponii b\u0119dzie oznacza\u0107 debiut 19-letniego Solberga w samochodzie Hyundai i20 Coupe World Rally Car.<\/p>\n\n\n\n<p class=\"wp-block-paragraph\"><\/p>\n","protected":false},"excerpt":{"rendered":"<p>Oliver Solberg wraz z zesz\u0142orocznym rywalem Craiga Breena, testuje Hyundai i20 N Rally2 w Szwecji. Podczas czterodniowy test\u00f3w, przejechali ponad 600 kilometr\u00f3w w Hyundai i20 N Rally2 , aby przeanalizowa\u0107 ustawienia amortyzator\u00f3w i mechanizmu r\u00f3\u017cnicowego. Hyundai i20 N Rally2 ma wystartowa\u0107 w ERC jeszcze w tym sezonie \u201eHyundai i20 N Rally2 prowadzi\u0142 si\u0119 naprawd\u0119 przyjemnie. [&hellip;]<\/p>\n","protected":false},"author":2,"featured_media":421,"comment_status":"closed","ping_status":"closed","sticky":false,"template":"","format":"standard","meta":{"_monsterinsights_skip_tracking":false,"_monsterinsights_sitenote_active":false,"_monsterinsights_sitenote_note":"","_monsterinsights_sitenote_category":0,"footnotes":""},"categories":[4],"tags":[],"class_list":["post-417","post","type-post","status-publish","format-standard","has-post-thumbnail","hentry","category-erc"],"aioseo_notices":[],"aioseo_head":"\n\t\t<!-- All in One SEO 4.9.9 - aioseo.com -->\n\t<meta name=\"description\" content=\"Oliver Solberg wraz z zesz\u0142orocznym rywalem Craiga Breena, testuje Hyundai i20 N Rally2 w Szwecji. Podczas czterodniowy test\u00f3w, przejechali ponad 600 kilometr\u00f3w w Hyundai i20 N Rally2 , aby przeanalizowa\u0107 ustawienia amortyzator\u00f3w i mechanizmu r\u00f3\u017cnicowego. Hyundai i20 N Rally2 ma wystartowa\u0107 w ERC jeszcze w tym sezonie \u201eHyundai i20 N Rally2 prowadzi\u0142 si\u0119 naprawd\u0119 przyjemnie.\" \/>\n\t<meta name=\"robots\" content=\"max-image-preview:large\" \/>\n\t<meta name=\"author\" content=\"Magdalena\"\/>\n\t<link rel=\"canonical\" href=\"https:\/\/www.worldrally.eu\/index.php\/2021\/02\/23\/solberg-testuje-hyundai-i20-n-rally2\/\" \/>\n\t<meta name=\"generator\" content=\"All in One SEO (AIOSEO) 4.9.9\" \/>\n\t\t<meta property=\"og:locale\" content=\"en_GB\" \/>\n\t\t<meta property=\"og:site_name\" content=\"WorldRally.eu \u00bb\" \/>\n\t\t<meta property=\"og:type\" content=\"article\" \/>\n\t\t<meta property=\"og:title\" content=\"Solberg testuje Hyundai i20 N Rally2. \u00bb WorldRally.eu\" \/>\n\t\t<meta property=\"og:description\" content=\"Oliver Solberg wraz z zesz\u0142orocznym rywalem Craiga Breena, testuje Hyundai i20 N Rally2 w Szwecji. Podczas czterodniowy test\u00f3w, przejechali ponad 600 kilometr\u00f3w w Hyundai i20 N Rally2 , aby przeanalizowa\u0107 ustawienia amortyzator\u00f3w i mechanizmu r\u00f3\u017cnicowego. Hyundai i20 N Rally2 ma wystartowa\u0107 w ERC jeszcze w tym sezonie \u201eHyundai i20 N Rally2 prowadzi\u0142 si\u0119 naprawd\u0119 przyjemnie.\" \/>\n\t\t<meta property=\"og:url\" content=\"https:\/\/www.worldrally.eu\/index.php\/2021\/02\/23\/solberg-testuje-hyundai-i20-n-rally2\/\" \/>\n\t\t<meta property=\"og:image\" content=\"https:\/\/www.worldrally.eu\/wp-content\/uploads\/2023\/02\/Solberg-luty-2021.jpg\" \/>\n\t\t<meta property=\"og:image:secure_url\" content=\"https:\/\/www.worldrally.eu\/wp-content\/uploads\/2023\/02\/Solberg-luty-2021.jpg\" \/>\n\t\t<meta property=\"og:image:width\" content=\"1182\" \/>\n\t\t<meta property=\"og:image:height\" content=\"788\" \/>\n\t\t<meta property=\"article:published_time\" content=\"2021-02-23T19:21:00+00:00\" \/>\n\t\t<meta property=\"article:modified_time\" content=\"2023-02-19T19:57:53+00:00\" \/>\n\t\t<meta name=\"twitter:card\" content=\"summary_large_image\" \/>\n\t\t<meta name=\"twitter:title\" content=\"Solberg testuje Hyundai i20 N Rally2. \u00bb WorldRally.eu\" \/>\n\t\t<meta name=\"twitter:description\" content=\"Oliver Solberg wraz z zesz\u0142orocznym rywalem Craiga Breena, testuje Hyundai i20 N Rally2 w Szwecji. Podczas czterodniowy test\u00f3w, przejechali ponad 600 kilometr\u00f3w w Hyundai i20 N Rally2 , aby przeanalizowa\u0107 ustawienia amortyzator\u00f3w i mechanizmu r\u00f3\u017cnicowego. Hyundai i20 N Rally2 ma wystartowa\u0107 w ERC jeszcze w tym sezonie \u201eHyundai i20 N Rally2 prowadzi\u0142 si\u0119 naprawd\u0119 przyjemnie.\" \/>\n\t\t<meta name=\"twitter:image\" content=\"https:\/\/www.worldrally.eu\/wp-content\/uploads\/2023\/02\/Solberg-luty-2021.jpg\" \/>\n\t\t<script type=\"application\/ld+json\" class=\"aioseo-schema\">\n\t\t\t{\"@context\":\"https:\\\/\\\/schema.org\",\"@graph\":[{\"@type\":\"BlogPosting\",\"@id\":\"https:\\\/\\\/www.worldrally.eu\\\/index.php\\\/2021\\\/02\\\/23\\\/solberg-testuje-hyundai-i20-n-rally2\\\/#blogposting\",\"name\":\"Solberg testuje Hyundai i20 N Rally2. \\u00bb WorldRally.eu\",\"headline\":\"Solberg testuje Hyundai i20 N Rally2.\",\"author\":{\"@id\":\"https:\\\/\\\/www.worldrally.eu\\\/index.php\\\/author\\\/magdalena\\\/#author\"},\"publisher\":{\"@id\":\"https:\\\/\\\/www.worldrally.eu\\\/#organization\"},\"image\":{\"@type\":\"ImageObject\",\"url\":\"https:\\\/\\\/www.worldrally.eu\\\/wp-content\\\/uploads\\\/2023\\\/02\\\/Solberg-luty-2021.jpg\",\"width\":1182,\"height\":788},\"datePublished\":\"2021-02-23T19:21:00+00:00\",\"dateModified\":\"2023-02-19T19:57:53+00:00\",\"inLanguage\":\"en-GB\",\"mainEntityOfPage\":{\"@id\":\"https:\\\/\\\/www.worldrally.eu\\\/index.php\\\/2021\\\/02\\\/23\\\/solberg-testuje-hyundai-i20-n-rally2\\\/#webpage\"},\"isPartOf\":{\"@id\":\"https:\\\/\\\/www.worldrally.eu\\\/index.php\\\/2021\\\/02\\\/23\\\/solberg-testuje-hyundai-i20-n-rally2\\\/#webpage\"},\"articleSection\":\"ERC\"},{\"@type\":\"BreadcrumbList\",\"@id\":\"https:\\\/\\\/www.worldrally.eu\\\/index.php\\\/2021\\\/02\\\/23\\\/solberg-testuje-hyundai-i20-n-rally2\\\/#breadcrumblist\",\"itemListElement\":[{\"@type\":\"ListItem\",\"@id\":\"https:\\\/\\\/www.worldrally.eu#listItem\",\"position\":1,\"name\":\"Home\",\"item\":\"https:\\\/\\\/www.worldrally.eu\",\"nextItem\":{\"@type\":\"ListItem\",\"@id\":\"https:\\\/\\\/www.worldrally.eu\\\/index.php\\\/category\\\/erc\\\/#listItem\",\"name\":\"ERC\"}},{\"@type\":\"ListItem\",\"@id\":\"https:\\\/\\\/www.worldrally.eu\\\/index.php\\\/category\\\/erc\\\/#listItem\",\"position\":2,\"name\":\"ERC\",\"item\":\"https:\\\/\\\/www.worldrally.eu\\\/index.php\\\/category\\\/erc\\\/\",\"nextItem\":{\"@type\":\"ListItem\",\"@id\":\"https:\\\/\\\/www.worldrally.eu\\\/index.php\\\/2021\\\/02\\\/23\\\/solberg-testuje-hyundai-i20-n-rally2\\\/#listItem\",\"name\":\"Solberg testuje Hyundai i20 N Rally2.\"},\"previousItem\":{\"@type\":\"ListItem\",\"@id\":\"https:\\\/\\\/www.worldrally.eu#listItem\",\"name\":\"Home\"}},{\"@type\":\"ListItem\",\"@id\":\"https:\\\/\\\/www.worldrally.eu\\\/index.php\\\/2021\\\/02\\\/23\\\/solberg-testuje-hyundai-i20-n-rally2\\\/#listItem\",\"position\":3,\"name\":\"Solberg testuje Hyundai i20 N Rally2.\",\"previousItem\":{\"@type\":\"ListItem\",\"@id\":\"https:\\\/\\\/www.worldrally.eu\\\/index.php\\\/category\\\/erc\\\/#listItem\",\"name\":\"ERC\"}}]},{\"@type\":\"Organization\",\"@id\":\"https:\\\/\\\/www.worldrally.eu\\\/#organization\",\"name\":\"WorldRally.eu\",\"url\":\"https:\\\/\\\/www.worldrally.eu\\\/\",\"logo\":{\"@type\":\"ImageObject\",\"url\":\"https:\\\/\\\/www.worldrally.eu\\\/wp-content\\\/uploads\\\/2026\\\/01\\\/cropped-logo-3.png\",\"@id\":\"https:\\\/\\\/www.worldrally.eu\\\/index.php\\\/2021\\\/02\\\/23\\\/solberg-testuje-hyundai-i20-n-rally2\\\/#organizationLogo\",\"width\":2039,\"height\":756},\"image\":{\"@id\":\"https:\\\/\\\/www.worldrally.eu\\\/index.php\\\/2021\\\/02\\\/23\\\/solberg-testuje-hyundai-i20-n-rally2\\\/#organizationLogo\"}},{\"@type\":\"Person\",\"@id\":\"https:\\\/\\\/www.worldrally.eu\\\/index.php\\\/author\\\/magdalena\\\/#author\",\"url\":\"https:\\\/\\\/www.worldrally.eu\\\/index.php\\\/author\\\/magdalena\\\/\",\"name\":\"Magdalena\",\"image\":{\"@type\":\"ImageObject\",\"@id\":\"https:\\\/\\\/www.worldrally.eu\\\/index.php\\\/2021\\\/02\\\/23\\\/solberg-testuje-hyundai-i20-n-rally2\\\/#authorImage\",\"url\":\"https:\\\/\\\/secure.gravatar.com\\\/avatar\\\/853239b46cec38ba30b48d2b091f5538817cc78bdc0944c9ef7408579307e2ea?s=96&d=mm&r=g\",\"width\":96,\"height\":96,\"caption\":\"Magdalena\"}},{\"@type\":\"WebPage\",\"@id\":\"https:\\\/\\\/www.worldrally.eu\\\/index.php\\\/2021\\\/02\\\/23\\\/solberg-testuje-hyundai-i20-n-rally2\\\/#webpage\",\"url\":\"https:\\\/\\\/www.worldrally.eu\\\/index.php\\\/2021\\\/02\\\/23\\\/solberg-testuje-hyundai-i20-n-rally2\\\/\",\"name\":\"Solberg testuje Hyundai i20 N Rally2. \\u00bb WorldRally.eu\",\"description\":\"Oliver Solberg wraz z zesz\\u0142orocznym rywalem Craiga Breena, testuje Hyundai i20 N Rally2 w Szwecji. Podczas czterodniowy test\\u00f3w, przejechali ponad 600 kilometr\\u00f3w w Hyundai i20 N Rally2 , aby przeanalizowa\\u0107 ustawienia amortyzator\\u00f3w i mechanizmu r\\u00f3\\u017cnicowego. Hyundai i20 N Rally2 ma wystartowa\\u0107 w ERC jeszcze w tym sezonie \\u201eHyundai i20 N Rally2 prowadzi\\u0142 si\\u0119 naprawd\\u0119 przyjemnie.\",\"inLanguage\":\"en-GB\",\"isPartOf\":{\"@id\":\"https:\\\/\\\/www.worldrally.eu\\\/#website\"},\"breadcrumb\":{\"@id\":\"https:\\\/\\\/www.worldrally.eu\\\/index.php\\\/2021\\\/02\\\/23\\\/solberg-testuje-hyundai-i20-n-rally2\\\/#breadcrumblist\"},\"author\":{\"@id\":\"https:\\\/\\\/www.worldrally.eu\\\/index.php\\\/author\\\/magdalena\\\/#author\"},\"creator\":{\"@id\":\"https:\\\/\\\/www.worldrally.eu\\\/index.php\\\/author\\\/magdalena\\\/#author\"},\"image\":{\"@type\":\"ImageObject\",\"url\":\"https:\\\/\\\/www.worldrally.eu\\\/wp-content\\\/uploads\\\/2023\\\/02\\\/Solberg-luty-2021.jpg\",\"@id\":\"https:\\\/\\\/www.worldrally.eu\\\/index.php\\\/2021\\\/02\\\/23\\\/solberg-testuje-hyundai-i20-n-rally2\\\/#mainImage\",\"width\":1182,\"height\":788},\"primaryImageOfPage\":{\"@id\":\"https:\\\/\\\/www.worldrally.eu\\\/index.php\\\/2021\\\/02\\\/23\\\/solberg-testuje-hyundai-i20-n-rally2\\\/#mainImage\"},\"datePublished\":\"2021-02-23T19:21:00+00:00\",\"dateModified\":\"2023-02-19T19:57:53+00:00\"},{\"@type\":\"WebSite\",\"@id\":\"https:\\\/\\\/www.worldrally.eu\\\/#website\",\"url\":\"https:\\\/\\\/www.worldrally.eu\\\/\",\"name\":\"WorldRally.eu\",\"inLanguage\":\"en-GB\",\"publisher\":{\"@id\":\"https:\\\/\\\/www.worldrally.eu\\\/#organization\"}}]}\n\t\t<\/script>\n\t\t<!-- All in One SEO -->\n\n","aioseo_head_json":{"title":"Solberg testuje Hyundai i20 N Rally2. \u00bb WorldRally.eu","description":"Oliver Solberg wraz z zesz\u0142orocznym rywalem Craiga Breena, testuje Hyundai i20 N Rally2 w Szwecji. Podczas czterodniowy test\u00f3w, przejechali ponad 600 kilometr\u00f3w w Hyundai i20 N Rally2 , aby przeanalizowa\u0107 ustawienia amortyzator\u00f3w i mechanizmu r\u00f3\u017cnicowego. Hyundai i20 N Rally2 ma wystartowa\u0107 w ERC jeszcze w tym sezonie \u201eHyundai i20 N Rally2 prowadzi\u0142 si\u0119 naprawd\u0119 przyjemnie.","canonical_url":"https:\/\/www.worldrally.eu\/index.php\/2021\/02\/23\/solberg-testuje-hyundai-i20-n-rally2\/","robots":"max-image-preview:large","keywords":"","webmasterTools":{"miscellaneous":""},"schema":{"@context":"https:\/\/schema.org","@graph":[{"@type":"BlogPosting","@id":"https:\/\/www.worldrally.eu\/index.php\/2021\/02\/23\/solberg-testuje-hyundai-i20-n-rally2\/#blogposting","name":"Solberg testuje Hyundai i20 N Rally2. \u00bb WorldRally.eu","headline":"Solberg testuje Hyundai i20 N Rally2.","author":{"@id":"https:\/\/www.worldrally.eu\/index.php\/author\/magdalena\/#author"},"publisher":{"@id":"https:\/\/www.worldrally.eu\/#organization"},"image":{"@type":"ImageObject","url":"https:\/\/www.worldrally.eu\/wp-content\/uploads\/2023\/02\/Solberg-luty-2021.jpg","width":1182,"height":788},"datePublished":"2021-02-23T19:21:00+00:00","dateModified":"2023-02-19T19:57:53+00:00","inLanguage":"en-GB","mainEntityOfPage":{"@id":"https:\/\/www.worldrally.eu\/index.php\/2021\/02\/23\/solberg-testuje-hyundai-i20-n-rally2\/#webpage"},"isPartOf":{"@id":"https:\/\/www.worldrally.eu\/index.php\/2021\/02\/23\/solberg-testuje-hyundai-i20-n-rally2\/#webpage"},"articleSection":"ERC"},{"@type":"BreadcrumbList","@id":"https:\/\/www.worldrally.eu\/index.php\/2021\/02\/23\/solberg-testuje-hyundai-i20-n-rally2\/#breadcrumblist","itemListElement":[{"@type":"ListItem","@id":"https:\/\/www.worldrally.eu#listItem","position":1,"name":"Home","item":"https:\/\/www.worldrally.eu","nextItem":{"@type":"ListItem","@id":"https:\/\/www.worldrally.eu\/index.php\/category\/erc\/#listItem","name":"ERC"}},{"@type":"ListItem","@id":"https:\/\/www.worldrally.eu\/index.php\/category\/erc\/#listItem","position":2,"name":"ERC","item":"https:\/\/www.worldrally.eu\/index.php\/category\/erc\/","nextItem":{"@type":"ListItem","@id":"https:\/\/www.worldrally.eu\/index.php\/2021\/02\/23\/solberg-testuje-hyundai-i20-n-rally2\/#listItem","name":"Solberg testuje Hyundai i20 N Rally2."},"previousItem":{"@type":"ListItem","@id":"https:\/\/www.worldrally.eu#listItem","name":"Home"}},{"@type":"ListItem","@id":"https:\/\/www.worldrally.eu\/index.php\/2021\/02\/23\/solberg-testuje-hyundai-i20-n-rally2\/#listItem","position":3,"name":"Solberg testuje Hyundai i20 N Rally2.","previousItem":{"@type":"ListItem","@id":"https:\/\/www.worldrally.eu\/index.php\/category\/erc\/#listItem","name":"ERC"}}]},{"@type":"Organization","@id":"https:\/\/www.worldrally.eu\/#organization","name":"WorldRally.eu","url":"https:\/\/www.worldrally.eu\/","logo":{"@type":"ImageObject","url":"https:\/\/www.worldrally.eu\/wp-content\/uploads\/2026\/01\/cropped-logo-3.png","@id":"https:\/\/www.worldrally.eu\/index.php\/2021\/02\/23\/solberg-testuje-hyundai-i20-n-rally2\/#organizationLogo","width":2039,"height":756},"image":{"@id":"https:\/\/www.worldrally.eu\/index.php\/2021\/02\/23\/solberg-testuje-hyundai-i20-n-rally2\/#organizationLogo"}},{"@type":"Person","@id":"https:\/\/www.worldrally.eu\/index.php\/author\/magdalena\/#author","url":"https:\/\/www.worldrally.eu\/index.php\/author\/magdalena\/","name":"Magdalena","image":{"@type":"ImageObject","@id":"https:\/\/www.worldrally.eu\/index.php\/2021\/02\/23\/solberg-testuje-hyundai-i20-n-rally2\/#authorImage","url":"https:\/\/secure.gravatar.com\/avatar\/853239b46cec38ba30b48d2b091f5538817cc78bdc0944c9ef7408579307e2ea?s=96&d=mm&r=g","width":96,"height":96,"caption":"Magdalena"}},{"@type":"WebPage","@id":"https:\/\/www.worldrally.eu\/index.php\/2021\/02\/23\/solberg-testuje-hyundai-i20-n-rally2\/#webpage","url":"https:\/\/www.worldrally.eu\/index.php\/2021\/02\/23\/solberg-testuje-hyundai-i20-n-rally2\/","name":"Solberg testuje Hyundai i20 N Rally2. \u00bb WorldRally.eu","description":"Oliver Solberg wraz z zesz\u0142orocznym rywalem Craiga Breena, testuje Hyundai i20 N Rally2 w Szwecji. Podczas czterodniowy test\u00f3w, przejechali ponad 600 kilometr\u00f3w w Hyundai i20 N Rally2 , aby przeanalizowa\u0107 ustawienia amortyzator\u00f3w i mechanizmu r\u00f3\u017cnicowego. Hyundai i20 N Rally2 ma wystartowa\u0107 w ERC jeszcze w tym sezonie \u201eHyundai i20 N Rally2 prowadzi\u0142 si\u0119 naprawd\u0119 przyjemnie.","inLanguage":"en-GB","isPartOf":{"@id":"https:\/\/www.worldrally.eu\/#website"},"breadcrumb":{"@id":"https:\/\/www.worldrally.eu\/index.php\/2021\/02\/23\/solberg-testuje-hyundai-i20-n-rally2\/#breadcrumblist"},"author":{"@id":"https:\/\/www.worldrally.eu\/index.php\/author\/magdalena\/#author"},"creator":{"@id":"https:\/\/www.worldrally.eu\/index.php\/author\/magdalena\/#author"},"image":{"@type":"ImageObject","url":"https:\/\/www.worldrally.eu\/wp-content\/uploads\/2023\/02\/Solberg-luty-2021.jpg","@id":"https:\/\/www.worldrally.eu\/index.php\/2021\/02\/23\/solberg-testuje-hyundai-i20-n-rally2\/#mainImage","width":1182,"height":788},"primaryImageOfPage":{"@id":"https:\/\/www.worldrally.eu\/index.php\/2021\/02\/23\/solberg-testuje-hyundai-i20-n-rally2\/#mainImage"},"datePublished":"2021-02-23T19:21:00+00:00","dateModified":"2023-02-19T19:57:53+00:00"},{"@type":"WebSite","@id":"https:\/\/www.worldrally.eu\/#website","url":"https:\/\/www.worldrally.eu\/","name":"WorldRally.eu","inLanguage":"en-GB","publisher":{"@id":"https:\/\/www.worldrally.eu\/#organization"}}]},"og:locale":"en_GB","og:site_name":"WorldRally.eu \u00bb","og:type":"article","og:title":"Solberg testuje Hyundai i20 N Rally2. \u00bb WorldRally.eu","og:description":"Oliver Solberg wraz z zesz\u0142orocznym rywalem Craiga Breena, testuje Hyundai i20 N Rally2 w Szwecji. Podczas czterodniowy test\u00f3w, przejechali ponad 600 kilometr\u00f3w w Hyundai i20 N Rally2 , aby przeanalizowa\u0107 ustawienia amortyzator\u00f3w i mechanizmu r\u00f3\u017cnicowego. Hyundai i20 N Rally2 ma wystartowa\u0107 w ERC jeszcze w tym sezonie \u201eHyundai i20 N Rally2 prowadzi\u0142 si\u0119 naprawd\u0119 przyjemnie.","og:url":"https:\/\/www.worldrally.eu\/index.php\/2021\/02\/23\/solberg-testuje-hyundai-i20-n-rally2\/","og:image":"https:\/\/www.worldrally.eu\/wp-content\/uploads\/2023\/02\/Solberg-luty-2021.jpg","og:image:secure_url":"https:\/\/www.worldrally.eu\/wp-content\/uploads\/2023\/02\/Solberg-luty-2021.jpg","og:image:width":1182,"og:image:height":788,"article:published_time":"2021-02-23T19:21:00+00:00","article:modified_time":"2023-02-19T19:57:53+00:00","twitter:card":"summary_large_image","twitter:title":"Solberg testuje Hyundai i20 N Rally2. \u00bb WorldRally.eu","twitter:description":"Oliver Solberg wraz z zesz\u0142orocznym rywalem Craiga Breena, testuje Hyundai i20 N Rally2 w Szwecji. Podczas czterodniowy test\u00f3w, przejechali ponad 600 kilometr\u00f3w w Hyundai i20 N Rally2 , aby przeanalizowa\u0107 ustawienia amortyzator\u00f3w i mechanizmu r\u00f3\u017cnicowego. Hyundai i20 N Rally2 ma wystartowa\u0107 w ERC jeszcze w tym sezonie \u201eHyundai i20 N Rally2 prowadzi\u0142 si\u0119 naprawd\u0119 przyjemnie.","twitter:image":"https:\/\/www.worldrally.eu\/wp-content\/uploads\/2023\/02\/Solberg-luty-2021.jpg"},"aioseo_meta_data":{"post_id":"417","title":null,"description":null,"keywords":null,"keyphrases":null,"primary_term":null,"canonical_url":null,"og_title":null,"og_description":null,"og_object_type":"default","og_image_type":"default","og_image_url":null,"og_image_width":null,"og_image_height":null,"og_image_custom_url":null,"og_image_custom_fields":null,"og_video":null,"og_custom_url":null,"og_article_section":null,"og_article_tags":null,"twitter_use_og":false,"twitter_card":"default","twitter_image_type":"default","twitter_image_url":null,"twitter_image_custom_url":null,"twitter_image_custom_fields":null,"twitter_title":null,"twitter_description":null,"schema":{"blockGraphs":[],"customGraphs":[],"default":{"data":{"Article":[],"Course":[],"Dataset":[],"FAQPage":[],"Movie":[],"Person":[],"Product":[],"ProductReview":[],"Car":[],"Recipe":[],"Service":[],"SoftwareApplication":[],"WebPage":[]},"graphName":"","isEnabled":true},"graphs":[]},"schema_type":"default","schema_type_options":null,"pillar_content":false,"robots_default":true,"robots_noindex":false,"robots_noarchive":false,"robots_nosnippet":false,"robots_nofollow":false,"robots_noimageindex":false,"robots_noodp":false,"robots_notranslate":false,"robots_max_snippet":null,"robots_max_videopreview":null,"robots_max_imagepreview":"large","priority":null,"frequency":null,"local_seo":null,"breadcrumb_settings":null,"limit_modified_date":false,"ai":null,"created":"2025-03-22 05:42:25","updated":"2025-10-26 07:36:28","seo_analyzer_scan_date":null},"aioseo_breadcrumb":"<div class=\"aioseo-breadcrumbs\"><span class=\"aioseo-breadcrumb\">\n\t\t\t<a href=\"https:\/\/www.worldrally.eu\" title=\"Home\">Home<\/a>\n\t\t<\/span><span class=\"aioseo-breadcrumb-separator\">&raquo;<\/span><span class=\"aioseo-breadcrumb\">\n\t\t\t<a href=\"https:\/\/www.worldrally.eu\/index.php\/category\/erc\/\" title=\"ERC\">ERC<\/a>\n\t\t<\/span><span class=\"aioseo-breadcrumb-separator\">&raquo;<\/span><span class=\"aioseo-breadcrumb\">\n\t\t\tSolberg testuje Hyundai i20 N Rally2.\n\t\t<\/span><\/div>","aioseo_breadcrumb_json":[{"label":"Home","link":"https:\/\/www.worldrally.eu"},{"label":"ERC","link":"https:\/\/www.worldrally.eu\/index.php\/category\/erc\/"},{"label":"Solberg testuje Hyundai i20 N Rally2.","link":"https:\/\/www.worldrally.eu\/index.php\/2021\/02\/23\/solberg-testuje-hyundai-i20-n-rally2\/"}],"cc_featured_image_caption":{"caption_text":"Foto - FIAerc ","source_text":"","source_url":""},"_links":{"self":[{"href":"https:\/\/www.worldrally.eu\/index.php\/wp-json\/wp\/v2\/posts\/417","targetHints":{"allow":["GET"]}}],"collection":[{"href":"https:\/\/www.worldrally.eu\/index.php\/wp-json\/wp\/v2\/posts"}],"about":[{"href":"https:\/\/www.worldrally.eu\/index.php\/wp-json\/wp\/v2\/types\/post"}],"author":[{"embeddable":true,"href":"https:\/\/www.worldrally.eu\/index.php\/wp-json\/wp\/v2\/users\/2"}],"replies":[{"embeddable":true,"href":"https:\/\/www.worldrally.eu\/index.php\/wp-json\/wp\/v2\/comments?post=417"}],"version-history":[{"count":1,"href":"https:\/\/www.worldrally.eu\/index.php\/wp-json\/wp\/v2\/posts\/417\/revisions"}],"predecessor-version":[{"id":422,"href":"https:\/\/www.worldrally.eu\/index.php\/wp-json\/wp\/v2\/posts\/417\/revisions\/422"}],"wp:featuredmedia":[{"embeddable":true,"href":"https:\/\/www.worldrally.eu\/index.php\/wp-json\/wp\/v2\/media\/421"}],"wp:attachment":[{"href":"https:\/\/www.worldrally.eu\/index.php\/wp-json\/wp\/v2\/media?parent=417"}],"wp:term":[{"taxonomy":"category","embeddable":true,"href":"https:\/\/www.worldrally.eu\/index.php\/wp-json\/wp\/v2\/categories?post=417"},{"taxonomy":"post_tag","embeddable":true,"href":"https:\/\/www.worldrally.eu\/index.php\/wp-json\/wp\/v2\/tags?post=417"}],"curies":[{"name":"wp","href":"https:\/\/api.w.org\/{rel}","templated":true}]}}