{"id":406,"date":"2022-03-28T18:14:00","date_gmt":"2022-03-28T18:14:00","guid":{"rendered":"https:\/\/www.worldrally.eu\/?p=406"},"modified":"2023-02-19T18:19:01","modified_gmt":"2023-02-19T18:19:01","slug":"llarena-wspomina-dziewicze-zwyciestwo","status":"publish","type":"post","link":"https:\/\/www.worldrally.eu\/index.php\/2022\/03\/28\/llarena-wspomina-dziewicze-zwyciestwo\/","title":{"rendered":"Llarena wspomina dziewicze zwyci\u0119stwo"},"content":{"rendered":"\n<p><\/p>\n\n\n\n<p>Llarena rozpocz\u0105\u0142 decyduj\u0105cy wy\u015bcig Power Stage 6.1s za bohaterem gospodarzy Ricardo Moura, kt\u00f3ry prowadzi\u0142 spektakularne szutrowe zawody od pierwszego etapu. Ale szar\u017ca gwiazdy zespo\u0142u MRF Tyres i pilotki, Sary Fern\u00e1ndez, spowodowa\u0142a dramatyczn\u0105 zmian\u0119 pozycji, gdy Llarena triumfowa\u0142a z przewag\u0105 2,7 s w ekscytuj\u0105cym finiszu.<\/p>\n\n\n\n<p><em>\u201eCzasami trzeba by\u0107 zrelaksowanym i po prostu zaatakowa\u0107 w ostatniej chwili\u201d<\/em> \u2013 powiedzia\u0142 kierowca Skody Fabia Rally2 Evo. <\/p>\n\n\n\n<p><em>\u201eNa pewno Ricardo wykona\u0142 naprawd\u0119 dobr\u0105 robot\u0119, jak zawsze tutaj i zawsze jest bardzo szybki. W niekt\u00f3rych miejscach, szczeg\u00f3lnie na pierwszej p\u0119tli [drugiego dnia] nie spodziewali\u015bmy si\u0119 deszczu, wi\u0119c za\u0142o\u017cyli\u015bmy twarde opony i by\u0142o to dla nas naprawd\u0119 trudne. Wci\u0105\u017c walczyli\u015bmy, nawet na twardych oponach, ale wiedzia\u0142em bardzo dobrze, \u017ce na ostatni\u0105 p\u0119tl\u0119 mia\u0142em cztery zupe\u0142nie nowe twarde opony, a Ricardo tylko na dw\u00f3ch mi\u0119kkich oponach, wi\u0119c wiedzia\u0142em, \u017ce na ostatnim etapie b\u0119dziemy mieli lepsze opony, wi\u0119c naciskamy i my odnie\u015b\u0107 zwyci\u0119stwo\u201d.<\/em> &#8211; doda\u0142<\/p>\n\n\n\n<p>Sukces Llareny oznacza kolejne zwyci\u0119stwa hiszpa\u0144skich kierowc\u00f3w w tegorocznych ERC po tym, jak Nil Solans wygra\u0142 Rajd Serras de Fafe<\/p>\n","protected":false},"excerpt":{"rendered":"<p>Llarena rozpocz\u0105\u0142 decyduj\u0105cy wy\u015bcig Power Stage 6.1s za bohaterem gospodarzy Ricardo Moura, kt\u00f3ry prowadzi\u0142 spektakularne szutrowe zawody od pierwszego etapu. Ale szar\u017ca gwiazdy zespo\u0142u MRF Tyres i pilotki, Sary Fern\u00e1ndez, spowodowa\u0142a dramatyczn\u0105 zmian\u0119 pozycji, gdy Llarena triumfowa\u0142a z przewag\u0105 2,7 s w ekscytuj\u0105cym finiszu. \u201eCzasami trzeba by\u0107 zrelaksowanym i po prostu zaatakowa\u0107 w ostatniej chwili\u201d [&hellip;]<\/p>\n","protected":false},"author":4,"featured_media":407,"comment_status":"closed","ping_status":"closed","sticky":false,"template":"","format":"standard","meta":{"footnotes":""},"categories":[4],"tags":[],"class_list":["post-406","post","type-post","status-publish","format-standard","has-post-thumbnail","hentry","category-erc"],"aioseo_notices":[],"cc_featured_image_caption":{"caption_text":"Foto- FIAerc","source_text":"","source_url":""},"_links":{"self":[{"href":"https:\/\/www.worldrally.eu\/index.php\/wp-json\/wp\/v2\/posts\/406","targetHints":{"allow":["GET"]}}],"collection":[{"href":"https:\/\/www.worldrally.eu\/index.php\/wp-json\/wp\/v2\/posts"}],"about":[{"href":"https:\/\/www.worldrally.eu\/index.php\/wp-json\/wp\/v2\/types\/post"}],"author":[{"embeddable":true,"href":"https:\/\/www.worldrally.eu\/index.php\/wp-json\/wp\/v2\/users\/4"}],"replies":[{"embeddable":true,"href":"https:\/\/www.worldrally.eu\/index.php\/wp-json\/wp\/v2\/comments?post=406"}],"version-history":[{"count":1,"href":"https:\/\/www.worldrally.eu\/index.php\/wp-json\/wp\/v2\/posts\/406\/revisions"}],"predecessor-version":[{"id":408,"href":"https:\/\/www.worldrally.eu\/index.php\/wp-json\/wp\/v2\/posts\/406\/revisions\/408"}],"wp:featuredmedia":[{"embeddable":true,"href":"https:\/\/www.worldrally.eu\/index.php\/wp-json\/wp\/v2\/media\/407"}],"wp:attachment":[{"href":"https:\/\/www.worldrally.eu\/index.php\/wp-json\/wp\/v2\/media?parent=406"}],"wp:term":[{"taxonomy":"category","embeddable":true,"href":"https:\/\/www.worldrally.eu\/index.php\/wp-json\/wp\/v2\/categories?post=406"},{"taxonomy":"post_tag","embeddable":true,"href":"https:\/\/www.worldrally.eu\/index.php\/wp-json\/wp\/v2\/tags?post=406"}],"curies":[{"name":"wp","href":"https:\/\/api.w.org\/{rel}","templated":true}]}}