{"id":402,"date":"2022-02-08T16:45:00","date_gmt":"2022-02-08T16:45:00","guid":{"rendered":"https:\/\/www.worldrally.eu\/?p=402"},"modified":"2023-02-19T16:49:38","modified_gmt":"2023-02-19T16:49:38","slug":"kotarba-prezentuje-barwy","status":"publish","type":"post","link":"https:\/\/www.worldrally.eu\/index.php\/2022\/02\/08\/kotarba-prezentuje-barwy\/","title":{"rendered":"Kotarba prezentuje barwy"},"content":{"rendered":"\n<p>Tak b\u0119dzie wygl\u0105da\u0142 Citro\u00ebn C3 Rally2 \u0141ukasza Kotarby, gdy w 2022 roku podejmie si\u0119 pe\u0142nego startu w Rajdowych Mistrzostwach Europy FIA. Wraz z bratem i koleg\u0105 Polakiem Tomaszem za kierownic\u0105, Kotarba rywalizuje z moc\u0105 Citro\u00ebna od po\u0142owy sezonu 2019, kiedy to r\u00f3wnie\u017c zadebiutowa\u0142 w ERC. <\/p>\n\n\n\n<p>W ubieg\u0142ym roku Kotarba zaj\u0105\u0142 si\u00f3dme miejsce w mistrzostwach Polski pod szyldem BTH Import Stal Rally Team. Zosta\u0142 sklasyfikowany na P18 w\u015br\u00f3d zawodnik\u00f3w ERC na ORLEN 77. Rajdzie Polski<\/p>\n\n\n\n<figure class=\"wp-block-image size-large\"><img fetchpriority=\"high\" decoding=\"async\" width=\"1024\" height=\"683\" src=\"https:\/\/www.worldrally.eu\/wp-content\/uploads\/2023\/02\/1_3-1024x683.jpg\" alt=\"\" class=\"wp-image-404\" srcset=\"https:\/\/www.worldrally.eu\/wp-content\/uploads\/2023\/02\/1_3-1024x683.jpg 1024w, https:\/\/www.worldrally.eu\/wp-content\/uploads\/2023\/02\/1_3-300x200.jpg 300w, https:\/\/www.worldrally.eu\/wp-content\/uploads\/2023\/02\/1_3-768x512.jpg 768w, https:\/\/www.worldrally.eu\/wp-content\/uploads\/2023\/02\/1_3-1536x1024.jpg 1536w, https:\/\/www.worldrally.eu\/wp-content\/uploads\/2023\/02\/1_3-446x297.jpg 446w, https:\/\/www.worldrally.eu\/wp-content\/uploads\/2023\/02\/1_3.jpg 1620w\" sizes=\"(max-width: 1024px) 100vw, 1024px\" \/><figcaption class=\"wp-element-caption\">Foto- PhotoMS \/ Adam Owczarek<\/figcaption><\/figure>\n\n\n\n<p><\/p>\n\n\n\n<p><\/p>\n","protected":false},"excerpt":{"rendered":"<p>Tak b\u0119dzie wygl\u0105da\u0142 Citro\u00ebn C3 Rally2 \u0141ukasza Kotarby, gdy w 2022 roku podejmie si\u0119 pe\u0142nego startu w Rajdowych Mistrzostwach Europy FIA. Wraz z bratem i koleg\u0105 Polakiem Tomaszem za kierownic\u0105, Kotarba rywalizuje z moc\u0105 Citro\u00ebna od po\u0142owy sezonu 2019, kiedy to r\u00f3wnie\u017c zadebiutowa\u0142 w ERC. W ubieg\u0142ym roku Kotarba zaj\u0105\u0142 si\u00f3dme miejsce w mistrzostwach Polski [&hellip;]<\/p>\n","protected":false},"author":3,"featured_media":403,"comment_status":"closed","ping_status":"closed","sticky":false,"template":"","format":"standard","meta":{"footnotes":""},"categories":[4],"tags":[],"class_list":["post-402","post","type-post","status-publish","format-standard","has-post-thumbnail","hentry","category-erc"],"aioseo_notices":[],"cc_featured_image_caption":{"caption_text":"Foto- CitroenRacing","source_text":"","source_url":""},"_links":{"self":[{"href":"https:\/\/www.worldrally.eu\/index.php\/wp-json\/wp\/v2\/posts\/402","targetHints":{"allow":["GET"]}}],"collection":[{"href":"https:\/\/www.worldrally.eu\/index.php\/wp-json\/wp\/v2\/posts"}],"about":[{"href":"https:\/\/www.worldrally.eu\/index.php\/wp-json\/wp\/v2\/types\/post"}],"author":[{"embeddable":true,"href":"https:\/\/www.worldrally.eu\/index.php\/wp-json\/wp\/v2\/users\/3"}],"replies":[{"embeddable":true,"href":"https:\/\/www.worldrally.eu\/index.php\/wp-json\/wp\/v2\/comments?post=402"}],"version-history":[{"count":1,"href":"https:\/\/www.worldrally.eu\/index.php\/wp-json\/wp\/v2\/posts\/402\/revisions"}],"predecessor-version":[{"id":405,"href":"https:\/\/www.worldrally.eu\/index.php\/wp-json\/wp\/v2\/posts\/402\/revisions\/405"}],"wp:featuredmedia":[{"embeddable":true,"href":"https:\/\/www.worldrally.eu\/index.php\/wp-json\/wp\/v2\/media\/403"}],"wp:attachment":[{"href":"https:\/\/www.worldrally.eu\/index.php\/wp-json\/wp\/v2\/media?parent=402"}],"wp:term":[{"taxonomy":"category","embeddable":true,"href":"https:\/\/www.worldrally.eu\/index.php\/wp-json\/wp\/v2\/categories?post=402"},{"taxonomy":"post_tag","embeddable":true,"href":"https:\/\/www.worldrally.eu\/index.php\/wp-json\/wp\/v2\/tags?post=402"}],"curies":[{"name":"wp","href":"https:\/\/api.w.org\/{rel}","templated":true}]}}