{"id":399,"date":"2022-02-16T14:44:00","date_gmt":"2022-02-16T14:44:00","guid":{"rendered":"https:\/\/www.worldrally.eu\/?p=399"},"modified":"2023-02-19T14:52:48","modified_gmt":"2023-02-19T14:52:48","slug":"erc-open-nowa-kategoria","status":"publish","type":"post","link":"https:\/\/www.worldrally.eu\/index.php\/2022\/02\/16\/erc-open-nowa-kategoria\/","title":{"rendered":"ERC Open- nowa kategoria"},"content":{"rendered":"\n<p>Rajdowe Mistrzostwa Europy potwierdzaj wej\u015bcie w \u017cycie nowej kategorii ERC Open na rok 2022.<\/p>\n\n\n\n<p>Wy\u0142\u0105cznie dla Rally2, homologowanych samochod\u00f3w Grupy N4 i RGT, ERC Open zosta\u0142o ustanowione przez WRC Promoter, nowego promotora ERC od tego sezonu w celu zwi\u0119kszenia zainteresowania a tak\u017ce wprowadzenia r\u00f3\u017cnorodno\u015bci w \u015bwiecie rajdowym.<\/p>\n\n\n\n<p>ERC Open b\u0119dzie korzysta\u0107 z tego samego przydzia\u0142u punkt\u00f3w, co inne kategorie ERC, przy czym zawodnicy b\u0119d\u0105 liczy\u0107 sze\u015b\u0107 najlepszych wynik\u00f3w z o\u015bmiu rund.<\/p>\n\n\n\n<p><em>\u201eOpr\u00f3cz tego, \u017ce ERC jest uznan\u0105 platform\u0105 startow\u0105 dla kierowc\u00f3w d\u0105\u017c\u0105cych do najwy\u017cszego poziomu w sporcie, awansuj\u0105cym z poziomu krajowego, s\u0105 to mistrzostwa dla wszystkich, a ERC Open bardzo to odzwierciedla&#8221;<\/em> &#8211; powiedzia\u0142 Iain Campbell<\/p>\n\n\n\n<p>Zestaw Rally2 oferuje ta\u0144szy nap\u0119d na cztery ko\u0142a i zach\u0119ca niezale\u017cnych operator\u00f3w do pomys\u0142owo\u015bci technicznej. Przyk\u0142ady samochod\u00f3w Rally2 Kit \u2013 kt\u00f3re s\u0105 dostarczane z \u201ezestawem\u201d cz\u0119\u015bci wyczynowych od oficjalnego dostawcy ORECA<\/p>\n\n\n\n<p><\/p>\n","protected":false},"excerpt":{"rendered":"<p>Rajdowe Mistrzostwa Europy potwierdzaj wej\u015bcie w \u017cycie nowej kategorii ERC Open na rok 2022. Wy\u0142\u0105cznie dla Rally2, homologowanych samochod\u00f3w Grupy N4 i RGT, ERC Open zosta\u0142o ustanowione przez WRC Promoter, nowego promotora ERC od tego sezonu w celu zwi\u0119kszenia zainteresowania a tak\u017ce wprowadzenia r\u00f3\u017cnorodno\u015bci w \u015bwiecie rajdowym. ERC Open b\u0119dzie korzysta\u0107 z tego samego przydzia\u0142u [&hellip;]<\/p>\n","protected":false},"author":2,"featured_media":400,"comment_status":"closed","ping_status":"closed","sticky":false,"template":"","format":"standard","meta":{"footnotes":""},"categories":[4],"tags":[],"class_list":["post-399","post","type-post","status-publish","format-standard","has-post-thumbnail","hentry","category-erc"],"aioseo_notices":[],"cc_featured_image_caption":{"caption_text":"Foto- PhotoMS \/ Adam Owczarek","source_text":"","source_url":""},"_links":{"self":[{"href":"https:\/\/www.worldrally.eu\/index.php\/wp-json\/wp\/v2\/posts\/399","targetHints":{"allow":["GET"]}}],"collection":[{"href":"https:\/\/www.worldrally.eu\/index.php\/wp-json\/wp\/v2\/posts"}],"about":[{"href":"https:\/\/www.worldrally.eu\/index.php\/wp-json\/wp\/v2\/types\/post"}],"author":[{"embeddable":true,"href":"https:\/\/www.worldrally.eu\/index.php\/wp-json\/wp\/v2\/users\/2"}],"replies":[{"embeddable":true,"href":"https:\/\/www.worldrally.eu\/index.php\/wp-json\/wp\/v2\/comments?post=399"}],"version-history":[{"count":1,"href":"https:\/\/www.worldrally.eu\/index.php\/wp-json\/wp\/v2\/posts\/399\/revisions"}],"predecessor-version":[{"id":401,"href":"https:\/\/www.worldrally.eu\/index.php\/wp-json\/wp\/v2\/posts\/399\/revisions\/401"}],"wp:featuredmedia":[{"embeddable":true,"href":"https:\/\/www.worldrally.eu\/index.php\/wp-json\/wp\/v2\/media\/400"}],"wp:attachment":[{"href":"https:\/\/www.worldrally.eu\/index.php\/wp-json\/wp\/v2\/media?parent=399"}],"wp:term":[{"taxonomy":"category","embeddable":true,"href":"https:\/\/www.worldrally.eu\/index.php\/wp-json\/wp\/v2\/categories?post=399"},{"taxonomy":"post_tag","embeddable":true,"href":"https:\/\/www.worldrally.eu\/index.php\/wp-json\/wp\/v2\/tags?post=399"}],"curies":[{"name":"wp","href":"https:\/\/api.w.org\/{rel}","templated":true}]}}