{"id":386,"date":"2022-01-30T14:06:00","date_gmt":"2022-01-30T14:06:00","guid":{"rendered":"https:\/\/www.worldrally.eu\/?p=386"},"modified":"2023-02-19T14:09:47","modified_gmt":"2023-02-19T14:09:47","slug":"powrot-amstronga","status":"publish","type":"post","link":"https:\/\/www.worldrally.eu\/index.php\/2022\/01\/30\/powrot-amstronga\/","title":{"rendered":"Powr\u00f3t Amstronga"},"content":{"rendered":"\n<p class=\"wp-block-paragraph\">Jon Armstrong b\u0119dzie liczy\u0142 na do\u015bwiadczenie zdobyte w Rajdowych Mistrzostwach Europy FIA, gdy b\u0119dzie walczy\u0142 o tytu\u0142 Junior WRC w tym sezonie. Armstrong boryka\u0142 si\u0119 z niedoborem bud\u017cetowym, staraj\u0105c si\u0119 wr\u00f3ci\u0107 do Junior WRC<\/p>\n\n\n\n<p class=\"wp-block-paragraph\"> Junior WRC po raz pierwszy wykorzysta samochody z nap\u0119dem na cztery ko\u0142a w 2022 roku, a nowym pojazdem bazowym b\u0119dzie Fiesta Rally3 firmy M-Sport Poland. P\u00f3\u0142nocny Irlandczyk Armstrong zdoby\u0142 tytu\u0142 ERC Junior w jednym z Fiesta nowej generacji na ORLEN 77. Rajdzie Polski w czerwcu ubieg\u0142ego roku \u2013 i to do\u015bwiadczenie mo\u017ce okaza\u0107 si\u0119 kluczowe, gdy pod koniec lutego rozpocznie si\u0119 sezon Junior WRC 2022 w Rajdzie Szwecji.<\/p>\n\n\n\n<figure class=\"wp-block-image size-large\"><img fetchpriority=\"high\" decoding=\"async\" width=\"1024\" height=\"683\" src=\"https:\/\/www.worldrally.eu\/wp-content\/uploads\/2023\/02\/107-1024x683.jpg\" alt=\"\" class=\"wp-image-388\" srcset=\"https:\/\/www.worldrally.eu\/wp-content\/uploads\/2023\/02\/107-1024x683.jpg 1024w, https:\/\/www.worldrally.eu\/wp-content\/uploads\/2023\/02\/107-300x200.jpg 300w, https:\/\/www.worldrally.eu\/wp-content\/uploads\/2023\/02\/107-768x512.jpg 768w, https:\/\/www.worldrally.eu\/wp-content\/uploads\/2023\/02\/107-1536x1024.jpg 1536w, https:\/\/www.worldrally.eu\/wp-content\/uploads\/2023\/02\/107-446x297.jpg 446w, https:\/\/www.worldrally.eu\/wp-content\/uploads\/2023\/02\/107.jpg 1620w\" sizes=\"(max-width: 1024px) 100vw, 1024px\" \/><figcaption class=\"wp-element-caption\">Foto- PhotoMs \/ Adam Owczarek<\/figcaption><\/figure>\n","protected":false},"excerpt":{"rendered":"<p>Jon Armstrong b\u0119dzie liczy\u0142 na do\u015bwiadczenie zdobyte w Rajdowych Mistrzostwach Europy FIA, gdy b\u0119dzie walczy\u0142 o tytu\u0142 Junior WRC w tym sezonie. Armstrong boryka\u0142 si\u0119 z niedoborem bud\u017cetowym, staraj\u0105c si\u0119 wr\u00f3ci\u0107 do Junior WRC Junior WRC po raz pierwszy wykorzysta samochody z nap\u0119dem na cztery ko\u0142a w 2022 roku, a nowym pojazdem bazowym b\u0119dzie Fiesta [&hellip;]<\/p>\n","protected":false},"author":3,"featured_media":387,"comment_status":"closed","ping_status":"closed","sticky":false,"template":"","format":"standard","meta":{"_monsterinsights_skip_tracking":false,"_monsterinsights_sitenote_active":false,"_monsterinsights_sitenote_note":"","_monsterinsights_sitenote_category":0,"footnotes":""},"categories":[4],"tags":[],"class_list":["post-386","post","type-post","status-publish","format-standard","has-post-thumbnail","hentry","category-erc"],"aioseo_notices":[],"aioseo_head":"\n\t\t<!-- All in One SEO 4.9.9 - aioseo.com -->\n\t<meta name=\"description\" content=\"Jon Armstrong b\u0119dzie liczy\u0142 na do\u015bwiadczenie zdobyte w Rajdowych Mistrzostwach Europy FIA, gdy b\u0119dzie walczy\u0142 o tytu\u0142 Junior WRC w tym sezonie. Armstrong boryka\u0142 si\u0119 z niedoborem bud\u017cetowym, staraj\u0105c si\u0119 wr\u00f3ci\u0107 do Junior WRC Junior WRC po raz pierwszy wykorzysta samochody z nap\u0119dem na cztery ko\u0142a w 2022 roku, a nowym pojazdem bazowym b\u0119dzie Fiesta\" \/>\n\t<meta name=\"robots\" content=\"max-image-preview:large\" \/>\n\t<meta name=\"author\" content=\"Jacek\"\/>\n\t<link rel=\"canonical\" href=\"https:\/\/www.worldrally.eu\/index.php\/2022\/01\/30\/powrot-amstronga\/\" \/>\n\t<meta name=\"generator\" content=\"All in One SEO (AIOSEO) 4.9.9\" \/>\n\t\t<meta property=\"og:locale\" content=\"en_GB\" \/>\n\t\t<meta property=\"og:site_name\" content=\"WorldRally.eu \u00bb\" \/>\n\t\t<meta property=\"og:type\" content=\"article\" \/>\n\t\t<meta property=\"og:title\" content=\"Powr\u00f3t Amstronga \u00bb WorldRally.eu\" \/>\n\t\t<meta property=\"og:description\" content=\"Jon Armstrong b\u0119dzie liczy\u0142 na do\u015bwiadczenie zdobyte w Rajdowych Mistrzostwach Europy FIA, gdy b\u0119dzie walczy\u0142 o tytu\u0142 Junior WRC w tym sezonie. Armstrong boryka\u0142 si\u0119 z niedoborem bud\u017cetowym, staraj\u0105c si\u0119 wr\u00f3ci\u0107 do Junior WRC Junior WRC po raz pierwszy wykorzysta samochody z nap\u0119dem na cztery ko\u0142a w 2022 roku, a nowym pojazdem bazowym b\u0119dzie Fiesta\" \/>\n\t\t<meta property=\"og:url\" content=\"https:\/\/www.worldrally.eu\/index.php\/2022\/01\/30\/powrot-amstronga\/\" \/>\n\t\t<meta property=\"og:image\" content=\"https:\/\/www.worldrally.eu\/wp-content\/uploads\/2023\/02\/40-1.jpg\" \/>\n\t\t<meta property=\"og:image:secure_url\" content=\"https:\/\/www.worldrally.eu\/wp-content\/uploads\/2023\/02\/40-1.jpg\" \/>\n\t\t<meta property=\"og:image:width\" content=\"1620\" \/>\n\t\t<meta property=\"og:image:height\" content=\"1080\" \/>\n\t\t<meta property=\"article:published_time\" content=\"2022-01-30T14:06:00+00:00\" \/>\n\t\t<meta property=\"article:modified_time\" content=\"2023-02-19T14:09:47+00:00\" \/>\n\t\t<meta name=\"twitter:card\" content=\"summary_large_image\" \/>\n\t\t<meta name=\"twitter:title\" content=\"Powr\u00f3t Amstronga \u00bb WorldRally.eu\" \/>\n\t\t<meta name=\"twitter:description\" content=\"Jon Armstrong b\u0119dzie liczy\u0142 na do\u015bwiadczenie zdobyte w Rajdowych Mistrzostwach Europy FIA, gdy b\u0119dzie walczy\u0142 o tytu\u0142 Junior WRC w tym sezonie. Armstrong boryka\u0142 si\u0119 z niedoborem bud\u017cetowym, staraj\u0105c si\u0119 wr\u00f3ci\u0107 do Junior WRC Junior WRC po raz pierwszy wykorzysta samochody z nap\u0119dem na cztery ko\u0142a w 2022 roku, a nowym pojazdem bazowym b\u0119dzie Fiesta\" \/>\n\t\t<meta name=\"twitter:image\" content=\"https:\/\/www.worldrally.eu\/wp-content\/uploads\/2023\/02\/40-1.jpg\" \/>\n\t\t<script type=\"application\/ld+json\" class=\"aioseo-schema\">\n\t\t\t{\"@context\":\"https:\\\/\\\/schema.org\",\"@graph\":[{\"@type\":\"BlogPosting\",\"@id\":\"https:\\\/\\\/www.worldrally.eu\\\/index.php\\\/2022\\\/01\\\/30\\\/powrot-amstronga\\\/#blogposting\",\"name\":\"Powr\\u00f3t Amstronga \\u00bb WorldRally.eu\",\"headline\":\"Powr\\u00f3t Amstronga\",\"author\":{\"@id\":\"https:\\\/\\\/www.worldrally.eu\\\/index.php\\\/author\\\/jacek\\\/#author\"},\"publisher\":{\"@id\":\"https:\\\/\\\/www.worldrally.eu\\\/#organization\"},\"image\":{\"@type\":\"ImageObject\",\"url\":\"https:\\\/\\\/www.worldrally.eu\\\/wp-content\\\/uploads\\\/2023\\\/02\\\/40-1.jpg\",\"width\":1620,\"height\":1080},\"datePublished\":\"2022-01-30T14:06:00+00:00\",\"dateModified\":\"2023-02-19T14:09:47+00:00\",\"inLanguage\":\"en-GB\",\"mainEntityOfPage\":{\"@id\":\"https:\\\/\\\/www.worldrally.eu\\\/index.php\\\/2022\\\/01\\\/30\\\/powrot-amstronga\\\/#webpage\"},\"isPartOf\":{\"@id\":\"https:\\\/\\\/www.worldrally.eu\\\/index.php\\\/2022\\\/01\\\/30\\\/powrot-amstronga\\\/#webpage\"},\"articleSection\":\"ERC\"},{\"@type\":\"BreadcrumbList\",\"@id\":\"https:\\\/\\\/www.worldrally.eu\\\/index.php\\\/2022\\\/01\\\/30\\\/powrot-amstronga\\\/#breadcrumblist\",\"itemListElement\":[{\"@type\":\"ListItem\",\"@id\":\"https:\\\/\\\/www.worldrally.eu#listItem\",\"position\":1,\"name\":\"Home\",\"item\":\"https:\\\/\\\/www.worldrally.eu\",\"nextItem\":{\"@type\":\"ListItem\",\"@id\":\"https:\\\/\\\/www.worldrally.eu\\\/index.php\\\/category\\\/erc\\\/#listItem\",\"name\":\"ERC\"}},{\"@type\":\"ListItem\",\"@id\":\"https:\\\/\\\/www.worldrally.eu\\\/index.php\\\/category\\\/erc\\\/#listItem\",\"position\":2,\"name\":\"ERC\",\"item\":\"https:\\\/\\\/www.worldrally.eu\\\/index.php\\\/category\\\/erc\\\/\",\"nextItem\":{\"@type\":\"ListItem\",\"@id\":\"https:\\\/\\\/www.worldrally.eu\\\/index.php\\\/2022\\\/01\\\/30\\\/powrot-amstronga\\\/#listItem\",\"name\":\"Powr\\u00f3t Amstronga\"},\"previousItem\":{\"@type\":\"ListItem\",\"@id\":\"https:\\\/\\\/www.worldrally.eu#listItem\",\"name\":\"Home\"}},{\"@type\":\"ListItem\",\"@id\":\"https:\\\/\\\/www.worldrally.eu\\\/index.php\\\/2022\\\/01\\\/30\\\/powrot-amstronga\\\/#listItem\",\"position\":3,\"name\":\"Powr\\u00f3t Amstronga\",\"previousItem\":{\"@type\":\"ListItem\",\"@id\":\"https:\\\/\\\/www.worldrally.eu\\\/index.php\\\/category\\\/erc\\\/#listItem\",\"name\":\"ERC\"}}]},{\"@type\":\"Organization\",\"@id\":\"https:\\\/\\\/www.worldrally.eu\\\/#organization\",\"name\":\"WorldRally.eu\",\"url\":\"https:\\\/\\\/www.worldrally.eu\\\/\",\"logo\":{\"@type\":\"ImageObject\",\"url\":\"https:\\\/\\\/www.worldrally.eu\\\/wp-content\\\/uploads\\\/2026\\\/01\\\/cropped-logo-3.png\",\"@id\":\"https:\\\/\\\/www.worldrally.eu\\\/index.php\\\/2022\\\/01\\\/30\\\/powrot-amstronga\\\/#organizationLogo\",\"width\":2039,\"height\":756},\"image\":{\"@id\":\"https:\\\/\\\/www.worldrally.eu\\\/index.php\\\/2022\\\/01\\\/30\\\/powrot-amstronga\\\/#organizationLogo\"}},{\"@type\":\"Person\",\"@id\":\"https:\\\/\\\/www.worldrally.eu\\\/index.php\\\/author\\\/jacek\\\/#author\",\"url\":\"https:\\\/\\\/www.worldrally.eu\\\/index.php\\\/author\\\/jacek\\\/\",\"name\":\"Jacek\",\"image\":{\"@type\":\"ImageObject\",\"@id\":\"https:\\\/\\\/www.worldrally.eu\\\/index.php\\\/2022\\\/01\\\/30\\\/powrot-amstronga\\\/#authorImage\",\"url\":\"https:\\\/\\\/secure.gravatar.com\\\/avatar\\\/7e4a580579d0c9624bc0b76edfd763a961e17e709b8c19c4e55064fd24596b04?s=96&d=mm&r=g\",\"width\":96,\"height\":96,\"caption\":\"Jacek\"}},{\"@type\":\"WebPage\",\"@id\":\"https:\\\/\\\/www.worldrally.eu\\\/index.php\\\/2022\\\/01\\\/30\\\/powrot-amstronga\\\/#webpage\",\"url\":\"https:\\\/\\\/www.worldrally.eu\\\/index.php\\\/2022\\\/01\\\/30\\\/powrot-amstronga\\\/\",\"name\":\"Powr\\u00f3t Amstronga \\u00bb WorldRally.eu\",\"description\":\"Jon Armstrong b\\u0119dzie liczy\\u0142 na do\\u015bwiadczenie zdobyte w Rajdowych Mistrzostwach Europy FIA, gdy b\\u0119dzie walczy\\u0142 o tytu\\u0142 Junior WRC w tym sezonie. Armstrong boryka\\u0142 si\\u0119 z niedoborem bud\\u017cetowym, staraj\\u0105c si\\u0119 wr\\u00f3ci\\u0107 do Junior WRC Junior WRC po raz pierwszy wykorzysta samochody z nap\\u0119dem na cztery ko\\u0142a w 2022 roku, a nowym pojazdem bazowym b\\u0119dzie Fiesta\",\"inLanguage\":\"en-GB\",\"isPartOf\":{\"@id\":\"https:\\\/\\\/www.worldrally.eu\\\/#website\"},\"breadcrumb\":{\"@id\":\"https:\\\/\\\/www.worldrally.eu\\\/index.php\\\/2022\\\/01\\\/30\\\/powrot-amstronga\\\/#breadcrumblist\"},\"author\":{\"@id\":\"https:\\\/\\\/www.worldrally.eu\\\/index.php\\\/author\\\/jacek\\\/#author\"},\"creator\":{\"@id\":\"https:\\\/\\\/www.worldrally.eu\\\/index.php\\\/author\\\/jacek\\\/#author\"},\"image\":{\"@type\":\"ImageObject\",\"url\":\"https:\\\/\\\/www.worldrally.eu\\\/wp-content\\\/uploads\\\/2023\\\/02\\\/40-1.jpg\",\"@id\":\"https:\\\/\\\/www.worldrally.eu\\\/index.php\\\/2022\\\/01\\\/30\\\/powrot-amstronga\\\/#mainImage\",\"width\":1620,\"height\":1080},\"primaryImageOfPage\":{\"@id\":\"https:\\\/\\\/www.worldrally.eu\\\/index.php\\\/2022\\\/01\\\/30\\\/powrot-amstronga\\\/#mainImage\"},\"datePublished\":\"2022-01-30T14:06:00+00:00\",\"dateModified\":\"2023-02-19T14:09:47+00:00\"},{\"@type\":\"WebSite\",\"@id\":\"https:\\\/\\\/www.worldrally.eu\\\/#website\",\"url\":\"https:\\\/\\\/www.worldrally.eu\\\/\",\"name\":\"WorldRally.eu\",\"inLanguage\":\"en-GB\",\"publisher\":{\"@id\":\"https:\\\/\\\/www.worldrally.eu\\\/#organization\"}}]}\n\t\t<\/script>\n\t\t<!-- All in One SEO -->\n\n","aioseo_head_json":{"title":"Powr\u00f3t Amstronga \u00bb WorldRally.eu","description":"Jon Armstrong b\u0119dzie liczy\u0142 na do\u015bwiadczenie zdobyte w Rajdowych Mistrzostwach Europy FIA, gdy b\u0119dzie walczy\u0142 o tytu\u0142 Junior WRC w tym sezonie. Armstrong boryka\u0142 si\u0119 z niedoborem bud\u017cetowym, staraj\u0105c si\u0119 wr\u00f3ci\u0107 do Junior WRC Junior WRC po raz pierwszy wykorzysta samochody z nap\u0119dem na cztery ko\u0142a w 2022 roku, a nowym pojazdem bazowym b\u0119dzie Fiesta","canonical_url":"https:\/\/www.worldrally.eu\/index.php\/2022\/01\/30\/powrot-amstronga\/","robots":"max-image-preview:large","keywords":"","webmasterTools":{"miscellaneous":""},"schema":{"@context":"https:\/\/schema.org","@graph":[{"@type":"BlogPosting","@id":"https:\/\/www.worldrally.eu\/index.php\/2022\/01\/30\/powrot-amstronga\/#blogposting","name":"Powr\u00f3t Amstronga \u00bb WorldRally.eu","headline":"Powr\u00f3t Amstronga","author":{"@id":"https:\/\/www.worldrally.eu\/index.php\/author\/jacek\/#author"},"publisher":{"@id":"https:\/\/www.worldrally.eu\/#organization"},"image":{"@type":"ImageObject","url":"https:\/\/www.worldrally.eu\/wp-content\/uploads\/2023\/02\/40-1.jpg","width":1620,"height":1080},"datePublished":"2022-01-30T14:06:00+00:00","dateModified":"2023-02-19T14:09:47+00:00","inLanguage":"en-GB","mainEntityOfPage":{"@id":"https:\/\/www.worldrally.eu\/index.php\/2022\/01\/30\/powrot-amstronga\/#webpage"},"isPartOf":{"@id":"https:\/\/www.worldrally.eu\/index.php\/2022\/01\/30\/powrot-amstronga\/#webpage"},"articleSection":"ERC"},{"@type":"BreadcrumbList","@id":"https:\/\/www.worldrally.eu\/index.php\/2022\/01\/30\/powrot-amstronga\/#breadcrumblist","itemListElement":[{"@type":"ListItem","@id":"https:\/\/www.worldrally.eu#listItem","position":1,"name":"Home","item":"https:\/\/www.worldrally.eu","nextItem":{"@type":"ListItem","@id":"https:\/\/www.worldrally.eu\/index.php\/category\/erc\/#listItem","name":"ERC"}},{"@type":"ListItem","@id":"https:\/\/www.worldrally.eu\/index.php\/category\/erc\/#listItem","position":2,"name":"ERC","item":"https:\/\/www.worldrally.eu\/index.php\/category\/erc\/","nextItem":{"@type":"ListItem","@id":"https:\/\/www.worldrally.eu\/index.php\/2022\/01\/30\/powrot-amstronga\/#listItem","name":"Powr\u00f3t Amstronga"},"previousItem":{"@type":"ListItem","@id":"https:\/\/www.worldrally.eu#listItem","name":"Home"}},{"@type":"ListItem","@id":"https:\/\/www.worldrally.eu\/index.php\/2022\/01\/30\/powrot-amstronga\/#listItem","position":3,"name":"Powr\u00f3t Amstronga","previousItem":{"@type":"ListItem","@id":"https:\/\/www.worldrally.eu\/index.php\/category\/erc\/#listItem","name":"ERC"}}]},{"@type":"Organization","@id":"https:\/\/www.worldrally.eu\/#organization","name":"WorldRally.eu","url":"https:\/\/www.worldrally.eu\/","logo":{"@type":"ImageObject","url":"https:\/\/www.worldrally.eu\/wp-content\/uploads\/2026\/01\/cropped-logo-3.png","@id":"https:\/\/www.worldrally.eu\/index.php\/2022\/01\/30\/powrot-amstronga\/#organizationLogo","width":2039,"height":756},"image":{"@id":"https:\/\/www.worldrally.eu\/index.php\/2022\/01\/30\/powrot-amstronga\/#organizationLogo"}},{"@type":"Person","@id":"https:\/\/www.worldrally.eu\/index.php\/author\/jacek\/#author","url":"https:\/\/www.worldrally.eu\/index.php\/author\/jacek\/","name":"Jacek","image":{"@type":"ImageObject","@id":"https:\/\/www.worldrally.eu\/index.php\/2022\/01\/30\/powrot-amstronga\/#authorImage","url":"https:\/\/secure.gravatar.com\/avatar\/7e4a580579d0c9624bc0b76edfd763a961e17e709b8c19c4e55064fd24596b04?s=96&d=mm&r=g","width":96,"height":96,"caption":"Jacek"}},{"@type":"WebPage","@id":"https:\/\/www.worldrally.eu\/index.php\/2022\/01\/30\/powrot-amstronga\/#webpage","url":"https:\/\/www.worldrally.eu\/index.php\/2022\/01\/30\/powrot-amstronga\/","name":"Powr\u00f3t Amstronga \u00bb WorldRally.eu","description":"Jon Armstrong b\u0119dzie liczy\u0142 na do\u015bwiadczenie zdobyte w Rajdowych Mistrzostwach Europy FIA, gdy b\u0119dzie walczy\u0142 o tytu\u0142 Junior WRC w tym sezonie. Armstrong boryka\u0142 si\u0119 z niedoborem bud\u017cetowym, staraj\u0105c si\u0119 wr\u00f3ci\u0107 do Junior WRC Junior WRC po raz pierwszy wykorzysta samochody z nap\u0119dem na cztery ko\u0142a w 2022 roku, a nowym pojazdem bazowym b\u0119dzie Fiesta","inLanguage":"en-GB","isPartOf":{"@id":"https:\/\/www.worldrally.eu\/#website"},"breadcrumb":{"@id":"https:\/\/www.worldrally.eu\/index.php\/2022\/01\/30\/powrot-amstronga\/#breadcrumblist"},"author":{"@id":"https:\/\/www.worldrally.eu\/index.php\/author\/jacek\/#author"},"creator":{"@id":"https:\/\/www.worldrally.eu\/index.php\/author\/jacek\/#author"},"image":{"@type":"ImageObject","url":"https:\/\/www.worldrally.eu\/wp-content\/uploads\/2023\/02\/40-1.jpg","@id":"https:\/\/www.worldrally.eu\/index.php\/2022\/01\/30\/powrot-amstronga\/#mainImage","width":1620,"height":1080},"primaryImageOfPage":{"@id":"https:\/\/www.worldrally.eu\/index.php\/2022\/01\/30\/powrot-amstronga\/#mainImage"},"datePublished":"2022-01-30T14:06:00+00:00","dateModified":"2023-02-19T14:09:47+00:00"},{"@type":"WebSite","@id":"https:\/\/www.worldrally.eu\/#website","url":"https:\/\/www.worldrally.eu\/","name":"WorldRally.eu","inLanguage":"en-GB","publisher":{"@id":"https:\/\/www.worldrally.eu\/#organization"}}]},"og:locale":"en_GB","og:site_name":"WorldRally.eu \u00bb","og:type":"article","og:title":"Powr\u00f3t Amstronga \u00bb WorldRally.eu","og:description":"Jon Armstrong b\u0119dzie liczy\u0142 na do\u015bwiadczenie zdobyte w Rajdowych Mistrzostwach Europy FIA, gdy b\u0119dzie walczy\u0142 o tytu\u0142 Junior WRC w tym sezonie. Armstrong boryka\u0142 si\u0119 z niedoborem bud\u017cetowym, staraj\u0105c si\u0119 wr\u00f3ci\u0107 do Junior WRC Junior WRC po raz pierwszy wykorzysta samochody z nap\u0119dem na cztery ko\u0142a w 2022 roku, a nowym pojazdem bazowym b\u0119dzie Fiesta","og:url":"https:\/\/www.worldrally.eu\/index.php\/2022\/01\/30\/powrot-amstronga\/","og:image":"https:\/\/www.worldrally.eu\/wp-content\/uploads\/2023\/02\/40-1.jpg","og:image:secure_url":"https:\/\/www.worldrally.eu\/wp-content\/uploads\/2023\/02\/40-1.jpg","og:image:width":1620,"og:image:height":1080,"article:published_time":"2022-01-30T14:06:00+00:00","article:modified_time":"2023-02-19T14:09:47+00:00","twitter:card":"summary_large_image","twitter:title":"Powr\u00f3t Amstronga \u00bb WorldRally.eu","twitter:description":"Jon Armstrong b\u0119dzie liczy\u0142 na do\u015bwiadczenie zdobyte w Rajdowych Mistrzostwach Europy FIA, gdy b\u0119dzie walczy\u0142 o tytu\u0142 Junior WRC w tym sezonie. Armstrong boryka\u0142 si\u0119 z niedoborem bud\u017cetowym, staraj\u0105c si\u0119 wr\u00f3ci\u0107 do Junior WRC Junior WRC po raz pierwszy wykorzysta samochody z nap\u0119dem na cztery ko\u0142a w 2022 roku, a nowym pojazdem bazowym b\u0119dzie Fiesta","twitter:image":"https:\/\/www.worldrally.eu\/wp-content\/uploads\/2023\/02\/40-1.jpg"},"aioseo_meta_data":{"post_id":"386","title":null,"description":null,"keywords":null,"keyphrases":null,"primary_term":null,"canonical_url":null,"og_title":null,"og_description":null,"og_object_type":"default","og_image_type":"default","og_image_url":null,"og_image_width":null,"og_image_height":null,"og_image_custom_url":null,"og_image_custom_fields":null,"og_video":null,"og_custom_url":null,"og_article_section":null,"og_article_tags":null,"twitter_use_og":false,"twitter_card":"default","twitter_image_type":"default","twitter_image_url":null,"twitter_image_custom_url":null,"twitter_image_custom_fields":null,"twitter_title":null,"twitter_description":null,"schema":{"blockGraphs":[],"customGraphs":[],"default":{"data":{"Article":[],"Course":[],"Dataset":[],"FAQPage":[],"Movie":[],"Person":[],"Product":[],"ProductReview":[],"Car":[],"Recipe":[],"Service":[],"SoftwareApplication":[],"WebPage":[]},"graphName":"","isEnabled":true},"graphs":[]},"schema_type":"default","schema_type_options":null,"pillar_content":false,"robots_default":true,"robots_noindex":false,"robots_noarchive":false,"robots_nosnippet":false,"robots_nofollow":false,"robots_noimageindex":false,"robots_noodp":false,"robots_notranslate":false,"robots_max_snippet":null,"robots_max_videopreview":null,"robots_max_imagepreview":"large","priority":null,"frequency":null,"local_seo":null,"breadcrumb_settings":null,"limit_modified_date":false,"ai":null,"created":"2025-03-22 05:48:22","updated":"2025-10-26 08:04:41","seo_analyzer_scan_date":null},"aioseo_breadcrumb":"<div class=\"aioseo-breadcrumbs\"><span class=\"aioseo-breadcrumb\">\n\t\t\t<a href=\"https:\/\/www.worldrally.eu\" title=\"Home\">Home<\/a>\n\t\t<\/span><span class=\"aioseo-breadcrumb-separator\">&raquo;<\/span><span class=\"aioseo-breadcrumb\">\n\t\t\t<a href=\"https:\/\/www.worldrally.eu\/index.php\/category\/erc\/\" title=\"ERC\">ERC<\/a>\n\t\t<\/span><span class=\"aioseo-breadcrumb-separator\">&raquo;<\/span><span class=\"aioseo-breadcrumb\">\n\t\t\tPowr\u00f3t Amstronga\n\t\t<\/span><\/div>","aioseo_breadcrumb_json":[{"label":"Home","link":"https:\/\/www.worldrally.eu"},{"label":"ERC","link":"https:\/\/www.worldrally.eu\/index.php\/category\/erc\/"},{"label":"Powr\u00f3t Amstronga","link":"https:\/\/www.worldrally.eu\/index.php\/2022\/01\/30\/powrot-amstronga\/"}],"cc_featured_image_caption":{"caption_text":"Foto- PhotoMS \/ Adam Owczarek","source_text":"","source_url":""},"_links":{"self":[{"href":"https:\/\/www.worldrally.eu\/index.php\/wp-json\/wp\/v2\/posts\/386","targetHints":{"allow":["GET"]}}],"collection":[{"href":"https:\/\/www.worldrally.eu\/index.php\/wp-json\/wp\/v2\/posts"}],"about":[{"href":"https:\/\/www.worldrally.eu\/index.php\/wp-json\/wp\/v2\/types\/post"}],"author":[{"embeddable":true,"href":"https:\/\/www.worldrally.eu\/index.php\/wp-json\/wp\/v2\/users\/3"}],"replies":[{"embeddable":true,"href":"https:\/\/www.worldrally.eu\/index.php\/wp-json\/wp\/v2\/comments?post=386"}],"version-history":[{"count":1,"href":"https:\/\/www.worldrally.eu\/index.php\/wp-json\/wp\/v2\/posts\/386\/revisions"}],"predecessor-version":[{"id":389,"href":"https:\/\/www.worldrally.eu\/index.php\/wp-json\/wp\/v2\/posts\/386\/revisions\/389"}],"wp:featuredmedia":[{"embeddable":true,"href":"https:\/\/www.worldrally.eu\/index.php\/wp-json\/wp\/v2\/media\/387"}],"wp:attachment":[{"href":"https:\/\/www.worldrally.eu\/index.php\/wp-json\/wp\/v2\/media?parent=386"}],"wp:term":[{"taxonomy":"category","embeddable":true,"href":"https:\/\/www.worldrally.eu\/index.php\/wp-json\/wp\/v2\/categories?post=386"},{"taxonomy":"post_tag","embeddable":true,"href":"https:\/\/www.worldrally.eu\/index.php\/wp-json\/wp\/v2\/tags?post=386"}],"curies":[{"name":"wp","href":"https:\/\/api.w.org\/{rel}","templated":true}]}}