{"id":374,"date":"2022-01-05T13:33:00","date_gmt":"2022-01-05T13:33:00","guid":{"rendered":"https:\/\/www.worldrally.eu\/?p=374"},"modified":"2023-02-19T13:43:30","modified_gmt":"2023-02-19T13:43:30","slug":"78-rajd-polski-z-nowymi-wyzwaniami","status":"publish","type":"post","link":"https:\/\/www.worldrally.eu\/index.php\/2022\/01\/05\/78-rajd-polski-z-nowymi-wyzwaniami\/","title":{"rendered":"78 Rajd Polski z nowymi wyzwaniami"},"content":{"rendered":"\n<p class=\"wp-block-paragraph\">Zaplanowana na czwart\u0105 rund\u0119 o\u015bmiowy\u015bcigowego sezonu ERC 2022 w dniach 10-12 czerwca, 78. edycja Rajdu Polski b\u0119dzie przebiega\u0107 na konkurencyjnej trasie, kt\u00f3ra jest a\u017c o 30 procent nowa.<\/p>\n\n\n\n<p class=\"wp-block-paragraph\"><em>&#8220;Rajd Polski to impreza klasyczna, uznana w\u015br\u00f3d zawodnik\u00f3w, widz\u00f3w i przedstawicieli medi\u00f3w \u2013 <\/em>powiedzia\u0142 prezes Sikora<em>. <\/em><\/p>\n\n\n\n<p class=\"wp-block-paragraph\"><em>\u201eWymagaj\u0105ce odcinki specjalne na Pojezierzu Mazurskim zawsze zapewniaj\u0105 spektakularne i emocjonuj\u0105ce rajdy. Istniej\u0105 dobrze znane etapy, a tak\u017ce zupe\u0142nie nowe testy. A\u017c 30 procent \u0142\u0105cznej d\u0142ugo\u015bci etap\u00f3w przeniesie si\u0119 na drogi, kt\u00f3re nigdy wcze\u015bniej nie by\u0142y u\u017cywane.\u201d<\/em>&#8211; doda\u0142<\/p>\n\n\n\n<p class=\"wp-block-paragraph\">Rajd Polski nadal b\u0119dzie mia\u0142 swoj\u0105 siedzib\u0119 w Miko\u0142ajkach, a spektakularny etap Miko\u0142ajki Arena b\u0119dzie cz\u0119\u015bci\u0105 planowanej 200-kilometrowej trasy.<\/p>\n\n\n\n<figure class=\"wp-block-image size-large\"><img fetchpriority=\"high\" decoding=\"async\" width=\"1024\" height=\"683\" src=\"https:\/\/www.worldrally.eu\/wp-content\/uploads\/2023\/02\/26-1-1024x683.jpg\" alt=\"\" class=\"wp-image-376\" srcset=\"https:\/\/www.worldrally.eu\/wp-content\/uploads\/2023\/02\/26-1-1024x683.jpg 1024w, https:\/\/www.worldrally.eu\/wp-content\/uploads\/2023\/02\/26-1-300x200.jpg 300w, https:\/\/www.worldrally.eu\/wp-content\/uploads\/2023\/02\/26-1-768x512.jpg 768w, https:\/\/www.worldrally.eu\/wp-content\/uploads\/2023\/02\/26-1-1536x1024.jpg 1536w, https:\/\/www.worldrally.eu\/wp-content\/uploads\/2023\/02\/26-1-446x297.jpg 446w, https:\/\/www.worldrally.eu\/wp-content\/uploads\/2023\/02\/26-1.jpg 1620w\" sizes=\"(max-width: 1024px) 100vw, 1024px\" \/><figcaption class=\"wp-element-caption\">Foto- PhotoMS \/ Adam Owczarek<\/figcaption><\/figure>\n\n\n\n<p class=\"wp-block-paragraph\"><em>\u201eRajd Polski 2021 by\u0142 ostatni\u0105 rund\u0105 ERC zorganizowan\u0105 we wsp\u00f3\u0142pracy z Eurosport Events. Mieli\u015bmy niepowtarzaln\u0105 okazj\u0119 wsp\u00f3\u0142pracowa\u0107 z ich zespo\u0142em podczas czterech edycji Rajdu Polski. Zawsze mogli\u015bmy na nich liczy\u0107 i na ich nieocenion\u0105 pomoc, za co jeste\u015bmy im wdzi\u0119czni i za to serdecznie dzi\u0119kujemy. Teraz nadszed\u0142 czas, aby powita\u0107 na pok\u0142adzie naszych nowych partner\u00f3w z WRC Promoter. Pracowali\u015bmy razem, gdy odbywa\u0142 si\u0119 Rajd Polski jako WRC i jestem przekonany, \u017ce nasz rajd skorzysta na wsp\u00f3lnych dzia\u0142aniach, zw\u0142aszcza w zakresie promocji tej wspania\u0142ej imprezy sportowej.\u201d<\/em> &#8211; powiedzia\u0142 Sikora<\/p>\n\n\n\n<p class=\"wp-block-paragraph\">Organizatorzy zapewniaj\u0105 te\u017c, ze zmiana odcink\u00f3w specjalnych jest w du\u017cej mierze spowodowana degradacj\u0105 dr\u00f3g po pierwszych przejazdach co powodowa\u0142o czasami uszkodzenia aut podczas drugich i zmniejsza\u0142o bezpiecze\u0144stwo.<\/p>\n\n\n\n<figure class=\"wp-block-image size-large\"><img decoding=\"async\" width=\"1024\" height=\"710\" src=\"https:\/\/www.worldrally.eu\/wp-content\/uploads\/2023\/02\/56-1024x710.jpg\" alt=\"\" class=\"wp-image-377\" srcset=\"https:\/\/www.worldrally.eu\/wp-content\/uploads\/2023\/02\/56-1024x710.jpg 1024w, https:\/\/www.worldrally.eu\/wp-content\/uploads\/2023\/02\/56-300x208.jpg 300w, https:\/\/www.worldrally.eu\/wp-content\/uploads\/2023\/02\/56-768x532.jpg 768w, https:\/\/www.worldrally.eu\/wp-content\/uploads\/2023\/02\/56-1536x1065.jpg 1536w, https:\/\/www.worldrally.eu\/wp-content\/uploads\/2023\/02\/56.jpg 1558w\" sizes=\"(max-width: 1024px) 100vw, 1024px\" \/><figcaption class=\"wp-element-caption\">Foto &#8211; PhotoMS \/ Adam Owczarek<\/figcaption><\/figure>\n","protected":false},"excerpt":{"rendered":"<p>Zaplanowana na czwart\u0105 rund\u0119 o\u015bmiowy\u015bcigowego sezonu ERC 2022 w dniach 10-12 czerwca, 78. edycja Rajdu Polski b\u0119dzie przebiega\u0107 na konkurencyjnej trasie, kt\u00f3ra jest a\u017c o 30 procent nowa. &#8220;Rajd Polski to impreza klasyczna, uznana w\u015br\u00f3d zawodnik\u00f3w, widz\u00f3w i przedstawicieli medi\u00f3w \u2013 powiedzia\u0142 prezes Sikora. \u201eWymagaj\u0105ce odcinki specjalne na Pojezierzu Mazurskim zawsze zapewniaj\u0105 spektakularne i emocjonuj\u0105ce [&hellip;]<\/p>\n","protected":false},"author":2,"featured_media":375,"comment_status":"closed","ping_status":"closed","sticky":false,"template":"","format":"standard","meta":{"_monsterinsights_skip_tracking":false,"_monsterinsights_sitenote_active":false,"_monsterinsights_sitenote_note":"","_monsterinsights_sitenote_category":0,"footnotes":""},"categories":[4],"tags":[],"class_list":["post-374","post","type-post","status-publish","format-standard","has-post-thumbnail","hentry","category-erc"],"aioseo_notices":[],"aioseo_head":"\n\t\t<!-- All in One SEO 4.9.9 - aioseo.com -->\n\t<meta name=\"description\" content=\"Zaplanowana na czwart\u0105 rund\u0119 o\u015bmiowy\u015bcigowego sezonu ERC 2022 w dniach 10-12 czerwca, 78. edycja Rajdu Polski b\u0119dzie przebiega\u0107 na konkurencyjnej trasie, kt\u00f3ra jest a\u017c o 30 procent nowa. &quot;Rajd Polski to impreza klasyczna, uznana w\u015br\u00f3d zawodnik\u00f3w, widz\u00f3w i przedstawicieli medi\u00f3w \u2013 powiedzia\u0142 prezes Sikora. \u201eWymagaj\u0105ce odcinki specjalne na Pojezierzu Mazurskim zawsze zapewniaj\u0105 spektakularne i emocjonuj\u0105ce\" \/>\n\t<meta name=\"robots\" content=\"max-image-preview:large\" \/>\n\t<meta name=\"author\" content=\"Magdalena\"\/>\n\t<link rel=\"canonical\" href=\"https:\/\/www.worldrally.eu\/index.php\/2022\/01\/05\/78-rajd-polski-z-nowymi-wyzwaniami\/\" \/>\n\t<meta name=\"generator\" content=\"All in One SEO (AIOSEO) 4.9.9\" \/>\n\t\t<meta property=\"og:locale\" content=\"en_GB\" \/>\n\t\t<meta property=\"og:site_name\" content=\"WorldRally.eu \u00bb\" \/>\n\t\t<meta property=\"og:type\" content=\"article\" \/>\n\t\t<meta property=\"og:title\" content=\"78 Rajd Polski z nowymi wyzwaniami \u00bb WorldRally.eu\" \/>\n\t\t<meta property=\"og:description\" content=\"Zaplanowana na czwart\u0105 rund\u0119 o\u015bmiowy\u015bcigowego sezonu ERC 2022 w dniach 10-12 czerwca, 78. edycja Rajdu Polski b\u0119dzie przebiega\u0107 na konkurencyjnej trasie, kt\u00f3ra jest a\u017c o 30 procent nowa. &quot;Rajd Polski to impreza klasyczna, uznana w\u015br\u00f3d zawodnik\u00f3w, widz\u00f3w i przedstawicieli medi\u00f3w \u2013 powiedzia\u0142 prezes Sikora. \u201eWymagaj\u0105ce odcinki specjalne na Pojezierzu Mazurskim zawsze zapewniaj\u0105 spektakularne i emocjonuj\u0105ce\" \/>\n\t\t<meta property=\"og:url\" content=\"https:\/\/www.worldrally.eu\/index.php\/2022\/01\/05\/78-rajd-polski-z-nowymi-wyzwaniami\/\" \/>\n\t\t<meta property=\"og:image\" content=\"https:\/\/www.worldrally.eu\/wp-content\/uploads\/2023\/02\/41.jpg\" \/>\n\t\t<meta property=\"og:image:secure_url\" content=\"https:\/\/www.worldrally.eu\/wp-content\/uploads\/2023\/02\/41.jpg\" \/>\n\t\t<meta property=\"og:image:width\" content=\"1620\" \/>\n\t\t<meta property=\"og:image:height\" content=\"1080\" \/>\n\t\t<meta property=\"article:published_time\" content=\"2022-01-05T13:33:00+00:00\" \/>\n\t\t<meta property=\"article:modified_time\" content=\"2023-02-19T13:43:30+00:00\" \/>\n\t\t<meta name=\"twitter:card\" content=\"summary_large_image\" \/>\n\t\t<meta name=\"twitter:title\" content=\"78 Rajd Polski z nowymi wyzwaniami \u00bb WorldRally.eu\" \/>\n\t\t<meta name=\"twitter:description\" content=\"Zaplanowana na czwart\u0105 rund\u0119 o\u015bmiowy\u015bcigowego sezonu ERC 2022 w dniach 10-12 czerwca, 78. edycja Rajdu Polski b\u0119dzie przebiega\u0107 na konkurencyjnej trasie, kt\u00f3ra jest a\u017c o 30 procent nowa. &quot;Rajd Polski to impreza klasyczna, uznana w\u015br\u00f3d zawodnik\u00f3w, widz\u00f3w i przedstawicieli medi\u00f3w \u2013 powiedzia\u0142 prezes Sikora. \u201eWymagaj\u0105ce odcinki specjalne na Pojezierzu Mazurskim zawsze zapewniaj\u0105 spektakularne i emocjonuj\u0105ce\" \/>\n\t\t<meta name=\"twitter:image\" content=\"https:\/\/www.worldrally.eu\/wp-content\/uploads\/2023\/02\/41.jpg\" \/>\n\t\t<script type=\"application\/ld+json\" class=\"aioseo-schema\">\n\t\t\t{\"@context\":\"https:\\\/\\\/schema.org\",\"@graph\":[{\"@type\":\"BlogPosting\",\"@id\":\"https:\\\/\\\/www.worldrally.eu\\\/index.php\\\/2022\\\/01\\\/05\\\/78-rajd-polski-z-nowymi-wyzwaniami\\\/#blogposting\",\"name\":\"78 Rajd Polski z nowymi wyzwaniami \\u00bb WorldRally.eu\",\"headline\":\"78 Rajd Polski z nowymi wyzwaniami\",\"author\":{\"@id\":\"https:\\\/\\\/www.worldrally.eu\\\/index.php\\\/author\\\/magdalena\\\/#author\"},\"publisher\":{\"@id\":\"https:\\\/\\\/www.worldrally.eu\\\/#organization\"},\"image\":{\"@type\":\"ImageObject\",\"url\":\"https:\\\/\\\/www.worldrally.eu\\\/wp-content\\\/uploads\\\/2023\\\/02\\\/41.jpg\",\"width\":1620,\"height\":1080},\"datePublished\":\"2022-01-05T13:33:00+00:00\",\"dateModified\":\"2023-02-19T13:43:30+00:00\",\"inLanguage\":\"en-GB\",\"mainEntityOfPage\":{\"@id\":\"https:\\\/\\\/www.worldrally.eu\\\/index.php\\\/2022\\\/01\\\/05\\\/78-rajd-polski-z-nowymi-wyzwaniami\\\/#webpage\"},\"isPartOf\":{\"@id\":\"https:\\\/\\\/www.worldrally.eu\\\/index.php\\\/2022\\\/01\\\/05\\\/78-rajd-polski-z-nowymi-wyzwaniami\\\/#webpage\"},\"articleSection\":\"ERC\"},{\"@type\":\"BreadcrumbList\",\"@id\":\"https:\\\/\\\/www.worldrally.eu\\\/index.php\\\/2022\\\/01\\\/05\\\/78-rajd-polski-z-nowymi-wyzwaniami\\\/#breadcrumblist\",\"itemListElement\":[{\"@type\":\"ListItem\",\"@id\":\"https:\\\/\\\/www.worldrally.eu#listItem\",\"position\":1,\"name\":\"Home\",\"item\":\"https:\\\/\\\/www.worldrally.eu\",\"nextItem\":{\"@type\":\"ListItem\",\"@id\":\"https:\\\/\\\/www.worldrally.eu\\\/index.php\\\/category\\\/erc\\\/#listItem\",\"name\":\"ERC\"}},{\"@type\":\"ListItem\",\"@id\":\"https:\\\/\\\/www.worldrally.eu\\\/index.php\\\/category\\\/erc\\\/#listItem\",\"position\":2,\"name\":\"ERC\",\"item\":\"https:\\\/\\\/www.worldrally.eu\\\/index.php\\\/category\\\/erc\\\/\",\"nextItem\":{\"@type\":\"ListItem\",\"@id\":\"https:\\\/\\\/www.worldrally.eu\\\/index.php\\\/2022\\\/01\\\/05\\\/78-rajd-polski-z-nowymi-wyzwaniami\\\/#listItem\",\"name\":\"78 Rajd Polski z nowymi wyzwaniami\"},\"previousItem\":{\"@type\":\"ListItem\",\"@id\":\"https:\\\/\\\/www.worldrally.eu#listItem\",\"name\":\"Home\"}},{\"@type\":\"ListItem\",\"@id\":\"https:\\\/\\\/www.worldrally.eu\\\/index.php\\\/2022\\\/01\\\/05\\\/78-rajd-polski-z-nowymi-wyzwaniami\\\/#listItem\",\"position\":3,\"name\":\"78 Rajd Polski z nowymi wyzwaniami\",\"previousItem\":{\"@type\":\"ListItem\",\"@id\":\"https:\\\/\\\/www.worldrally.eu\\\/index.php\\\/category\\\/erc\\\/#listItem\",\"name\":\"ERC\"}}]},{\"@type\":\"Organization\",\"@id\":\"https:\\\/\\\/www.worldrally.eu\\\/#organization\",\"name\":\"WorldRally.eu\",\"url\":\"https:\\\/\\\/www.worldrally.eu\\\/\",\"logo\":{\"@type\":\"ImageObject\",\"url\":\"https:\\\/\\\/www.worldrally.eu\\\/wp-content\\\/uploads\\\/2026\\\/01\\\/cropped-logo-3.png\",\"@id\":\"https:\\\/\\\/www.worldrally.eu\\\/index.php\\\/2022\\\/01\\\/05\\\/78-rajd-polski-z-nowymi-wyzwaniami\\\/#organizationLogo\",\"width\":2039,\"height\":756},\"image\":{\"@id\":\"https:\\\/\\\/www.worldrally.eu\\\/index.php\\\/2022\\\/01\\\/05\\\/78-rajd-polski-z-nowymi-wyzwaniami\\\/#organizationLogo\"}},{\"@type\":\"Person\",\"@id\":\"https:\\\/\\\/www.worldrally.eu\\\/index.php\\\/author\\\/magdalena\\\/#author\",\"url\":\"https:\\\/\\\/www.worldrally.eu\\\/index.php\\\/author\\\/magdalena\\\/\",\"name\":\"Magdalena\",\"image\":{\"@type\":\"ImageObject\",\"@id\":\"https:\\\/\\\/www.worldrally.eu\\\/index.php\\\/2022\\\/01\\\/05\\\/78-rajd-polski-z-nowymi-wyzwaniami\\\/#authorImage\",\"url\":\"https:\\\/\\\/secure.gravatar.com\\\/avatar\\\/853239b46cec38ba30b48d2b091f5538817cc78bdc0944c9ef7408579307e2ea?s=96&d=mm&r=g\",\"width\":96,\"height\":96,\"caption\":\"Magdalena\"}},{\"@type\":\"WebPage\",\"@id\":\"https:\\\/\\\/www.worldrally.eu\\\/index.php\\\/2022\\\/01\\\/05\\\/78-rajd-polski-z-nowymi-wyzwaniami\\\/#webpage\",\"url\":\"https:\\\/\\\/www.worldrally.eu\\\/index.php\\\/2022\\\/01\\\/05\\\/78-rajd-polski-z-nowymi-wyzwaniami\\\/\",\"name\":\"78 Rajd Polski z nowymi wyzwaniami \\u00bb WorldRally.eu\",\"description\":\"Zaplanowana na czwart\\u0105 rund\\u0119 o\\u015bmiowy\\u015bcigowego sezonu ERC 2022 w dniach 10-12 czerwca, 78. edycja Rajdu Polski b\\u0119dzie przebiega\\u0107 na konkurencyjnej trasie, kt\\u00f3ra jest a\\u017c o 30 procent nowa. \\\"Rajd Polski to impreza klasyczna, uznana w\\u015br\\u00f3d zawodnik\\u00f3w, widz\\u00f3w i przedstawicieli medi\\u00f3w \\u2013 powiedzia\\u0142 prezes Sikora. \\u201eWymagaj\\u0105ce odcinki specjalne na Pojezierzu Mazurskim zawsze zapewniaj\\u0105 spektakularne i emocjonuj\\u0105ce\",\"inLanguage\":\"en-GB\",\"isPartOf\":{\"@id\":\"https:\\\/\\\/www.worldrally.eu\\\/#website\"},\"breadcrumb\":{\"@id\":\"https:\\\/\\\/www.worldrally.eu\\\/index.php\\\/2022\\\/01\\\/05\\\/78-rajd-polski-z-nowymi-wyzwaniami\\\/#breadcrumblist\"},\"author\":{\"@id\":\"https:\\\/\\\/www.worldrally.eu\\\/index.php\\\/author\\\/magdalena\\\/#author\"},\"creator\":{\"@id\":\"https:\\\/\\\/www.worldrally.eu\\\/index.php\\\/author\\\/magdalena\\\/#author\"},\"image\":{\"@type\":\"ImageObject\",\"url\":\"https:\\\/\\\/www.worldrally.eu\\\/wp-content\\\/uploads\\\/2023\\\/02\\\/41.jpg\",\"@id\":\"https:\\\/\\\/www.worldrally.eu\\\/index.php\\\/2022\\\/01\\\/05\\\/78-rajd-polski-z-nowymi-wyzwaniami\\\/#mainImage\",\"width\":1620,\"height\":1080},\"primaryImageOfPage\":{\"@id\":\"https:\\\/\\\/www.worldrally.eu\\\/index.php\\\/2022\\\/01\\\/05\\\/78-rajd-polski-z-nowymi-wyzwaniami\\\/#mainImage\"},\"datePublished\":\"2022-01-05T13:33:00+00:00\",\"dateModified\":\"2023-02-19T13:43:30+00:00\"},{\"@type\":\"WebSite\",\"@id\":\"https:\\\/\\\/www.worldrally.eu\\\/#website\",\"url\":\"https:\\\/\\\/www.worldrally.eu\\\/\",\"name\":\"WorldRally.eu\",\"inLanguage\":\"en-GB\",\"publisher\":{\"@id\":\"https:\\\/\\\/www.worldrally.eu\\\/#organization\"}}]}\n\t\t<\/script>\n\t\t<!-- All in One SEO -->\n\n","aioseo_head_json":{"title":"78 Rajd Polski z nowymi wyzwaniami \u00bb WorldRally.eu","description":"Zaplanowana na czwart\u0105 rund\u0119 o\u015bmiowy\u015bcigowego sezonu ERC 2022 w dniach 10-12 czerwca, 78. edycja Rajdu Polski b\u0119dzie przebiega\u0107 na konkurencyjnej trasie, kt\u00f3ra jest a\u017c o 30 procent nowa. \"Rajd Polski to impreza klasyczna, uznana w\u015br\u00f3d zawodnik\u00f3w, widz\u00f3w i przedstawicieli medi\u00f3w \u2013 powiedzia\u0142 prezes Sikora. \u201eWymagaj\u0105ce odcinki specjalne na Pojezierzu Mazurskim zawsze zapewniaj\u0105 spektakularne i emocjonuj\u0105ce","canonical_url":"https:\/\/www.worldrally.eu\/index.php\/2022\/01\/05\/78-rajd-polski-z-nowymi-wyzwaniami\/","robots":"max-image-preview:large","keywords":"","webmasterTools":{"miscellaneous":""},"schema":{"@context":"https:\/\/schema.org","@graph":[{"@type":"BlogPosting","@id":"https:\/\/www.worldrally.eu\/index.php\/2022\/01\/05\/78-rajd-polski-z-nowymi-wyzwaniami\/#blogposting","name":"78 Rajd Polski z nowymi wyzwaniami \u00bb WorldRally.eu","headline":"78 Rajd Polski z nowymi wyzwaniami","author":{"@id":"https:\/\/www.worldrally.eu\/index.php\/author\/magdalena\/#author"},"publisher":{"@id":"https:\/\/www.worldrally.eu\/#organization"},"image":{"@type":"ImageObject","url":"https:\/\/www.worldrally.eu\/wp-content\/uploads\/2023\/02\/41.jpg","width":1620,"height":1080},"datePublished":"2022-01-05T13:33:00+00:00","dateModified":"2023-02-19T13:43:30+00:00","inLanguage":"en-GB","mainEntityOfPage":{"@id":"https:\/\/www.worldrally.eu\/index.php\/2022\/01\/05\/78-rajd-polski-z-nowymi-wyzwaniami\/#webpage"},"isPartOf":{"@id":"https:\/\/www.worldrally.eu\/index.php\/2022\/01\/05\/78-rajd-polski-z-nowymi-wyzwaniami\/#webpage"},"articleSection":"ERC"},{"@type":"BreadcrumbList","@id":"https:\/\/www.worldrally.eu\/index.php\/2022\/01\/05\/78-rajd-polski-z-nowymi-wyzwaniami\/#breadcrumblist","itemListElement":[{"@type":"ListItem","@id":"https:\/\/www.worldrally.eu#listItem","position":1,"name":"Home","item":"https:\/\/www.worldrally.eu","nextItem":{"@type":"ListItem","@id":"https:\/\/www.worldrally.eu\/index.php\/category\/erc\/#listItem","name":"ERC"}},{"@type":"ListItem","@id":"https:\/\/www.worldrally.eu\/index.php\/category\/erc\/#listItem","position":2,"name":"ERC","item":"https:\/\/www.worldrally.eu\/index.php\/category\/erc\/","nextItem":{"@type":"ListItem","@id":"https:\/\/www.worldrally.eu\/index.php\/2022\/01\/05\/78-rajd-polski-z-nowymi-wyzwaniami\/#listItem","name":"78 Rajd Polski z nowymi wyzwaniami"},"previousItem":{"@type":"ListItem","@id":"https:\/\/www.worldrally.eu#listItem","name":"Home"}},{"@type":"ListItem","@id":"https:\/\/www.worldrally.eu\/index.php\/2022\/01\/05\/78-rajd-polski-z-nowymi-wyzwaniami\/#listItem","position":3,"name":"78 Rajd Polski z nowymi wyzwaniami","previousItem":{"@type":"ListItem","@id":"https:\/\/www.worldrally.eu\/index.php\/category\/erc\/#listItem","name":"ERC"}}]},{"@type":"Organization","@id":"https:\/\/www.worldrally.eu\/#organization","name":"WorldRally.eu","url":"https:\/\/www.worldrally.eu\/","logo":{"@type":"ImageObject","url":"https:\/\/www.worldrally.eu\/wp-content\/uploads\/2026\/01\/cropped-logo-3.png","@id":"https:\/\/www.worldrally.eu\/index.php\/2022\/01\/05\/78-rajd-polski-z-nowymi-wyzwaniami\/#organizationLogo","width":2039,"height":756},"image":{"@id":"https:\/\/www.worldrally.eu\/index.php\/2022\/01\/05\/78-rajd-polski-z-nowymi-wyzwaniami\/#organizationLogo"}},{"@type":"Person","@id":"https:\/\/www.worldrally.eu\/index.php\/author\/magdalena\/#author","url":"https:\/\/www.worldrally.eu\/index.php\/author\/magdalena\/","name":"Magdalena","image":{"@type":"ImageObject","@id":"https:\/\/www.worldrally.eu\/index.php\/2022\/01\/05\/78-rajd-polski-z-nowymi-wyzwaniami\/#authorImage","url":"https:\/\/secure.gravatar.com\/avatar\/853239b46cec38ba30b48d2b091f5538817cc78bdc0944c9ef7408579307e2ea?s=96&d=mm&r=g","width":96,"height":96,"caption":"Magdalena"}},{"@type":"WebPage","@id":"https:\/\/www.worldrally.eu\/index.php\/2022\/01\/05\/78-rajd-polski-z-nowymi-wyzwaniami\/#webpage","url":"https:\/\/www.worldrally.eu\/index.php\/2022\/01\/05\/78-rajd-polski-z-nowymi-wyzwaniami\/","name":"78 Rajd Polski z nowymi wyzwaniami \u00bb WorldRally.eu","description":"Zaplanowana na czwart\u0105 rund\u0119 o\u015bmiowy\u015bcigowego sezonu ERC 2022 w dniach 10-12 czerwca, 78. edycja Rajdu Polski b\u0119dzie przebiega\u0107 na konkurencyjnej trasie, kt\u00f3ra jest a\u017c o 30 procent nowa. \"Rajd Polski to impreza klasyczna, uznana w\u015br\u00f3d zawodnik\u00f3w, widz\u00f3w i przedstawicieli medi\u00f3w \u2013 powiedzia\u0142 prezes Sikora. \u201eWymagaj\u0105ce odcinki specjalne na Pojezierzu Mazurskim zawsze zapewniaj\u0105 spektakularne i emocjonuj\u0105ce","inLanguage":"en-GB","isPartOf":{"@id":"https:\/\/www.worldrally.eu\/#website"},"breadcrumb":{"@id":"https:\/\/www.worldrally.eu\/index.php\/2022\/01\/05\/78-rajd-polski-z-nowymi-wyzwaniami\/#breadcrumblist"},"author":{"@id":"https:\/\/www.worldrally.eu\/index.php\/author\/magdalena\/#author"},"creator":{"@id":"https:\/\/www.worldrally.eu\/index.php\/author\/magdalena\/#author"},"image":{"@type":"ImageObject","url":"https:\/\/www.worldrally.eu\/wp-content\/uploads\/2023\/02\/41.jpg","@id":"https:\/\/www.worldrally.eu\/index.php\/2022\/01\/05\/78-rajd-polski-z-nowymi-wyzwaniami\/#mainImage","width":1620,"height":1080},"primaryImageOfPage":{"@id":"https:\/\/www.worldrally.eu\/index.php\/2022\/01\/05\/78-rajd-polski-z-nowymi-wyzwaniami\/#mainImage"},"datePublished":"2022-01-05T13:33:00+00:00","dateModified":"2023-02-19T13:43:30+00:00"},{"@type":"WebSite","@id":"https:\/\/www.worldrally.eu\/#website","url":"https:\/\/www.worldrally.eu\/","name":"WorldRally.eu","inLanguage":"en-GB","publisher":{"@id":"https:\/\/www.worldrally.eu\/#organization"}}]},"og:locale":"en_GB","og:site_name":"WorldRally.eu \u00bb","og:type":"article","og:title":"78 Rajd Polski z nowymi wyzwaniami \u00bb WorldRally.eu","og:description":"Zaplanowana na czwart\u0105 rund\u0119 o\u015bmiowy\u015bcigowego sezonu ERC 2022 w dniach 10-12 czerwca, 78. edycja Rajdu Polski b\u0119dzie przebiega\u0107 na konkurencyjnej trasie, kt\u00f3ra jest a\u017c o 30 procent nowa. &quot;Rajd Polski to impreza klasyczna, uznana w\u015br\u00f3d zawodnik\u00f3w, widz\u00f3w i przedstawicieli medi\u00f3w \u2013 powiedzia\u0142 prezes Sikora. \u201eWymagaj\u0105ce odcinki specjalne na Pojezierzu Mazurskim zawsze zapewniaj\u0105 spektakularne i emocjonuj\u0105ce","og:url":"https:\/\/www.worldrally.eu\/index.php\/2022\/01\/05\/78-rajd-polski-z-nowymi-wyzwaniami\/","og:image":"https:\/\/www.worldrally.eu\/wp-content\/uploads\/2023\/02\/41.jpg","og:image:secure_url":"https:\/\/www.worldrally.eu\/wp-content\/uploads\/2023\/02\/41.jpg","og:image:width":1620,"og:image:height":1080,"article:published_time":"2022-01-05T13:33:00+00:00","article:modified_time":"2023-02-19T13:43:30+00:00","twitter:card":"summary_large_image","twitter:title":"78 Rajd Polski z nowymi wyzwaniami \u00bb WorldRally.eu","twitter:description":"Zaplanowana na czwart\u0105 rund\u0119 o\u015bmiowy\u015bcigowego sezonu ERC 2022 w dniach 10-12 czerwca, 78. edycja Rajdu Polski b\u0119dzie przebiega\u0107 na konkurencyjnej trasie, kt\u00f3ra jest a\u017c o 30 procent nowa. &quot;Rajd Polski to impreza klasyczna, uznana w\u015br\u00f3d zawodnik\u00f3w, widz\u00f3w i przedstawicieli medi\u00f3w \u2013 powiedzia\u0142 prezes Sikora. \u201eWymagaj\u0105ce odcinki specjalne na Pojezierzu Mazurskim zawsze zapewniaj\u0105 spektakularne i emocjonuj\u0105ce","twitter:image":"https:\/\/www.worldrally.eu\/wp-content\/uploads\/2023\/02\/41.jpg"},"aioseo_meta_data":{"post_id":"374","title":null,"description":null,"keywords":null,"keyphrases":null,"primary_term":null,"canonical_url":null,"og_title":null,"og_description":null,"og_object_type":"default","og_image_type":"default","og_image_url":null,"og_image_width":null,"og_image_height":null,"og_image_custom_url":null,"og_image_custom_fields":null,"og_video":null,"og_custom_url":null,"og_article_section":null,"og_article_tags":null,"twitter_use_og":false,"twitter_card":"default","twitter_image_type":"default","twitter_image_url":null,"twitter_image_custom_url":null,"twitter_image_custom_fields":null,"twitter_title":null,"twitter_description":null,"schema":{"blockGraphs":[],"customGraphs":[],"default":{"data":{"Article":[],"Course":[],"Dataset":[],"FAQPage":[],"Movie":[],"Person":[],"Product":[],"ProductReview":[],"Car":[],"Recipe":[],"Service":[],"SoftwareApplication":[],"WebPage":[]},"graphName":"","isEnabled":true},"graphs":[]},"schema_type":"default","schema_type_options":null,"pillar_content":false,"robots_default":true,"robots_noindex":false,"robots_noarchive":false,"robots_nosnippet":false,"robots_nofollow":false,"robots_noimageindex":false,"robots_noodp":false,"robots_notranslate":false,"robots_max_snippet":null,"robots_max_videopreview":null,"robots_max_imagepreview":"large","priority":null,"frequency":null,"local_seo":null,"breadcrumb_settings":null,"limit_modified_date":false,"ai":null,"created":"2025-03-22 05:47:35","updated":"2025-10-26 08:04:41","seo_analyzer_scan_date":null},"aioseo_breadcrumb":"<div class=\"aioseo-breadcrumbs\"><span class=\"aioseo-breadcrumb\">\n\t\t\t<a href=\"https:\/\/www.worldrally.eu\" title=\"Home\">Home<\/a>\n\t\t<\/span><span class=\"aioseo-breadcrumb-separator\">&raquo;<\/span><span class=\"aioseo-breadcrumb\">\n\t\t\t<a href=\"https:\/\/www.worldrally.eu\/index.php\/category\/erc\/\" title=\"ERC\">ERC<\/a>\n\t\t<\/span><span class=\"aioseo-breadcrumb-separator\">&raquo;<\/span><span class=\"aioseo-breadcrumb\">\n\t\t\t78 Rajd Polski z nowymi wyzwaniami\n\t\t<\/span><\/div>","aioseo_breadcrumb_json":[{"label":"Home","link":"https:\/\/www.worldrally.eu"},{"label":"ERC","link":"https:\/\/www.worldrally.eu\/index.php\/category\/erc\/"},{"label":"78 Rajd Polski z nowymi wyzwaniami","link":"https:\/\/www.worldrally.eu\/index.php\/2022\/01\/05\/78-rajd-polski-z-nowymi-wyzwaniami\/"}],"cc_featured_image_caption":{"caption_text":"Foto- PhotoMS \/ Adam Owczarek","source_text":"","source_url":""},"_links":{"self":[{"href":"https:\/\/www.worldrally.eu\/index.php\/wp-json\/wp\/v2\/posts\/374","targetHints":{"allow":["GET"]}}],"collection":[{"href":"https:\/\/www.worldrally.eu\/index.php\/wp-json\/wp\/v2\/posts"}],"about":[{"href":"https:\/\/www.worldrally.eu\/index.php\/wp-json\/wp\/v2\/types\/post"}],"author":[{"embeddable":true,"href":"https:\/\/www.worldrally.eu\/index.php\/wp-json\/wp\/v2\/users\/2"}],"replies":[{"embeddable":true,"href":"https:\/\/www.worldrally.eu\/index.php\/wp-json\/wp\/v2\/comments?post=374"}],"version-history":[{"count":1,"href":"https:\/\/www.worldrally.eu\/index.php\/wp-json\/wp\/v2\/posts\/374\/revisions"}],"predecessor-version":[{"id":378,"href":"https:\/\/www.worldrally.eu\/index.php\/wp-json\/wp\/v2\/posts\/374\/revisions\/378"}],"wp:featuredmedia":[{"embeddable":true,"href":"https:\/\/www.worldrally.eu\/index.php\/wp-json\/wp\/v2\/media\/375"}],"wp:attachment":[{"href":"https:\/\/www.worldrally.eu\/index.php\/wp-json\/wp\/v2\/media?parent=374"}],"wp:term":[{"taxonomy":"category","embeddable":true,"href":"https:\/\/www.worldrally.eu\/index.php\/wp-json\/wp\/v2\/categories?post=374"},{"taxonomy":"post_tag","embeddable":true,"href":"https:\/\/www.worldrally.eu\/index.php\/wp-json\/wp\/v2\/tags?post=374"}],"curies":[{"name":"wp","href":"https:\/\/api.w.org\/{rel}","templated":true}]}}