{"id":3336,"date":"2025-05-18T16:17:02","date_gmt":"2025-05-18T16:17:02","guid":{"rendered":"https:\/\/www.worldrally.eu\/?p=3336"},"modified":"2025-05-18T16:17:03","modified_gmt":"2025-05-18T16:17:03","slug":"ogier-takes-7th-rally-portugal-win-as-tanak-stunning-comeback","status":"publish","type":"post","link":"https:\/\/www.worldrally.eu\/index.php\/2025\/05\/18\/ogier-takes-7th-rally-portugal-win-as-tanak-stunning-comeback\/","title":{"rendered":"Ogier Takes 7th Rally Portugal Win as T\u00e4nak Stunning Comeback"},"content":{"rendered":"\n<p>The final day of Rally Portugal 2025 brought a fierce fight for the podium. After a heartbreaking mechanical issue on Saturday, Ott T\u00e4nak pushed hard on Sunday, determined to recover lost ground, winning five out of six stages in a heroic effort to reclaim the lead. Though he fell just short of victory, he managed to move back into second place, overtaking Kalle Rovanper\u00e4 and finishing just 8.7 seconds behind the winner. T\u00e4nak also stormed through the Power Stage, securing all 5 bonus points and earning the maximum 10 points available from the day.<\/p>\n\n\n\n<figure class=\"wp-block-image size-large\"><img fetchpriority=\"high\" decoding=\"async\" width=\"1024\" height=\"683\" src=\"https:\/\/www.worldrally.eu\/wp-content\/uploads\/2025\/05\/SI202505180448-1024x683.jpg\" alt=\"\" class=\"wp-image-3339\" srcset=\"https:\/\/www.worldrally.eu\/wp-content\/uploads\/2025\/05\/SI202505180448-1024x683.jpg 1024w, https:\/\/www.worldrally.eu\/wp-content\/uploads\/2025\/05\/SI202505180448-300x200.jpg 300w, https:\/\/www.worldrally.eu\/wp-content\/uploads\/2025\/05\/SI202505180448-768x512.jpg 768w, https:\/\/www.worldrally.eu\/wp-content\/uploads\/2025\/05\/SI202505180448-1536x1024.jpg 1536w, https:\/\/www.worldrally.eu\/wp-content\/uploads\/2025\/05\/SI202505180448-2048x1365.jpg 2048w, https:\/\/www.worldrally.eu\/wp-content\/uploads\/2025\/05\/SI202505180448-446x297.jpg 446w\" sizes=\"(max-width: 1024px) 100vw, 1024px\" \/><figcaption class=\"wp-element-caption\">Sebastien Ogier and Ott T\u00e4nak \/ Photo by Jaanus Ree \/ Red Bull Content Pool <\/figcaption><\/figure>\n\n\n\n<h2 class=\"wp-block-heading\"><strong>Ogier Makes History Again<\/strong><\/h2>\n\n\n\n<p>S\u00e9bastien Ogier held off T\u00e4nak\u2019s late push to secure the overall win, claiming his seventh Rally Portugal victory \u2014 a new record. Earlier in the season, he also made history with a record-breaking 10th win at Rallye Monte-Carlo 2025. At the finish line in Portugal, Ogier was visibly emotional. \u201cIt\u2019s something I can be proud of,\u201d he said. \u201cTo stay competitive after all these years.\u201d<\/p>\n\n\n\n<p>Rovanper\u00e4, who had a good road position but couldn\u2019t find the pace, finished third and admitted it was a tough event. Long and difficult weekend for us. Definitely a big disappointment that we did not have the pace\u201d, he said.<\/p>\n\n\n\n<p>Thierry Neuville finished fourth, also describing the rally as a long and challenging one for him and the Hyundai team.<\/p>\n\n\n\n<p>Takamoto Katsuta played the team game on Sunday. He backed off his pace to stay out of Elfyn Evans\u2019 way, helping Evans in the Sunday points classification. Unfortunately, Katsuta also hit a bedrock in SS23 (Felgueiras), costing him 20 seconds. Luckily, the car wasn\u2019t badly damaged.<\/p>\n\n\n\n<figure class=\"wp-block-image size-large\"><img decoding=\"async\" width=\"1024\" height=\"683\" src=\"https:\/\/www.worldrally.eu\/wp-content\/uploads\/2025\/05\/SI202505180097-1024x683.jpg\" alt=\"\" class=\"wp-image-3341\" srcset=\"https:\/\/www.worldrally.eu\/wp-content\/uploads\/2025\/05\/SI202505180097-1024x683.jpg 1024w, https:\/\/www.worldrally.eu\/wp-content\/uploads\/2025\/05\/SI202505180097-300x200.jpg 300w, https:\/\/www.worldrally.eu\/wp-content\/uploads\/2025\/05\/SI202505180097-768x512.jpg 768w, https:\/\/www.worldrally.eu\/wp-content\/uploads\/2025\/05\/SI202505180097-1536x1024.jpg 1536w, https:\/\/www.worldrally.eu\/wp-content\/uploads\/2025\/05\/SI202505180097-2048x1365.jpg 2048w, https:\/\/www.worldrally.eu\/wp-content\/uploads\/2025\/05\/SI202505180097-446x297.jpg 446w\" sizes=\"(max-width: 1024px) 100vw, 1024px\" \/><figcaption class=\"wp-element-caption\">Takamoto Katsuta and Aaron Johnston \/ Photo by Jaanus Ree \/ Red Bull Content Pool <\/figcaption><\/figure>\n\n\n\n<p>Later, Katsuta went flat out again, even setting up one of the weekend\u2019s most memorable moments with a massive leap over the famous Fafe jump. \u201cThat was quite big!\u201d he said. \u201cI thought we landed in another country!\u201d<\/p>\n\n\n\n<p>Ironically, by going flat out, Katsuta cost Toyota a manufacturer point. Since he wasn\u2019t nominated to score points, his high placement pushed other nominated cars down the ranking.<\/p>\n\n\n\n<p>Evans had a difficult start to the weekend, opening the road on Friday and again being one of the first cars out on Saturday. But on Sunday, he adjusted his driving style and passed his teammate Sami Pajari in SS22 (Paredes) to finish sixth overall.<\/p>\n\n\n\n<p>The M-Sport Ford team struggled to match the pace of the frontrunners. Josh McErlean came eighth, over 2 minutes behind Pajari, while Gr\u00e9goire Munster placed ninth. M\u0101rti\u0146\u0161 Sesks, affected by a puncture on Friday and a penalty for a start procedure error on Saturday, finished 15th overall, behind several WRC2 cars.<\/p>\n\n\n\n<p>It was a disappointing end for Adrien Fourmaux, who had to retire before the final stage due to overheating \u2014 a tough break after a strong start to his season.<\/p>\n\n\n\n<h2 class=\"wp-block-heading\"><strong>WRC2 Victory at Last for Solberg<\/strong><\/h2>\n\n\n\n<figure class=\"wp-block-image size-large\"><img decoding=\"async\" width=\"1024\" height=\"683\" src=\"https:\/\/www.worldrally.eu\/wp-content\/uploads\/2025\/05\/498022488_1017010620411228_1175843535992241324_n-1024x683.jpg\" alt=\"\" class=\"wp-image-3340\" srcset=\"https:\/\/www.worldrally.eu\/wp-content\/uploads\/2025\/05\/498022488_1017010620411228_1175843535992241324_n-1024x683.jpg 1024w, https:\/\/www.worldrally.eu\/wp-content\/uploads\/2025\/05\/498022488_1017010620411228_1175843535992241324_n-300x200.jpg 300w, https:\/\/www.worldrally.eu\/wp-content\/uploads\/2025\/05\/498022488_1017010620411228_1175843535992241324_n-768x512.jpg 768w, https:\/\/www.worldrally.eu\/wp-content\/uploads\/2025\/05\/498022488_1017010620411228_1175843535992241324_n-1536x1024.jpg 1536w, https:\/\/www.worldrally.eu\/wp-content\/uploads\/2025\/05\/498022488_1017010620411228_1175843535992241324_n-446x297.jpg 446w, https:\/\/www.worldrally.eu\/wp-content\/uploads\/2025\/05\/498022488_1017010620411228_1175843535992241324_n.jpg 2048w\" sizes=\"(max-width: 1024px) 100vw, 1024px\" \/><figcaption class=\"wp-element-caption\">Oliver Solberg and Elliott Edmondson \/ Photo by Photoms Media Agency<\/figcaption><\/figure>\n\n\n\n<p>After narrow losses in 2023 and 2024, Oliver Solberg finally won Rally Portugal in the WRC2 category. Despite a spin on Friday\u2019s SS6 (Lous\u00e3) that cost him 16 seconds, he stayed focused and made no big mistakes, he was finally able put past disappointments behind him.<\/p>\n\n\n\n<p>The fight for second was close between Yohan Rossel and Gus Greensmith. However, Greensmith chose to carry two spare wheels for safety on Sunday, and the extra weight upset the balance of his Skoda. He finished third, 16.4 seconds behind Rossel. \u201cA bad tire call didn\u2019t help our cause,\u201d said Greensmith. \u201cBut first and third is a good start to the season.\u201d<\/p>\n\n\n\n<h2 class=\"wp-block-heading\"><strong>Final Overall Standings <\/strong><\/h2>\n\n\n\n<p>\ud83e\udd47 S\u00e9bastien Ogier &amp; Vincent Landais \u2013 3:48:35.9<br>\ud83e\udd48 Ott T\u00e4nak &amp; Martin J\u00e4rveoja \u2013 +8.7<br>\ud83e\udd49 Kalle Rovanper\u00e4 &amp; Jonne Halttunen \u2013 +12.2<\/p>\n\n\n\n<h2 class=\"wp-block-heading\"><strong>Final WRC2 Standings <\/strong><\/h2>\n\n\n\n<p>\ud83e\udd47 Oliver Solberg &amp; Elliott Edmondson \u2013 3:57:51.0<br>\ud83e\udd48 Yohan Rossel &amp; Arnaud Dunand \u2013 +51.8<br>\ud83e\udd49 Gus Greensmith &amp; Jonas Andersson \u2013 +1:08.2<\/p>\n\n\n\n<h2 class=\"wp-block-heading\">Overall Championship Standings after Rally Portugal (rd.5)<\/h2>\n\n\n\n<figure class=\"wp-block-image size-large\"><img loading=\"lazy\" decoding=\"async\" width=\"830\" height=\"1024\" src=\"https:\/\/www.worldrally.eu\/wp-content\/uploads\/2025\/05\/Captura-de-pantalla-2025-05-18-165930-830x1024.png\" alt=\"\" class=\"wp-image-3337\" srcset=\"https:\/\/www.worldrally.eu\/wp-content\/uploads\/2025\/05\/Captura-de-pantalla-2025-05-18-165930-830x1024.png 830w, https:\/\/www.worldrally.eu\/wp-content\/uploads\/2025\/05\/Captura-de-pantalla-2025-05-18-165930-243x300.png 243w, https:\/\/www.worldrally.eu\/wp-content\/uploads\/2025\/05\/Captura-de-pantalla-2025-05-18-165930-768x947.png 768w, https:\/\/www.worldrally.eu\/wp-content\/uploads\/2025\/05\/Captura-de-pantalla-2025-05-18-165930-1024x1263.png 1024w, https:\/\/www.worldrally.eu\/wp-content\/uploads\/2025\/05\/Captura-de-pantalla-2025-05-18-165930.png 1151w\" sizes=\"(max-width: 830px) 100vw, 830px\" \/><\/figure>\n\n\n\n<ul class=\"wp-block-social-links is-layout-flex wp-block-social-links-is-layout-flex\"><li class=\"wp-social-link wp-social-link-facebook  wp-block-social-link\"><a href=\"https:\/\/www.facebook.com\/worldrally.eu\/\" class=\"wp-block-social-link-anchor\"><svg width=\"24\" height=\"24\" viewBox=\"0 0 24 24\" version=\"1.1\" xmlns=\"http:\/\/www.w3.org\/2000\/svg\" aria-hidden=\"true\" focusable=\"false\"><path d=\"M12 2C6.5 2 2 6.5 2 12c0 5 3.7 9.1 8.4 9.9v-7H7.9V12h2.5V9.8c0-2.5 1.5-3.9 3.8-3.9 1.1 0 2.2.2 2.2.2v2.5h-1.3c-1.2 0-1.6.8-1.6 1.6V12h2.8l-.4 2.9h-2.3v7C18.3 21.1 22 17 22 12c0-5.5-4.5-10-10-10z\"><\/path><\/svg><span class=\"wp-block-social-link-label screen-reader-text\">Facebook<\/span><\/a><\/li>\n\n<li class=\"wp-social-link wp-social-link-instagram  wp-block-social-link\"><a href=\"https:\/\/www.instagram.com\/world_rallyeu\/?igsh=OTN0eWh5aDFwdnY2#\" class=\"wp-block-social-link-anchor\"><svg width=\"24\" height=\"24\" viewBox=\"0 0 24 24\" version=\"1.1\" xmlns=\"http:\/\/www.w3.org\/2000\/svg\" aria-hidden=\"true\" focusable=\"false\"><path d=\"M12,4.622c2.403,0,2.688,0.009,3.637,0.052c0.877,0.04,1.354,0.187,1.671,0.31c0.42,0.163,0.72,0.358,1.035,0.673 c0.315,0.315,0.51,0.615,0.673,1.035c0.123,0.317,0.27,0.794,0.31,1.671c0.043,0.949,0.052,1.234,0.052,3.637 s-0.009,2.688-0.052,3.637c-0.04,0.877-0.187,1.354-0.31,1.671c-0.163,0.42-0.358,0.72-0.673,1.035 c-0.315,0.315-0.615,0.51-1.035,0.673c-0.317,0.123-0.794,0.27-1.671,0.31c-0.949,0.043-1.233,0.052-3.637,0.052 s-2.688-0.009-3.637-0.052c-0.877-0.04-1.354-0.187-1.671-0.31c-0.42-0.163-0.72-0.358-1.035-0.673 c-0.315-0.315-0.51-0.615-0.673-1.035c-0.123-0.317-0.27-0.794-0.31-1.671C4.631,14.688,4.622,14.403,4.622,12 s0.009-2.688,0.052-3.637c0.04-0.877,0.187-1.354,0.31-1.671c0.163-0.42,0.358-0.72,0.673-1.035 c0.315-0.315,0.615-0.51,1.035-0.673c0.317-0.123,0.794-0.27,1.671-0.31C9.312,4.631,9.597,4.622,12,4.622 M12,3 C9.556,3,9.249,3.01,8.289,3.054C7.331,3.098,6.677,3.25,6.105,3.472C5.513,3.702,5.011,4.01,4.511,4.511 c-0.5,0.5-0.808,1.002-1.038,1.594C3.25,6.677,3.098,7.331,3.054,8.289C3.01,9.249,3,9.556,3,12c0,2.444,0.01,2.751,0.054,3.711 c0.044,0.958,0.196,1.612,0.418,2.185c0.23,0.592,0.538,1.094,1.038,1.594c0.5,0.5,1.002,0.808,1.594,1.038 c0.572,0.222,1.227,0.375,2.185,0.418C9.249,20.99,9.556,21,12,21s2.751-0.01,3.711-0.054c0.958-0.044,1.612-0.196,2.185-0.418 c0.592-0.23,1.094-0.538,1.594-1.038c0.5-0.5,0.808-1.002,1.038-1.594c0.222-0.572,0.375-1.227,0.418-2.185 C20.99,14.751,21,14.444,21,12s-0.01-2.751-0.054-3.711c-0.044-0.958-0.196-1.612-0.418-2.185c-0.23-0.592-0.538-1.094-1.038-1.594 c-0.5-0.5-1.002-0.808-1.594-1.038c-0.572-0.222-1.227-0.375-2.185-0.418C14.751,3.01,14.444,3,12,3L12,3z M12,7.378 c-2.552,0-4.622,2.069-4.622,4.622S9.448,16.622,12,16.622s4.622-2.069,4.622-4.622S14.552,7.378,12,7.378z M12,15 c-1.657,0-3-1.343-3-3s1.343-3,3-3s3,1.343,3,3S13.657,15,12,15z M16.804,6.116c-0.596,0-1.08,0.484-1.08,1.08 s0.484,1.08,1.08,1.08c0.596,0,1.08-0.484,1.08-1.08S17.401,6.116,16.804,6.116z\"><\/path><\/svg><span class=\"wp-block-social-link-label screen-reader-text\">Instagram<\/span><\/a><\/li><\/ul>\n","protected":false},"excerpt":{"rendered":"<p>The final day of Rally Portugal 2025 brought a fierce fight for the podium. After a heartbreaking mechanical issue on Saturday, Ott T\u00e4nak pushed hard on Sunday, determined to recover lost ground, winning five out of six stages in a heroic effort to reclaim the lead. Though he fell just short of victory, he managed [&hellip;]<\/p>\n","protected":false},"author":6,"featured_media":3338,"comment_status":"closed","ping_status":"closed","sticky":false,"template":"","format":"standard","meta":{"footnotes":""},"categories":[3],"tags":[24,5],"class_list":["post-3336","post","type-post","status-publish","format-standard","has-post-thumbnail","hentry","category-wrc","tag-portugal","tag-wrc"],"aioseo_notices":[],"cc_featured_image_caption":{"caption_text":"Photo: Photoms Media Agency","source_text":"","source_url":""},"_links":{"self":[{"href":"https:\/\/www.worldrally.eu\/index.php\/wp-json\/wp\/v2\/posts\/3336","targetHints":{"allow":["GET"]}}],"collection":[{"href":"https:\/\/www.worldrally.eu\/index.php\/wp-json\/wp\/v2\/posts"}],"about":[{"href":"https:\/\/www.worldrally.eu\/index.php\/wp-json\/wp\/v2\/types\/post"}],"author":[{"embeddable":true,"href":"https:\/\/www.worldrally.eu\/index.php\/wp-json\/wp\/v2\/users\/6"}],"replies":[{"embeddable":true,"href":"https:\/\/www.worldrally.eu\/index.php\/wp-json\/wp\/v2\/comments?post=3336"}],"version-history":[{"count":1,"href":"https:\/\/www.worldrally.eu\/index.php\/wp-json\/wp\/v2\/posts\/3336\/revisions"}],"predecessor-version":[{"id":3342,"href":"https:\/\/www.worldrally.eu\/index.php\/wp-json\/wp\/v2\/posts\/3336\/revisions\/3342"}],"wp:featuredmedia":[{"embeddable":true,"href":"https:\/\/www.worldrally.eu\/index.php\/wp-json\/wp\/v2\/media\/3338"}],"wp:attachment":[{"href":"https:\/\/www.worldrally.eu\/index.php\/wp-json\/wp\/v2\/media?parent=3336"}],"wp:term":[{"taxonomy":"category","embeddable":true,"href":"https:\/\/www.worldrally.eu\/index.php\/wp-json\/wp\/v2\/categories?post=3336"},{"taxonomy":"post_tag","embeddable":true,"href":"https:\/\/www.worldrally.eu\/index.php\/wp-json\/wp\/v2\/tags?post=3336"}],"curies":[{"name":"wp","href":"https:\/\/api.w.org\/{rel}","templated":true}]}}