{"id":3222,"date":"2025-04-03T22:17:05","date_gmt":"2025-04-03T22:17:05","guid":{"rendered":"https:\/\/www.worldrally.eu\/?p=3222"},"modified":"2026-01-12T17:19:30","modified_gmt":"2026-01-12T17:19:30","slug":"thrilling-rally-sierra-morena-roars-to-life-in-cordoba","status":"publish","type":"post","link":"https:\/\/www.worldrally.eu\/index.php\/2025\/04\/03\/thrilling-rally-sierra-morena-roars-to-life-in-cordoba\/","title":{"rendered":"Thrilling Rally Sierra Morena Roars to Life in C\u00f3rdoba"},"content":{"rendered":"\n<p class=\"wp-block-paragraph\">The Rally Sierra Morena has officially begun in C\u00f3rdoba, returning to the European Rally Championship (ERC) after 35 years. The event, running from 3rd to 6th April 2025, is also the second round of the Spanish Super Rally Championship (SCER).<\/p>\n\n\n\n<figure class=\"wp-block-image size-large\"><img fetchpriority=\"high\" decoding=\"async\" width=\"1024\" height=\"676\" src=\"https:\/\/www.worldrally.eu\/wp-content\/uploads\/2025\/04\/2-1024x676.jpg\" alt=\"\" class=\"wp-image-3225\" srcset=\"https:\/\/www.worldrally.eu\/wp-content\/uploads\/2025\/04\/2-1024x676.jpg 1024w, https:\/\/www.worldrally.eu\/wp-content\/uploads\/2025\/04\/2-300x198.jpg 300w, https:\/\/www.worldrally.eu\/wp-content\/uploads\/2025\/04\/2-768x507.jpg 768w, https:\/\/www.worldrally.eu\/wp-content\/uploads\/2025\/04\/2-1536x1013.jpg 1536w, https:\/\/www.worldrally.eu\/wp-content\/uploads\/2025\/04\/2-2048x1351.jpg 2048w\" sizes=\"(max-width: 1024px) 100vw, 1024px\" \/><figcaption class=\"wp-element-caption\">Photo by Goretti @wordrally.eu<\/figcaption><\/figure>\n\n\n\n<p class=\"wp-block-paragraph\">This year\u2019s rally has attracted around 120 teams in the SCER and 82 in the ERC. Notable participants include World Rally Championship (WRC) figures such as Belgium&#8217;s Thierry Neuville and the Welsh&#8217;s Elfyn Evans. Spanish talents, including former ERC champion Efr\u00e9n Llarena and Alejandro Cach\u00f3n, are also taking part. Cach\u00f3n\u2019s participation was unexpected, as he replaced Iv\u00e1n Ares at the last minute.<\/p>\n\n\n\n<p class=\"wp-block-paragraph\">The race covers 209 kilometres across 13 stages over three days. One of the most exciting moments will be the night-time urban stage at Paseo de La Victoria, right in the heart of C\u00f3rdoba.<\/p>\n\n\n\n<figure class=\"wp-block-image size-large\"><img decoding=\"async\" width=\"1024\" height=\"681\" src=\"https:\/\/www.worldrally.eu\/wp-content\/uploads\/2025\/04\/3-1024x681.jpg\" alt=\"\" class=\"wp-image-3226\" srcset=\"https:\/\/www.worldrally.eu\/wp-content\/uploads\/2025\/04\/3-1024x681.jpg 1024w, https:\/\/www.worldrally.eu\/wp-content\/uploads\/2025\/04\/3-300x200.jpg 300w, https:\/\/www.worldrally.eu\/wp-content\/uploads\/2025\/04\/3-768x511.jpg 768w, https:\/\/www.worldrally.eu\/wp-content\/uploads\/2025\/04\/3-1536x1022.jpg 1536w, https:\/\/www.worldrally.eu\/wp-content\/uploads\/2025\/04\/3-2048x1363.jpg 2048w, https:\/\/www.worldrally.eu\/wp-content\/uploads\/2025\/04\/3-446x297.jpg 446w\" sizes=\"(max-width: 1024px) 100vw, 1024px\" \/><figcaption class=\"wp-element-caption\">Photo by Goretti @wordrally.eu<\/figcaption><\/figure>\n\n\n\n<p class=\"wp-block-paragraph\">This year\u2019s Rally Sierra Morena is a major highlight for motorsport fans, bringing top drivers and thrilling action to C\u00f3rdoba. With its mix of challenging roads and city stages, it promises to be an unforgettable event.<\/p>\n\n\n\n<ul class=\"wp-block-social-links is-layout-flex wp-block-social-links-is-layout-flex\"><li class=\"wp-social-link wp-social-link-facebook wp-block-social-link\"><a href=\"https:\/\/www.facebook.com\/worldrally.eu\/\" class=\"wp-block-social-link-anchor\"><svg width=\"24\" height=\"24\" viewBox=\"0 0 24 24\" version=\"1.1\" xmlns=\"http:\/\/www.w3.org\/2000\/svg\" aria-hidden=\"true\" focusable=\"false\"><path d=\"M12 2C6.5 2 2 6.5 2 12c0 5 3.7 9.1 8.4 9.9v-7H7.9V12h2.5V9.8c0-2.5 1.5-3.9 3.8-3.9 1.1 0 2.2.2 2.2.2v2.5h-1.3c-1.2 0-1.6.8-1.6 1.6V12h2.8l-.4 2.9h-2.3v7C18.3 21.1 22 17 22 12c0-5.5-4.5-10-10-10z\"><\/path><\/svg><span class=\"wp-block-social-link-label screen-reader-text\">Facebook<\/span><\/a><\/li>\n\n<li class=\"wp-social-link wp-social-link-instagram wp-block-social-link\"><a href=\"https:\/\/www.instagram.com\/world_rallyeu?igsh=OTN0eWh5aDFwdnY2\" class=\"wp-block-social-link-anchor\"><svg width=\"24\" height=\"24\" viewBox=\"0 0 24 24\" version=\"1.1\" xmlns=\"http:\/\/www.w3.org\/2000\/svg\" aria-hidden=\"true\" focusable=\"false\"><path d=\"M12,4.622c2.403,0,2.688,0.009,3.637,0.052c0.877,0.04,1.354,0.187,1.671,0.31c0.42,0.163,0.72,0.358,1.035,0.673 c0.315,0.315,0.51,0.615,0.673,1.035c0.123,0.317,0.27,0.794,0.31,1.671c0.043,0.949,0.052,1.234,0.052,3.637 s-0.009,2.688-0.052,3.637c-0.04,0.877-0.187,1.354-0.31,1.671c-0.163,0.42-0.358,0.72-0.673,1.035 c-0.315,0.315-0.615,0.51-1.035,0.673c-0.317,0.123-0.794,0.27-1.671,0.31c-0.949,0.043-1.233,0.052-3.637,0.052 s-2.688-0.009-3.637-0.052c-0.877-0.04-1.354-0.187-1.671-0.31c-0.42-0.163-0.72-0.358-1.035-0.673 c-0.315-0.315-0.51-0.615-0.673-1.035c-0.123-0.317-0.27-0.794-0.31-1.671C4.631,14.688,4.622,14.403,4.622,12 s0.009-2.688,0.052-3.637c0.04-0.877,0.187-1.354,0.31-1.671c0.163-0.42,0.358-0.72,0.673-1.035 c0.315-0.315,0.615-0.51,1.035-0.673c0.317-0.123,0.794-0.27,1.671-0.31C9.312,4.631,9.597,4.622,12,4.622 M12,3 C9.556,3,9.249,3.01,8.289,3.054C7.331,3.098,6.677,3.25,6.105,3.472C5.513,3.702,5.011,4.01,4.511,4.511 c-0.5,0.5-0.808,1.002-1.038,1.594C3.25,6.677,3.098,7.331,3.054,8.289C3.01,9.249,3,9.556,3,12c0,2.444,0.01,2.751,0.054,3.711 c0.044,0.958,0.196,1.612,0.418,2.185c0.23,0.592,0.538,1.094,1.038,1.594c0.5,0.5,1.002,0.808,1.594,1.038 c0.572,0.222,1.227,0.375,2.185,0.418C9.249,20.99,9.556,21,12,21s2.751-0.01,3.711-0.054c0.958-0.044,1.612-0.196,2.185-0.418 c0.592-0.23,1.094-0.538,1.594-1.038c0.5-0.5,0.808-1.002,1.038-1.594c0.222-0.572,0.375-1.227,0.418-2.185 C20.99,14.751,21,14.444,21,12s-0.01-2.751-0.054-3.711c-0.044-0.958-0.196-1.612-0.418-2.185c-0.23-0.592-0.538-1.094-1.038-1.594 c-0.5-0.5-1.002-0.808-1.594-1.038c-0.572-0.222-1.227-0.375-2.185-0.418C14.751,3.01,14.444,3,12,3L12,3z M12,7.378 c-2.552,0-4.622,2.069-4.622,4.622S9.448,16.622,12,16.622s4.622-2.069,4.622-4.622S14.552,7.378,12,7.378z M12,15 c-1.657,0-3-1.343-3-3s1.343-3,3-3s3,1.343,3,3S13.657,15,12,15z M16.804,6.116c-0.596,0-1.08,0.484-1.08,1.08 s0.484,1.08,1.08,1.08c0.596,0,1.08-0.484,1.08-1.08S17.401,6.116,16.804,6.116z\"><\/path><\/svg><span class=\"wp-block-social-link-label screen-reader-text\">Instagram<\/span><\/a><\/li><\/ul>\n","protected":false},"excerpt":{"rendered":"<p>The Rally Sierra Morena has officially begun in C\u00f3rdoba, returning to the European Rally Championship (ERC) after 35 years. The event, running from 3rd to 6th April 2025, is also the second round of the Spanish Super Rally Championship (SCER). This year\u2019s rally has attracted around 120 teams in the SCER and 82 in the [&hellip;]<\/p>\n","protected":false},"author":6,"featured_media":3224,"comment_status":"closed","ping_status":"closed","sticky":false,"template":"","format":"standard","meta":{"_monsterinsights_skip_tracking":false,"_monsterinsights_sitenote_active":false,"_monsterinsights_sitenote_note":"","_monsterinsights_sitenote_category":0,"footnotes":""},"categories":[4],"tags":[17,18],"class_list":["post-3222","post","type-post","status-publish","format-standard","has-post-thumbnail","hentry","category-erc","tag-erc","tag-sierra-morena"],"aioseo_notices":[],"aioseo_head":"\n\t\t<!-- All in One SEO 4.9.9 - aioseo.com -->\n\t<meta name=\"description\" content=\"The Rally Sierra Morena has officially begun in C\u00f3rdoba, returning to the European Rally Championship (ERC) after 35 years. The event, running from 3rd to 6th April 2025, is also the second round of the Spanish Super Rally Championship (SCER). This year\u2019s rally has attracted around 120 teams in the SCER and 82 in the\" \/>\n\t<meta name=\"robots\" content=\"max-image-preview:large\" \/>\n\t<meta name=\"author\" content=\"Goretti\"\/>\n\t<link rel=\"canonical\" href=\"https:\/\/www.worldrally.eu\/index.php\/2025\/04\/03\/thrilling-rally-sierra-morena-roars-to-life-in-cordoba\/\" \/>\n\t<meta name=\"generator\" content=\"All in One SEO (AIOSEO) 4.9.9\" \/>\n\t\t<meta property=\"og:locale\" content=\"en_GB\" \/>\n\t\t<meta property=\"og:site_name\" content=\"WorldRally.eu \u00bb\" \/>\n\t\t<meta property=\"og:type\" content=\"article\" \/>\n\t\t<meta property=\"og:title\" content=\"Thrilling Rally Sierra Morena Roars to Life in C\u00f3rdoba \u00bb WorldRally.eu\" \/>\n\t\t<meta property=\"og:description\" content=\"The Rally Sierra Morena has officially begun in C\u00f3rdoba, returning to the European Rally Championship (ERC) after 35 years. The event, running from 3rd to 6th April 2025, is also the second round of the Spanish Super Rally Championship (SCER). This year\u2019s rally has attracted around 120 teams in the SCER and 82 in the\" \/>\n\t\t<meta property=\"og:url\" content=\"https:\/\/www.worldrally.eu\/index.php\/2025\/04\/03\/thrilling-rally-sierra-morena-roars-to-life-in-cordoba\/\" \/>\n\t\t<meta property=\"og:image\" content=\"https:\/\/www.worldrally.eu\/wp-content\/uploads\/2025\/04\/1-scaled.jpg\" \/>\n\t\t<meta property=\"og:image:secure_url\" content=\"https:\/\/www.worldrally.eu\/wp-content\/uploads\/2025\/04\/1-scaled.jpg\" \/>\n\t\t<meta property=\"og:image:width\" content=\"2560\" \/>\n\t\t<meta property=\"og:image:height\" content=\"1694\" \/>\n\t\t<meta property=\"article:published_time\" content=\"2025-04-03T22:17:05+00:00\" \/>\n\t\t<meta property=\"article:modified_time\" content=\"2026-01-12T17:19:30+00:00\" \/>\n\t\t<meta name=\"twitter:card\" content=\"summary_large_image\" \/>\n\t\t<meta name=\"twitter:title\" content=\"Thrilling Rally Sierra Morena Roars to Life in C\u00f3rdoba \u00bb WorldRally.eu\" \/>\n\t\t<meta name=\"twitter:description\" content=\"The Rally Sierra Morena has officially begun in C\u00f3rdoba, returning to the European Rally Championship (ERC) after 35 years. The event, running from 3rd to 6th April 2025, is also the second round of the Spanish Super Rally Championship (SCER). This year\u2019s rally has attracted around 120 teams in the SCER and 82 in the\" \/>\n\t\t<meta name=\"twitter:image\" content=\"https:\/\/www.worldrally.eu\/wp-content\/uploads\/2025\/04\/1-scaled.jpg\" \/>\n\t\t<script type=\"application\/ld+json\" class=\"aioseo-schema\">\n\t\t\t{\"@context\":\"https:\\\/\\\/schema.org\",\"@graph\":[{\"@type\":\"BlogPosting\",\"@id\":\"https:\\\/\\\/www.worldrally.eu\\\/index.php\\\/2025\\\/04\\\/03\\\/thrilling-rally-sierra-morena-roars-to-life-in-cordoba\\\/#blogposting\",\"name\":\"Thrilling Rally Sierra Morena Roars to Life in C\\u00f3rdoba \\u00bb WorldRally.eu\",\"headline\":\"Thrilling Rally Sierra Morena Roars to Life in C\\u00f3rdoba\",\"author\":{\"@id\":\"https:\\\/\\\/www.worldrally.eu\\\/index.php\\\/author\\\/goretti\\\/#author\"},\"publisher\":{\"@id\":\"https:\\\/\\\/www.worldrally.eu\\\/#organization\"},\"image\":{\"@type\":\"ImageObject\",\"url\":\"https:\\\/\\\/www.worldrally.eu\\\/wp-content\\\/uploads\\\/2025\\\/04\\\/1-scaled.jpg\",\"width\":2560,\"height\":1694},\"datePublished\":\"2025-04-03T22:17:05+00:00\",\"dateModified\":\"2026-01-12T17:19:30+00:00\",\"inLanguage\":\"en-GB\",\"mainEntityOfPage\":{\"@id\":\"https:\\\/\\\/www.worldrally.eu\\\/index.php\\\/2025\\\/04\\\/03\\\/thrilling-rally-sierra-morena-roars-to-life-in-cordoba\\\/#webpage\"},\"isPartOf\":{\"@id\":\"https:\\\/\\\/www.worldrally.eu\\\/index.php\\\/2025\\\/04\\\/03\\\/thrilling-rally-sierra-morena-roars-to-life-in-cordoba\\\/#webpage\"},\"articleSection\":\"ERC, ERC, Sierra Morena\"},{\"@type\":\"BreadcrumbList\",\"@id\":\"https:\\\/\\\/www.worldrally.eu\\\/index.php\\\/2025\\\/04\\\/03\\\/thrilling-rally-sierra-morena-roars-to-life-in-cordoba\\\/#breadcrumblist\",\"itemListElement\":[{\"@type\":\"ListItem\",\"@id\":\"https:\\\/\\\/www.worldrally.eu#listItem\",\"position\":1,\"name\":\"Home\",\"item\":\"https:\\\/\\\/www.worldrally.eu\",\"nextItem\":{\"@type\":\"ListItem\",\"@id\":\"https:\\\/\\\/www.worldrally.eu\\\/index.php\\\/category\\\/erc\\\/#listItem\",\"name\":\"ERC\"}},{\"@type\":\"ListItem\",\"@id\":\"https:\\\/\\\/www.worldrally.eu\\\/index.php\\\/category\\\/erc\\\/#listItem\",\"position\":2,\"name\":\"ERC\",\"item\":\"https:\\\/\\\/www.worldrally.eu\\\/index.php\\\/category\\\/erc\\\/\",\"nextItem\":{\"@type\":\"ListItem\",\"@id\":\"https:\\\/\\\/www.worldrally.eu\\\/index.php\\\/2025\\\/04\\\/03\\\/thrilling-rally-sierra-morena-roars-to-life-in-cordoba\\\/#listItem\",\"name\":\"Thrilling Rally Sierra Morena Roars to Life in C\\u00f3rdoba\"},\"previousItem\":{\"@type\":\"ListItem\",\"@id\":\"https:\\\/\\\/www.worldrally.eu#listItem\",\"name\":\"Home\"}},{\"@type\":\"ListItem\",\"@id\":\"https:\\\/\\\/www.worldrally.eu\\\/index.php\\\/2025\\\/04\\\/03\\\/thrilling-rally-sierra-morena-roars-to-life-in-cordoba\\\/#listItem\",\"position\":3,\"name\":\"Thrilling Rally Sierra Morena Roars to Life in C\\u00f3rdoba\",\"previousItem\":{\"@type\":\"ListItem\",\"@id\":\"https:\\\/\\\/www.worldrally.eu\\\/index.php\\\/category\\\/erc\\\/#listItem\",\"name\":\"ERC\"}}]},{\"@type\":\"Organization\",\"@id\":\"https:\\\/\\\/www.worldrally.eu\\\/#organization\",\"name\":\"WorldRally.eu\",\"url\":\"https:\\\/\\\/www.worldrally.eu\\\/\",\"logo\":{\"@type\":\"ImageObject\",\"url\":\"https:\\\/\\\/www.worldrally.eu\\\/wp-content\\\/uploads\\\/2026\\\/01\\\/cropped-logo-3.png\",\"@id\":\"https:\\\/\\\/www.worldrally.eu\\\/index.php\\\/2025\\\/04\\\/03\\\/thrilling-rally-sierra-morena-roars-to-life-in-cordoba\\\/#organizationLogo\",\"width\":2039,\"height\":756},\"image\":{\"@id\":\"https:\\\/\\\/www.worldrally.eu\\\/index.php\\\/2025\\\/04\\\/03\\\/thrilling-rally-sierra-morena-roars-to-life-in-cordoba\\\/#organizationLogo\"}},{\"@type\":\"Person\",\"@id\":\"https:\\\/\\\/www.worldrally.eu\\\/index.php\\\/author\\\/goretti\\\/#author\",\"url\":\"https:\\\/\\\/www.worldrally.eu\\\/index.php\\\/author\\\/goretti\\\/\",\"name\":\"Goretti\",\"image\":{\"@type\":\"ImageObject\",\"@id\":\"https:\\\/\\\/www.worldrally.eu\\\/index.php\\\/2025\\\/04\\\/03\\\/thrilling-rally-sierra-morena-roars-to-life-in-cordoba\\\/#authorImage\",\"url\":\"https:\\\/\\\/secure.gravatar.com\\\/avatar\\\/45d12f7f03b68acc1120039e4b2ba669f40c823db729f44e77f7f624ad325316?s=96&d=mm&r=g\",\"width\":96,\"height\":96,\"caption\":\"Goretti\"}},{\"@type\":\"WebPage\",\"@id\":\"https:\\\/\\\/www.worldrally.eu\\\/index.php\\\/2025\\\/04\\\/03\\\/thrilling-rally-sierra-morena-roars-to-life-in-cordoba\\\/#webpage\",\"url\":\"https:\\\/\\\/www.worldrally.eu\\\/index.php\\\/2025\\\/04\\\/03\\\/thrilling-rally-sierra-morena-roars-to-life-in-cordoba\\\/\",\"name\":\"Thrilling Rally Sierra Morena Roars to Life in C\\u00f3rdoba \\u00bb WorldRally.eu\",\"description\":\"The Rally Sierra Morena has officially begun in C\\u00f3rdoba, returning to the European Rally Championship (ERC) after 35 years. The event, running from 3rd to 6th April 2025, is also the second round of the Spanish Super Rally Championship (SCER). This year\\u2019s rally has attracted around 120 teams in the SCER and 82 in the\",\"inLanguage\":\"en-GB\",\"isPartOf\":{\"@id\":\"https:\\\/\\\/www.worldrally.eu\\\/#website\"},\"breadcrumb\":{\"@id\":\"https:\\\/\\\/www.worldrally.eu\\\/index.php\\\/2025\\\/04\\\/03\\\/thrilling-rally-sierra-morena-roars-to-life-in-cordoba\\\/#breadcrumblist\"},\"author\":{\"@id\":\"https:\\\/\\\/www.worldrally.eu\\\/index.php\\\/author\\\/goretti\\\/#author\"},\"creator\":{\"@id\":\"https:\\\/\\\/www.worldrally.eu\\\/index.php\\\/author\\\/goretti\\\/#author\"},\"image\":{\"@type\":\"ImageObject\",\"url\":\"https:\\\/\\\/www.worldrally.eu\\\/wp-content\\\/uploads\\\/2025\\\/04\\\/1-scaled.jpg\",\"@id\":\"https:\\\/\\\/www.worldrally.eu\\\/index.php\\\/2025\\\/04\\\/03\\\/thrilling-rally-sierra-morena-roars-to-life-in-cordoba\\\/#mainImage\",\"width\":2560,\"height\":1694},\"primaryImageOfPage\":{\"@id\":\"https:\\\/\\\/www.worldrally.eu\\\/index.php\\\/2025\\\/04\\\/03\\\/thrilling-rally-sierra-morena-roars-to-life-in-cordoba\\\/#mainImage\"},\"datePublished\":\"2025-04-03T22:17:05+00:00\",\"dateModified\":\"2026-01-12T17:19:30+00:00\"},{\"@type\":\"WebSite\",\"@id\":\"https:\\\/\\\/www.worldrally.eu\\\/#website\",\"url\":\"https:\\\/\\\/www.worldrally.eu\\\/\",\"name\":\"WorldRally.eu\",\"inLanguage\":\"en-GB\",\"publisher\":{\"@id\":\"https:\\\/\\\/www.worldrally.eu\\\/#organization\"}}]}\n\t\t<\/script>\n\t\t<!-- All in One SEO -->\n\n","aioseo_head_json":{"title":"Thrilling Rally Sierra Morena Roars to Life in C\u00f3rdoba \u00bb WorldRally.eu","description":"The Rally Sierra Morena has officially begun in C\u00f3rdoba, returning to the European Rally Championship (ERC) after 35 years. The event, running from 3rd to 6th April 2025, is also the second round of the Spanish Super Rally Championship (SCER). This year\u2019s rally has attracted around 120 teams in the SCER and 82 in the","canonical_url":"https:\/\/www.worldrally.eu\/index.php\/2025\/04\/03\/thrilling-rally-sierra-morena-roars-to-life-in-cordoba\/","robots":"max-image-preview:large","keywords":"","webmasterTools":{"miscellaneous":""},"schema":{"@context":"https:\/\/schema.org","@graph":[{"@type":"BlogPosting","@id":"https:\/\/www.worldrally.eu\/index.php\/2025\/04\/03\/thrilling-rally-sierra-morena-roars-to-life-in-cordoba\/#blogposting","name":"Thrilling Rally Sierra Morena Roars to Life in C\u00f3rdoba \u00bb WorldRally.eu","headline":"Thrilling Rally Sierra Morena Roars to Life in C\u00f3rdoba","author":{"@id":"https:\/\/www.worldrally.eu\/index.php\/author\/goretti\/#author"},"publisher":{"@id":"https:\/\/www.worldrally.eu\/#organization"},"image":{"@type":"ImageObject","url":"https:\/\/www.worldrally.eu\/wp-content\/uploads\/2025\/04\/1-scaled.jpg","width":2560,"height":1694},"datePublished":"2025-04-03T22:17:05+00:00","dateModified":"2026-01-12T17:19:30+00:00","inLanguage":"en-GB","mainEntityOfPage":{"@id":"https:\/\/www.worldrally.eu\/index.php\/2025\/04\/03\/thrilling-rally-sierra-morena-roars-to-life-in-cordoba\/#webpage"},"isPartOf":{"@id":"https:\/\/www.worldrally.eu\/index.php\/2025\/04\/03\/thrilling-rally-sierra-morena-roars-to-life-in-cordoba\/#webpage"},"articleSection":"ERC, ERC, Sierra Morena"},{"@type":"BreadcrumbList","@id":"https:\/\/www.worldrally.eu\/index.php\/2025\/04\/03\/thrilling-rally-sierra-morena-roars-to-life-in-cordoba\/#breadcrumblist","itemListElement":[{"@type":"ListItem","@id":"https:\/\/www.worldrally.eu#listItem","position":1,"name":"Home","item":"https:\/\/www.worldrally.eu","nextItem":{"@type":"ListItem","@id":"https:\/\/www.worldrally.eu\/index.php\/category\/erc\/#listItem","name":"ERC"}},{"@type":"ListItem","@id":"https:\/\/www.worldrally.eu\/index.php\/category\/erc\/#listItem","position":2,"name":"ERC","item":"https:\/\/www.worldrally.eu\/index.php\/category\/erc\/","nextItem":{"@type":"ListItem","@id":"https:\/\/www.worldrally.eu\/index.php\/2025\/04\/03\/thrilling-rally-sierra-morena-roars-to-life-in-cordoba\/#listItem","name":"Thrilling Rally Sierra Morena Roars to Life in C\u00f3rdoba"},"previousItem":{"@type":"ListItem","@id":"https:\/\/www.worldrally.eu#listItem","name":"Home"}},{"@type":"ListItem","@id":"https:\/\/www.worldrally.eu\/index.php\/2025\/04\/03\/thrilling-rally-sierra-morena-roars-to-life-in-cordoba\/#listItem","position":3,"name":"Thrilling Rally Sierra Morena Roars to Life in C\u00f3rdoba","previousItem":{"@type":"ListItem","@id":"https:\/\/www.worldrally.eu\/index.php\/category\/erc\/#listItem","name":"ERC"}}]},{"@type":"Organization","@id":"https:\/\/www.worldrally.eu\/#organization","name":"WorldRally.eu","url":"https:\/\/www.worldrally.eu\/","logo":{"@type":"ImageObject","url":"https:\/\/www.worldrally.eu\/wp-content\/uploads\/2026\/01\/cropped-logo-3.png","@id":"https:\/\/www.worldrally.eu\/index.php\/2025\/04\/03\/thrilling-rally-sierra-morena-roars-to-life-in-cordoba\/#organizationLogo","width":2039,"height":756},"image":{"@id":"https:\/\/www.worldrally.eu\/index.php\/2025\/04\/03\/thrilling-rally-sierra-morena-roars-to-life-in-cordoba\/#organizationLogo"}},{"@type":"Person","@id":"https:\/\/www.worldrally.eu\/index.php\/author\/goretti\/#author","url":"https:\/\/www.worldrally.eu\/index.php\/author\/goretti\/","name":"Goretti","image":{"@type":"ImageObject","@id":"https:\/\/www.worldrally.eu\/index.php\/2025\/04\/03\/thrilling-rally-sierra-morena-roars-to-life-in-cordoba\/#authorImage","url":"https:\/\/secure.gravatar.com\/avatar\/45d12f7f03b68acc1120039e4b2ba669f40c823db729f44e77f7f624ad325316?s=96&d=mm&r=g","width":96,"height":96,"caption":"Goretti"}},{"@type":"WebPage","@id":"https:\/\/www.worldrally.eu\/index.php\/2025\/04\/03\/thrilling-rally-sierra-morena-roars-to-life-in-cordoba\/#webpage","url":"https:\/\/www.worldrally.eu\/index.php\/2025\/04\/03\/thrilling-rally-sierra-morena-roars-to-life-in-cordoba\/","name":"Thrilling Rally Sierra Morena Roars to Life in C\u00f3rdoba \u00bb WorldRally.eu","description":"The Rally Sierra Morena has officially begun in C\u00f3rdoba, returning to the European Rally Championship (ERC) after 35 years. The event, running from 3rd to 6th April 2025, is also the second round of the Spanish Super Rally Championship (SCER). This year\u2019s rally has attracted around 120 teams in the SCER and 82 in the","inLanguage":"en-GB","isPartOf":{"@id":"https:\/\/www.worldrally.eu\/#website"},"breadcrumb":{"@id":"https:\/\/www.worldrally.eu\/index.php\/2025\/04\/03\/thrilling-rally-sierra-morena-roars-to-life-in-cordoba\/#breadcrumblist"},"author":{"@id":"https:\/\/www.worldrally.eu\/index.php\/author\/goretti\/#author"},"creator":{"@id":"https:\/\/www.worldrally.eu\/index.php\/author\/goretti\/#author"},"image":{"@type":"ImageObject","url":"https:\/\/www.worldrally.eu\/wp-content\/uploads\/2025\/04\/1-scaled.jpg","@id":"https:\/\/www.worldrally.eu\/index.php\/2025\/04\/03\/thrilling-rally-sierra-morena-roars-to-life-in-cordoba\/#mainImage","width":2560,"height":1694},"primaryImageOfPage":{"@id":"https:\/\/www.worldrally.eu\/index.php\/2025\/04\/03\/thrilling-rally-sierra-morena-roars-to-life-in-cordoba\/#mainImage"},"datePublished":"2025-04-03T22:17:05+00:00","dateModified":"2026-01-12T17:19:30+00:00"},{"@type":"WebSite","@id":"https:\/\/www.worldrally.eu\/#website","url":"https:\/\/www.worldrally.eu\/","name":"WorldRally.eu","inLanguage":"en-GB","publisher":{"@id":"https:\/\/www.worldrally.eu\/#organization"}}]},"og:locale":"en_GB","og:site_name":"WorldRally.eu \u00bb","og:type":"article","og:title":"Thrilling Rally Sierra Morena Roars to Life in C\u00f3rdoba \u00bb WorldRally.eu","og:description":"The Rally Sierra Morena has officially begun in C\u00f3rdoba, returning to the European Rally Championship (ERC) after 35 years. The event, running from 3rd to 6th April 2025, is also the second round of the Spanish Super Rally Championship (SCER). This year\u2019s rally has attracted around 120 teams in the SCER and 82 in the","og:url":"https:\/\/www.worldrally.eu\/index.php\/2025\/04\/03\/thrilling-rally-sierra-morena-roars-to-life-in-cordoba\/","og:image":"https:\/\/www.worldrally.eu\/wp-content\/uploads\/2025\/04\/1-scaled.jpg","og:image:secure_url":"https:\/\/www.worldrally.eu\/wp-content\/uploads\/2025\/04\/1-scaled.jpg","og:image:width":2560,"og:image:height":1694,"article:published_time":"2025-04-03T22:17:05+00:00","article:modified_time":"2026-01-12T17:19:30+00:00","twitter:card":"summary_large_image","twitter:title":"Thrilling Rally Sierra Morena Roars to Life in C\u00f3rdoba \u00bb WorldRally.eu","twitter:description":"The Rally Sierra Morena has officially begun in C\u00f3rdoba, returning to the European Rally Championship (ERC) after 35 years. The event, running from 3rd to 6th April 2025, is also the second round of the Spanish Super Rally Championship (SCER). This year\u2019s rally has attracted around 120 teams in the SCER and 82 in the","twitter:image":"https:\/\/www.worldrally.eu\/wp-content\/uploads\/2025\/04\/1-scaled.jpg"},"aioseo_meta_data":{"post_id":"3222","title":null,"description":null,"keywords":null,"keyphrases":{"focus":{"keyphrase":"","score":0,"analysis":{"keyphraseInTitle":{"score":0,"maxScore":9,"error":1}}},"additional":[]},"primary_term":null,"canonical_url":null,"og_title":null,"og_description":null,"og_object_type":"default","og_image_type":"default","og_image_url":null,"og_image_width":null,"og_image_height":null,"og_image_custom_url":null,"og_image_custom_fields":null,"og_video":"","og_custom_url":null,"og_article_section":null,"og_article_tags":null,"twitter_use_og":false,"twitter_card":"default","twitter_image_type":"default","twitter_image_url":null,"twitter_image_custom_url":null,"twitter_image_custom_fields":null,"twitter_title":null,"twitter_description":null,"schema":{"blockGraphs":[],"customGraphs":[],"default":{"data":{"Article":[],"Course":[],"Dataset":[],"FAQPage":[],"Movie":[],"Person":[],"Product":[],"ProductReview":[],"Car":[],"Recipe":[],"Service":[],"SoftwareApplication":[],"WebPage":[]},"graphName":"BlogPosting","isEnabled":true},"graphs":[]},"schema_type":"default","schema_type_options":null,"pillar_content":false,"robots_default":true,"robots_noindex":false,"robots_noarchive":false,"robots_nosnippet":false,"robots_nofollow":false,"robots_noimageindex":false,"robots_noodp":false,"robots_notranslate":false,"robots_max_snippet":"-1","robots_max_videopreview":"-1","robots_max_imagepreview":"large","priority":null,"frequency":"default","local_seo":null,"breadcrumb_settings":null,"limit_modified_date":false,"ai":{"faqs":[],"keyPoints":[],"titles":[],"descriptions":[],"socialPosts":{"email":[],"linkedin":[],"twitter":[],"facebook":[],"instagram":[]}},"created":"2025-04-03 22:11:09","updated":"2026-01-12 17:21:48","seo_analyzer_scan_date":null},"aioseo_breadcrumb":"<div class=\"aioseo-breadcrumbs\"><span class=\"aioseo-breadcrumb\">\n\t\t\t<a href=\"https:\/\/www.worldrally.eu\" title=\"Home\">Home<\/a>\n\t\t<\/span><span class=\"aioseo-breadcrumb-separator\">&raquo;<\/span><span class=\"aioseo-breadcrumb\">\n\t\t\t<a href=\"https:\/\/www.worldrally.eu\/index.php\/category\/erc\/\" title=\"ERC\">ERC<\/a>\n\t\t<\/span><span class=\"aioseo-breadcrumb-separator\">&raquo;<\/span><span class=\"aioseo-breadcrumb\">\n\t\t\tThrilling Rally Sierra Morena Roars to Life in C\u00f3rdoba\n\t\t<\/span><\/div>","aioseo_breadcrumb_json":[{"label":"Home","link":"https:\/\/www.worldrally.eu"},{"label":"ERC","link":"https:\/\/www.worldrally.eu\/index.php\/category\/erc\/"},{"label":"Thrilling Rally Sierra Morena Roars to Life in C\u00f3rdoba","link":"https:\/\/www.worldrally.eu\/index.php\/2025\/04\/03\/thrilling-rally-sierra-morena-roars-to-life-in-cordoba\/"}],"cc_featured_image_caption":{"caption_text":"Photo: TG MotorPhoto","source_text":"","source_url":""},"_links":{"self":[{"href":"https:\/\/www.worldrally.eu\/index.php\/wp-json\/wp\/v2\/posts\/3222","targetHints":{"allow":["GET"]}}],"collection":[{"href":"https:\/\/www.worldrally.eu\/index.php\/wp-json\/wp\/v2\/posts"}],"about":[{"href":"https:\/\/www.worldrally.eu\/index.php\/wp-json\/wp\/v2\/types\/post"}],"author":[{"embeddable":true,"href":"https:\/\/www.worldrally.eu\/index.php\/wp-json\/wp\/v2\/users\/6"}],"replies":[{"embeddable":true,"href":"https:\/\/www.worldrally.eu\/index.php\/wp-json\/wp\/v2\/comments?post=3222"}],"version-history":[{"count":4,"href":"https:\/\/www.worldrally.eu\/index.php\/wp-json\/wp\/v2\/posts\/3222\/revisions"}],"predecessor-version":[{"id":3669,"href":"https:\/\/www.worldrally.eu\/index.php\/wp-json\/wp\/v2\/posts\/3222\/revisions\/3669"}],"wp:featuredmedia":[{"embeddable":true,"href":"https:\/\/www.worldrally.eu\/index.php\/wp-json\/wp\/v2\/media\/3224"}],"wp:attachment":[{"href":"https:\/\/www.worldrally.eu\/index.php\/wp-json\/wp\/v2\/media?parent=3222"}],"wp:term":[{"taxonomy":"category","embeddable":true,"href":"https:\/\/www.worldrally.eu\/index.php\/wp-json\/wp\/v2\/categories?post=3222"},{"taxonomy":"post_tag","embeddable":true,"href":"https:\/\/www.worldrally.eu\/index.php\/wp-json\/wp\/v2\/tags?post=3222"}],"curies":[{"name":"wp","href":"https:\/\/api.w.org\/{rel}","templated":true}]}}